{"id":961225,"date":"2025-10-31T20:26:00","date_gmt":"2025-10-31T19:26:00","guid":{"rendered":"https:\/\/dmcsrb.com\/uncategorized\/apel-na-sve-u-srbiji-da-se-smire-tenzije-i-izbjegne-nasilje-saopstila-delegacija-eu\/"},"modified":"2025-10-31T20:26:00","modified_gmt":"2025-10-31T19:26:00","slug":"apel-na-sve-u-srbiji-da-se-smire-tenzije-i-izbjegne-nasilje-saopstila-delegacija-eu","status":"publish","type":"post","link":"https:\/\/dmcsrb.com\/en\/region\/apel-na-sve-u-srbiji-da-se-smire-tenzije-i-izbjegne-nasilje-saopstila-delegacija-eu\/","title":{"rendered":"Apel na sve u Srbiji da se smire tenzije i izbjegne nasilje, saop\u0161tila Delegacija EU"},"content":{"rendered":"<p><\/p>\n\n\n\n<p><\/p>\n\n\n\n<p><\/p>\n\n\n\n<p>U objavi pred prvu godi\u0161njicu pogibije 16 ljudi u padu nadstre\u0161nice \u017eeljezni\u010dke stanice u Novom Sadu, Delegacija EU jo\u0161 jednom je izrazila najdublje sau\u010de\u0161\u0107e i solidarnost porodicama stradalih.<\/p>\n\n\n\n<p>&#8220;Ta tragedija nas je sve potresla i ostavila duboku ranu u srcima mnogih \u0161irom Srbije i \u0161ire. Na ovu tu\u017enu godi\u0161njicu, apelujemo na sve da dostojanstveno i mirno oplakuju \u017ertve&#8221;, objavila je Delegacija EU.<\/p>\n\n\n\n<p>Dodaje se da su po\u0161tovanje osnovnih prava i vrijednosti, uklju\u010duju\u0107i slobodu mirnog okupljanja i slobodu medija, klju\u010dne vrijednosti EU &#8220;koje svi moraju da \u0161tite i podr\u017eavaju&#8221;.<\/p>\n\n\n\n<p>Delegacija EU saop\u0161tila je da je zajedni\u010dki cilj da Srbiji pomogne da napreduje na putu ka EU kroz dijalog i konkretan napredak u klju\u010dnim reformama, posebno u vladavini prava, izbornom okviru i slobodi medija.<\/p>\n\n\n\n<p>Hiljade studenata u Srbiji pe\u0161a\u010di na komemorativni skup u Novom Sadu 1. novembra kojim se obele\u017eava prva godi\u0161njica pogibije 16 ljudi na glavnoj \u017eeljezni\u010dkoj stanici u tom gradu.<\/p>\n\n\n\n<p>Oko 4.000 studenata 30. oktobra je po\u0161lo iz Beograda, studentska grupa iz Novog Pazara pe\u0161a\u010di 400 kilometara na skup u Novom Sadu, na putu pje\u0161ice ka tom gradu su i studenti, srednjo\u0161kolci i ostali gra\u0111ani iz \u010ca\u010dka, Kraljeva, Gornjeg Milanovca, U\u017eica, Subotice, Vr\u0161ca, Bogati\u0107a, \u0160apca, Valjeva, Kragujevca, Ni\u0161a, Petrovca na Mlavi.<\/p>\n\n\n\n<p>Samoorganizovani studentski pokret godinu dana predvodi talas gra\u0111anskih protesta u Srbiji na kojima se zahtijeva odgovornost vlasti Srpske napredne stranke (SNS) za pogibiju u Novom Sadu.<\/p>\n\n\n\n<p>Vi\u0161e desetina hiljada gra\u0111anskih protesta i blokada obilje\u017eeni su optu\u017ebama u\u010desnika da je policija prema demonstrantima koristila prekomjernu silu.<\/p>\n\n\n\n<p>Protivnici uli\u010dnih blokada u nekoliko navrata studente u protestu udarili su automobilima, optu\u017ebe da se policija u nekim slu\u010dajevima brutalno obra\u010dunavala sa studentima nisu procesuirane, dok su navodi u\u010desnika skupa 15. marta u Beogradu da je na demonstrantima upotrijebljeno soni\u010dno oru\u017eje bez sudskog epiloga.<\/p>\n\n\n\n<p>Tada je na Trgu Slavija odr\u017ean najve\u0107i protest u organizaciji studenata u proteklih godinu dana na kom je, po procjeni Arhiva javnih skupova, bilo najmanje od 280.000 do 330.000 ljudi.<\/p>","protected":false},"excerpt":{"rendered":"<p>Delegacija Evropske unije u Srbiji saop\u0161tila je da Evropska unija pomno prati politi\u010dku situaciju u Srbiji i apelovala na sve da djeluju uzdr\u017eano, smire tenzije i izbjegnu nasilje.<\/p>","protected":false},"author":1,"featured_media":961226,"comment_status":"open","ping_status":"open","sticky":false,"template":"","format":"standard","meta":{"_acf_changed":false,"footnotes":""},"categories":[103],"tags":[3343,10,22,13175],"naslovna":[],"class_list":["post-961225","post","type-post","status-publish","format-standard","has-post-thumbnail","hentry","category-region","tag-apel","tag-eu","tag-srbija","tag-tenzija"],"acf":[],"yoast_head":"<!-- This site is optimized with the Yoast SEO plugin v27.4 - https:\/\/yoast.com\/product\/yoast-seo-wordpress\/ -->\n<title>Apel na sve u Srbiji da se smire tenzije i izbjegne nasilje, saop\u0161tila Delegacija EU - dmcsrb.com<\/title>\n<meta name=\"robots\" content=\"index, follow, max-snippet:-1, max-image-preview:large, max-video-preview:-1\" \/>\n<link rel=\"canonical\" href=\"https:\/\/dmcsrb.com\/en\/region\/apel-na-sve-u-srbiji-da-se-smire-tenzije-i-izbjegne-nasilje-saopstila-delegacija-eu\/\" \/>\n<meta property=\"og:locale\" content=\"en_GB\" \/>\n<meta property=\"og:type\" content=\"article\" \/>\n<meta property=\"og:title\" content=\"Apel na sve u Srbiji da se smire tenzije i izbjegne nasilje, saop\u0161tila Delegacija EU - dmcsrb.com\" \/>\n<meta property=\"og:description\" content=\"Delegacija Evropske unije u Srbiji saop\u0161tila je da Evropska unija pomno prati politi\u010dku situaciju u Srbiji i apelovala na sve da djeluju uzdr\u017eano, smire tenzije i izbjegnu nasilje.\" \/>\n<meta property=\"og:url\" content=\"https:\/\/dmcsrb.com\/en\/region\/apel-na-sve-u-srbiji-da-se-smire-tenzije-i-izbjegne-nasilje-saopstila-delegacija-eu\/\" \/>\n<meta property=\"og:site_name\" content=\"dmcsrb.com\" \/>\n<meta property=\"article:published_time\" content=\"2025-10-31T19:26:00+00:00\" \/>\n<meta property=\"og:image\" content=\"https:\/\/dmcsrb.com\/wp-content\/uploads\/2026\/01\/Beograd-protest-1.webp\" \/>\n\t<meta property=\"og:image:width\" content=\"750\" \/>\n\t<meta property=\"og:image:height\" content=\"563\" \/>\n\t<meta property=\"og:image:type\" content=\"image\/jpeg\" \/>\n<meta name=\"author\" content=\"dmcsrbija.com@gmail.com\" \/>\n<meta name=\"twitter:card\" content=\"summary_large_image\" \/>\n<meta name=\"twitter:label1\" content=\"Written by\" \/>\n\t<meta name=\"twitter:data1\" content=\"dmcsrbija.com@gmail.com\" \/>\n\t<meta name=\"twitter:label2\" content=\"Estimated reading time\" \/>\n\t<meta name=\"twitter:data2\" content=\"2 minutes\" \/>\n<script type=\"application\/ld+json\" class=\"yoast-schema-graph\">{\"@context\":\"https:\\\/\\\/schema.org\",\"@graph\":[{\"@type\":\"Article\",\"@id\":\"https:\\\/\\\/dmcsrb.com\\\/region\\\/apel-na-sve-u-srbiji-da-se-smire-tenzije-i-izbjegne-nasilje-saopstila-delegacija-eu\\\/#article\",\"isPartOf\":{\"@id\":\"https:\\\/\\\/dmcsrb.com\\\/region\\\/apel-na-sve-u-srbiji-da-se-smire-tenzije-i-izbjegne-nasilje-saopstila-delegacija-eu\\\/\"},\"author\":{\"name\":\"dmcsrbija.com@gmail.com\",\"@id\":\"https:\\\/\\\/dmcsrb.com\\\/#\\\/schema\\\/person\\\/5c39170f12db1b8b457732d0b5c854e2\"},\"headline\":\"Apel na sve u Srbiji da se smire tenzije i izbjegne nasilje, saop\u0161tila Delegacija EU\",\"datePublished\":\"2025-10-31T19:26:00+00:00\",\"mainEntityOfPage\":{\"@id\":\"https:\\\/\\\/dmcsrb.com\\\/region\\\/apel-na-sve-u-srbiji-da-se-smire-tenzije-i-izbjegne-nasilje-saopstila-delegacija-eu\\\/\"},\"wordCount\":373,\"commentCount\":0,\"image\":{\"@id\":\"https:\\\/\\\/dmcsrb.com\\\/region\\\/apel-na-sve-u-srbiji-da-se-smire-tenzije-i-izbjegne-nasilje-saopstila-delegacija-eu\\\/#primaryimage\"},\"thumbnailUrl\":\"https:\\\/\\\/dmcsrb.com\\\/wp-content\\\/uploads\\\/2026\\\/01\\\/Beograd-protest-1.webp\",\"keywords\":[\"apel\",\"EU\",\"Srbija\",\"tenzija\"],\"articleSection\":[\"Region\"],\"inLanguage\":\"en-GB\",\"potentialAction\":[{\"@type\":\"CommentAction\",\"name\":\"Comment\",\"target\":[\"https:\\\/\\\/dmcsrb.com\\\/region\\\/apel-na-sve-u-srbiji-da-se-smire-tenzije-i-izbjegne-nasilje-saopstila-delegacija-eu\\\/#respond\"]}]},{\"@type\":\"WebPage\",\"@id\":\"https:\\\/\\\/dmcsrb.com\\\/region\\\/apel-na-sve-u-srbiji-da-se-smire-tenzije-i-izbjegne-nasilje-saopstila-delegacija-eu\\\/\",\"url\":\"https:\\\/\\\/dmcsrb.com\\\/region\\\/apel-na-sve-u-srbiji-da-se-smire-tenzije-i-izbjegne-nasilje-saopstila-delegacija-eu\\\/\",\"name\":\"Apel na sve u Srbiji da se smire tenzije i izbjegne nasilje, saop\u0161tila Delegacija EU - dmcsrb.com\",\"isPartOf\":{\"@id\":\"https:\\\/\\\/dmcsrb.com\\\/#website\"},\"primaryImageOfPage\":{\"@id\":\"https:\\\/\\\/dmcsrb.com\\\/region\\\/apel-na-sve-u-srbiji-da-se-smire-tenzije-i-izbjegne-nasilje-saopstila-delegacija-eu\\\/#primaryimage\"},\"image\":{\"@id\":\"https:\\\/\\\/dmcsrb.com\\\/region\\\/apel-na-sve-u-srbiji-da-se-smire-tenzije-i-izbjegne-nasilje-saopstila-delegacija-eu\\\/#primaryimage\"},\"thumbnailUrl\":\"https:\\\/\\\/dmcsrb.com\\\/wp-content\\\/uploads\\\/2026\\\/01\\\/Beograd-protest-1.webp\",\"datePublished\":\"2025-10-31T19:26:00+00:00\",\"author\":{\"@id\":\"https:\\\/\\\/dmcsrb.com\\\/#\\\/schema\\\/person\\\/5c39170f12db1b8b457732d0b5c854e2\"},\"breadcrumb\":{\"@id\":\"https:\\\/\\\/dmcsrb.com\\\/region\\\/apel-na-sve-u-srbiji-da-se-smire-tenzije-i-izbjegne-nasilje-saopstila-delegacija-eu\\\/#breadcrumb\"},\"inLanguage\":\"en-GB\",\"potentialAction\":[{\"@type\":\"ReadAction\",\"target\":[\"https:\\\/\\\/dmcsrb.com\\\/region\\\/apel-na-sve-u-srbiji-da-se-smire-tenzije-i-izbjegne-nasilje-saopstila-delegacija-eu\\\/\"]}]},{\"@type\":\"ImageObject\",\"inLanguage\":\"en-GB\",\"@id\":\"https:\\\/\\\/dmcsrb.com\\\/region\\\/apel-na-sve-u-srbiji-da-se-smire-tenzije-i-izbjegne-nasilje-saopstila-delegacija-eu\\\/#primaryimage\",\"url\":\"https:\\\/\\\/dmcsrb.com\\\/wp-content\\\/uploads\\\/2026\\\/01\\\/Beograd-protest-1.webp\",\"contentUrl\":\"https:\\\/\\\/dmcsrb.com\\\/wp-content\\\/uploads\\\/2026\\\/01\\\/Beograd-protest-1.webp\",\"width\":750,\"height\":563},{\"@type\":\"BreadcrumbList\",\"@id\":\"https:\\\/\\\/dmcsrb.com\\\/region\\\/apel-na-sve-u-srbiji-da-se-smire-tenzije-i-izbjegne-nasilje-saopstila-delegacija-eu\\\/#breadcrumb\",\"itemListElement\":[{\"@type\":\"ListItem\",\"position\":1,\"name\":\"Home\",\"item\":\"https:\\\/\\\/dmcsrb.com\\\/\"},{\"@type\":\"ListItem\",\"position\":2,\"name\":\"Apel na sve u Srbiji da se smire tenzije i izbjegne nasilje, saop\u0161tila Delegacija EU\"}]},{\"@type\":\"WebSite\",\"@id\":\"https:\\\/\\\/dmcsrb.com\\\/#website\",\"url\":\"https:\\\/\\\/dmcsrb.com\\\/\",\"name\":\"dmcsrb.com\",\"description\":\"\",\"potentialAction\":[{\"@type\":\"SearchAction\",\"target\":{\"@type\":\"EntryPoint\",\"urlTemplate\":\"https:\\\/\\\/dmcsrb.com\\\/?s={search_term_string}\"},\"query-input\":{\"@type\":\"PropertyValueSpecification\",\"valueRequired\":true,\"valueName\":\"search_term_string\"}}],\"inLanguage\":\"en-GB\"},{\"@type\":\"Person\",\"@id\":\"https:\\\/\\\/dmcsrb.com\\\/#\\\/schema\\\/person\\\/5c39170f12db1b8b457732d0b5c854e2\",\"name\":\"dmcsrbija.com@gmail.com\",\"image\":{\"@type\":\"ImageObject\",\"inLanguage\":\"en-GB\",\"@id\":\"https:\\\/\\\/secure.gravatar.com\\\/avatar\\\/68592660ad6347fad0fb587f8d5d8f1a7b44961362f56e4f2cd524feb87e9069?s=96&d=mm&r=g\",\"url\":\"https:\\\/\\\/secure.gravatar.com\\\/avatar\\\/68592660ad6347fad0fb587f8d5d8f1a7b44961362f56e4f2cd524feb87e9069?s=96&d=mm&r=g\",\"contentUrl\":\"https:\\\/\\\/secure.gravatar.com\\\/avatar\\\/68592660ad6347fad0fb587f8d5d8f1a7b44961362f56e4f2cd524feb87e9069?s=96&d=mm&r=g\",\"caption\":\"dmcsrbija.com@gmail.com\"},\"sameAs\":[\"https:\\\/\\\/dmcsrb.com\"],\"url\":\"https:\\\/\\\/dmcsrb.com\\\/en\\\/author\\\/dmcsrbija-comgmail-com\\\/\"}]}<\/script>\n<!-- \/ Yoast SEO plugin. -->","yoast_head_json":{"title":"Apel na sve u Srbiji da se smire tenzije i izbjegne nasilje, saop\u0161tila Delegacija EU - dmcsrb.com","robots":{"index":"index","follow":"follow","max-snippet":"max-snippet:-1","max-image-preview":"max-image-preview:large","max-video-preview":"max-video-preview:-1"},"canonical":"https:\/\/dmcsrb.com\/en\/region\/apel-na-sve-u-srbiji-da-se-smire-tenzije-i-izbjegne-nasilje-saopstila-delegacija-eu\/","og_locale":"en_GB","og_type":"article","og_title":"Apel na sve u Srbiji da se smire tenzije i izbjegne nasilje, saop\u0161tila Delegacija EU - dmcsrb.com","og_description":"Delegacija Evropske unije u Srbiji saop\u0161tila je da Evropska unija pomno prati politi\u010dku situaciju u Srbiji i apelovala na sve da djeluju uzdr\u017eano, smire tenzije i izbjegnu nasilje.","og_url":"https:\/\/dmcsrb.com\/en\/region\/apel-na-sve-u-srbiji-da-se-smire-tenzije-i-izbjegne-nasilje-saopstila-delegacija-eu\/","og_site_name":"dmcsrb.com","article_published_time":"2025-10-31T19:26:00+00:00","og_image":[{"width":750,"height":563,"url":"https:\/\/dmcsrb.com\/wp-content\/uploads\/2026\/01\/Beograd-protest-1.webp","type":"image\/jpeg"}],"author":"dmcsrbija.com@gmail.com","twitter_card":"summary_large_image","twitter_misc":{"Written by":"dmcsrbija.com@gmail.com","Estimated reading time":"2 minutes"},"schema":{"@context":"https:\/\/schema.org","@graph":[{"@type":"Article","@id":"https:\/\/dmcsrb.com\/region\/apel-na-sve-u-srbiji-da-se-smire-tenzije-i-izbjegne-nasilje-saopstila-delegacija-eu\/#article","isPartOf":{"@id":"https:\/\/dmcsrb.com\/region\/apel-na-sve-u-srbiji-da-se-smire-tenzije-i-izbjegne-nasilje-saopstila-delegacija-eu\/"},"author":{"name":"dmcsrbija.com@gmail.com","@id":"https:\/\/dmcsrb.com\/#\/schema\/person\/5c39170f12db1b8b457732d0b5c854e2"},"headline":"Apel na sve u Srbiji da se smire tenzije i izbjegne nasilje, saop\u0161tila Delegacija EU","datePublished":"2025-10-31T19:26:00+00:00","mainEntityOfPage":{"@id":"https:\/\/dmcsrb.com\/region\/apel-na-sve-u-srbiji-da-se-smire-tenzije-i-izbjegne-nasilje-saopstila-delegacija-eu\/"},"wordCount":373,"commentCount":0,"image":{"@id":"https:\/\/dmcsrb.com\/region\/apel-na-sve-u-srbiji-da-se-smire-tenzije-i-izbjegne-nasilje-saopstila-delegacija-eu\/#primaryimage"},"thumbnailUrl":"https:\/\/dmcsrb.com\/wp-content\/uploads\/2026\/01\/Beograd-protest-1.webp","keywords":["apel","EU","Srbija","tenzija"],"articleSection":["Region"],"inLanguage":"en-GB","potentialAction":[{"@type":"CommentAction","name":"Comment","target":["https:\/\/dmcsrb.com\/region\/apel-na-sve-u-srbiji-da-se-smire-tenzije-i-izbjegne-nasilje-saopstila-delegacija-eu\/#respond"]}]},{"@type":"WebPage","@id":"https:\/\/dmcsrb.com\/region\/apel-na-sve-u-srbiji-da-se-smire-tenzije-i-izbjegne-nasilje-saopstila-delegacija-eu\/","url":"https:\/\/dmcsrb.com\/region\/apel-na-sve-u-srbiji-da-se-smire-tenzije-i-izbjegne-nasilje-saopstila-delegacija-eu\/","name":"Apel na sve u Srbiji da se smire tenzije i izbjegne nasilje, saop\u0161tila Delegacija EU - dmcsrb.com","isPartOf":{"@id":"https:\/\/dmcsrb.com\/#website"},"primaryImageOfPage":{"@id":"https:\/\/dmcsrb.com\/region\/apel-na-sve-u-srbiji-da-se-smire-tenzije-i-izbjegne-nasilje-saopstila-delegacija-eu\/#primaryimage"},"image":{"@id":"https:\/\/dmcsrb.com\/region\/apel-na-sve-u-srbiji-da-se-smire-tenzije-i-izbjegne-nasilje-saopstila-delegacija-eu\/#primaryimage"},"thumbnailUrl":"https:\/\/dmcsrb.com\/wp-content\/uploads\/2026\/01\/Beograd-protest-1.webp","datePublished":"2025-10-31T19:26:00+00:00","author":{"@id":"https:\/\/dmcsrb.com\/#\/schema\/person\/5c39170f12db1b8b457732d0b5c854e2"},"breadcrumb":{"@id":"https:\/\/dmcsrb.com\/region\/apel-na-sve-u-srbiji-da-se-smire-tenzije-i-izbjegne-nasilje-saopstila-delegacija-eu\/#breadcrumb"},"inLanguage":"en-GB","potentialAction":[{"@type":"ReadAction","target":["https:\/\/dmcsrb.com\/region\/apel-na-sve-u-srbiji-da-se-smire-tenzije-i-izbjegne-nasilje-saopstila-delegacija-eu\/"]}]},{"@type":"ImageObject","inLanguage":"en-GB","@id":"https:\/\/dmcsrb.com\/region\/apel-na-sve-u-srbiji-da-se-smire-tenzije-i-izbjegne-nasilje-saopstila-delegacija-eu\/#primaryimage","url":"https:\/\/dmcsrb.com\/wp-content\/uploads\/2026\/01\/Beograd-protest-1.webp","contentUrl":"https:\/\/dmcsrb.com\/wp-content\/uploads\/2026\/01\/Beograd-protest-1.webp","width":750,"height":563},{"@type":"BreadcrumbList","@id":"https:\/\/dmcsrb.com\/region\/apel-na-sve-u-srbiji-da-se-smire-tenzije-i-izbjegne-nasilje-saopstila-delegacija-eu\/#breadcrumb","itemListElement":[{"@type":"ListItem","position":1,"name":"Home","item":"https:\/\/dmcsrb.com\/"},{"@type":"ListItem","position":2,"name":"Apel na sve u Srbiji da se smire tenzije i izbjegne nasilje, saop\u0161tila Delegacija EU"}]},{"@type":"WebSite","@id":"https:\/\/dmcsrb.com\/#website","url":"https:\/\/dmcsrb.com\/","name":"dmcsrb.com","description":"","potentialAction":[{"@type":"SearchAction","target":{"@type":"EntryPoint","urlTemplate":"https:\/\/dmcsrb.com\/?s={search_term_string}"},"query-input":{"@type":"PropertyValueSpecification","valueRequired":true,"valueName":"search_term_string"}}],"inLanguage":"en-GB"},{"@type":"Person","@id":"https:\/\/dmcsrb.com\/#\/schema\/person\/5c39170f12db1b8b457732d0b5c854e2","name":"dmcsrbija.com@gmail.com","image":{"@type":"ImageObject","inLanguage":"en-GB","@id":"https:\/\/secure.gravatar.com\/avatar\/68592660ad6347fad0fb587f8d5d8f1a7b44961362f56e4f2cd524feb87e9069?s=96&d=mm&r=g","url":"https:\/\/secure.gravatar.com\/avatar\/68592660ad6347fad0fb587f8d5d8f1a7b44961362f56e4f2cd524feb87e9069?s=96&d=mm&r=g","contentUrl":"https:\/\/secure.gravatar.com\/avatar\/68592660ad6347fad0fb587f8d5d8f1a7b44961362f56e4f2cd524feb87e9069?s=96&d=mm&r=g","caption":"dmcsrbija.com@gmail.com"},"sameAs":["https:\/\/dmcsrb.com"],"url":"https:\/\/dmcsrb.com\/en\/author\/dmcsrbija-comgmail-com\/"}]}},"_links":{"self":[{"href":"https:\/\/dmcsrb.com\/en\/wp-json\/wp\/v2\/posts\/961225","targetHints":{"allow":["GET"]}}],"collection":[{"href":"https:\/\/dmcsrb.com\/en\/wp-json\/wp\/v2\/posts"}],"about":[{"href":"https:\/\/dmcsrb.com\/en\/wp-json\/wp\/v2\/types\/post"}],"author":[{"embeddable":true,"href":"https:\/\/dmcsrb.com\/en\/wp-json\/wp\/v2\/users\/1"}],"replies":[{"embeddable":true,"href":"https:\/\/dmcsrb.com\/en\/wp-json\/wp\/v2\/comments?post=961225"}],"version-history":[{"count":0,"href":"https:\/\/dmcsrb.com\/en\/wp-json\/wp\/v2\/posts\/961225\/revisions"}],"wp:featuredmedia":[{"embeddable":true,"href":"https:\/\/dmcsrb.com\/en\/wp-json\/wp\/v2\/media\/961226"}],"wp:attachment":[{"href":"https:\/\/dmcsrb.com\/en\/wp-json\/wp\/v2\/media?parent=961225"}],"wp:term":[{"taxonomy":"category","embeddable":true,"href":"https:\/\/dmcsrb.com\/en\/wp-json\/wp\/v2\/categories?post=961225"},{"taxonomy":"post_tag","embeddable":true,"href":"https:\/\/dmcsrb.com\/en\/wp-json\/wp\/v2\/tags?post=961225"},{"taxonomy":"naslovna","embeddable":true,"href":"https:\/\/dmcsrb.com\/en\/wp-json\/wp\/v2\/naslovna?post=961225"}],"curies":[{"name":"wp","href":"https:\/\/api.w.org\/{rel}","templated":true}]}}