{"id":961221,"date":"2025-10-31T18:13:00","date_gmt":"2025-10-31T17:13:00","guid":{"rendered":"https:\/\/dmcsrb.com\/uncategorized\/video-postrojenje-za-reciklazu-guma-pusteno-u-pogon-crna-gora-zakoracila-u-novu-eru-upravljanja-otpadom\/"},"modified":"2025-10-31T18:13:00","modified_gmt":"2025-10-31T17:13:00","slug":"video-postrojenje-za-reciklazu-guma-pusteno-u-pogon-crna-gora-zakoracila-u-novu-eru-upravljanja-otpadom","status":"publish","type":"post","link":"https:\/\/dmcsrb.com\/en\/podgorica\/video-postrojenje-za-reciklazu-guma-pusteno-u-pogon-crna-gora-zakoracila-u-novu-eru-upravljanja-otpadom\/","title":{"rendered":"(VIDEO) Postrojenje za recikla\u017eu guma pu\u0161teno u pogon: Crna Gora zakora\u010dila u novu eru upravljanja otpadom"},"content":{"rendered":"<p>Drobili\u010dno postrojenje za preradu otpadnih guma je od izuzetnog zna\u010daja za ekologiju Crne Gore \u2013 tako\u0111e \u0107e omogu\u0107iti \u010distiju Podgoricu, poru\u010dio je gradona\u010delnik Sa\u0161a Mujovi\u0107.<\/p>\n\n\n\n<p><strong>\u201c<\/strong>\u010cistimo na\u0161 grad, onemogu\u0107avamo stvaranje divljih deponija, pravimo proizvod koji \u0107e se kasnije mo\u0107i u finalnoj fazi prodati i na taj na\u010din pospije\u0161iti rad ovoga i ve\u0107 sada dobrog i kvalitetnog preduze\u0107a\u201c, kazao je Mujovi\u0107.<\/p>\n\n\n\n<p>Otpadnih guma u Crnoj Gori ima pribli\u017eno dvije hiljade tona. Jedan od potencijalnih kupaca su cementare iz Turske, spremne da plate trideset eura po toni, navodi direktor Deponije Aleksandar Bo\u017eovi\u0107.<\/p>\n\n\n\n<p>\u201cDa bi mi pripremili koli\u010dinu guma koju imamo ovdje na lageru treba\u0107e nam oko dva mjeseca, \u0161to zna\u010di da \u0107emo od nove godine biti spremni da itekeko prihvatimo apsolutmo sve gume iz Crne Gorte, jer kapacitet ma\u0161ine je nekih pet do deset tona po \u010dasu, \u0161to zna\u010di da u jednom minutu deset do petnaest otpadnih guma mo\u017ee da se samelje , dakle dobijamo ovaj proizvod, u jednom minutu\u201c, kazao je Bo\u017eovi\u0107.<\/p>\n\n\n\n<p>Uz tu ma\u0161inu rije\u0161i\u0107e se dugogodi\u0161nji problem otpadnih guma u Crnoj Gori, saglasni su predstavnici Evropske unije i Vlade.<\/p>\n\n\n\n<p>\u201cJa puno planinarim i uivijek me je \u010dudilo kako \u010dak i na vrhovima planina nailazim na gume. Me\u0111utim to su gume koje \u0107e sada mo\u0107i da se uklone i tretiraju na na\u010din da ne ugro\u017eavaju \u017eivotnu sredinu\u201c, istakao je ambasador Evropske unije u Crnoj Gori, Johan Satler.<\/p>\n\n\n\n<p>\u201cOvo postrojenje predstavlja zna\u010dajan korak, ne samo prilikom ostvarivanja i ispunjavanja obaveza u zatvaranju poglavlja 27, ve\u0107 generalno za Crnu Goru, kao ekolo\u0161ku pri\u010du\u201d, kazao je dr\u017eavni sekretar u Ministarstvu ekologije, odr\u017eivog razvoja i razvoja sjevera, Zoran Dabeti\u0107.<\/p>\n\n\n\n<p>Predstavnik Agencije za za\u0161titu \u017eivotne srednie Milan Gazdi\u0107, kazao je da se &#8220;ovim  rje\u0161ava jedan decenijski problem Crne Gore\u201d.<\/p>\n\n\n\n<p>Novo postrojenje za preradu guma, kako je poru\u010deno, otvori\u0107e put \u010distijoj i odr\u017eivoj Crnoj Gori.<\/p>\n\n\n\n<figure class=\"wp-block-embed is-type-video is-provider-youtube wp-block-embed-youtube wp-embed-aspect-16-9 wp-has-aspect-ratio\"><div class=\"wp-block-embed__wrapper\">\n<iframe loading=\"lazy\" title=\"Postrojenje za recikla\u017eu guma pu\u0161teno u pogon:Stvara proizvod za izvoz i onemogu\u0107ava divlje deponije\" width=\"500\" height=\"281\" src=\"https:\/\/www.youtube.com\/embed\/NTJjqzRjUu8?feature=oembed\" frameborder=\"0\" allow=\"accelerometer; autoplay; clipboard-write; encrypted-media; gyroscope; picture-in-picture; web-share\" referrerpolicy=\"strict-origin-when-cross-origin\" allowfullscreen><\/iframe>\n<\/div><\/figure>","protected":false},"excerpt":{"rendered":"<p>Podgorica je dobila prvo postrojenje za preradu otpadnih guma, \u010dime je Crna Gora zakora\u010dila u novu eru upravljanja otpadom. Ma\u0161ina koju \u0107e koristiti gradsko preduze\u0107e \u201eDeponija\u201c omogu\u0107ava recikla\u017eu guma, spre\u010dava divlje deponije i stvara proizvod koji mo\u017ee da se izvozi. Op\u0161irnije u prilogu. \u00a0<\/p>","protected":false},"author":1,"featured_media":961222,"comment_status":"open","ping_status":"open","sticky":false,"template":"","format":"standard","meta":{"_acf_changed":false,"footnotes":""},"categories":[56],"tags":[13172,3652,31,13173,13145],"naslovna":[],"class_list":["post-961221","post","type-post","status-publish","format-standard","has-post-thumbnail","hentry","category-podgorica","tag-guma","tag-otpad","tag-podgorica","tag-postorjenje","tag-reciklaza"],"acf":[],"yoast_head":"<!-- This site is optimized with the Yoast SEO plugin v27.4 - https:\/\/yoast.com\/product\/yoast-seo-wordpress\/ -->\n<title>(VIDEO) Postrojenje za recikla\u017eu guma pu\u0161teno u pogon: Crna Gora zakora\u010dila u novu eru upravljanja otpadom - dmcsrb.com<\/title>\n<meta name=\"robots\" content=\"index, follow, max-snippet:-1, max-image-preview:large, max-video-preview:-1\" \/>\n<link rel=\"canonical\" href=\"https:\/\/dmcsrb.com\/en\/podgorica\/video-postrojenje-za-reciklazu-guma-pusteno-u-pogon-crna-gora-zakoracila-u-novu-eru-upravljanja-otpadom\/\" \/>\n<meta property=\"og:locale\" content=\"en_GB\" \/>\n<meta property=\"og:type\" content=\"article\" \/>\n<meta property=\"og:title\" content=\"(VIDEO) Postrojenje za recikla\u017eu guma pu\u0161teno u pogon: Crna Gora zakora\u010dila u novu eru upravljanja otpadom - dmcsrb.com\" \/>\n<meta property=\"og:description\" content=\"Podgorica je dobila prvo postrojenje za preradu otpadnih guma, \u010dime je Crna Gora zakora\u010dila u novu eru upravljanja otpadom. Ma\u0161ina koju \u0107e koristiti gradsko preduze\u0107e \u201eDeponija\u201c omogu\u0107ava recikla\u017eu guma, spre\u010dava divlje deponije i stvara proizvod koji mo\u017ee da se izvozi. Op\u0161irnije u prilogu. \u00a0\" \/>\n<meta property=\"og:url\" content=\"https:\/\/dmcsrb.com\/en\/podgorica\/video-postrojenje-za-reciklazu-guma-pusteno-u-pogon-crna-gora-zakoracila-u-novu-eru-upravljanja-otpadom\/\" \/>\n<meta property=\"og:site_name\" content=\"dmcsrb.com\" \/>\n<meta property=\"article:published_time\" content=\"2025-10-31T17:13:00+00:00\" \/>\n<meta property=\"og:image\" content=\"https:\/\/dmcsrb.com\/wp-content\/uploads\/2026\/01\/Drobilica-za-gume.webp\" \/>\n\t<meta property=\"og:image:width\" content=\"1822\" \/>\n\t<meta property=\"og:image:height\" content=\"868\" \/>\n\t<meta property=\"og:image:type\" content=\"image\/jpeg\" \/>\n<meta name=\"author\" content=\"dmcsrbija.com@gmail.com\" \/>\n<meta name=\"twitter:card\" content=\"summary_large_image\" \/>\n<meta name=\"twitter:label1\" content=\"Written by\" \/>\n\t<meta name=\"twitter:data1\" content=\"dmcsrbija.com@gmail.com\" \/>\n\t<meta name=\"twitter:label2\" content=\"Estimated reading time\" \/>\n\t<meta name=\"twitter:data2\" content=\"2 minutes\" \/>\n<script type=\"application\/ld+json\" class=\"yoast-schema-graph\">{\"@context\":\"https:\\\/\\\/schema.org\",\"@graph\":[{\"@type\":\"Article\",\"@id\":\"https:\\\/\\\/dmcsrb.com\\\/podgorica\\\/video-postrojenje-za-reciklazu-guma-pusteno-u-pogon-crna-gora-zakoracila-u-novu-eru-upravljanja-otpadom\\\/#article\",\"isPartOf\":{\"@id\":\"https:\\\/\\\/dmcsrb.com\\\/podgorica\\\/video-postrojenje-za-reciklazu-guma-pusteno-u-pogon-crna-gora-zakoracila-u-novu-eru-upravljanja-otpadom\\\/\"},\"author\":{\"name\":\"dmcsrbija.com@gmail.com\",\"@id\":\"https:\\\/\\\/dmcsrb.com\\\/#\\\/schema\\\/person\\\/5c39170f12db1b8b457732d0b5c854e2\"},\"headline\":\"(VIDEO) Postrojenje za recikla\u017eu guma pu\u0161teno u pogon: Crna Gora zakora\u010dila u novu eru upravljanja otpadom\",\"datePublished\":\"2025-10-31T17:13:00+00:00\",\"mainEntityOfPage\":{\"@id\":\"https:\\\/\\\/dmcsrb.com\\\/podgorica\\\/video-postrojenje-za-reciklazu-guma-pusteno-u-pogon-crna-gora-zakoracila-u-novu-eru-upravljanja-otpadom\\\/\"},\"wordCount\":358,\"commentCount\":0,\"image\":{\"@id\":\"https:\\\/\\\/dmcsrb.com\\\/podgorica\\\/video-postrojenje-za-reciklazu-guma-pusteno-u-pogon-crna-gora-zakoracila-u-novu-eru-upravljanja-otpadom\\\/#primaryimage\"},\"thumbnailUrl\":\"https:\\\/\\\/dmcsrb.com\\\/wp-content\\\/uploads\\\/2026\\\/01\\\/Drobilica-za-gume.webp\",\"keywords\":[\"guma\",\"otpad\",\"Podgorica\",\"Postorjenje\",\"recikla\u017ea\"],\"articleSection\":[\"Podgorica\"],\"inLanguage\":\"en-GB\",\"potentialAction\":[{\"@type\":\"CommentAction\",\"name\":\"Comment\",\"target\":[\"https:\\\/\\\/dmcsrb.com\\\/podgorica\\\/video-postrojenje-za-reciklazu-guma-pusteno-u-pogon-crna-gora-zakoracila-u-novu-eru-upravljanja-otpadom\\\/#respond\"]}]},{\"@type\":\"WebPage\",\"@id\":\"https:\\\/\\\/dmcsrb.com\\\/podgorica\\\/video-postrojenje-za-reciklazu-guma-pusteno-u-pogon-crna-gora-zakoracila-u-novu-eru-upravljanja-otpadom\\\/\",\"url\":\"https:\\\/\\\/dmcsrb.com\\\/podgorica\\\/video-postrojenje-za-reciklazu-guma-pusteno-u-pogon-crna-gora-zakoracila-u-novu-eru-upravljanja-otpadom\\\/\",\"name\":\"(VIDEO) Postrojenje za recikla\u017eu guma pu\u0161teno u pogon: Crna Gora zakora\u010dila u novu eru upravljanja otpadom - dmcsrb.com\",\"isPartOf\":{\"@id\":\"https:\\\/\\\/dmcsrb.com\\\/#website\"},\"primaryImageOfPage\":{\"@id\":\"https:\\\/\\\/dmcsrb.com\\\/podgorica\\\/video-postrojenje-za-reciklazu-guma-pusteno-u-pogon-crna-gora-zakoracila-u-novu-eru-upravljanja-otpadom\\\/#primaryimage\"},\"image\":{\"@id\":\"https:\\\/\\\/dmcsrb.com\\\/podgorica\\\/video-postrojenje-za-reciklazu-guma-pusteno-u-pogon-crna-gora-zakoracila-u-novu-eru-upravljanja-otpadom\\\/#primaryimage\"},\"thumbnailUrl\":\"https:\\\/\\\/dmcsrb.com\\\/wp-content\\\/uploads\\\/2026\\\/01\\\/Drobilica-za-gume.webp\",\"datePublished\":\"2025-10-31T17:13:00+00:00\",\"author\":{\"@id\":\"https:\\\/\\\/dmcsrb.com\\\/#\\\/schema\\\/person\\\/5c39170f12db1b8b457732d0b5c854e2\"},\"breadcrumb\":{\"@id\":\"https:\\\/\\\/dmcsrb.com\\\/podgorica\\\/video-postrojenje-za-reciklazu-guma-pusteno-u-pogon-crna-gora-zakoracila-u-novu-eru-upravljanja-otpadom\\\/#breadcrumb\"},\"inLanguage\":\"en-GB\",\"potentialAction\":[{\"@type\":\"ReadAction\",\"target\":[\"https:\\\/\\\/dmcsrb.com\\\/podgorica\\\/video-postrojenje-za-reciklazu-guma-pusteno-u-pogon-crna-gora-zakoracila-u-novu-eru-upravljanja-otpadom\\\/\"]}]},{\"@type\":\"ImageObject\",\"inLanguage\":\"en-GB\",\"@id\":\"https:\\\/\\\/dmcsrb.com\\\/podgorica\\\/video-postrojenje-za-reciklazu-guma-pusteno-u-pogon-crna-gora-zakoracila-u-novu-eru-upravljanja-otpadom\\\/#primaryimage\",\"url\":\"https:\\\/\\\/dmcsrb.com\\\/wp-content\\\/uploads\\\/2026\\\/01\\\/Drobilica-za-gume.webp\",\"contentUrl\":\"https:\\\/\\\/dmcsrb.com\\\/wp-content\\\/uploads\\\/2026\\\/01\\\/Drobilica-za-gume.webp\",\"width\":1822,\"height\":868},{\"@type\":\"BreadcrumbList\",\"@id\":\"https:\\\/\\\/dmcsrb.com\\\/podgorica\\\/video-postrojenje-za-reciklazu-guma-pusteno-u-pogon-crna-gora-zakoracila-u-novu-eru-upravljanja-otpadom\\\/#breadcrumb\",\"itemListElement\":[{\"@type\":\"ListItem\",\"position\":1,\"name\":\"Home\",\"item\":\"https:\\\/\\\/dmcsrb.com\\\/\"},{\"@type\":\"ListItem\",\"position\":2,\"name\":\"(VIDEO) Postrojenje za recikla\u017eu guma pu\u0161teno u pogon: Crna Gora zakora\u010dila u novu eru upravljanja otpadom\"}]},{\"@type\":\"WebSite\",\"@id\":\"https:\\\/\\\/dmcsrb.com\\\/#website\",\"url\":\"https:\\\/\\\/dmcsrb.com\\\/\",\"name\":\"dmcsrb.com\",\"description\":\"\",\"potentialAction\":[{\"@type\":\"SearchAction\",\"target\":{\"@type\":\"EntryPoint\",\"urlTemplate\":\"https:\\\/\\\/dmcsrb.com\\\/?s={search_term_string}\"},\"query-input\":{\"@type\":\"PropertyValueSpecification\",\"valueRequired\":true,\"valueName\":\"search_term_string\"}}],\"inLanguage\":\"en-GB\"},{\"@type\":\"Person\",\"@id\":\"https:\\\/\\\/dmcsrb.com\\\/#\\\/schema\\\/person\\\/5c39170f12db1b8b457732d0b5c854e2\",\"name\":\"dmcsrbija.com@gmail.com\",\"image\":{\"@type\":\"ImageObject\",\"inLanguage\":\"en-GB\",\"@id\":\"https:\\\/\\\/secure.gravatar.com\\\/avatar\\\/68592660ad6347fad0fb587f8d5d8f1a7b44961362f56e4f2cd524feb87e9069?s=96&d=mm&r=g\",\"url\":\"https:\\\/\\\/secure.gravatar.com\\\/avatar\\\/68592660ad6347fad0fb587f8d5d8f1a7b44961362f56e4f2cd524feb87e9069?s=96&d=mm&r=g\",\"contentUrl\":\"https:\\\/\\\/secure.gravatar.com\\\/avatar\\\/68592660ad6347fad0fb587f8d5d8f1a7b44961362f56e4f2cd524feb87e9069?s=96&d=mm&r=g\",\"caption\":\"dmcsrbija.com@gmail.com\"},\"sameAs\":[\"https:\\\/\\\/dmcsrb.com\"],\"url\":\"https:\\\/\\\/dmcsrb.com\\\/en\\\/author\\\/dmcsrbija-comgmail-com\\\/\"}]}<\/script>\n<!-- \/ Yoast SEO plugin. -->","yoast_head_json":{"title":"(VIDEO) Postrojenje za recikla\u017eu guma pu\u0161teno u pogon: Crna Gora zakora\u010dila u novu eru upravljanja otpadom - dmcsrb.com","robots":{"index":"index","follow":"follow","max-snippet":"max-snippet:-1","max-image-preview":"max-image-preview:large","max-video-preview":"max-video-preview:-1"},"canonical":"https:\/\/dmcsrb.com\/en\/podgorica\/video-postrojenje-za-reciklazu-guma-pusteno-u-pogon-crna-gora-zakoracila-u-novu-eru-upravljanja-otpadom\/","og_locale":"en_GB","og_type":"article","og_title":"(VIDEO) Postrojenje za recikla\u017eu guma pu\u0161teno u pogon: Crna Gora zakora\u010dila u novu eru upravljanja otpadom - dmcsrb.com","og_description":"Podgorica je dobila prvo postrojenje za preradu otpadnih guma, \u010dime je Crna Gora zakora\u010dila u novu eru upravljanja otpadom. Ma\u0161ina koju \u0107e koristiti gradsko preduze\u0107e \u201eDeponija\u201c omogu\u0107ava recikla\u017eu guma, spre\u010dava divlje deponije i stvara proizvod koji mo\u017ee da se izvozi. Op\u0161irnije u prilogu. \u00a0","og_url":"https:\/\/dmcsrb.com\/en\/podgorica\/video-postrojenje-za-reciklazu-guma-pusteno-u-pogon-crna-gora-zakoracila-u-novu-eru-upravljanja-otpadom\/","og_site_name":"dmcsrb.com","article_published_time":"2025-10-31T17:13:00+00:00","og_image":[{"width":1822,"height":868,"url":"https:\/\/dmcsrb.com\/wp-content\/uploads\/2026\/01\/Drobilica-za-gume.webp","type":"image\/jpeg"}],"author":"dmcsrbija.com@gmail.com","twitter_card":"summary_large_image","twitter_misc":{"Written by":"dmcsrbija.com@gmail.com","Estimated reading time":"2 minutes"},"schema":{"@context":"https:\/\/schema.org","@graph":[{"@type":"Article","@id":"https:\/\/dmcsrb.com\/podgorica\/video-postrojenje-za-reciklazu-guma-pusteno-u-pogon-crna-gora-zakoracila-u-novu-eru-upravljanja-otpadom\/#article","isPartOf":{"@id":"https:\/\/dmcsrb.com\/podgorica\/video-postrojenje-za-reciklazu-guma-pusteno-u-pogon-crna-gora-zakoracila-u-novu-eru-upravljanja-otpadom\/"},"author":{"name":"dmcsrbija.com@gmail.com","@id":"https:\/\/dmcsrb.com\/#\/schema\/person\/5c39170f12db1b8b457732d0b5c854e2"},"headline":"(VIDEO) Postrojenje za recikla\u017eu guma pu\u0161teno u pogon: Crna Gora zakora\u010dila u novu eru upravljanja otpadom","datePublished":"2025-10-31T17:13:00+00:00","mainEntityOfPage":{"@id":"https:\/\/dmcsrb.com\/podgorica\/video-postrojenje-za-reciklazu-guma-pusteno-u-pogon-crna-gora-zakoracila-u-novu-eru-upravljanja-otpadom\/"},"wordCount":358,"commentCount":0,"image":{"@id":"https:\/\/dmcsrb.com\/podgorica\/video-postrojenje-za-reciklazu-guma-pusteno-u-pogon-crna-gora-zakoracila-u-novu-eru-upravljanja-otpadom\/#primaryimage"},"thumbnailUrl":"https:\/\/dmcsrb.com\/wp-content\/uploads\/2026\/01\/Drobilica-za-gume.webp","keywords":["guma","otpad","Podgorica","Postorjenje","recikla\u017ea"],"articleSection":["Podgorica"],"inLanguage":"en-GB","potentialAction":[{"@type":"CommentAction","name":"Comment","target":["https:\/\/dmcsrb.com\/podgorica\/video-postrojenje-za-reciklazu-guma-pusteno-u-pogon-crna-gora-zakoracila-u-novu-eru-upravljanja-otpadom\/#respond"]}]},{"@type":"WebPage","@id":"https:\/\/dmcsrb.com\/podgorica\/video-postrojenje-za-reciklazu-guma-pusteno-u-pogon-crna-gora-zakoracila-u-novu-eru-upravljanja-otpadom\/","url":"https:\/\/dmcsrb.com\/podgorica\/video-postrojenje-za-reciklazu-guma-pusteno-u-pogon-crna-gora-zakoracila-u-novu-eru-upravljanja-otpadom\/","name":"(VIDEO) Postrojenje za recikla\u017eu guma pu\u0161teno u pogon: Crna Gora zakora\u010dila u novu eru upravljanja otpadom - dmcsrb.com","isPartOf":{"@id":"https:\/\/dmcsrb.com\/#website"},"primaryImageOfPage":{"@id":"https:\/\/dmcsrb.com\/podgorica\/video-postrojenje-za-reciklazu-guma-pusteno-u-pogon-crna-gora-zakoracila-u-novu-eru-upravljanja-otpadom\/#primaryimage"},"image":{"@id":"https:\/\/dmcsrb.com\/podgorica\/video-postrojenje-za-reciklazu-guma-pusteno-u-pogon-crna-gora-zakoracila-u-novu-eru-upravljanja-otpadom\/#primaryimage"},"thumbnailUrl":"https:\/\/dmcsrb.com\/wp-content\/uploads\/2026\/01\/Drobilica-za-gume.webp","datePublished":"2025-10-31T17:13:00+00:00","author":{"@id":"https:\/\/dmcsrb.com\/#\/schema\/person\/5c39170f12db1b8b457732d0b5c854e2"},"breadcrumb":{"@id":"https:\/\/dmcsrb.com\/podgorica\/video-postrojenje-za-reciklazu-guma-pusteno-u-pogon-crna-gora-zakoracila-u-novu-eru-upravljanja-otpadom\/#breadcrumb"},"inLanguage":"en-GB","potentialAction":[{"@type":"ReadAction","target":["https:\/\/dmcsrb.com\/podgorica\/video-postrojenje-za-reciklazu-guma-pusteno-u-pogon-crna-gora-zakoracila-u-novu-eru-upravljanja-otpadom\/"]}]},{"@type":"ImageObject","inLanguage":"en-GB","@id":"https:\/\/dmcsrb.com\/podgorica\/video-postrojenje-za-reciklazu-guma-pusteno-u-pogon-crna-gora-zakoracila-u-novu-eru-upravljanja-otpadom\/#primaryimage","url":"https:\/\/dmcsrb.com\/wp-content\/uploads\/2026\/01\/Drobilica-za-gume.webp","contentUrl":"https:\/\/dmcsrb.com\/wp-content\/uploads\/2026\/01\/Drobilica-za-gume.webp","width":1822,"height":868},{"@type":"BreadcrumbList","@id":"https:\/\/dmcsrb.com\/podgorica\/video-postrojenje-za-reciklazu-guma-pusteno-u-pogon-crna-gora-zakoracila-u-novu-eru-upravljanja-otpadom\/#breadcrumb","itemListElement":[{"@type":"ListItem","position":1,"name":"Home","item":"https:\/\/dmcsrb.com\/"},{"@type":"ListItem","position":2,"name":"(VIDEO) Postrojenje za recikla\u017eu guma pu\u0161teno u pogon: Crna Gora zakora\u010dila u novu eru upravljanja otpadom"}]},{"@type":"WebSite","@id":"https:\/\/dmcsrb.com\/#website","url":"https:\/\/dmcsrb.com\/","name":"dmcsrb.com","description":"","potentialAction":[{"@type":"SearchAction","target":{"@type":"EntryPoint","urlTemplate":"https:\/\/dmcsrb.com\/?s={search_term_string}"},"query-input":{"@type":"PropertyValueSpecification","valueRequired":true,"valueName":"search_term_string"}}],"inLanguage":"en-GB"},{"@type":"Person","@id":"https:\/\/dmcsrb.com\/#\/schema\/person\/5c39170f12db1b8b457732d0b5c854e2","name":"dmcsrbija.com@gmail.com","image":{"@type":"ImageObject","inLanguage":"en-GB","@id":"https:\/\/secure.gravatar.com\/avatar\/68592660ad6347fad0fb587f8d5d8f1a7b44961362f56e4f2cd524feb87e9069?s=96&d=mm&r=g","url":"https:\/\/secure.gravatar.com\/avatar\/68592660ad6347fad0fb587f8d5d8f1a7b44961362f56e4f2cd524feb87e9069?s=96&d=mm&r=g","contentUrl":"https:\/\/secure.gravatar.com\/avatar\/68592660ad6347fad0fb587f8d5d8f1a7b44961362f56e4f2cd524feb87e9069?s=96&d=mm&r=g","caption":"dmcsrbija.com@gmail.com"},"sameAs":["https:\/\/dmcsrb.com"],"url":"https:\/\/dmcsrb.com\/en\/author\/dmcsrbija-comgmail-com\/"}]}},"_links":{"self":[{"href":"https:\/\/dmcsrb.com\/en\/wp-json\/wp\/v2\/posts\/961221","targetHints":{"allow":["GET"]}}],"collection":[{"href":"https:\/\/dmcsrb.com\/en\/wp-json\/wp\/v2\/posts"}],"about":[{"href":"https:\/\/dmcsrb.com\/en\/wp-json\/wp\/v2\/types\/post"}],"author":[{"embeddable":true,"href":"https:\/\/dmcsrb.com\/en\/wp-json\/wp\/v2\/users\/1"}],"replies":[{"embeddable":true,"href":"https:\/\/dmcsrb.com\/en\/wp-json\/wp\/v2\/comments?post=961221"}],"version-history":[{"count":0,"href":"https:\/\/dmcsrb.com\/en\/wp-json\/wp\/v2\/posts\/961221\/revisions"}],"wp:featuredmedia":[{"embeddable":true,"href":"https:\/\/dmcsrb.com\/en\/wp-json\/wp\/v2\/media\/961222"}],"wp:attachment":[{"href":"https:\/\/dmcsrb.com\/en\/wp-json\/wp\/v2\/media?parent=961221"}],"wp:term":[{"taxonomy":"category","embeddable":true,"href":"https:\/\/dmcsrb.com\/en\/wp-json\/wp\/v2\/categories?post=961221"},{"taxonomy":"post_tag","embeddable":true,"href":"https:\/\/dmcsrb.com\/en\/wp-json\/wp\/v2\/tags?post=961221"},{"taxonomy":"naslovna","embeddable":true,"href":"https:\/\/dmcsrb.com\/en\/wp-json\/wp\/v2\/naslovna?post=961221"}],"curies":[{"name":"wp","href":"https:\/\/api.w.org\/{rel}","templated":true}]}}