{"id":961170,"date":"2025-10-31T13:41:19","date_gmt":"2025-10-31T12:41:19","guid":{"rendered":"https:\/\/dmcsrb.com\/uncategorized\/vrhovni-sud-ukinuo-presudu-apelacionog-suda-u-slucaju-ubistva-u-pokusaju\/"},"modified":"2025-10-31T13:41:19","modified_gmt":"2025-10-31T12:41:19","slug":"vrhovni-sud-ukinuo-presudu-apelacionog-suda-u-slucaju-ubistva-u-pokusaju","status":"publish","type":"post","link":"https:\/\/dmcsrb.com\/en\/hronika\/vrhovni-sud-ukinuo-presudu-apelacionog-suda-u-slucaju-ubistva-u-pokusaju\/","title":{"rendered":"Vrhovni sud ukinuo presudu Apelacionog suda u slu\u010daju ubistva u poku\u0161aju"},"content":{"rendered":"<p><\/p>\n\n\n\n<p><\/p>\n\n\n\n<p>Kako navode u saop\u0161tenju. rje\u0161enje je donijeto nakon \u0161to je Vi\u0161e dr\u017eavno tu\u017eila\u0161tvo u Bijelom Polju ulo\u017eilo \u017ealbu na presudu Apelacionog suda u junu ove godine.<\/p>\n\n\n\n<p>&#8220;Slu\u010daj se odnosi na doga\u0111aj iz juna 2020. godine u Bijelom Polju, kada je do\u0161lo do pucnjave izme\u0111u J.M. i S.D. Prema navodima iz optu\u017enice, S.D. je iz vozila Reno Megan pucao iz pi\u0161tolja u pravcu Mercedesa u kojem se nalazio J.M., koji je zatim uzvratio pucnjavom. Tom prilikom u opasnost su bili dovedeni M.\u010c., njen nevjen\u010dani suprug A.V. i njihovo tromjese\u010dno dijete&#8221;, kazali su u saop\u0161tenju.<\/p>\n\n\n\n<p>Vi\u0161i sud u Bijelom Polju je 2024. godine J.M. oglasio krivim za te\u0161ko ubistvo u poku\u0161aju i nedozvoljeno dr\u017eanje oru\u017eja, te ga osudio na tri godine zatvora, dok je S.D. oslobo\u0111en optu\u017ebi. Nakon \u017ealbi tu\u017eila\u0161tva i odbrane, Apelacioni sud je u junu ove godine preina\u010dio prvostepenu presudu i oslobodio J.M., uz obrazlo\u017eenje da djelo za koje je optu\u017een \u201cpo zakonu nije krivi\u010dno djelo\u201d.<\/p>\n\n\n\n<p>&#8220;Na tu presudu Vi\u0161e dr\u017eavno tu\u017eila\u0161tvo u Bijelom Polju podnijelo je \u017ealbu Vrhovnom sudu, navode\u0107i da je do\u0161lo do bitnih povreda odredaba krivi\u010dnog postupka, pogre\u0161no utvr\u0111enog \u010dinjeni\u010dnog stanja i povrede Krivi\u010dnog zakonika, te predlo\u017eilo da se presuda preina\u010di i J.M. osudi.<\/p>\n\n\n\n<p>Vrhovni sud je, odlu\u010duju\u0107i po \u017ealbi, utvrdio da je presuda Apelacionog suda nerazumljiva, protivrje\u010dna i bez dovoljno obrazlo\u017eenja o klju\u010dnim \u010dinjenicama, posebno o tome ko je prvi zapo\u010deo pucnjavu. Sud je naveo i da je Apelacioni sud pogre\u0161no ozna\u010dio zakonsku odredbu na koju se pozvao, te da je izreka<\/p>\n\n\n\n<p>presude nejasna do mjere da se ne mo\u017ee utvrditi za koje krivi\u010dno djelo je okrivljeni J.M. oslobo\u0111en.<\/p>\n\n\n\n<p>Vrhovni sud je zaklju\u010dio da je time po\u010dinjena bitna povreda odredaba krivi\u010dnog postupka, zbog \u010dega se presuda nije mogla ispitati, pa je ukinuta i predmet vra\u0107en na ponovno su\u0111enje Apelacionom sudu&#8221;, kazali su u saop\u0161tenju.<\/p>","protected":false},"excerpt":{"rendered":"<p>Vrhovni sud Crne Gore ukinuo je presudu Apelacionog suda Crne Gore, kojom je J.M. oslobo\u0111en optu\u017ebi za te\u0161ko ubistvo u poku\u0161aju, i vratio predmet tom sudu na ponovno su\u0111enje.<\/p>","protected":false},"author":1,"featured_media":910611,"comment_status":"open","ping_status":"open","sticky":false,"template":"","format":"standard","meta":{"_acf_changed":false,"footnotes":""},"categories":[17],"tags":[13136,953],"naslovna":[],"class_list":["post-961170","post","type-post","status-publish","format-standard","has-post-thumbnail","hentry","category-hronika","tag-ponistena-presuda","tag-vrhovni"],"acf":[],"yoast_head":"<!-- This site is optimized with the Yoast SEO plugin v27.4 - https:\/\/yoast.com\/product\/yoast-seo-wordpress\/ -->\n<title>Vrhovni sud ukinuo presudu Apelacionog suda u slu\u010daju ubistva u poku\u0161aju - dmcsrb.com<\/title>\n<meta name=\"robots\" content=\"index, follow, max-snippet:-1, max-image-preview:large, max-video-preview:-1\" \/>\n<link rel=\"canonical\" href=\"https:\/\/dmcsrb.com\/en\/hronika\/vrhovni-sud-ukinuo-presudu-apelacionog-suda-u-slucaju-ubistva-u-pokusaju\/\" \/>\n<meta property=\"og:locale\" content=\"en_GB\" \/>\n<meta property=\"og:type\" content=\"article\" \/>\n<meta property=\"og:title\" content=\"Vrhovni sud ukinuo presudu Apelacionog suda u slu\u010daju ubistva u poku\u0161aju - dmcsrb.com\" \/>\n<meta property=\"og:description\" content=\"Vrhovni sud Crne Gore ukinuo je presudu Apelacionog suda Crne Gore, kojom je J.M. oslobo\u0111en optu\u017ebi za te\u0161ko ubistvo u poku\u0161aju, i vratio predmet tom sudu na ponovno su\u0111enje.\" \/>\n<meta property=\"og:url\" content=\"https:\/\/dmcsrb.com\/en\/hronika\/vrhovni-sud-ukinuo-presudu-apelacionog-suda-u-slucaju-ubistva-u-pokusaju\/\" \/>\n<meta property=\"og:site_name\" content=\"dmcsrb.com\" \/>\n<meta property=\"article:published_time\" content=\"2025-10-31T12:41:19+00:00\" \/>\n<meta property=\"og:image\" content=\"https:\/\/dmcsrb.com\/wp-content\/uploads\/2026\/01\/1605637908-d15b4fd2927955cd1a3fd5d9202dfbba-i_960x600-960x555-1.jpg\" \/>\n\t<meta property=\"og:image:width\" content=\"960\" \/>\n\t<meta property=\"og:image:height\" content=\"555\" \/>\n\t<meta property=\"og:image:type\" content=\"image\/jpeg\" \/>\n<meta name=\"author\" content=\"dmcsrbija.com@gmail.com\" \/>\n<meta name=\"twitter:card\" content=\"summary_large_image\" \/>\n<meta name=\"twitter:label1\" content=\"Written by\" \/>\n\t<meta name=\"twitter:data1\" content=\"dmcsrbija.com@gmail.com\" \/>\n\t<meta name=\"twitter:label2\" content=\"Estimated reading time\" \/>\n\t<meta name=\"twitter:data2\" content=\"2 minutes\" \/>\n<script type=\"application\/ld+json\" class=\"yoast-schema-graph\">{\"@context\":\"https:\\\/\\\/schema.org\",\"@graph\":[{\"@type\":\"Article\",\"@id\":\"https:\\\/\\\/dmcsrb.com\\\/hronika\\\/vrhovni-sud-ukinuo-presudu-apelacionog-suda-u-slucaju-ubistva-u-pokusaju\\\/#article\",\"isPartOf\":{\"@id\":\"https:\\\/\\\/dmcsrb.com\\\/hronika\\\/vrhovni-sud-ukinuo-presudu-apelacionog-suda-u-slucaju-ubistva-u-pokusaju\\\/\"},\"author\":{\"name\":\"dmcsrbija.com@gmail.com\",\"@id\":\"https:\\\/\\\/dmcsrb.com\\\/#\\\/schema\\\/person\\\/5c39170f12db1b8b457732d0b5c854e2\"},\"headline\":\"Vrhovni sud ukinuo presudu Apelacionog suda u slu\u010daju ubistva u poku\u0161aju\",\"datePublished\":\"2025-10-31T12:41:19+00:00\",\"mainEntityOfPage\":{\"@id\":\"https:\\\/\\\/dmcsrb.com\\\/hronika\\\/vrhovni-sud-ukinuo-presudu-apelacionog-suda-u-slucaju-ubistva-u-pokusaju\\\/\"},\"wordCount\":378,\"commentCount\":0,\"image\":{\"@id\":\"https:\\\/\\\/dmcsrb.com\\\/hronika\\\/vrhovni-sud-ukinuo-presudu-apelacionog-suda-u-slucaju-ubistva-u-pokusaju\\\/#primaryimage\"},\"thumbnailUrl\":\"https:\\\/\\\/dmcsrb.com\\\/wp-content\\\/uploads\\\/2026\\\/01\\\/1605637908-d15b4fd2927955cd1a3fd5d9202dfbba-i_960x600-960x555-1.jpg\",\"keywords\":[\"poni\u0161tena presuda\",\"Vrhovni\"],\"articleSection\":[\"Hronika\"],\"inLanguage\":\"en-GB\",\"potentialAction\":[{\"@type\":\"CommentAction\",\"name\":\"Comment\",\"target\":[\"https:\\\/\\\/dmcsrb.com\\\/hronika\\\/vrhovni-sud-ukinuo-presudu-apelacionog-suda-u-slucaju-ubistva-u-pokusaju\\\/#respond\"]}]},{\"@type\":\"WebPage\",\"@id\":\"https:\\\/\\\/dmcsrb.com\\\/hronika\\\/vrhovni-sud-ukinuo-presudu-apelacionog-suda-u-slucaju-ubistva-u-pokusaju\\\/\",\"url\":\"https:\\\/\\\/dmcsrb.com\\\/hronika\\\/vrhovni-sud-ukinuo-presudu-apelacionog-suda-u-slucaju-ubistva-u-pokusaju\\\/\",\"name\":\"Vrhovni sud ukinuo presudu Apelacionog suda u slu\u010daju ubistva u poku\u0161aju - dmcsrb.com\",\"isPartOf\":{\"@id\":\"https:\\\/\\\/dmcsrb.com\\\/#website\"},\"primaryImageOfPage\":{\"@id\":\"https:\\\/\\\/dmcsrb.com\\\/hronika\\\/vrhovni-sud-ukinuo-presudu-apelacionog-suda-u-slucaju-ubistva-u-pokusaju\\\/#primaryimage\"},\"image\":{\"@id\":\"https:\\\/\\\/dmcsrb.com\\\/hronika\\\/vrhovni-sud-ukinuo-presudu-apelacionog-suda-u-slucaju-ubistva-u-pokusaju\\\/#primaryimage\"},\"thumbnailUrl\":\"https:\\\/\\\/dmcsrb.com\\\/wp-content\\\/uploads\\\/2026\\\/01\\\/1605637908-d15b4fd2927955cd1a3fd5d9202dfbba-i_960x600-960x555-1.jpg\",\"datePublished\":\"2025-10-31T12:41:19+00:00\",\"author\":{\"@id\":\"https:\\\/\\\/dmcsrb.com\\\/#\\\/schema\\\/person\\\/5c39170f12db1b8b457732d0b5c854e2\"},\"breadcrumb\":{\"@id\":\"https:\\\/\\\/dmcsrb.com\\\/hronika\\\/vrhovni-sud-ukinuo-presudu-apelacionog-suda-u-slucaju-ubistva-u-pokusaju\\\/#breadcrumb\"},\"inLanguage\":\"en-GB\",\"potentialAction\":[{\"@type\":\"ReadAction\",\"target\":[\"https:\\\/\\\/dmcsrb.com\\\/hronika\\\/vrhovni-sud-ukinuo-presudu-apelacionog-suda-u-slucaju-ubistva-u-pokusaju\\\/\"]}]},{\"@type\":\"ImageObject\",\"inLanguage\":\"en-GB\",\"@id\":\"https:\\\/\\\/dmcsrb.com\\\/hronika\\\/vrhovni-sud-ukinuo-presudu-apelacionog-suda-u-slucaju-ubistva-u-pokusaju\\\/#primaryimage\",\"url\":\"https:\\\/\\\/dmcsrb.com\\\/wp-content\\\/uploads\\\/2026\\\/01\\\/1605637908-d15b4fd2927955cd1a3fd5d9202dfbba-i_960x600-960x555-1.jpg\",\"contentUrl\":\"https:\\\/\\\/dmcsrb.com\\\/wp-content\\\/uploads\\\/2026\\\/01\\\/1605637908-d15b4fd2927955cd1a3fd5d9202dfbba-i_960x600-960x555-1.jpg\",\"width\":960,\"height\":555},{\"@type\":\"BreadcrumbList\",\"@id\":\"https:\\\/\\\/dmcsrb.com\\\/hronika\\\/vrhovni-sud-ukinuo-presudu-apelacionog-suda-u-slucaju-ubistva-u-pokusaju\\\/#breadcrumb\",\"itemListElement\":[{\"@type\":\"ListItem\",\"position\":1,\"name\":\"Home\",\"item\":\"https:\\\/\\\/dmcsrb.com\\\/\"},{\"@type\":\"ListItem\",\"position\":2,\"name\":\"Vrhovni sud ukinuo presudu Apelacionog suda u slu\u010daju ubistva u poku\u0161aju\"}]},{\"@type\":\"WebSite\",\"@id\":\"https:\\\/\\\/dmcsrb.com\\\/#website\",\"url\":\"https:\\\/\\\/dmcsrb.com\\\/\",\"name\":\"dmcsrb.com\",\"description\":\"\",\"potentialAction\":[{\"@type\":\"SearchAction\",\"target\":{\"@type\":\"EntryPoint\",\"urlTemplate\":\"https:\\\/\\\/dmcsrb.com\\\/?s={search_term_string}\"},\"query-input\":{\"@type\":\"PropertyValueSpecification\",\"valueRequired\":true,\"valueName\":\"search_term_string\"}}],\"inLanguage\":\"en-GB\"},{\"@type\":\"Person\",\"@id\":\"https:\\\/\\\/dmcsrb.com\\\/#\\\/schema\\\/person\\\/5c39170f12db1b8b457732d0b5c854e2\",\"name\":\"dmcsrbija.com@gmail.com\",\"image\":{\"@type\":\"ImageObject\",\"inLanguage\":\"en-GB\",\"@id\":\"https:\\\/\\\/secure.gravatar.com\\\/avatar\\\/68592660ad6347fad0fb587f8d5d8f1a7b44961362f56e4f2cd524feb87e9069?s=96&d=mm&r=g\",\"url\":\"https:\\\/\\\/secure.gravatar.com\\\/avatar\\\/68592660ad6347fad0fb587f8d5d8f1a7b44961362f56e4f2cd524feb87e9069?s=96&d=mm&r=g\",\"contentUrl\":\"https:\\\/\\\/secure.gravatar.com\\\/avatar\\\/68592660ad6347fad0fb587f8d5d8f1a7b44961362f56e4f2cd524feb87e9069?s=96&d=mm&r=g\",\"caption\":\"dmcsrbija.com@gmail.com\"},\"sameAs\":[\"https:\\\/\\\/dmcsrb.com\"],\"url\":\"https:\\\/\\\/dmcsrb.com\\\/en\\\/author\\\/dmcsrbija-comgmail-com\\\/\"}]}<\/script>\n<!-- \/ Yoast SEO plugin. -->","yoast_head_json":{"title":"Vrhovni sud ukinuo presudu Apelacionog suda u slu\u010daju ubistva u poku\u0161aju - dmcsrb.com","robots":{"index":"index","follow":"follow","max-snippet":"max-snippet:-1","max-image-preview":"max-image-preview:large","max-video-preview":"max-video-preview:-1"},"canonical":"https:\/\/dmcsrb.com\/en\/hronika\/vrhovni-sud-ukinuo-presudu-apelacionog-suda-u-slucaju-ubistva-u-pokusaju\/","og_locale":"en_GB","og_type":"article","og_title":"Vrhovni sud ukinuo presudu Apelacionog suda u slu\u010daju ubistva u poku\u0161aju - dmcsrb.com","og_description":"Vrhovni sud Crne Gore ukinuo je presudu Apelacionog suda Crne Gore, kojom je J.M. oslobo\u0111en optu\u017ebi za te\u0161ko ubistvo u poku\u0161aju, i vratio predmet tom sudu na ponovno su\u0111enje.","og_url":"https:\/\/dmcsrb.com\/en\/hronika\/vrhovni-sud-ukinuo-presudu-apelacionog-suda-u-slucaju-ubistva-u-pokusaju\/","og_site_name":"dmcsrb.com","article_published_time":"2025-10-31T12:41:19+00:00","og_image":[{"width":960,"height":555,"url":"https:\/\/dmcsrb.com\/wp-content\/uploads\/2026\/01\/1605637908-d15b4fd2927955cd1a3fd5d9202dfbba-i_960x600-960x555-1.jpg","type":"image\/jpeg"}],"author":"dmcsrbija.com@gmail.com","twitter_card":"summary_large_image","twitter_misc":{"Written by":"dmcsrbija.com@gmail.com","Estimated reading time":"2 minutes"},"schema":{"@context":"https:\/\/schema.org","@graph":[{"@type":"Article","@id":"https:\/\/dmcsrb.com\/hronika\/vrhovni-sud-ukinuo-presudu-apelacionog-suda-u-slucaju-ubistva-u-pokusaju\/#article","isPartOf":{"@id":"https:\/\/dmcsrb.com\/hronika\/vrhovni-sud-ukinuo-presudu-apelacionog-suda-u-slucaju-ubistva-u-pokusaju\/"},"author":{"name":"dmcsrbija.com@gmail.com","@id":"https:\/\/dmcsrb.com\/#\/schema\/person\/5c39170f12db1b8b457732d0b5c854e2"},"headline":"Vrhovni sud ukinuo presudu Apelacionog suda u slu\u010daju ubistva u poku\u0161aju","datePublished":"2025-10-31T12:41:19+00:00","mainEntityOfPage":{"@id":"https:\/\/dmcsrb.com\/hronika\/vrhovni-sud-ukinuo-presudu-apelacionog-suda-u-slucaju-ubistva-u-pokusaju\/"},"wordCount":378,"commentCount":0,"image":{"@id":"https:\/\/dmcsrb.com\/hronika\/vrhovni-sud-ukinuo-presudu-apelacionog-suda-u-slucaju-ubistva-u-pokusaju\/#primaryimage"},"thumbnailUrl":"https:\/\/dmcsrb.com\/wp-content\/uploads\/2026\/01\/1605637908-d15b4fd2927955cd1a3fd5d9202dfbba-i_960x600-960x555-1.jpg","keywords":["poni\u0161tena presuda","Vrhovni"],"articleSection":["Hronika"],"inLanguage":"en-GB","potentialAction":[{"@type":"CommentAction","name":"Comment","target":["https:\/\/dmcsrb.com\/hronika\/vrhovni-sud-ukinuo-presudu-apelacionog-suda-u-slucaju-ubistva-u-pokusaju\/#respond"]}]},{"@type":"WebPage","@id":"https:\/\/dmcsrb.com\/hronika\/vrhovni-sud-ukinuo-presudu-apelacionog-suda-u-slucaju-ubistva-u-pokusaju\/","url":"https:\/\/dmcsrb.com\/hronika\/vrhovni-sud-ukinuo-presudu-apelacionog-suda-u-slucaju-ubistva-u-pokusaju\/","name":"Vrhovni sud ukinuo presudu Apelacionog suda u slu\u010daju ubistva u poku\u0161aju - dmcsrb.com","isPartOf":{"@id":"https:\/\/dmcsrb.com\/#website"},"primaryImageOfPage":{"@id":"https:\/\/dmcsrb.com\/hronika\/vrhovni-sud-ukinuo-presudu-apelacionog-suda-u-slucaju-ubistva-u-pokusaju\/#primaryimage"},"image":{"@id":"https:\/\/dmcsrb.com\/hronika\/vrhovni-sud-ukinuo-presudu-apelacionog-suda-u-slucaju-ubistva-u-pokusaju\/#primaryimage"},"thumbnailUrl":"https:\/\/dmcsrb.com\/wp-content\/uploads\/2026\/01\/1605637908-d15b4fd2927955cd1a3fd5d9202dfbba-i_960x600-960x555-1.jpg","datePublished":"2025-10-31T12:41:19+00:00","author":{"@id":"https:\/\/dmcsrb.com\/#\/schema\/person\/5c39170f12db1b8b457732d0b5c854e2"},"breadcrumb":{"@id":"https:\/\/dmcsrb.com\/hronika\/vrhovni-sud-ukinuo-presudu-apelacionog-suda-u-slucaju-ubistva-u-pokusaju\/#breadcrumb"},"inLanguage":"en-GB","potentialAction":[{"@type":"ReadAction","target":["https:\/\/dmcsrb.com\/hronika\/vrhovni-sud-ukinuo-presudu-apelacionog-suda-u-slucaju-ubistva-u-pokusaju\/"]}]},{"@type":"ImageObject","inLanguage":"en-GB","@id":"https:\/\/dmcsrb.com\/hronika\/vrhovni-sud-ukinuo-presudu-apelacionog-suda-u-slucaju-ubistva-u-pokusaju\/#primaryimage","url":"https:\/\/dmcsrb.com\/wp-content\/uploads\/2026\/01\/1605637908-d15b4fd2927955cd1a3fd5d9202dfbba-i_960x600-960x555-1.jpg","contentUrl":"https:\/\/dmcsrb.com\/wp-content\/uploads\/2026\/01\/1605637908-d15b4fd2927955cd1a3fd5d9202dfbba-i_960x600-960x555-1.jpg","width":960,"height":555},{"@type":"BreadcrumbList","@id":"https:\/\/dmcsrb.com\/hronika\/vrhovni-sud-ukinuo-presudu-apelacionog-suda-u-slucaju-ubistva-u-pokusaju\/#breadcrumb","itemListElement":[{"@type":"ListItem","position":1,"name":"Home","item":"https:\/\/dmcsrb.com\/"},{"@type":"ListItem","position":2,"name":"Vrhovni sud ukinuo presudu Apelacionog suda u slu\u010daju ubistva u poku\u0161aju"}]},{"@type":"WebSite","@id":"https:\/\/dmcsrb.com\/#website","url":"https:\/\/dmcsrb.com\/","name":"dmcsrb.com","description":"","potentialAction":[{"@type":"SearchAction","target":{"@type":"EntryPoint","urlTemplate":"https:\/\/dmcsrb.com\/?s={search_term_string}"},"query-input":{"@type":"PropertyValueSpecification","valueRequired":true,"valueName":"search_term_string"}}],"inLanguage":"en-GB"},{"@type":"Person","@id":"https:\/\/dmcsrb.com\/#\/schema\/person\/5c39170f12db1b8b457732d0b5c854e2","name":"dmcsrbija.com@gmail.com","image":{"@type":"ImageObject","inLanguage":"en-GB","@id":"https:\/\/secure.gravatar.com\/avatar\/68592660ad6347fad0fb587f8d5d8f1a7b44961362f56e4f2cd524feb87e9069?s=96&d=mm&r=g","url":"https:\/\/secure.gravatar.com\/avatar\/68592660ad6347fad0fb587f8d5d8f1a7b44961362f56e4f2cd524feb87e9069?s=96&d=mm&r=g","contentUrl":"https:\/\/secure.gravatar.com\/avatar\/68592660ad6347fad0fb587f8d5d8f1a7b44961362f56e4f2cd524feb87e9069?s=96&d=mm&r=g","caption":"dmcsrbija.com@gmail.com"},"sameAs":["https:\/\/dmcsrb.com"],"url":"https:\/\/dmcsrb.com\/en\/author\/dmcsrbija-comgmail-com\/"}]}},"_links":{"self":[{"href":"https:\/\/dmcsrb.com\/en\/wp-json\/wp\/v2\/posts\/961170","targetHints":{"allow":["GET"]}}],"collection":[{"href":"https:\/\/dmcsrb.com\/en\/wp-json\/wp\/v2\/posts"}],"about":[{"href":"https:\/\/dmcsrb.com\/en\/wp-json\/wp\/v2\/types\/post"}],"author":[{"embeddable":true,"href":"https:\/\/dmcsrb.com\/en\/wp-json\/wp\/v2\/users\/1"}],"replies":[{"embeddable":true,"href":"https:\/\/dmcsrb.com\/en\/wp-json\/wp\/v2\/comments?post=961170"}],"version-history":[{"count":0,"href":"https:\/\/dmcsrb.com\/en\/wp-json\/wp\/v2\/posts\/961170\/revisions"}],"wp:featuredmedia":[{"embeddable":true,"href":"https:\/\/dmcsrb.com\/en\/wp-json\/wp\/v2\/media\/910611"}],"wp:attachment":[{"href":"https:\/\/dmcsrb.com\/en\/wp-json\/wp\/v2\/media?parent=961170"}],"wp:term":[{"taxonomy":"category","embeddable":true,"href":"https:\/\/dmcsrb.com\/en\/wp-json\/wp\/v2\/categories?post=961170"},{"taxonomy":"post_tag","embeddable":true,"href":"https:\/\/dmcsrb.com\/en\/wp-json\/wp\/v2\/tags?post=961170"},{"taxonomy":"naslovna","embeddable":true,"href":"https:\/\/dmcsrb.com\/en\/wp-json\/wp\/v2\/naslovna?post=961170"}],"curies":[{"name":"wp","href":"https:\/\/api.w.org\/{rel}","templated":true}]}}