{"id":961140,"date":"2025-10-31T12:41:00","date_gmt":"2025-10-31T11:41:00","guid":{"rendered":"https:\/\/dmcsrb.com\/uncategorized\/vozovi-sirom-srbije-obustavljeni-zbog-dojave-o-bombama\/"},"modified":"2025-10-31T12:41:00","modified_gmt":"2025-10-31T11:41:00","slug":"vozovi-sirom-srbije-obustavljeni-zbog-dojave-o-bombama","status":"publish","type":"post","link":"https:\/\/dmcsrb.com\/en\/region\/vozovi-sirom-srbije-obustavljeni-zbog-dojave-o-bombama\/","title":{"rendered":"Vozovi \u0161irom Srbije obustavljeni zbog dojave o bombama"},"content":{"rendered":"<p><\/p>\n\n\n\n<p>Na sajtu Srbijavoza nije mogu\u0107e kupiti kartu za relaciju Beograd-Novi Sad, jer izlazi informacija sa tekstom: \u201eNema vozova na tra\u017eenoj relaciji. Poku\u0161ajte ponovo sa novim parametrima\u201c.<\/p>\n\n\n\n<p>Kol centar \u017deljezni\u010dke stanice je konstantno zauzet, te nije mogu\u0107e provjeriti za\u0161to su vozovi obustavljeni.<\/p>\n\n\n\n<p>Na dru\u0161tvenim mre\u017eama kru\u017ei fotografija na kojoj se vidi da nije mogu\u0107e kupiti kartu ni na automatima na stanici jer preko ekrana stoji natpis \u201eVozovi ne saobra\u0107aju\u201c.<\/p>\n\n\n\n<p>Danas nezvani\u010dno saznaje da je zaposlenima na \u017deljezni\u010dkoj stanici re\u010deno da vozovi vi\u0161e ne idu iz \u201ebezbjednosnih razloga\u201c.<\/p>\n\n\n\n<p>Pitali su da li je dojava o bombama, kao pro\u0161li put, i \u0161ef je samo slegao ramenima i rekao: \u201eSa\u010deka\u0107emo \u0161ta \u0107e javiti iz Beograda\u201c.<\/p>\n\n\n\n<p>Na sajtu Srbijavoza trenutno nema zvani\u010dne informacije za\u0161to vozovi ne saobra\u0107aju.<\/p>\n\n\n\n<p>Putnici na dru\u0161tvenim mre\u017eama javljaju da su izba\u010deni iz voza u sred In\u0111ije i da im je re\u010deno da do daljnjeg ne idu vozovi, ni autobusi.<\/p>\n\n\n\n<p>Tako\u0111e, na dru\u0161tvenim mre\u017eama se pojavio i snimak da je i voz iz Somobra za Novi Sad zaustavljen u stanici Glo\u017ean iz za sada nepoznatih razloga i da nije poznato da li \u0107e nastaviti put ka Novom Sadu.<\/p>\n\n\n\n<p>Podsjetimo, sjutra, 1. novembra, u Novom Sadu odr\u017eava se komemorativni skup povodom godi\u0161njice pada nadstre\u0161nice na renoviranoj \u017deljezni\u010dkoj stanici.<\/p>\n\n\n\n<p>Pred veliki protest u Beogradu, 15. marta, tako\u0111e vozovi nisu saobra\u0107ali na ovoj realaciji zbog dojave o bombi.<\/p>","protected":false},"excerpt":{"rendered":"<p>Vozovi iz Beograda ka Novom Sadu, odnosno Petrovaradinu, i u smjeru nazad, ali i u ostalim djelovima zemlje su obustavljeni, zbog, kako u MUP-u nezvani\u010dno ka\u017eu, dojave o bombama.<\/p>","protected":false},"author":1,"featured_media":954443,"comment_status":"open","ping_status":"open","sticky":false,"template":"","format":"standard","meta":{"_acf_changed":false,"footnotes":""},"categories":[103],"tags":[13108,2231,22,3895],"naslovna":[],"class_list":["post-961140","post","type-post","status-publish","format-standard","has-post-thumbnail","hentry","category-region","tag-dojava-o-bombi","tag-novi-sad","tag-srbija","tag-vozovi"],"acf":[],"yoast_head":"<!-- This site is optimized with the Yoast SEO plugin v27.4 - https:\/\/yoast.com\/product\/yoast-seo-wordpress\/ -->\n<title>Vozovi \u0161irom Srbije obustavljeni zbog dojave o bombama - dmcsrb.com<\/title>\n<meta name=\"robots\" content=\"index, follow, max-snippet:-1, max-image-preview:large, max-video-preview:-1\" \/>\n<link rel=\"canonical\" href=\"https:\/\/dmcsrb.com\/en\/region\/vozovi-sirom-srbije-obustavljeni-zbog-dojave-o-bombama\/\" \/>\n<meta property=\"og:locale\" content=\"en_GB\" \/>\n<meta property=\"og:type\" content=\"article\" \/>\n<meta property=\"og:title\" content=\"Vozovi \u0161irom Srbije obustavljeni zbog dojave o bombama - dmcsrb.com\" \/>\n<meta property=\"og:description\" content=\"Vozovi iz Beograda ka Novom Sadu, odnosno Petrovaradinu, i u smjeru nazad, ali i u ostalim djelovima zemlje su obustavljeni, zbog, kako u MUP-u nezvani\u010dno ka\u017eu, dojave o bombama.\" \/>\n<meta property=\"og:url\" content=\"https:\/\/dmcsrb.com\/en\/region\/vozovi-sirom-srbije-obustavljeni-zbog-dojave-o-bombama\/\" \/>\n<meta property=\"og:site_name\" content=\"dmcsrb.com\" \/>\n<meta property=\"article:published_time\" content=\"2025-10-31T11:41:00+00:00\" \/>\n<meta property=\"og:image\" content=\"https:\/\/dmcsrb.com\/wp-content\/uploads\/2026\/01\/railroad-track-3129847_1280_597x900.webp\" \/>\n\t<meta property=\"og:image:width\" content=\"899\" \/>\n\t<meta property=\"og:image:height\" content=\"597\" \/>\n\t<meta property=\"og:image:type\" content=\"image\/jpeg\" \/>\n<meta name=\"author\" content=\"dmcsrbija.com@gmail.com\" \/>\n<meta name=\"twitter:card\" content=\"summary_large_image\" \/>\n<meta name=\"twitter:label1\" content=\"Written by\" \/>\n\t<meta name=\"twitter:data1\" content=\"dmcsrbija.com@gmail.com\" \/>\n\t<meta name=\"twitter:label2\" content=\"Estimated reading time\" \/>\n\t<meta name=\"twitter:data2\" content=\"1 minute\" \/>\n<script type=\"application\/ld+json\" class=\"yoast-schema-graph\">{\"@context\":\"https:\\\/\\\/schema.org\",\"@graph\":[{\"@type\":\"Article\",\"@id\":\"https:\\\/\\\/dmcsrb.com\\\/en\\\/region\\\/vozovi-sirom-srbije-obustavljeni-zbog-dojave-o-bombama\\\/#article\",\"isPartOf\":{\"@id\":\"https:\\\/\\\/dmcsrb.com\\\/en\\\/region\\\/vozovi-sirom-srbije-obustavljeni-zbog-dojave-o-bombama\\\/\"},\"author\":{\"name\":\"dmcsrbija.com@gmail.com\",\"@id\":\"https:\\\/\\\/dmcsrb.com\\\/#\\\/schema\\\/person\\\/5c39170f12db1b8b457732d0b5c854e2\"},\"headline\":\"Vozovi \u0161irom Srbije obustavljeni zbog dojave o bombama\",\"datePublished\":\"2025-10-31T11:41:00+00:00\",\"mainEntityOfPage\":{\"@id\":\"https:\\\/\\\/dmcsrb.com\\\/en\\\/region\\\/vozovi-sirom-srbije-obustavljeni-zbog-dojave-o-bombama\\\/\"},\"wordCount\":265,\"commentCount\":0,\"image\":{\"@id\":\"https:\\\/\\\/dmcsrb.com\\\/en\\\/region\\\/vozovi-sirom-srbije-obustavljeni-zbog-dojave-o-bombama\\\/#primaryimage\"},\"thumbnailUrl\":\"https:\\\/\\\/dmcsrb.com\\\/wp-content\\\/uploads\\\/2026\\\/01\\\/railroad-track-3129847_1280_597x900.webp\",\"keywords\":[\"dojava o bombi\",\"Novi Sad\",\"Srbija\",\"Vozovi\"],\"articleSection\":[\"Region\"],\"inLanguage\":\"en-GB\",\"potentialAction\":[{\"@type\":\"CommentAction\",\"name\":\"Comment\",\"target\":[\"https:\\\/\\\/dmcsrb.com\\\/en\\\/region\\\/vozovi-sirom-srbije-obustavljeni-zbog-dojave-o-bombama\\\/#respond\"]}]},{\"@type\":\"WebPage\",\"@id\":\"https:\\\/\\\/dmcsrb.com\\\/en\\\/region\\\/vozovi-sirom-srbije-obustavljeni-zbog-dojave-o-bombama\\\/\",\"url\":\"https:\\\/\\\/dmcsrb.com\\\/en\\\/region\\\/vozovi-sirom-srbije-obustavljeni-zbog-dojave-o-bombama\\\/\",\"name\":\"Vozovi \u0161irom Srbije obustavljeni zbog dojave o bombama - dmcsrb.com\",\"isPartOf\":{\"@id\":\"https:\\\/\\\/dmcsrb.com\\\/#website\"},\"primaryImageOfPage\":{\"@id\":\"https:\\\/\\\/dmcsrb.com\\\/en\\\/region\\\/vozovi-sirom-srbije-obustavljeni-zbog-dojave-o-bombama\\\/#primaryimage\"},\"image\":{\"@id\":\"https:\\\/\\\/dmcsrb.com\\\/en\\\/region\\\/vozovi-sirom-srbije-obustavljeni-zbog-dojave-o-bombama\\\/#primaryimage\"},\"thumbnailUrl\":\"https:\\\/\\\/dmcsrb.com\\\/wp-content\\\/uploads\\\/2026\\\/01\\\/railroad-track-3129847_1280_597x900.webp\",\"datePublished\":\"2025-10-31T11:41:00+00:00\",\"author\":{\"@id\":\"https:\\\/\\\/dmcsrb.com\\\/#\\\/schema\\\/person\\\/5c39170f12db1b8b457732d0b5c854e2\"},\"breadcrumb\":{\"@id\":\"https:\\\/\\\/dmcsrb.com\\\/en\\\/region\\\/vozovi-sirom-srbije-obustavljeni-zbog-dojave-o-bombama\\\/#breadcrumb\"},\"inLanguage\":\"en-GB\",\"potentialAction\":[{\"@type\":\"ReadAction\",\"target\":[\"https:\\\/\\\/dmcsrb.com\\\/en\\\/region\\\/vozovi-sirom-srbije-obustavljeni-zbog-dojave-o-bombama\\\/\"]}]},{\"@type\":\"ImageObject\",\"inLanguage\":\"en-GB\",\"@id\":\"https:\\\/\\\/dmcsrb.com\\\/en\\\/region\\\/vozovi-sirom-srbije-obustavljeni-zbog-dojave-o-bombama\\\/#primaryimage\",\"url\":\"https:\\\/\\\/dmcsrb.com\\\/wp-content\\\/uploads\\\/2026\\\/01\\\/railroad-track-3129847_1280_597x900.webp\",\"contentUrl\":\"https:\\\/\\\/dmcsrb.com\\\/wp-content\\\/uploads\\\/2026\\\/01\\\/railroad-track-3129847_1280_597x900.webp\",\"width\":899,\"height\":597},{\"@type\":\"BreadcrumbList\",\"@id\":\"https:\\\/\\\/dmcsrb.com\\\/en\\\/region\\\/vozovi-sirom-srbije-obustavljeni-zbog-dojave-o-bombama\\\/#breadcrumb\",\"itemListElement\":[{\"@type\":\"ListItem\",\"position\":1,\"name\":\"Home\",\"item\":\"https:\\\/\\\/dmcsrb.com\\\/\"},{\"@type\":\"ListItem\",\"position\":2,\"name\":\"Vozovi \u0161irom Srbije obustavljeni zbog dojave o bombama\"}]},{\"@type\":\"WebSite\",\"@id\":\"https:\\\/\\\/dmcsrb.com\\\/#website\",\"url\":\"https:\\\/\\\/dmcsrb.com\\\/\",\"name\":\"dmcsrb.com\",\"description\":\"\",\"potentialAction\":[{\"@type\":\"SearchAction\",\"target\":{\"@type\":\"EntryPoint\",\"urlTemplate\":\"https:\\\/\\\/dmcsrb.com\\\/?s={search_term_string}\"},\"query-input\":{\"@type\":\"PropertyValueSpecification\",\"valueRequired\":true,\"valueName\":\"search_term_string\"}}],\"inLanguage\":\"en-GB\"},{\"@type\":\"Person\",\"@id\":\"https:\\\/\\\/dmcsrb.com\\\/#\\\/schema\\\/person\\\/5c39170f12db1b8b457732d0b5c854e2\",\"name\":\"dmcsrbija.com@gmail.com\",\"image\":{\"@type\":\"ImageObject\",\"inLanguage\":\"en-GB\",\"@id\":\"https:\\\/\\\/secure.gravatar.com\\\/avatar\\\/68592660ad6347fad0fb587f8d5d8f1a7b44961362f56e4f2cd524feb87e9069?s=96&d=mm&r=g\",\"url\":\"https:\\\/\\\/secure.gravatar.com\\\/avatar\\\/68592660ad6347fad0fb587f8d5d8f1a7b44961362f56e4f2cd524feb87e9069?s=96&d=mm&r=g\",\"contentUrl\":\"https:\\\/\\\/secure.gravatar.com\\\/avatar\\\/68592660ad6347fad0fb587f8d5d8f1a7b44961362f56e4f2cd524feb87e9069?s=96&d=mm&r=g\",\"caption\":\"dmcsrbija.com@gmail.com\"},\"sameAs\":[\"https:\\\/\\\/dmcsrb.com\"],\"url\":\"https:\\\/\\\/dmcsrb.com\\\/en\\\/author\\\/dmcsrbija-comgmail-com\\\/\"}]}<\/script>\n<!-- \/ Yoast SEO plugin. -->","yoast_head_json":{"title":"Vozovi \u0161irom Srbije obustavljeni zbog dojave o bombama - dmcsrb.com","robots":{"index":"index","follow":"follow","max-snippet":"max-snippet:-1","max-image-preview":"max-image-preview:large","max-video-preview":"max-video-preview:-1"},"canonical":"https:\/\/dmcsrb.com\/en\/region\/vozovi-sirom-srbije-obustavljeni-zbog-dojave-o-bombama\/","og_locale":"en_GB","og_type":"article","og_title":"Vozovi \u0161irom Srbije obustavljeni zbog dojave o bombama - dmcsrb.com","og_description":"Vozovi iz Beograda ka Novom Sadu, odnosno Petrovaradinu, i u smjeru nazad, ali i u ostalim djelovima zemlje su obustavljeni, zbog, kako u MUP-u nezvani\u010dno ka\u017eu, dojave o bombama.","og_url":"https:\/\/dmcsrb.com\/en\/region\/vozovi-sirom-srbije-obustavljeni-zbog-dojave-o-bombama\/","og_site_name":"dmcsrb.com","article_published_time":"2025-10-31T11:41:00+00:00","og_image":[{"width":899,"height":597,"url":"https:\/\/dmcsrb.com\/wp-content\/uploads\/2026\/01\/railroad-track-3129847_1280_597x900.webp","type":"image\/jpeg"}],"author":"dmcsrbija.com@gmail.com","twitter_card":"summary_large_image","twitter_misc":{"Written by":"dmcsrbija.com@gmail.com","Estimated reading time":"1 minute"},"schema":{"@context":"https:\/\/schema.org","@graph":[{"@type":"Article","@id":"https:\/\/dmcsrb.com\/en\/region\/vozovi-sirom-srbije-obustavljeni-zbog-dojave-o-bombama\/#article","isPartOf":{"@id":"https:\/\/dmcsrb.com\/en\/region\/vozovi-sirom-srbije-obustavljeni-zbog-dojave-o-bombama\/"},"author":{"name":"dmcsrbija.com@gmail.com","@id":"https:\/\/dmcsrb.com\/#\/schema\/person\/5c39170f12db1b8b457732d0b5c854e2"},"headline":"Vozovi \u0161irom Srbije obustavljeni zbog dojave o bombama","datePublished":"2025-10-31T11:41:00+00:00","mainEntityOfPage":{"@id":"https:\/\/dmcsrb.com\/en\/region\/vozovi-sirom-srbije-obustavljeni-zbog-dojave-o-bombama\/"},"wordCount":265,"commentCount":0,"image":{"@id":"https:\/\/dmcsrb.com\/en\/region\/vozovi-sirom-srbije-obustavljeni-zbog-dojave-o-bombama\/#primaryimage"},"thumbnailUrl":"https:\/\/dmcsrb.com\/wp-content\/uploads\/2026\/01\/railroad-track-3129847_1280_597x900.webp","keywords":["dojava o bombi","Novi Sad","Srbija","Vozovi"],"articleSection":["Region"],"inLanguage":"en-GB","potentialAction":[{"@type":"CommentAction","name":"Comment","target":["https:\/\/dmcsrb.com\/en\/region\/vozovi-sirom-srbije-obustavljeni-zbog-dojave-o-bombama\/#respond"]}]},{"@type":"WebPage","@id":"https:\/\/dmcsrb.com\/en\/region\/vozovi-sirom-srbije-obustavljeni-zbog-dojave-o-bombama\/","url":"https:\/\/dmcsrb.com\/en\/region\/vozovi-sirom-srbije-obustavljeni-zbog-dojave-o-bombama\/","name":"Vozovi \u0161irom Srbije obustavljeni zbog dojave o bombama - dmcsrb.com","isPartOf":{"@id":"https:\/\/dmcsrb.com\/#website"},"primaryImageOfPage":{"@id":"https:\/\/dmcsrb.com\/en\/region\/vozovi-sirom-srbije-obustavljeni-zbog-dojave-o-bombama\/#primaryimage"},"image":{"@id":"https:\/\/dmcsrb.com\/en\/region\/vozovi-sirom-srbije-obustavljeni-zbog-dojave-o-bombama\/#primaryimage"},"thumbnailUrl":"https:\/\/dmcsrb.com\/wp-content\/uploads\/2026\/01\/railroad-track-3129847_1280_597x900.webp","datePublished":"2025-10-31T11:41:00+00:00","author":{"@id":"https:\/\/dmcsrb.com\/#\/schema\/person\/5c39170f12db1b8b457732d0b5c854e2"},"breadcrumb":{"@id":"https:\/\/dmcsrb.com\/en\/region\/vozovi-sirom-srbije-obustavljeni-zbog-dojave-o-bombama\/#breadcrumb"},"inLanguage":"en-GB","potentialAction":[{"@type":"ReadAction","target":["https:\/\/dmcsrb.com\/en\/region\/vozovi-sirom-srbije-obustavljeni-zbog-dojave-o-bombama\/"]}]},{"@type":"ImageObject","inLanguage":"en-GB","@id":"https:\/\/dmcsrb.com\/en\/region\/vozovi-sirom-srbije-obustavljeni-zbog-dojave-o-bombama\/#primaryimage","url":"https:\/\/dmcsrb.com\/wp-content\/uploads\/2026\/01\/railroad-track-3129847_1280_597x900.webp","contentUrl":"https:\/\/dmcsrb.com\/wp-content\/uploads\/2026\/01\/railroad-track-3129847_1280_597x900.webp","width":899,"height":597},{"@type":"BreadcrumbList","@id":"https:\/\/dmcsrb.com\/en\/region\/vozovi-sirom-srbije-obustavljeni-zbog-dojave-o-bombama\/#breadcrumb","itemListElement":[{"@type":"ListItem","position":1,"name":"Home","item":"https:\/\/dmcsrb.com\/"},{"@type":"ListItem","position":2,"name":"Vozovi \u0161irom Srbije obustavljeni zbog dojave o bombama"}]},{"@type":"WebSite","@id":"https:\/\/dmcsrb.com\/#website","url":"https:\/\/dmcsrb.com\/","name":"dmcsrb.com","description":"","potentialAction":[{"@type":"SearchAction","target":{"@type":"EntryPoint","urlTemplate":"https:\/\/dmcsrb.com\/?s={search_term_string}"},"query-input":{"@type":"PropertyValueSpecification","valueRequired":true,"valueName":"search_term_string"}}],"inLanguage":"en-GB"},{"@type":"Person","@id":"https:\/\/dmcsrb.com\/#\/schema\/person\/5c39170f12db1b8b457732d0b5c854e2","name":"dmcsrbija.com@gmail.com","image":{"@type":"ImageObject","inLanguage":"en-GB","@id":"https:\/\/secure.gravatar.com\/avatar\/68592660ad6347fad0fb587f8d5d8f1a7b44961362f56e4f2cd524feb87e9069?s=96&d=mm&r=g","url":"https:\/\/secure.gravatar.com\/avatar\/68592660ad6347fad0fb587f8d5d8f1a7b44961362f56e4f2cd524feb87e9069?s=96&d=mm&r=g","contentUrl":"https:\/\/secure.gravatar.com\/avatar\/68592660ad6347fad0fb587f8d5d8f1a7b44961362f56e4f2cd524feb87e9069?s=96&d=mm&r=g","caption":"dmcsrbija.com@gmail.com"},"sameAs":["https:\/\/dmcsrb.com"],"url":"https:\/\/dmcsrb.com\/en\/author\/dmcsrbija-comgmail-com\/"}]}},"_links":{"self":[{"href":"https:\/\/dmcsrb.com\/en\/wp-json\/wp\/v2\/posts\/961140","targetHints":{"allow":["GET"]}}],"collection":[{"href":"https:\/\/dmcsrb.com\/en\/wp-json\/wp\/v2\/posts"}],"about":[{"href":"https:\/\/dmcsrb.com\/en\/wp-json\/wp\/v2\/types\/post"}],"author":[{"embeddable":true,"href":"https:\/\/dmcsrb.com\/en\/wp-json\/wp\/v2\/users\/1"}],"replies":[{"embeddable":true,"href":"https:\/\/dmcsrb.com\/en\/wp-json\/wp\/v2\/comments?post=961140"}],"version-history":[{"count":0,"href":"https:\/\/dmcsrb.com\/en\/wp-json\/wp\/v2\/posts\/961140\/revisions"}],"wp:featuredmedia":[{"embeddable":true,"href":"https:\/\/dmcsrb.com\/en\/wp-json\/wp\/v2\/media\/954443"}],"wp:attachment":[{"href":"https:\/\/dmcsrb.com\/en\/wp-json\/wp\/v2\/media?parent=961140"}],"wp:term":[{"taxonomy":"category","embeddable":true,"href":"https:\/\/dmcsrb.com\/en\/wp-json\/wp\/v2\/categories?post=961140"},{"taxonomy":"post_tag","embeddable":true,"href":"https:\/\/dmcsrb.com\/en\/wp-json\/wp\/v2\/tags?post=961140"},{"taxonomy":"naslovna","embeddable":true,"href":"https:\/\/dmcsrb.com\/en\/wp-json\/wp\/v2\/naslovna?post=961140"}],"curies":[{"name":"wp","href":"https:\/\/api.w.org\/{rel}","templated":true}]}}