{"id":961057,"date":"2025-10-30T22:15:11","date_gmt":"2025-10-30T21:15:11","guid":{"rendered":"https:\/\/dmcsrb.com\/uncategorized\/nasi-sahisti-popravili-utisak-u-drugom-kolu\/"},"modified":"2025-10-30T22:15:11","modified_gmt":"2025-10-30T21:15:11","slug":"nasi-sahisti-popravili-utisak-u-drugom-kolu","status":"publish","type":"post","link":"https:\/\/dmcsrb.com\/en\/sport\/nasi-sahisti-popravili-utisak-u-drugom-kolu\/","title":{"rendered":"Na\u0161i \u0161ahisti popravili utisak u drugom kolu"},"content":{"rendered":"<p>Partijama drugog kola nastavljeno je Evropsko prvenstvo za mlade \u0161ahiste, koje se odr\u017eava u Budvi.&nbsp;<\/p>\n\n\n\n<p>Crnogorski igra\u010di popravili su utisak iz prvog kola, pa su u dana\u0161njem drugom kolu do poena do\u0161le:&nbsp;<strong>Darija Majer<\/strong>,&nbsp;<strong>Kira Kornilova<\/strong>,&nbsp;<strong>Jana Zvicer<\/strong>,&nbsp;<strong>Simeona Vukoti\u0107<\/strong>,&nbsp;<strong>Adelina Trubina<\/strong>,&nbsp;<strong>Sofija Milovi\u0107&nbsp;<\/strong>i&nbsp;<strong>Nikolina D\u017eeverdanovi\u0107<\/strong>.&nbsp;<\/p>\n\n\n\n<p>Polovi\u010dan u\u010dinak, zahvaljuju\u0107i poenima u drugom kolu imaju i&nbsp;<strong>Lev Kalmakov&nbsp;<\/strong>i&nbsp;<strong>Stefan Vukovi\u0107<\/strong>, dok su remizirali:&nbsp;<strong>Du\u0161ica Petru\u0161i\u0107<\/strong>,&nbsp;<strong>Anita Rov\u010danin<\/strong>,&nbsp;<strong>Kira<\/strong>&nbsp;<strong>Popova<\/strong>,&nbsp;<strong>David Pavlovi\u0107<\/strong>,&nbsp;<strong>Jaroslav Popov<\/strong>,&nbsp;<strong>Rastko \u0160ari\u0107<\/strong>,&nbsp;<strong>Ilija Milovi\u0107&nbsp;<\/strong>i&nbsp;<strong>Radovan Milovi\u0107<\/strong>.&nbsp;<\/p>\n\n\n\n<p>Na takmi\u010denju nastupa 1169 mladih \u0161ahistkinja i \u0161ahista iz \u010ditave Evrope, a o\u010dekuju se prave borbe. Podr\u0161ku na\u0161im \u0161ahistima, kojih je 73, pru\u017ea trenerska ekipa koju predvodi velemajstorski trio:&nbsp;<strong>Nikola \u0110uki\u0107<\/strong>,&nbsp;<strong>Dragan Kosi\u0107<\/strong>&nbsp;i&nbsp;<strong>Milan Dra\u0161ko<\/strong>.<\/p>\n\n\n\n<p>Organizator prvenstva je \u0160ahovski savez Crne Gore, dok su pokrovitelji Ministarstvo sporta i mladih u Op\u0161tina Budva, dok su prijatelj turnira:&nbsp;Budvanska rivijera, koja \u0107e ugostiti sve u\u010desnike i njihove pratioce i trenere, te Ministarstvo turizma, Crnogorski elektrodistributivni sistem CEDIS, A linija i Vau konekt.<\/p>","protected":false},"excerpt":{"rendered":"<p>Partijama drugog kola nastavljeno je Evropsko prvenstvo za mlade \u0161ahiste, koje se odr\u017eava u Budvi.&nbsp; Crnogorski igra\u010di popravili su utisak iz prvog kola, pa su u dana\u0161njem drugom kolu do poena do\u0161le:&nbsp;Darija Majer,&nbsp;Kira Kornilova,&nbsp;Jana Zvicer,&nbsp;Simeona Vukoti\u0107,&nbsp;Adelina Trubina,&nbsp;Sofija Milovi\u0107&nbsp;i&nbsp;Nikolina D\u017eeverdanovi\u0107.&nbsp; Polovi\u010dan u\u010dinak, zahvaljuju\u0107i poenima u drugom kolu imaju i&nbsp;Lev Kalmakov&nbsp;i&nbsp;Stefan Vukovi\u0107, dok su remizirali:&nbsp;Du\u0161ica Petru\u0161i\u0107,&nbsp;Anita Rov\u010danin,&nbsp;Kira&nbsp;Popova,&nbsp;David [&hellip;]<\/p>\n","protected":false},"author":1,"featured_media":961058,"comment_status":"open","ping_status":"open","sticky":false,"template":"","format":"standard","meta":{"_acf_changed":false,"footnotes":""},"categories":[148],"tags":[10484,12532,1639,3965],"naslovna":[],"class_list":["post-961057","post","type-post","status-publish","format-standard","has-post-thumbnail","hentry","category-sport","tag-crnogorski-sahisti","tag-evropsko-prvenstvo-u-sahu-za-mlade-u-budvi","tag-sah-2","tag-sscg"],"acf":[],"yoast_head":"<!-- This site is optimized with the Yoast SEO plugin v27.4 - https:\/\/yoast.com\/product\/yoast-seo-wordpress\/ -->\n<title>Na\u0161i \u0161ahisti popravili utisak u drugom kolu - dmcsrb.com<\/title>\n<meta name=\"robots\" content=\"index, follow, max-snippet:-1, max-image-preview:large, max-video-preview:-1\" \/>\n<link rel=\"canonical\" href=\"https:\/\/dmcsrb.com\/en\/sport\/nasi-sahisti-popravili-utisak-u-drugom-kolu\/\" \/>\n<meta property=\"og:locale\" content=\"en_GB\" \/>\n<meta property=\"og:type\" content=\"article\" \/>\n<meta property=\"og:title\" content=\"Na\u0161i \u0161ahisti popravili utisak u drugom kolu - dmcsrb.com\" \/>\n<meta property=\"og:description\" content=\"Partijama drugog kola nastavljeno je Evropsko prvenstvo za mlade \u0161ahiste, koje se odr\u017eava u Budvi.&nbsp; Crnogorski igra\u010di popravili su utisak iz prvog kola, pa su u dana\u0161njem drugom kolu do poena do\u0161le:&nbsp;Darija Majer,&nbsp;Kira Kornilova,&nbsp;Jana Zvicer,&nbsp;Simeona Vukoti\u0107,&nbsp;Adelina Trubina,&nbsp;Sofija Milovi\u0107&nbsp;i&nbsp;Nikolina D\u017eeverdanovi\u0107.&nbsp; Polovi\u010dan u\u010dinak, zahvaljuju\u0107i poenima u drugom kolu imaju i&nbsp;Lev Kalmakov&nbsp;i&nbsp;Stefan Vukovi\u0107, dok su remizirali:&nbsp;Du\u0161ica Petru\u0161i\u0107,&nbsp;Anita Rov\u010danin,&nbsp;Kira&nbsp;Popova,&nbsp;David [&hellip;]\" \/>\n<meta property=\"og:url\" content=\"https:\/\/dmcsrb.com\/en\/sport\/nasi-sahisti-popravili-utisak-u-drugom-kolu\/\" \/>\n<meta property=\"og:site_name\" content=\"dmcsrb.com\" \/>\n<meta property=\"article:published_time\" content=\"2025-10-30T21:15:11+00:00\" \/>\n<meta property=\"og:image\" content=\"https:\/\/dmcsrb.com\/wp-content\/uploads\/2026\/01\/sah-mladi-SSCG.webp\" \/>\n\t<meta property=\"og:image:width\" content=\"1280\" \/>\n\t<meta property=\"og:image:height\" content=\"1015\" \/>\n\t<meta property=\"og:image:type\" content=\"image\/webp\" \/>\n<meta name=\"author\" content=\"dmcsrbija.com@gmail.com\" \/>\n<meta name=\"twitter:card\" content=\"summary_large_image\" \/>\n<meta name=\"twitter:label1\" content=\"Written by\" \/>\n\t<meta name=\"twitter:data1\" content=\"dmcsrbija.com@gmail.com\" \/>\n\t<meta name=\"twitter:label2\" content=\"Estimated reading time\" \/>\n\t<meta name=\"twitter:data2\" content=\"1 minute\" \/>\n<script type=\"application\/ld+json\" class=\"yoast-schema-graph\">{\"@context\":\"https:\\\/\\\/schema.org\",\"@graph\":[{\"@type\":\"Article\",\"@id\":\"https:\\\/\\\/dmcsrb.com\\\/en\\\/sport\\\/nasi-sahisti-popravili-utisak-u-drugom-kolu\\\/#article\",\"isPartOf\":{\"@id\":\"https:\\\/\\\/dmcsrb.com\\\/en\\\/sport\\\/nasi-sahisti-popravili-utisak-u-drugom-kolu\\\/\"},\"author\":{\"name\":\"dmcsrbija.com@gmail.com\",\"@id\":\"https:\\\/\\\/dmcsrb.com\\\/#\\\/schema\\\/person\\\/5c39170f12db1b8b457732d0b5c854e2\"},\"headline\":\"Na\u0161i \u0161ahisti popravili utisak u drugom kolu\",\"datePublished\":\"2025-10-30T21:15:11+00:00\",\"mainEntityOfPage\":{\"@id\":\"https:\\\/\\\/dmcsrb.com\\\/en\\\/sport\\\/nasi-sahisti-popravili-utisak-u-drugom-kolu\\\/\"},\"wordCount\":216,\"commentCount\":0,\"image\":{\"@id\":\"https:\\\/\\\/dmcsrb.com\\\/en\\\/sport\\\/nasi-sahisti-popravili-utisak-u-drugom-kolu\\\/#primaryimage\"},\"thumbnailUrl\":\"https:\\\/\\\/dmcsrb.com\\\/wp-content\\\/uploads\\\/2026\\\/01\\\/sah-mladi-SSCG.webp\",\"keywords\":[\"Crnogorski \u0161ahisti\",\"Evropsko prvenstvo u \u0161ahu za mlade u Budvi\",\"\u0161ah\",\"\u0160SCG\"],\"articleSection\":[\"Sport\"],\"inLanguage\":\"en-GB\",\"potentialAction\":[{\"@type\":\"CommentAction\",\"name\":\"Comment\",\"target\":[\"https:\\\/\\\/dmcsrb.com\\\/en\\\/sport\\\/nasi-sahisti-popravili-utisak-u-drugom-kolu\\\/#respond\"]}]},{\"@type\":\"WebPage\",\"@id\":\"https:\\\/\\\/dmcsrb.com\\\/en\\\/sport\\\/nasi-sahisti-popravili-utisak-u-drugom-kolu\\\/\",\"url\":\"https:\\\/\\\/dmcsrb.com\\\/en\\\/sport\\\/nasi-sahisti-popravili-utisak-u-drugom-kolu\\\/\",\"name\":\"Na\u0161i \u0161ahisti popravili utisak u drugom kolu - dmcsrb.com\",\"isPartOf\":{\"@id\":\"https:\\\/\\\/dmcsrb.com\\\/#website\"},\"primaryImageOfPage\":{\"@id\":\"https:\\\/\\\/dmcsrb.com\\\/en\\\/sport\\\/nasi-sahisti-popravili-utisak-u-drugom-kolu\\\/#primaryimage\"},\"image\":{\"@id\":\"https:\\\/\\\/dmcsrb.com\\\/en\\\/sport\\\/nasi-sahisti-popravili-utisak-u-drugom-kolu\\\/#primaryimage\"},\"thumbnailUrl\":\"https:\\\/\\\/dmcsrb.com\\\/wp-content\\\/uploads\\\/2026\\\/01\\\/sah-mladi-SSCG.webp\",\"datePublished\":\"2025-10-30T21:15:11+00:00\",\"author\":{\"@id\":\"https:\\\/\\\/dmcsrb.com\\\/#\\\/schema\\\/person\\\/5c39170f12db1b8b457732d0b5c854e2\"},\"breadcrumb\":{\"@id\":\"https:\\\/\\\/dmcsrb.com\\\/en\\\/sport\\\/nasi-sahisti-popravili-utisak-u-drugom-kolu\\\/#breadcrumb\"},\"inLanguage\":\"en-GB\",\"potentialAction\":[{\"@type\":\"ReadAction\",\"target\":[\"https:\\\/\\\/dmcsrb.com\\\/en\\\/sport\\\/nasi-sahisti-popravili-utisak-u-drugom-kolu\\\/\"]}]},{\"@type\":\"ImageObject\",\"inLanguage\":\"en-GB\",\"@id\":\"https:\\\/\\\/dmcsrb.com\\\/en\\\/sport\\\/nasi-sahisti-popravili-utisak-u-drugom-kolu\\\/#primaryimage\",\"url\":\"https:\\\/\\\/dmcsrb.com\\\/wp-content\\\/uploads\\\/2026\\\/01\\\/sah-mladi-SSCG.webp\",\"contentUrl\":\"https:\\\/\\\/dmcsrb.com\\\/wp-content\\\/uploads\\\/2026\\\/01\\\/sah-mladi-SSCG.webp\",\"width\":1280,\"height\":1015},{\"@type\":\"BreadcrumbList\",\"@id\":\"https:\\\/\\\/dmcsrb.com\\\/en\\\/sport\\\/nasi-sahisti-popravili-utisak-u-drugom-kolu\\\/#breadcrumb\",\"itemListElement\":[{\"@type\":\"ListItem\",\"position\":1,\"name\":\"Home\",\"item\":\"https:\\\/\\\/dmcsrb.com\\\/\"},{\"@type\":\"ListItem\",\"position\":2,\"name\":\"Na\u0161i \u0161ahisti popravili utisak u drugom kolu\"}]},{\"@type\":\"WebSite\",\"@id\":\"https:\\\/\\\/dmcsrb.com\\\/#website\",\"url\":\"https:\\\/\\\/dmcsrb.com\\\/\",\"name\":\"dmcsrb.com\",\"description\":\"\",\"potentialAction\":[{\"@type\":\"SearchAction\",\"target\":{\"@type\":\"EntryPoint\",\"urlTemplate\":\"https:\\\/\\\/dmcsrb.com\\\/?s={search_term_string}\"},\"query-input\":{\"@type\":\"PropertyValueSpecification\",\"valueRequired\":true,\"valueName\":\"search_term_string\"}}],\"inLanguage\":\"en-GB\"},{\"@type\":\"Person\",\"@id\":\"https:\\\/\\\/dmcsrb.com\\\/#\\\/schema\\\/person\\\/5c39170f12db1b8b457732d0b5c854e2\",\"name\":\"dmcsrbija.com@gmail.com\",\"image\":{\"@type\":\"ImageObject\",\"inLanguage\":\"en-GB\",\"@id\":\"https:\\\/\\\/secure.gravatar.com\\\/avatar\\\/68592660ad6347fad0fb587f8d5d8f1a7b44961362f56e4f2cd524feb87e9069?s=96&d=mm&r=g\",\"url\":\"https:\\\/\\\/secure.gravatar.com\\\/avatar\\\/68592660ad6347fad0fb587f8d5d8f1a7b44961362f56e4f2cd524feb87e9069?s=96&d=mm&r=g\",\"contentUrl\":\"https:\\\/\\\/secure.gravatar.com\\\/avatar\\\/68592660ad6347fad0fb587f8d5d8f1a7b44961362f56e4f2cd524feb87e9069?s=96&d=mm&r=g\",\"caption\":\"dmcsrbija.com@gmail.com\"},\"sameAs\":[\"https:\\\/\\\/dmcsrb.com\"],\"url\":\"https:\\\/\\\/dmcsrb.com\\\/en\\\/author\\\/dmcsrbija-comgmail-com\\\/\"}]}<\/script>\n<!-- \/ Yoast SEO plugin. -->","yoast_head_json":{"title":"Na\u0161i \u0161ahisti popravili utisak u drugom kolu - dmcsrb.com","robots":{"index":"index","follow":"follow","max-snippet":"max-snippet:-1","max-image-preview":"max-image-preview:large","max-video-preview":"max-video-preview:-1"},"canonical":"https:\/\/dmcsrb.com\/en\/sport\/nasi-sahisti-popravili-utisak-u-drugom-kolu\/","og_locale":"en_GB","og_type":"article","og_title":"Na\u0161i \u0161ahisti popravili utisak u drugom kolu - dmcsrb.com","og_description":"Partijama drugog kola nastavljeno je Evropsko prvenstvo za mlade \u0161ahiste, koje se odr\u017eava u Budvi.&nbsp; Crnogorski igra\u010di popravili su utisak iz prvog kola, pa su u dana\u0161njem drugom kolu do poena do\u0161le:&nbsp;Darija Majer,&nbsp;Kira Kornilova,&nbsp;Jana Zvicer,&nbsp;Simeona Vukoti\u0107,&nbsp;Adelina Trubina,&nbsp;Sofija Milovi\u0107&nbsp;i&nbsp;Nikolina D\u017eeverdanovi\u0107.&nbsp; Polovi\u010dan u\u010dinak, zahvaljuju\u0107i poenima u drugom kolu imaju i&nbsp;Lev Kalmakov&nbsp;i&nbsp;Stefan Vukovi\u0107, dok su remizirali:&nbsp;Du\u0161ica Petru\u0161i\u0107,&nbsp;Anita Rov\u010danin,&nbsp;Kira&nbsp;Popova,&nbsp;David [&hellip;]","og_url":"https:\/\/dmcsrb.com\/en\/sport\/nasi-sahisti-popravili-utisak-u-drugom-kolu\/","og_site_name":"dmcsrb.com","article_published_time":"2025-10-30T21:15:11+00:00","og_image":[{"width":1280,"height":1015,"url":"https:\/\/dmcsrb.com\/wp-content\/uploads\/2026\/01\/sah-mladi-SSCG.webp","type":"image\/webp"}],"author":"dmcsrbija.com@gmail.com","twitter_card":"summary_large_image","twitter_misc":{"Written by":"dmcsrbija.com@gmail.com","Estimated reading time":"1 minute"},"schema":{"@context":"https:\/\/schema.org","@graph":[{"@type":"Article","@id":"https:\/\/dmcsrb.com\/en\/sport\/nasi-sahisti-popravili-utisak-u-drugom-kolu\/#article","isPartOf":{"@id":"https:\/\/dmcsrb.com\/en\/sport\/nasi-sahisti-popravili-utisak-u-drugom-kolu\/"},"author":{"name":"dmcsrbija.com@gmail.com","@id":"https:\/\/dmcsrb.com\/#\/schema\/person\/5c39170f12db1b8b457732d0b5c854e2"},"headline":"Na\u0161i \u0161ahisti popravili utisak u drugom kolu","datePublished":"2025-10-30T21:15:11+00:00","mainEntityOfPage":{"@id":"https:\/\/dmcsrb.com\/en\/sport\/nasi-sahisti-popravili-utisak-u-drugom-kolu\/"},"wordCount":216,"commentCount":0,"image":{"@id":"https:\/\/dmcsrb.com\/en\/sport\/nasi-sahisti-popravili-utisak-u-drugom-kolu\/#primaryimage"},"thumbnailUrl":"https:\/\/dmcsrb.com\/wp-content\/uploads\/2026\/01\/sah-mladi-SSCG.webp","keywords":["Crnogorski \u0161ahisti","Evropsko prvenstvo u \u0161ahu za mlade u Budvi","\u0161ah","\u0160SCG"],"articleSection":["Sport"],"inLanguage":"en-GB","potentialAction":[{"@type":"CommentAction","name":"Comment","target":["https:\/\/dmcsrb.com\/en\/sport\/nasi-sahisti-popravili-utisak-u-drugom-kolu\/#respond"]}]},{"@type":"WebPage","@id":"https:\/\/dmcsrb.com\/en\/sport\/nasi-sahisti-popravili-utisak-u-drugom-kolu\/","url":"https:\/\/dmcsrb.com\/en\/sport\/nasi-sahisti-popravili-utisak-u-drugom-kolu\/","name":"Na\u0161i \u0161ahisti popravili utisak u drugom kolu - dmcsrb.com","isPartOf":{"@id":"https:\/\/dmcsrb.com\/#website"},"primaryImageOfPage":{"@id":"https:\/\/dmcsrb.com\/en\/sport\/nasi-sahisti-popravili-utisak-u-drugom-kolu\/#primaryimage"},"image":{"@id":"https:\/\/dmcsrb.com\/en\/sport\/nasi-sahisti-popravili-utisak-u-drugom-kolu\/#primaryimage"},"thumbnailUrl":"https:\/\/dmcsrb.com\/wp-content\/uploads\/2026\/01\/sah-mladi-SSCG.webp","datePublished":"2025-10-30T21:15:11+00:00","author":{"@id":"https:\/\/dmcsrb.com\/#\/schema\/person\/5c39170f12db1b8b457732d0b5c854e2"},"breadcrumb":{"@id":"https:\/\/dmcsrb.com\/en\/sport\/nasi-sahisti-popravili-utisak-u-drugom-kolu\/#breadcrumb"},"inLanguage":"en-GB","potentialAction":[{"@type":"ReadAction","target":["https:\/\/dmcsrb.com\/en\/sport\/nasi-sahisti-popravili-utisak-u-drugom-kolu\/"]}]},{"@type":"ImageObject","inLanguage":"en-GB","@id":"https:\/\/dmcsrb.com\/en\/sport\/nasi-sahisti-popravili-utisak-u-drugom-kolu\/#primaryimage","url":"https:\/\/dmcsrb.com\/wp-content\/uploads\/2026\/01\/sah-mladi-SSCG.webp","contentUrl":"https:\/\/dmcsrb.com\/wp-content\/uploads\/2026\/01\/sah-mladi-SSCG.webp","width":1280,"height":1015},{"@type":"BreadcrumbList","@id":"https:\/\/dmcsrb.com\/en\/sport\/nasi-sahisti-popravili-utisak-u-drugom-kolu\/#breadcrumb","itemListElement":[{"@type":"ListItem","position":1,"name":"Home","item":"https:\/\/dmcsrb.com\/"},{"@type":"ListItem","position":2,"name":"Na\u0161i \u0161ahisti popravili utisak u drugom kolu"}]},{"@type":"WebSite","@id":"https:\/\/dmcsrb.com\/#website","url":"https:\/\/dmcsrb.com\/","name":"dmcsrb.com","description":"","potentialAction":[{"@type":"SearchAction","target":{"@type":"EntryPoint","urlTemplate":"https:\/\/dmcsrb.com\/?s={search_term_string}"},"query-input":{"@type":"PropertyValueSpecification","valueRequired":true,"valueName":"search_term_string"}}],"inLanguage":"en-GB"},{"@type":"Person","@id":"https:\/\/dmcsrb.com\/#\/schema\/person\/5c39170f12db1b8b457732d0b5c854e2","name":"dmcsrbija.com@gmail.com","image":{"@type":"ImageObject","inLanguage":"en-GB","@id":"https:\/\/secure.gravatar.com\/avatar\/68592660ad6347fad0fb587f8d5d8f1a7b44961362f56e4f2cd524feb87e9069?s=96&d=mm&r=g","url":"https:\/\/secure.gravatar.com\/avatar\/68592660ad6347fad0fb587f8d5d8f1a7b44961362f56e4f2cd524feb87e9069?s=96&d=mm&r=g","contentUrl":"https:\/\/secure.gravatar.com\/avatar\/68592660ad6347fad0fb587f8d5d8f1a7b44961362f56e4f2cd524feb87e9069?s=96&d=mm&r=g","caption":"dmcsrbija.com@gmail.com"},"sameAs":["https:\/\/dmcsrb.com"],"url":"https:\/\/dmcsrb.com\/en\/author\/dmcsrbija-comgmail-com\/"}]}},"_links":{"self":[{"href":"https:\/\/dmcsrb.com\/en\/wp-json\/wp\/v2\/posts\/961057","targetHints":{"allow":["GET"]}}],"collection":[{"href":"https:\/\/dmcsrb.com\/en\/wp-json\/wp\/v2\/posts"}],"about":[{"href":"https:\/\/dmcsrb.com\/en\/wp-json\/wp\/v2\/types\/post"}],"author":[{"embeddable":true,"href":"https:\/\/dmcsrb.com\/en\/wp-json\/wp\/v2\/users\/1"}],"replies":[{"embeddable":true,"href":"https:\/\/dmcsrb.com\/en\/wp-json\/wp\/v2\/comments?post=961057"}],"version-history":[{"count":0,"href":"https:\/\/dmcsrb.com\/en\/wp-json\/wp\/v2\/posts\/961057\/revisions"}],"wp:featuredmedia":[{"embeddable":true,"href":"https:\/\/dmcsrb.com\/en\/wp-json\/wp\/v2\/media\/961058"}],"wp:attachment":[{"href":"https:\/\/dmcsrb.com\/en\/wp-json\/wp\/v2\/media?parent=961057"}],"wp:term":[{"taxonomy":"category","embeddable":true,"href":"https:\/\/dmcsrb.com\/en\/wp-json\/wp\/v2\/categories?post=961057"},{"taxonomy":"post_tag","embeddable":true,"href":"https:\/\/dmcsrb.com\/en\/wp-json\/wp\/v2\/tags?post=961057"},{"taxonomy":"naslovna","embeddable":true,"href":"https:\/\/dmcsrb.com\/en\/wp-json\/wp\/v2\/naslovna?post=961057"}],"curies":[{"name":"wp","href":"https:\/\/api.w.org\/{rel}","templated":true}]}}