{"id":961052,"date":"2025-10-30T21:36:47","date_gmt":"2025-10-30T20:36:47","guid":{"rendered":"https:\/\/dmcsrb.com\/uncategorized\/markovic-cilj-je-da-ja-ne-budem-vdt-i-da-novovic-ne-bude-glavni-specijalni-tuzilac\/"},"modified":"2025-10-30T21:36:47","modified_gmt":"2025-10-30T20:36:47","slug":"markovic-cilj-je-da-ja-ne-budem-vdt-i-da-novovic-ne-bude-glavni-specijalni-tuzilac","status":"publish","type":"post","link":"https:\/\/dmcsrb.com\/en\/hronika\/markovic-cilj-je-da-ja-ne-budem-vdt-i-da-novovic-ne-bude-glavni-specijalni-tuzilac\/","title":{"rendered":"Markovi\u0107: Cilj je da ja ne budem VDT i da Novovi\u0107 ne bude glavni specijalni tu\u017eilac"},"content":{"rendered":"<p><\/p>\n\n\n\n<p>On je, kako prenosi portal &#8220;Vijesti&#8221;&nbsp;ozna\u010dio koaliciju Za budu\u0107nost Crne Gore i Demokratsku partiju socijalista (DPS) kao politi\u010dke aktere koji su dominantni u poku\u0161ajima da, kako je kazao, delegitimi\u0161u rad tu\u017eila\u0161tva.<\/p>\n\n\n\n<p><strong>Markovi\u0107&nbsp;<\/strong>je rekao i da oni koji \u017eele njegovu smjenu, tako\u0111e \u017eele da i&nbsp;<strong>Vladimir Novovi\u0107<\/strong>&nbsp;ne bude vi\u0161e glavni specijalni tu\u017eilac.<\/p>\n\n\n\n<p>Na pitanje da li ga pad podr\u0161ke u parlamentu, nakon \u0161to nije usvojen Izvje\u0161taj o radu tu\u017eila\u0161tva, delegitimi\u0161e, Markovi\u0107 je odgovorio odri\u010dno.<\/p>\n\n\n\n<p>&#8211; Siguran sam da me ne delegitimi\u0161e, imaju\u0107i u vidu \u0161ta su bili razlozi odre\u0111enog dijela parlamenta da ne glasa, prije svega DPS-a i dijela ve\u0107ine koalicije Za budu\u0107nost Crne Gore &#8211;&nbsp;naveo je Markovi\u0107.<\/p>\n\n\n\n<p>On je kazao da smatra da mu to daje puni legitimitet, jer se upravo na toj sjednici jasno pokazalo da je crnogorsko tu\u017eila\u0161tvo u punom smislu samostalno, nezavisno i autonomno.<\/p>\n\n\n\n<p>&#8211; Nije se glasalo o godi\u0161njem izvje\u0161taju dr\u017eavnog tu\u017eila\u0161tva, pa da se gleda da li sam ja ispunio ono \u0161to su moje obaveze, ve\u0107 je postojao jasan stav tog dijela parlamenta da \u017eeli da ima odre\u0111enu direktnu ili indirektnu kontrolu nad tu\u017eila\u0161tvom &#8211;&nbsp;kazao je Markovi\u0107.<\/p>\n\n\n\n<p>On je dodao da se na toj sjednici Skup\u0161tine nije desio poku\u0161aj deligitimisanja njega, ve\u0107 cjelokupnog tu\u017eila\u0161tva, uklju\u010duju\u0107i i Specijalno dr\u017eavno tu\u017eila\u0161tvo (SDT)<\/p>\n\n\n\n<p>&#8211; Radi se o jasnom pritisku na rad tu\u017eila\u0161tva, gdje se na neki na\u010din poku\u0161ava jedinstvo tu\u017eila\u0161tva poremetiti, prikazivati da jedan dio tu\u017eila\u0161tva radi, a da ja ne radim u domenu predmeta koji nijesu u mojoj nadle\u017enosti &#8211;&nbsp;rekao je Markovi\u0107.<\/p>\n\n\n\n<p>On smatra da je kranji cilj da dr\u017eavno tu\u017eila\u0161tvo bude zavisno, pod kontrolom, delegitimisano i da bude predstavljeno kao tu\u017eila\u0161tvo koje je selektivno i koje ne radi dovoljno.<\/p>\n\n\n\n<p>&#8211; Cilj je da ja ne budem VDT, ali i da Novovi\u0107 ne bude glavni specijalni tu\u017eilac &#8211;&nbsp;ocijenio je Markovi\u0107.<\/p>\n\n\n\n<p>Na pitanje ko \u017eeli da ga stavi pod kontrolu, Markovi\u0107 je ukazao na to da je predsjednik Skup\u0161tine&nbsp;<strong>Andrija Mandi\u0107<\/strong>&nbsp;na sjednici parlamenta govorio o konkretnim predmetima.<\/p>\n\n\n\n<p>&#8211; Mi ne radimo na osnovu o\u010dekivanja bilo koga. U samom govoru u kojem je tra\u017eio moju ostavku ukazivao je da njegov bratani\u0107 nije trebalo da bude procesuiran. To je jasna poruka da u odre\u0111enim predmetima mi ne treba da postupamo &#8211;&nbsp;kazao je Markovi\u0107.<\/p>\n\n\n\n<p>On je ocijenio da izjave koje su se \u010dule u Skup\u0161tini ukazuju na to da tu\u017eila\u0161tvo nanosi politi\u010dku \u0161tetu odre\u0111enim politi\u010dkim strujama.<\/p>\n\n\n\n<p>Na pitanje kakav ima odnos sa Novovi\u0107em, Markovi\u0107 je kazao da on ima njegovu punu podr\u0161ku.<\/p>\n\n\n\n<p>Govore\u0107i o nizu incidenata \u0161irom Crne Gore do kojih je do\u0161lo nakon napada stranih dr\u017eavljanina na mladi\u0107a u Podgorici, Markovi\u0107 je kazao da je tu\u017eila\u0161tvo ve\u0107 formiralo vi\u0161e predmeta zbog izazivanja op\u0161te opasnosti, nasilni\u010dkog pona\u0161anja, ali i izazivanja nacionalne, vjerske i rasne mr\u017enje.<\/p>\n\n\n\n<p>&#8211; Tu\u017eila\u0161tvo je dalo obavezuju\u0107e uputstvo policiji da prikuplja dokaze, kako u predmetu napada na mladi\u0107a u Podgorici, tako i u svim drugim doga\u0111ajima koji su se desili u vezi sa tim. U ve\u0107ini predmeta imamo osumnji\u010dene, imamo prvi optu\u017eni predlog koji se odnosi na izazivanje nacionalne, vjerske i rasne mr\u017enje &#8211; dodao je Markovi\u0107.<\/p>\n\n\n\n<p>On je naglasio da stvaranje atmosfere koje pogoduje govoru mr\u017enje ne mo\u017ee biti isklju\u010divi teret tu\u017eila\u0161tva.<\/p>\n\n\n\n<p>Upitan da li je tu\u017eila\u0161tvo utvrdilo \u0161ta se desilo u no\u0107i kada je do napada do\u0161lo, Markovi\u0107 je kazao da jo\u0161 nije utvr\u0111ena finalna kvalifikacija djela, dodaju\u0107i da vjeruje da \u0107e tu\u017eila\u0161tvo u narednih dan ili dva utvrditi sve precizne informacije.<\/p>\n\n\n\n<p>&#8211; Sad je to predmet u rukama Vi\u0161eg, a ne Osnovnog dr\u017eavnog tu\u017eila\u0161tva. Izdat je nalog vje\u0161taku da izvje\u0161ta\u010di o kojoj vrsti povreda se radi. Kvalifikacija tog djela jo\u0161 nije finalna &#8211;&nbsp;rekao je Markovi\u0107.<\/p>","protected":false},"excerpt":{"rendered":"<p>Postoje poku\u0161aji da se poremetiti jedinstvo tu\u017eila\u0161tva kako bi se ono stavilo pod kontrolu dijela parlamentarnih partija, kazao je vrhovni dr\u017eavni tu\u017eilac Milorad Markovi\u0107.<\/p>","protected":false},"author":1,"featured_media":961053,"comment_status":"open","ping_status":"open","sticky":false,"template":"","format":"standard","meta":{"_acf_changed":false,"footnotes":""},"categories":[17],"tags":[2181,492,6879],"naslovna":[],"class_list":["post-961052","post","type-post","status-publish","format-standard","has-post-thumbnail","hentry","category-hronika","tag-milorad-markovic","tag-vdt","tag-vladimir-novovic"],"acf":[],"yoast_head":"<!-- This site is optimized with the Yoast SEO plugin v27.4 - https:\/\/yoast.com\/product\/yoast-seo-wordpress\/ -->\n<title>Markovi\u0107: Cilj je da ja ne budem VDT i da Novovi\u0107 ne bude glavni specijalni tu\u017eilac - dmcsrb.com<\/title>\n<meta name=\"robots\" content=\"index, follow, max-snippet:-1, max-image-preview:large, max-video-preview:-1\" \/>\n<link rel=\"canonical\" href=\"https:\/\/dmcsrb.com\/en\/hronika\/markovic-cilj-je-da-ja-ne-budem-vdt-i-da-novovic-ne-bude-glavni-specijalni-tuzilac\/\" \/>\n<meta property=\"og:locale\" content=\"en_GB\" \/>\n<meta property=\"og:type\" content=\"article\" \/>\n<meta property=\"og:title\" content=\"Markovi\u0107: Cilj je da ja ne budem VDT i da Novovi\u0107 ne bude glavni specijalni tu\u017eilac - dmcsrb.com\" \/>\n<meta property=\"og:description\" content=\"Postoje poku\u0161aji da se poremetiti jedinstvo tu\u017eila\u0161tva kako bi se ono stavilo pod kontrolu dijela parlamentarnih partija, kazao je vrhovni dr\u017eavni tu\u017eilac Milorad Markovi\u0107.\" \/>\n<meta property=\"og:url\" content=\"https:\/\/dmcsrb.com\/en\/hronika\/markovic-cilj-je-da-ja-ne-budem-vdt-i-da-novovic-ne-bude-glavni-specijalni-tuzilac\/\" \/>\n<meta property=\"og:site_name\" content=\"dmcsrb.com\" \/>\n<meta property=\"article:published_time\" content=\"2025-10-30T20:36:47+00:00\" \/>\n<meta property=\"og:image\" content=\"https:\/\/dmcsrb.com\/wp-content\/uploads\/2026\/01\/milorad-markovic.webp\" \/>\n\t<meta property=\"og:image:width\" content=\"971\" \/>\n\t<meta property=\"og:image:height\" content=\"774\" \/>\n\t<meta property=\"og:image:type\" content=\"image\/png\" \/>\n<meta name=\"author\" content=\"dmcsrbija.com@gmail.com\" \/>\n<meta name=\"twitter:card\" content=\"summary_large_image\" \/>\n<meta name=\"twitter:label1\" content=\"Written by\" \/>\n\t<meta name=\"twitter:data1\" content=\"dmcsrbija.com@gmail.com\" \/>\n\t<meta name=\"twitter:label2\" content=\"Estimated reading time\" \/>\n\t<meta name=\"twitter:data2\" content=\"4 minutes\" \/>\n<script type=\"application\/ld+json\" class=\"yoast-schema-graph\">{\"@context\":\"https:\\\/\\\/schema.org\",\"@graph\":[{\"@type\":\"Article\",\"@id\":\"https:\\\/\\\/dmcsrb.com\\\/hronika\\\/markovic-cilj-je-da-ja-ne-budem-vdt-i-da-novovic-ne-bude-glavni-specijalni-tuzilac\\\/#article\",\"isPartOf\":{\"@id\":\"https:\\\/\\\/dmcsrb.com\\\/hronika\\\/markovic-cilj-je-da-ja-ne-budem-vdt-i-da-novovic-ne-bude-glavni-specijalni-tuzilac\\\/\"},\"author\":{\"name\":\"dmcsrbija.com@gmail.com\",\"@id\":\"https:\\\/\\\/dmcsrb.com\\\/#\\\/schema\\\/person\\\/5c39170f12db1b8b457732d0b5c854e2\"},\"headline\":\"Markovi\u0107: Cilj je da ja ne budem VDT i da Novovi\u0107 ne bude glavni specijalni tu\u017eilac\",\"datePublished\":\"2025-10-30T20:36:47+00:00\",\"mainEntityOfPage\":{\"@id\":\"https:\\\/\\\/dmcsrb.com\\\/hronika\\\/markovic-cilj-je-da-ja-ne-budem-vdt-i-da-novovic-ne-bude-glavni-specijalni-tuzilac\\\/\"},\"wordCount\":736,\"commentCount\":0,\"image\":{\"@id\":\"https:\\\/\\\/dmcsrb.com\\\/hronika\\\/markovic-cilj-je-da-ja-ne-budem-vdt-i-da-novovic-ne-bude-glavni-specijalni-tuzilac\\\/#primaryimage\"},\"thumbnailUrl\":\"https:\\\/\\\/dmcsrb.com\\\/wp-content\\\/uploads\\\/2026\\\/01\\\/milorad-markovic.webp\",\"keywords\":[\"Milorad Markovi\u0107\",\"VDT\",\"Vladimir Novovi\u0107\"],\"articleSection\":[\"Hronika\"],\"inLanguage\":\"en-GB\",\"potentialAction\":[{\"@type\":\"CommentAction\",\"name\":\"Comment\",\"target\":[\"https:\\\/\\\/dmcsrb.com\\\/hronika\\\/markovic-cilj-je-da-ja-ne-budem-vdt-i-da-novovic-ne-bude-glavni-specijalni-tuzilac\\\/#respond\"]}]},{\"@type\":\"WebPage\",\"@id\":\"https:\\\/\\\/dmcsrb.com\\\/hronika\\\/markovic-cilj-je-da-ja-ne-budem-vdt-i-da-novovic-ne-bude-glavni-specijalni-tuzilac\\\/\",\"url\":\"https:\\\/\\\/dmcsrb.com\\\/hronika\\\/markovic-cilj-je-da-ja-ne-budem-vdt-i-da-novovic-ne-bude-glavni-specijalni-tuzilac\\\/\",\"name\":\"Markovi\u0107: Cilj je da ja ne budem VDT i da Novovi\u0107 ne bude glavni specijalni tu\u017eilac - dmcsrb.com\",\"isPartOf\":{\"@id\":\"https:\\\/\\\/dmcsrb.com\\\/#website\"},\"primaryImageOfPage\":{\"@id\":\"https:\\\/\\\/dmcsrb.com\\\/hronika\\\/markovic-cilj-je-da-ja-ne-budem-vdt-i-da-novovic-ne-bude-glavni-specijalni-tuzilac\\\/#primaryimage\"},\"image\":{\"@id\":\"https:\\\/\\\/dmcsrb.com\\\/hronika\\\/markovic-cilj-je-da-ja-ne-budem-vdt-i-da-novovic-ne-bude-glavni-specijalni-tuzilac\\\/#primaryimage\"},\"thumbnailUrl\":\"https:\\\/\\\/dmcsrb.com\\\/wp-content\\\/uploads\\\/2026\\\/01\\\/milorad-markovic.webp\",\"datePublished\":\"2025-10-30T20:36:47+00:00\",\"author\":{\"@id\":\"https:\\\/\\\/dmcsrb.com\\\/#\\\/schema\\\/person\\\/5c39170f12db1b8b457732d0b5c854e2\"},\"breadcrumb\":{\"@id\":\"https:\\\/\\\/dmcsrb.com\\\/hronika\\\/markovic-cilj-je-da-ja-ne-budem-vdt-i-da-novovic-ne-bude-glavni-specijalni-tuzilac\\\/#breadcrumb\"},\"inLanguage\":\"en-GB\",\"potentialAction\":[{\"@type\":\"ReadAction\",\"target\":[\"https:\\\/\\\/dmcsrb.com\\\/hronika\\\/markovic-cilj-je-da-ja-ne-budem-vdt-i-da-novovic-ne-bude-glavni-specijalni-tuzilac\\\/\"]}]},{\"@type\":\"ImageObject\",\"inLanguage\":\"en-GB\",\"@id\":\"https:\\\/\\\/dmcsrb.com\\\/hronika\\\/markovic-cilj-je-da-ja-ne-budem-vdt-i-da-novovic-ne-bude-glavni-specijalni-tuzilac\\\/#primaryimage\",\"url\":\"https:\\\/\\\/dmcsrb.com\\\/wp-content\\\/uploads\\\/2026\\\/01\\\/milorad-markovic.webp\",\"contentUrl\":\"https:\\\/\\\/dmcsrb.com\\\/wp-content\\\/uploads\\\/2026\\\/01\\\/milorad-markovic.webp\",\"width\":971,\"height\":774},{\"@type\":\"BreadcrumbList\",\"@id\":\"https:\\\/\\\/dmcsrb.com\\\/hronika\\\/markovic-cilj-je-da-ja-ne-budem-vdt-i-da-novovic-ne-bude-glavni-specijalni-tuzilac\\\/#breadcrumb\",\"itemListElement\":[{\"@type\":\"ListItem\",\"position\":1,\"name\":\"Home\",\"item\":\"https:\\\/\\\/dmcsrb.com\\\/\"},{\"@type\":\"ListItem\",\"position\":2,\"name\":\"Markovi\u0107: Cilj je da ja ne budem VDT i da Novovi\u0107 ne bude glavni specijalni tu\u017eilac\"}]},{\"@type\":\"WebSite\",\"@id\":\"https:\\\/\\\/dmcsrb.com\\\/#website\",\"url\":\"https:\\\/\\\/dmcsrb.com\\\/\",\"name\":\"dmcsrb.com\",\"description\":\"\",\"potentialAction\":[{\"@type\":\"SearchAction\",\"target\":{\"@type\":\"EntryPoint\",\"urlTemplate\":\"https:\\\/\\\/dmcsrb.com\\\/?s={search_term_string}\"},\"query-input\":{\"@type\":\"PropertyValueSpecification\",\"valueRequired\":true,\"valueName\":\"search_term_string\"}}],\"inLanguage\":\"en-GB\"},{\"@type\":\"Person\",\"@id\":\"https:\\\/\\\/dmcsrb.com\\\/#\\\/schema\\\/person\\\/5c39170f12db1b8b457732d0b5c854e2\",\"name\":\"dmcsrbija.com@gmail.com\",\"image\":{\"@type\":\"ImageObject\",\"inLanguage\":\"en-GB\",\"@id\":\"https:\\\/\\\/secure.gravatar.com\\\/avatar\\\/68592660ad6347fad0fb587f8d5d8f1a7b44961362f56e4f2cd524feb87e9069?s=96&d=mm&r=g\",\"url\":\"https:\\\/\\\/secure.gravatar.com\\\/avatar\\\/68592660ad6347fad0fb587f8d5d8f1a7b44961362f56e4f2cd524feb87e9069?s=96&d=mm&r=g\",\"contentUrl\":\"https:\\\/\\\/secure.gravatar.com\\\/avatar\\\/68592660ad6347fad0fb587f8d5d8f1a7b44961362f56e4f2cd524feb87e9069?s=96&d=mm&r=g\",\"caption\":\"dmcsrbija.com@gmail.com\"},\"sameAs\":[\"https:\\\/\\\/dmcsrb.com\"],\"url\":\"https:\\\/\\\/dmcsrb.com\\\/en\\\/author\\\/dmcsrbija-comgmail-com\\\/\"}]}<\/script>\n<!-- \/ Yoast SEO plugin. -->","yoast_head_json":{"title":"Markovi\u0107: Cilj je da ja ne budem VDT i da Novovi\u0107 ne bude glavni specijalni tu\u017eilac - dmcsrb.com","robots":{"index":"index","follow":"follow","max-snippet":"max-snippet:-1","max-image-preview":"max-image-preview:large","max-video-preview":"max-video-preview:-1"},"canonical":"https:\/\/dmcsrb.com\/en\/hronika\/markovic-cilj-je-da-ja-ne-budem-vdt-i-da-novovic-ne-bude-glavni-specijalni-tuzilac\/","og_locale":"en_GB","og_type":"article","og_title":"Markovi\u0107: Cilj je da ja ne budem VDT i da Novovi\u0107 ne bude glavni specijalni tu\u017eilac - dmcsrb.com","og_description":"Postoje poku\u0161aji da se poremetiti jedinstvo tu\u017eila\u0161tva kako bi se ono stavilo pod kontrolu dijela parlamentarnih partija, kazao je vrhovni dr\u017eavni tu\u017eilac Milorad Markovi\u0107.","og_url":"https:\/\/dmcsrb.com\/en\/hronika\/markovic-cilj-je-da-ja-ne-budem-vdt-i-da-novovic-ne-bude-glavni-specijalni-tuzilac\/","og_site_name":"dmcsrb.com","article_published_time":"2025-10-30T20:36:47+00:00","og_image":[{"width":971,"height":774,"url":"https:\/\/dmcsrb.com\/wp-content\/uploads\/2026\/01\/milorad-markovic.webp","type":"image\/png"}],"author":"dmcsrbija.com@gmail.com","twitter_card":"summary_large_image","twitter_misc":{"Written by":"dmcsrbija.com@gmail.com","Estimated reading time":"4 minutes"},"schema":{"@context":"https:\/\/schema.org","@graph":[{"@type":"Article","@id":"https:\/\/dmcsrb.com\/hronika\/markovic-cilj-je-da-ja-ne-budem-vdt-i-da-novovic-ne-bude-glavni-specijalni-tuzilac\/#article","isPartOf":{"@id":"https:\/\/dmcsrb.com\/hronika\/markovic-cilj-je-da-ja-ne-budem-vdt-i-da-novovic-ne-bude-glavni-specijalni-tuzilac\/"},"author":{"name":"dmcsrbija.com@gmail.com","@id":"https:\/\/dmcsrb.com\/#\/schema\/person\/5c39170f12db1b8b457732d0b5c854e2"},"headline":"Markovi\u0107: Cilj je da ja ne budem VDT i da Novovi\u0107 ne bude glavni specijalni tu\u017eilac","datePublished":"2025-10-30T20:36:47+00:00","mainEntityOfPage":{"@id":"https:\/\/dmcsrb.com\/hronika\/markovic-cilj-je-da-ja-ne-budem-vdt-i-da-novovic-ne-bude-glavni-specijalni-tuzilac\/"},"wordCount":736,"commentCount":0,"image":{"@id":"https:\/\/dmcsrb.com\/hronika\/markovic-cilj-je-da-ja-ne-budem-vdt-i-da-novovic-ne-bude-glavni-specijalni-tuzilac\/#primaryimage"},"thumbnailUrl":"https:\/\/dmcsrb.com\/wp-content\/uploads\/2026\/01\/milorad-markovic.webp","keywords":["Milorad Markovi\u0107","VDT","Vladimir Novovi\u0107"],"articleSection":["Hronika"],"inLanguage":"en-GB","potentialAction":[{"@type":"CommentAction","name":"Comment","target":["https:\/\/dmcsrb.com\/hronika\/markovic-cilj-je-da-ja-ne-budem-vdt-i-da-novovic-ne-bude-glavni-specijalni-tuzilac\/#respond"]}]},{"@type":"WebPage","@id":"https:\/\/dmcsrb.com\/hronika\/markovic-cilj-je-da-ja-ne-budem-vdt-i-da-novovic-ne-bude-glavni-specijalni-tuzilac\/","url":"https:\/\/dmcsrb.com\/hronika\/markovic-cilj-je-da-ja-ne-budem-vdt-i-da-novovic-ne-bude-glavni-specijalni-tuzilac\/","name":"Markovi\u0107: Cilj je da ja ne budem VDT i da Novovi\u0107 ne bude glavni specijalni tu\u017eilac - dmcsrb.com","isPartOf":{"@id":"https:\/\/dmcsrb.com\/#website"},"primaryImageOfPage":{"@id":"https:\/\/dmcsrb.com\/hronika\/markovic-cilj-je-da-ja-ne-budem-vdt-i-da-novovic-ne-bude-glavni-specijalni-tuzilac\/#primaryimage"},"image":{"@id":"https:\/\/dmcsrb.com\/hronika\/markovic-cilj-je-da-ja-ne-budem-vdt-i-da-novovic-ne-bude-glavni-specijalni-tuzilac\/#primaryimage"},"thumbnailUrl":"https:\/\/dmcsrb.com\/wp-content\/uploads\/2026\/01\/milorad-markovic.webp","datePublished":"2025-10-30T20:36:47+00:00","author":{"@id":"https:\/\/dmcsrb.com\/#\/schema\/person\/5c39170f12db1b8b457732d0b5c854e2"},"breadcrumb":{"@id":"https:\/\/dmcsrb.com\/hronika\/markovic-cilj-je-da-ja-ne-budem-vdt-i-da-novovic-ne-bude-glavni-specijalni-tuzilac\/#breadcrumb"},"inLanguage":"en-GB","potentialAction":[{"@type":"ReadAction","target":["https:\/\/dmcsrb.com\/hronika\/markovic-cilj-je-da-ja-ne-budem-vdt-i-da-novovic-ne-bude-glavni-specijalni-tuzilac\/"]}]},{"@type":"ImageObject","inLanguage":"en-GB","@id":"https:\/\/dmcsrb.com\/hronika\/markovic-cilj-je-da-ja-ne-budem-vdt-i-da-novovic-ne-bude-glavni-specijalni-tuzilac\/#primaryimage","url":"https:\/\/dmcsrb.com\/wp-content\/uploads\/2026\/01\/milorad-markovic.webp","contentUrl":"https:\/\/dmcsrb.com\/wp-content\/uploads\/2026\/01\/milorad-markovic.webp","width":971,"height":774},{"@type":"BreadcrumbList","@id":"https:\/\/dmcsrb.com\/hronika\/markovic-cilj-je-da-ja-ne-budem-vdt-i-da-novovic-ne-bude-glavni-specijalni-tuzilac\/#breadcrumb","itemListElement":[{"@type":"ListItem","position":1,"name":"Home","item":"https:\/\/dmcsrb.com\/"},{"@type":"ListItem","position":2,"name":"Markovi\u0107: Cilj je da ja ne budem VDT i da Novovi\u0107 ne bude glavni specijalni tu\u017eilac"}]},{"@type":"WebSite","@id":"https:\/\/dmcsrb.com\/#website","url":"https:\/\/dmcsrb.com\/","name":"dmcsrb.com","description":"","potentialAction":[{"@type":"SearchAction","target":{"@type":"EntryPoint","urlTemplate":"https:\/\/dmcsrb.com\/?s={search_term_string}"},"query-input":{"@type":"PropertyValueSpecification","valueRequired":true,"valueName":"search_term_string"}}],"inLanguage":"en-GB"},{"@type":"Person","@id":"https:\/\/dmcsrb.com\/#\/schema\/person\/5c39170f12db1b8b457732d0b5c854e2","name":"dmcsrbija.com@gmail.com","image":{"@type":"ImageObject","inLanguage":"en-GB","@id":"https:\/\/secure.gravatar.com\/avatar\/68592660ad6347fad0fb587f8d5d8f1a7b44961362f56e4f2cd524feb87e9069?s=96&d=mm&r=g","url":"https:\/\/secure.gravatar.com\/avatar\/68592660ad6347fad0fb587f8d5d8f1a7b44961362f56e4f2cd524feb87e9069?s=96&d=mm&r=g","contentUrl":"https:\/\/secure.gravatar.com\/avatar\/68592660ad6347fad0fb587f8d5d8f1a7b44961362f56e4f2cd524feb87e9069?s=96&d=mm&r=g","caption":"dmcsrbija.com@gmail.com"},"sameAs":["https:\/\/dmcsrb.com"],"url":"https:\/\/dmcsrb.com\/en\/author\/dmcsrbija-comgmail-com\/"}]}},"_links":{"self":[{"href":"https:\/\/dmcsrb.com\/en\/wp-json\/wp\/v2\/posts\/961052","targetHints":{"allow":["GET"]}}],"collection":[{"href":"https:\/\/dmcsrb.com\/en\/wp-json\/wp\/v2\/posts"}],"about":[{"href":"https:\/\/dmcsrb.com\/en\/wp-json\/wp\/v2\/types\/post"}],"author":[{"embeddable":true,"href":"https:\/\/dmcsrb.com\/en\/wp-json\/wp\/v2\/users\/1"}],"replies":[{"embeddable":true,"href":"https:\/\/dmcsrb.com\/en\/wp-json\/wp\/v2\/comments?post=961052"}],"version-history":[{"count":0,"href":"https:\/\/dmcsrb.com\/en\/wp-json\/wp\/v2\/posts\/961052\/revisions"}],"wp:featuredmedia":[{"embeddable":true,"href":"https:\/\/dmcsrb.com\/en\/wp-json\/wp\/v2\/media\/961053"}],"wp:attachment":[{"href":"https:\/\/dmcsrb.com\/en\/wp-json\/wp\/v2\/media?parent=961052"}],"wp:term":[{"taxonomy":"category","embeddable":true,"href":"https:\/\/dmcsrb.com\/en\/wp-json\/wp\/v2\/categories?post=961052"},{"taxonomy":"post_tag","embeddable":true,"href":"https:\/\/dmcsrb.com\/en\/wp-json\/wp\/v2\/tags?post=961052"},{"taxonomy":"naslovna","embeddable":true,"href":"https:\/\/dmcsrb.com\/en\/wp-json\/wp\/v2\/naslovna?post=961052"}],"curies":[{"name":"wp","href":"https:\/\/api.w.org\/{rel}","templated":true}]}}