{"id":960988,"date":"2025-10-30T16:05:00","date_gmt":"2025-10-30T15:05:00","guid":{"rendered":"https:\/\/dmcsrb.com\/uncategorized\/veliko-pojacanje-za-crnu-goru-vratio-se-kendrik-peri\/"},"modified":"2025-10-30T16:05:00","modified_gmt":"2025-10-30T15:05:00","slug":"veliko-pojacanje-za-crnu-goru-vratio-se-kendrik-peri","status":"publish","type":"post","link":"https:\/\/dmcsrb.com\/en\/sport\/veliko-pojacanje-za-crnu-goru-vratio-se-kendrik-peri\/","title":{"rendered":"Veliko poja\u010danje za Crnu Goru: Vratio se Kendrik Peri"},"content":{"rendered":"<p>Na\u0161a selekcija \u0107e tako na njega ra\u010dunati ve\u0107 u ovom FIBA prozoru kada startuju kvalifikacije za Eurobasket kada \u0107e igrati sa Portugalom i Rumunijom.<\/p>\n\n\n\n<p>Peri je tri godine igrao za &#8220;crvene&#8221; i bio jedan od najzaslu\u017enijih za odli\u010dne nastupe Crne Gore na Eurobasketu i Mundobasketu.<\/p>\n\n\n\n<p>Bio je i \u010dovjek odluke u pobjedi nad Bugarskom u gostima kojom je osiguran plasman na Evropsko prvenstvo. Nakon tog me\u010da je saop\u0161tio da vi\u0161e ne\u0107e igrati za na\u0161u selekciju. Sre\u0107om, predomislio se&#8230;<\/p>","protected":false},"excerpt":{"rendered":"<p>Iako se u novembru pro\u0161le godine Kendrik Peri oprostio od dresa crnogorske ko\u0161arka\u0161ke reprezentacije, ipak \u0107e nastaviti misiju u &#8220;crvenom&#8221; dresu.<\/p>","protected":false},"author":1,"featured_media":960989,"comment_status":"open","ping_status":"open","sticky":false,"template":"","format":"standard","meta":{"_acf_changed":false,"footnotes":""},"categories":[148],"tags":[12987,5444],"naslovna":[],"class_list":["post-960988","post","type-post","status-publish","format-standard","has-post-thumbnail","hentry","category-sport","tag-kendrik-peri","tag-muska-kosarkaska-reprezentacija-crne-gore"],"acf":[],"yoast_head":"<!-- This site is optimized with the Yoast SEO plugin v27.0 - https:\/\/yoast.com\/product\/yoast-seo-wordpress\/ -->\n<title>Veliko poja\u010danje za Crnu Goru: Vratio se Kendrik Peri - dmcsrb.com<\/title>\n<meta name=\"robots\" content=\"index, follow, max-snippet:-1, max-image-preview:large, max-video-preview:-1\" \/>\n<link rel=\"canonical\" href=\"https:\/\/dmcsrb.com\/en\/sport\/veliko-pojacanje-za-crnu-goru-vratio-se-kendrik-peri\/\" \/>\n<meta property=\"og:locale\" content=\"en_GB\" \/>\n<meta property=\"og:type\" content=\"article\" \/>\n<meta property=\"og:title\" content=\"Veliko poja\u010danje za Crnu Goru: Vratio se Kendrik Peri - dmcsrb.com\" \/>\n<meta property=\"og:description\" content=\"Iako se u novembru pro\u0161le godine Kendrik Peri oprostio od dresa crnogorske ko\u0161arka\u0161ke reprezentacije, ipak \u0107e nastaviti misiju u &quot;crvenom&quot; dresu.\" \/>\n<meta property=\"og:url\" content=\"https:\/\/dmcsrb.com\/en\/sport\/veliko-pojacanje-za-crnu-goru-vratio-se-kendrik-peri\/\" \/>\n<meta property=\"og:site_name\" content=\"dmcsrb.com\" \/>\n<meta property=\"article:published_time\" content=\"2025-10-30T15:05:00+00:00\" \/>\n<meta property=\"og:image\" content=\"https:\/\/dmcsrb.com\/wp-content\/uploads\/2026\/01\/Peri-na-oporstaju-FIBA.webp\" \/>\n\t<meta property=\"og:image:width\" content=\"1200\" \/>\n\t<meta property=\"og:image:height\" content=\"800\" \/>\n\t<meta property=\"og:image:type\" content=\"image\/webp\" \/>\n<meta name=\"author\" content=\"dmcsrbija.com@gmail.com\" \/>\n<meta name=\"twitter:card\" content=\"summary_large_image\" \/>\n<meta name=\"twitter:label1\" content=\"Written by\" \/>\n\t<meta name=\"twitter:data1\" content=\"dmcsrbija.com@gmail.com\" \/>\n<script type=\"application\/ld+json\" class=\"yoast-schema-graph\">{\"@context\":\"https:\/\/schema.org\",\"@graph\":[{\"@type\":\"Article\",\"@id\":\"https:\/\/dmcsrb.com\/sport\/veliko-pojacanje-za-crnu-goru-vratio-se-kendrik-peri\/#article\",\"isPartOf\":{\"@id\":\"https:\/\/dmcsrb.com\/sport\/veliko-pojacanje-za-crnu-goru-vratio-se-kendrik-peri\/\"},\"author\":{\"name\":\"dmcsrbija.com@gmail.com\",\"@id\":\"https:\/\/dmcsrb.com\/#\/schema\/person\/5c39170f12db1b8b457732d0b5c854e2\"},\"headline\":\"Veliko poja\u010danje za Crnu Goru: Vratio se Kendrik Peri\",\"datePublished\":\"2025-10-30T15:05:00+00:00\",\"mainEntityOfPage\":{\"@id\":\"https:\/\/dmcsrb.com\/sport\/veliko-pojacanje-za-crnu-goru-vratio-se-kendrik-peri\/\"},\"wordCount\":98,\"commentCount\":0,\"image\":{\"@id\":\"https:\/\/dmcsrb.com\/sport\/veliko-pojacanje-za-crnu-goru-vratio-se-kendrik-peri\/#primaryimage\"},\"thumbnailUrl\":\"https:\/\/dmcsrb.com\/wp-content\/uploads\/2026\/01\/Peri-na-oporstaju-FIBA.webp\",\"keywords\":[\"Kendrik Peri\",\"Mu\u0161ka ko\u0161arka\u0161ka reprezentacija Crne Gore\"],\"articleSection\":[\"Sport\"],\"inLanguage\":\"en-GB\",\"potentialAction\":[{\"@type\":\"CommentAction\",\"name\":\"Comment\",\"target\":[\"https:\/\/dmcsrb.com\/sport\/veliko-pojacanje-za-crnu-goru-vratio-se-kendrik-peri\/#respond\"]}]},{\"@type\":\"WebPage\",\"@id\":\"https:\/\/dmcsrb.com\/sport\/veliko-pojacanje-za-crnu-goru-vratio-se-kendrik-peri\/\",\"url\":\"https:\/\/dmcsrb.com\/sport\/veliko-pojacanje-za-crnu-goru-vratio-se-kendrik-peri\/\",\"name\":\"Veliko poja\u010danje za Crnu Goru: Vratio se Kendrik Peri - dmcsrb.com\",\"isPartOf\":{\"@id\":\"https:\/\/dmcsrb.com\/#website\"},\"primaryImageOfPage\":{\"@id\":\"https:\/\/dmcsrb.com\/sport\/veliko-pojacanje-za-crnu-goru-vratio-se-kendrik-peri\/#primaryimage\"},\"image\":{\"@id\":\"https:\/\/dmcsrb.com\/sport\/veliko-pojacanje-za-crnu-goru-vratio-se-kendrik-peri\/#primaryimage\"},\"thumbnailUrl\":\"https:\/\/dmcsrb.com\/wp-content\/uploads\/2026\/01\/Peri-na-oporstaju-FIBA.webp\",\"datePublished\":\"2025-10-30T15:05:00+00:00\",\"author\":{\"@id\":\"https:\/\/dmcsrb.com\/#\/schema\/person\/5c39170f12db1b8b457732d0b5c854e2\"},\"breadcrumb\":{\"@id\":\"https:\/\/dmcsrb.com\/sport\/veliko-pojacanje-za-crnu-goru-vratio-se-kendrik-peri\/#breadcrumb\"},\"inLanguage\":\"en-GB\",\"potentialAction\":[{\"@type\":\"ReadAction\",\"target\":[\"https:\/\/dmcsrb.com\/sport\/veliko-pojacanje-za-crnu-goru-vratio-se-kendrik-peri\/\"]}]},{\"@type\":\"ImageObject\",\"inLanguage\":\"en-GB\",\"@id\":\"https:\/\/dmcsrb.com\/sport\/veliko-pojacanje-za-crnu-goru-vratio-se-kendrik-peri\/#primaryimage\",\"url\":\"https:\/\/dmcsrb.com\/wp-content\/uploads\/2026\/01\/Peri-na-oporstaju-FIBA.webp\",\"contentUrl\":\"https:\/\/dmcsrb.com\/wp-content\/uploads\/2026\/01\/Peri-na-oporstaju-FIBA.webp\",\"width\":1200,\"height\":800},{\"@type\":\"BreadcrumbList\",\"@id\":\"https:\/\/dmcsrb.com\/sport\/veliko-pojacanje-za-crnu-goru-vratio-se-kendrik-peri\/#breadcrumb\",\"itemListElement\":[{\"@type\":\"ListItem\",\"position\":1,\"name\":\"Home\",\"item\":\"https:\/\/dmcsrb.com\/\"},{\"@type\":\"ListItem\",\"position\":2,\"name\":\"Veliko poja\u010danje za Crnu Goru: Vratio se Kendrik Peri\"}]},{\"@type\":\"WebSite\",\"@id\":\"https:\/\/dmcsrb.com\/#website\",\"url\":\"https:\/\/dmcsrb.com\/\",\"name\":\"dmcsrb.com\",\"description\":\"\",\"potentialAction\":[{\"@type\":\"SearchAction\",\"target\":{\"@type\":\"EntryPoint\",\"urlTemplate\":\"https:\/\/dmcsrb.com\/?s={search_term_string}\"},\"query-input\":{\"@type\":\"PropertyValueSpecification\",\"valueRequired\":true,\"valueName\":\"search_term_string\"}}],\"inLanguage\":\"en-GB\"},{\"@type\":\"Person\",\"@id\":\"https:\/\/dmcsrb.com\/#\/schema\/person\/5c39170f12db1b8b457732d0b5c854e2\",\"name\":\"dmcsrbija.com@gmail.com\",\"image\":{\"@type\":\"ImageObject\",\"inLanguage\":\"en-GB\",\"@id\":\"https:\/\/dmcsrb.com\/#\/schema\/person\/image\/\",\"url\":\"https:\/\/secure.gravatar.com\/avatar\/68592660ad6347fad0fb587f8d5d8f1a7b44961362f56e4f2cd524feb87e9069?s=96&d=mm&r=g\",\"contentUrl\":\"https:\/\/secure.gravatar.com\/avatar\/68592660ad6347fad0fb587f8d5d8f1a7b44961362f56e4f2cd524feb87e9069?s=96&d=mm&r=g\",\"caption\":\"dmcsrbija.com@gmail.com\"},\"sameAs\":[\"https:\/\/dmcsrb.com\"],\"url\":\"https:\/\/dmcsrb.com\/en\/author\/dmcsrbija-comgmail-com\/\"}]}<\/script>\n<!-- \/ Yoast SEO plugin. -->","yoast_head_json":{"title":"Veliko poja\u010danje za Crnu Goru: Vratio se Kendrik Peri - dmcsrb.com","robots":{"index":"index","follow":"follow","max-snippet":"max-snippet:-1","max-image-preview":"max-image-preview:large","max-video-preview":"max-video-preview:-1"},"canonical":"https:\/\/dmcsrb.com\/en\/sport\/veliko-pojacanje-za-crnu-goru-vratio-se-kendrik-peri\/","og_locale":"en_GB","og_type":"article","og_title":"Veliko poja\u010danje za Crnu Goru: Vratio se Kendrik Peri - dmcsrb.com","og_description":"Iako se u novembru pro\u0161le godine Kendrik Peri oprostio od dresa crnogorske ko\u0161arka\u0161ke reprezentacije, ipak \u0107e nastaviti misiju u \"crvenom\" dresu.","og_url":"https:\/\/dmcsrb.com\/en\/sport\/veliko-pojacanje-za-crnu-goru-vratio-se-kendrik-peri\/","og_site_name":"dmcsrb.com","article_published_time":"2025-10-30T15:05:00+00:00","og_image":[{"width":1200,"height":800,"url":"https:\/\/dmcsrb.com\/wp-content\/uploads\/2026\/01\/Peri-na-oporstaju-FIBA.webp","type":"image\/webp"}],"author":"dmcsrbija.com@gmail.com","twitter_card":"summary_large_image","twitter_misc":{"Written by":"dmcsrbija.com@gmail.com"},"schema":{"@context":"https:\/\/schema.org","@graph":[{"@type":"Article","@id":"https:\/\/dmcsrb.com\/sport\/veliko-pojacanje-za-crnu-goru-vratio-se-kendrik-peri\/#article","isPartOf":{"@id":"https:\/\/dmcsrb.com\/sport\/veliko-pojacanje-za-crnu-goru-vratio-se-kendrik-peri\/"},"author":{"name":"dmcsrbija.com@gmail.com","@id":"https:\/\/dmcsrb.com\/#\/schema\/person\/5c39170f12db1b8b457732d0b5c854e2"},"headline":"Veliko poja\u010danje za Crnu Goru: Vratio se Kendrik Peri","datePublished":"2025-10-30T15:05:00+00:00","mainEntityOfPage":{"@id":"https:\/\/dmcsrb.com\/sport\/veliko-pojacanje-za-crnu-goru-vratio-se-kendrik-peri\/"},"wordCount":98,"commentCount":0,"image":{"@id":"https:\/\/dmcsrb.com\/sport\/veliko-pojacanje-za-crnu-goru-vratio-se-kendrik-peri\/#primaryimage"},"thumbnailUrl":"https:\/\/dmcsrb.com\/wp-content\/uploads\/2026\/01\/Peri-na-oporstaju-FIBA.webp","keywords":["Kendrik Peri","Mu\u0161ka ko\u0161arka\u0161ka reprezentacija Crne Gore"],"articleSection":["Sport"],"inLanguage":"en-GB","potentialAction":[{"@type":"CommentAction","name":"Comment","target":["https:\/\/dmcsrb.com\/sport\/veliko-pojacanje-za-crnu-goru-vratio-se-kendrik-peri\/#respond"]}]},{"@type":"WebPage","@id":"https:\/\/dmcsrb.com\/sport\/veliko-pojacanje-za-crnu-goru-vratio-se-kendrik-peri\/","url":"https:\/\/dmcsrb.com\/sport\/veliko-pojacanje-za-crnu-goru-vratio-se-kendrik-peri\/","name":"Veliko poja\u010danje za Crnu Goru: Vratio se Kendrik Peri - dmcsrb.com","isPartOf":{"@id":"https:\/\/dmcsrb.com\/#website"},"primaryImageOfPage":{"@id":"https:\/\/dmcsrb.com\/sport\/veliko-pojacanje-za-crnu-goru-vratio-se-kendrik-peri\/#primaryimage"},"image":{"@id":"https:\/\/dmcsrb.com\/sport\/veliko-pojacanje-za-crnu-goru-vratio-se-kendrik-peri\/#primaryimage"},"thumbnailUrl":"https:\/\/dmcsrb.com\/wp-content\/uploads\/2026\/01\/Peri-na-oporstaju-FIBA.webp","datePublished":"2025-10-30T15:05:00+00:00","author":{"@id":"https:\/\/dmcsrb.com\/#\/schema\/person\/5c39170f12db1b8b457732d0b5c854e2"},"breadcrumb":{"@id":"https:\/\/dmcsrb.com\/sport\/veliko-pojacanje-za-crnu-goru-vratio-se-kendrik-peri\/#breadcrumb"},"inLanguage":"en-GB","potentialAction":[{"@type":"ReadAction","target":["https:\/\/dmcsrb.com\/sport\/veliko-pojacanje-za-crnu-goru-vratio-se-kendrik-peri\/"]}]},{"@type":"ImageObject","inLanguage":"en-GB","@id":"https:\/\/dmcsrb.com\/sport\/veliko-pojacanje-za-crnu-goru-vratio-se-kendrik-peri\/#primaryimage","url":"https:\/\/dmcsrb.com\/wp-content\/uploads\/2026\/01\/Peri-na-oporstaju-FIBA.webp","contentUrl":"https:\/\/dmcsrb.com\/wp-content\/uploads\/2026\/01\/Peri-na-oporstaju-FIBA.webp","width":1200,"height":800},{"@type":"BreadcrumbList","@id":"https:\/\/dmcsrb.com\/sport\/veliko-pojacanje-za-crnu-goru-vratio-se-kendrik-peri\/#breadcrumb","itemListElement":[{"@type":"ListItem","position":1,"name":"Home","item":"https:\/\/dmcsrb.com\/"},{"@type":"ListItem","position":2,"name":"Veliko poja\u010danje za Crnu Goru: Vratio se Kendrik Peri"}]},{"@type":"WebSite","@id":"https:\/\/dmcsrb.com\/#website","url":"https:\/\/dmcsrb.com\/","name":"dmcsrb.com","description":"","potentialAction":[{"@type":"SearchAction","target":{"@type":"EntryPoint","urlTemplate":"https:\/\/dmcsrb.com\/?s={search_term_string}"},"query-input":{"@type":"PropertyValueSpecification","valueRequired":true,"valueName":"search_term_string"}}],"inLanguage":"en-GB"},{"@type":"Person","@id":"https:\/\/dmcsrb.com\/#\/schema\/person\/5c39170f12db1b8b457732d0b5c854e2","name":"dmcsrbija.com@gmail.com","image":{"@type":"ImageObject","inLanguage":"en-GB","@id":"https:\/\/dmcsrb.com\/#\/schema\/person\/image\/","url":"https:\/\/secure.gravatar.com\/avatar\/68592660ad6347fad0fb587f8d5d8f1a7b44961362f56e4f2cd524feb87e9069?s=96&d=mm&r=g","contentUrl":"https:\/\/secure.gravatar.com\/avatar\/68592660ad6347fad0fb587f8d5d8f1a7b44961362f56e4f2cd524feb87e9069?s=96&d=mm&r=g","caption":"dmcsrbija.com@gmail.com"},"sameAs":["https:\/\/dmcsrb.com"],"url":"https:\/\/dmcsrb.com\/en\/author\/dmcsrbija-comgmail-com\/"}]}},"_links":{"self":[{"href":"https:\/\/dmcsrb.com\/en\/wp-json\/wp\/v2\/posts\/960988","targetHints":{"allow":["GET"]}}],"collection":[{"href":"https:\/\/dmcsrb.com\/en\/wp-json\/wp\/v2\/posts"}],"about":[{"href":"https:\/\/dmcsrb.com\/en\/wp-json\/wp\/v2\/types\/post"}],"author":[{"embeddable":true,"href":"https:\/\/dmcsrb.com\/en\/wp-json\/wp\/v2\/users\/1"}],"replies":[{"embeddable":true,"href":"https:\/\/dmcsrb.com\/en\/wp-json\/wp\/v2\/comments?post=960988"}],"version-history":[{"count":0,"href":"https:\/\/dmcsrb.com\/en\/wp-json\/wp\/v2\/posts\/960988\/revisions"}],"wp:featuredmedia":[{"embeddable":true,"href":"https:\/\/dmcsrb.com\/en\/wp-json\/wp\/v2\/media\/960989"}],"wp:attachment":[{"href":"https:\/\/dmcsrb.com\/en\/wp-json\/wp\/v2\/media?parent=960988"}],"wp:term":[{"taxonomy":"category","embeddable":true,"href":"https:\/\/dmcsrb.com\/en\/wp-json\/wp\/v2\/categories?post=960988"},{"taxonomy":"post_tag","embeddable":true,"href":"https:\/\/dmcsrb.com\/en\/wp-json\/wp\/v2\/tags?post=960988"},{"taxonomy":"naslovna","embeddable":true,"href":"https:\/\/dmcsrb.com\/en\/wp-json\/wp\/v2\/naslovna?post=960988"}],"curies":[{"name":"wp","href":"https:\/\/api.w.org\/{rel}","templated":true}]}}