{"id":960986,"date":"2025-10-30T15:50:00","date_gmt":"2025-10-30T14:50:00","guid":{"rendered":"https:\/\/dmcsrb.com\/uncategorized\/sinoc-u-ju-kakaricka-gora-odrzan-muzicko-pjesnicki-program-dragan-koprivica-i-prijatelji\/"},"modified":"2025-10-30T15:50:00","modified_gmt":"2025-10-30T14:50:00","slug":"sinoc-u-ju-kakaricka-gora-odrzan-muzicko-pjesnicki-program-dragan-koprivica-i-prijatelji","status":"publish","type":"post","link":"https:\/\/dmcsrb.com\/en\/zabava\/sinoc-u-ju-kakaricka-gora-odrzan-muzicko-pjesnicki-program-dragan-koprivica-i-prijatelji\/","title":{"rendered":"Sino\u0107 u JU \u201cKakaricka gora\u201d odr\u017ean muzi\u010dko-pjesni\u010dki program \u201cDragan Koprivica i prijatelji\u201d"},"content":{"rendered":"<p><\/p>\n\n\n\n<p>Uz Koprivicu, koji je govorio aforizme uz smijeh pacijenata i osoblja Zavoda, i pjevao popularne stare i nove narodne hitove iz regiona, svoju poeziju govorili su <strong>Ana \u0110urovi\u0107<\/strong>, <strong>An\u0111elina Joki\u0107<\/strong> i <strong>Darko Buli\u0107<\/strong>, poeziju poznatih autora govorila je <strong>Danijela \u0160undi\u0107<\/strong>, a prisutnima se na neposredan, humoristi\u010dki na\u010din \u0161armantno obratio i pjesnik <strong>Perivoje Popovi\u0107<\/strong> i pobrao burne aplauze.<\/p>\n\n\n\n<p>Program za mu\u0161ke i \u017eenske klijente ove Javne ustanove otvorila je psiholo\u0161kinja <strong>Tamara Konti\u0107<\/strong>, i na po\u010detku naglasila da je \u201cprisustvo ovih umjetnika u na\u0161oj ustanovi potvrda zna\u010daja, koji kultura ima u svim segmentima dru\u0161tva, naro\u010dito u ustanovama kao \u0161to je na\u0161a, posve\u0107ena resocijalizaciji i rehabilitaciji zavisnika.\u201d. Tako\u0111e je istakla da je kultura \u201cmo\u0107no sredstvo u kontekstu resocijalizacije i rehabilitacije zavisnika, uz vi\u0161estruki terapijski zna\u010daj u razvoju socijalnih vje\u0161tina, u bu\u0111enju kreativnosti i potencijala i promocija zdravih stilova \u017eivota\u201d. Konti\u0107eva je dodala i da \u201cOtvaranjem vrata ustanove za kulturna de\u0161avanja i ugledne goste \u0161aljemo jasnu poruku dru\u0161tvu da su na\u0161i klijenti vrijedni \u010dlanovi zajednice, sposobni za promjenu i doprinos, \u010dime se smanjuje stigma, povezana sa zavisno\u0161\u0107u i promovi\u0161e ekskluzivnije dru\u0161tvo.\u201d<\/p>\n\n\n\n<p>Tokom zabavne ve\u010deri Ana \u0110urovi\u0107, kao najzapa\u017eenija pjesnikinja novijeg talasa na\u0161e savremene poezije, upe\u010datljivo se predstavila svojim stihovima uz pa\u017enju i aplauze svih prisutnih, a za njom su svoje pjesme uspje\u0161no govorili An\u0111elina Joki\u0107 i Darko Buli\u0107, koji je nedavno imao i uspje\u0161nu promociju svoje nove knjige poezije u NB \u201cRadosav Ljumovi\u0107\u201d u Podgorici.<\/p>\n\n\n\n<figure class=\"wp-block-image size-large\"><img decoding=\"async\" src=\"https:\/\/gradski.me\/wp-content\/uploads\/2025\/10\/thumbnail_KAKARICKA-GORA-29.10.2025-1024x664.jpg\" alt=\"\" class=\"wp-image-861414\"\/><\/figure>\n\n\n\n<p>Poseban trenutak ve\u010deri bio je pri izvo\u0111enju pjesme nedavno preminulog estradnog umjetnika Halida Be\u0161li\u0107a, \u010dijim sjenima su svi prisutni uputili veliki aplauz i zajedno s Koprivicom pjevali poznati Be\u0161li\u0107ev hit \u201cJa bez tebe ne mogu da \u017eivim\u201d, a eufori\u010dno raspolo\u017eenje je posebno izazvalo dvostruko izvo\u0111enje pjesme \u201cPono\u0107\u201d iz filma \u201cToma\u201d, kada su i klijenti stali za mikrofone zajedno sa Koprivicom.<\/p>\n\n\n\n<p>Na kraju programa svi izvo\u0111a\u010di su se zahvalili na toplom prijemu i obe\u0107ali ponovno dru\u017eenje uz nadu da \u0107e i drugi stvaraoci nastupati u JU \u201cKakaricka gora\u201d i podijeliti lijepe trenutke sa klijentima Zavoda.<\/p>\n\n\n\n<p>U okviru velikog broja programa Koprivice sa prijateljima tokom ove godine, me\u0111u novijim su i nastupi na glavnom gradskom trgu u Nik\u0161i\u0107u na manifestaciji \u201eAuto\/r na korzu\u201c, u Mojkovcu (\u201eSlova slovenska\u201c), u domovima starih \u201eDuga\u201c u Martini\u0107ima i \u201eNik\u0161i\u0107\u201c u Nik\u0161i\u0107u, u centrima za kulturu u Mojkovcu, Ro\u017eajama i Pljevljima, u Budvi (humanitarni program za NVO \u201ePu\u017eeva ku\u0107ica\u201c), u \u017eenskom zatvoru UIKS-a i CZK Kola\u0161in, zatim u JU Dje\u010dji dom \u201eMladost\u201c Bijela, potom u Nik\u0161i\u0107kom pozori\u0161tu i NVU \u201ePru\u017eite nam \u0161ansu\u201c u Podgorici, a nastup u JU \u201eKakaricka gora\u201c bio je ve\u0107 dvadeset prvi po redu! Finalni program \u0107e biti organizovan 13. decembra u velikoj sali KIC-a \u201eBudo Tomovi\u0107\u201c u Podgorici, uz jo\u0161 neka planirana gostovanja u novembru.<\/p>","protected":false},"excerpt":{"rendered":"<p>Na poziv direktora JU \u201cKakaricka gora\u201d, Marka \u010ca\u0111enovi\u0107a, sino\u0107 su Dragan Koprivica i prijatelji u ovom Zavodu za smje\u0161taj, rehabilitaciju i resocijalizaciju korisnika psihoaktivnih supstanci odr\u017eali sjajno muzi\u010dko-pjesni\u010dko ve\u010de, koje se pri kraju pretvorilo u pravo narodno veselje i u potpunosti opravdalo potrebu da se klijentima ove ustanove od posebnog dru\u0161tvenog zna\u010daja periodi\u010dno odr\u017eavaju adekvatni kulturni sadr\u017eaji.<\/p>","protected":false},"author":1,"featured_media":960987,"comment_status":"open","ping_status":"open","sticky":false,"template":"","format":"standard","meta":{"_acf_changed":false,"footnotes":""},"categories":[76],"tags":[2699,12986,2345],"naslovna":[],"class_list":["post-960986","post","type-post","status-publish","format-standard","has-post-thumbnail","hentry","category-zabava","tag-dragan-koprivica-i-prijatelji","tag-ju-kakaricka-gora","tag-muzicko-pjesnicko-vece"],"acf":[],"yoast_head":"<!-- This site is optimized with the Yoast SEO plugin v27.0 - https:\/\/yoast.com\/product\/yoast-seo-wordpress\/ -->\n<title>Sino\u0107 u JU \u201cKakaricka gora\u201d odr\u017ean muzi\u010dko-pjesni\u010dki program \u201cDragan Koprivica i prijatelji\u201d - dmcsrb.com<\/title>\n<meta name=\"robots\" content=\"index, follow, max-snippet:-1, max-image-preview:large, max-video-preview:-1\" \/>\n<link rel=\"canonical\" href=\"https:\/\/dmcsrb.com\/en\/zabava\/sinoc-u-ju-kakaricka-gora-odrzan-muzicko-pjesnicki-program-dragan-koprivica-i-prijatelji\/\" \/>\n<meta property=\"og:locale\" content=\"en_GB\" \/>\n<meta property=\"og:type\" content=\"article\" \/>\n<meta property=\"og:title\" content=\"Sino\u0107 u JU \u201cKakaricka gora\u201d odr\u017ean muzi\u010dko-pjesni\u010dki program \u201cDragan Koprivica i prijatelji\u201d - dmcsrb.com\" \/>\n<meta property=\"og:description\" content=\"Na poziv direktora JU \u201cKakaricka gora\u201d, Marka \u010ca\u0111enovi\u0107a, sino\u0107 su Dragan Koprivica i prijatelji u ovom Zavodu za smje\u0161taj, rehabilitaciju i resocijalizaciju korisnika psihoaktivnih supstanci odr\u017eali sjajno muzi\u010dko-pjesni\u010dko ve\u010de, koje se pri kraju pretvorilo u pravo narodno veselje i u potpunosti opravdalo potrebu da se klijentima ove ustanove od posebnog dru\u0161tvenog zna\u010daja periodi\u010dno odr\u017eavaju adekvatni kulturni sadr\u017eaji.\" \/>\n<meta property=\"og:url\" content=\"https:\/\/dmcsrb.com\/en\/zabava\/sinoc-u-ju-kakaricka-gora-odrzan-muzicko-pjesnicki-program-dragan-koprivica-i-prijatelji\/\" \/>\n<meta property=\"og:site_name\" content=\"dmcsrb.com\" \/>\n<meta property=\"article:published_time\" content=\"2025-10-30T14:50:00+00:00\" \/>\n<meta property=\"og:image\" content=\"https:\/\/dmcsrb.com\/wp-content\/uploads\/2026\/01\/thumbnail_KAKARICKA-GORA-FOTOS-29.10.2025.webp\" \/>\n\t<meta property=\"og:image:width\" content=\"1198\" \/>\n\t<meta property=\"og:image:height\" content=\"959\" \/>\n\t<meta property=\"og:image:type\" content=\"image\/jpeg\" \/>\n<meta name=\"author\" content=\"dmcsrbija.com@gmail.com\" \/>\n<meta name=\"twitter:card\" content=\"summary_large_image\" \/>\n<meta name=\"twitter:label1\" content=\"Written by\" \/>\n\t<meta name=\"twitter:data1\" content=\"dmcsrbija.com@gmail.com\" \/>\n\t<meta name=\"twitter:label2\" content=\"Estimated reading time\" \/>\n\t<meta name=\"twitter:data2\" content=\"3 minutes\" \/>\n<script type=\"application\/ld+json\" class=\"yoast-schema-graph\">{\"@context\":\"https:\/\/schema.org\",\"@graph\":[{\"@type\":\"Article\",\"@id\":\"https:\/\/dmcsrb.com\/zabava\/sinoc-u-ju-kakaricka-gora-odrzan-muzicko-pjesnicki-program-dragan-koprivica-i-prijatelji\/#article\",\"isPartOf\":{\"@id\":\"https:\/\/dmcsrb.com\/zabava\/sinoc-u-ju-kakaricka-gora-odrzan-muzicko-pjesnicki-program-dragan-koprivica-i-prijatelji\/\"},\"author\":{\"name\":\"dmcsrbija.com@gmail.com\",\"@id\":\"https:\/\/dmcsrb.com\/#\/schema\/person\/5c39170f12db1b8b457732d0b5c854e2\"},\"headline\":\"Sino\u0107 u JU \u201cKakaricka gora\u201d odr\u017ean muzi\u010dko-pjesni\u010dki program \u201cDragan Koprivica i prijatelji\u201d\",\"datePublished\":\"2025-10-30T14:50:00+00:00\",\"mainEntityOfPage\":{\"@id\":\"https:\/\/dmcsrb.com\/zabava\/sinoc-u-ju-kakaricka-gora-odrzan-muzicko-pjesnicki-program-dragan-koprivica-i-prijatelji\/\"},\"wordCount\":520,\"commentCount\":0,\"image\":{\"@id\":\"https:\/\/dmcsrb.com\/zabava\/sinoc-u-ju-kakaricka-gora-odrzan-muzicko-pjesnicki-program-dragan-koprivica-i-prijatelji\/#primaryimage\"},\"thumbnailUrl\":\"https:\/\/dmcsrb.com\/wp-content\/uploads\/2026\/01\/thumbnail_KAKARICKA-GORA-FOTOS-29.10.2025.webp\",\"keywords\":[\"''Dragan Koprivica i prijatelji''\",\"JU Kakaricka gora\",\"Muzi\u010dko pjesni\u010dko ve\u010de\"],\"articleSection\":[\"Zabava\"],\"inLanguage\":\"en-GB\",\"potentialAction\":[{\"@type\":\"CommentAction\",\"name\":\"Comment\",\"target\":[\"https:\/\/dmcsrb.com\/zabava\/sinoc-u-ju-kakaricka-gora-odrzan-muzicko-pjesnicki-program-dragan-koprivica-i-prijatelji\/#respond\"]}]},{\"@type\":\"WebPage\",\"@id\":\"https:\/\/dmcsrb.com\/zabava\/sinoc-u-ju-kakaricka-gora-odrzan-muzicko-pjesnicki-program-dragan-koprivica-i-prijatelji\/\",\"url\":\"https:\/\/dmcsrb.com\/zabava\/sinoc-u-ju-kakaricka-gora-odrzan-muzicko-pjesnicki-program-dragan-koprivica-i-prijatelji\/\",\"name\":\"Sino\u0107 u JU \u201cKakaricka gora\u201d odr\u017ean muzi\u010dko-pjesni\u010dki program \u201cDragan Koprivica i prijatelji\u201d - dmcsrb.com\",\"isPartOf\":{\"@id\":\"https:\/\/dmcsrb.com\/#website\"},\"primaryImageOfPage\":{\"@id\":\"https:\/\/dmcsrb.com\/zabava\/sinoc-u-ju-kakaricka-gora-odrzan-muzicko-pjesnicki-program-dragan-koprivica-i-prijatelji\/#primaryimage\"},\"image\":{\"@id\":\"https:\/\/dmcsrb.com\/zabava\/sinoc-u-ju-kakaricka-gora-odrzan-muzicko-pjesnicki-program-dragan-koprivica-i-prijatelji\/#primaryimage\"},\"thumbnailUrl\":\"https:\/\/dmcsrb.com\/wp-content\/uploads\/2026\/01\/thumbnail_KAKARICKA-GORA-FOTOS-29.10.2025.webp\",\"datePublished\":\"2025-10-30T14:50:00+00:00\",\"author\":{\"@id\":\"https:\/\/dmcsrb.com\/#\/schema\/person\/5c39170f12db1b8b457732d0b5c854e2\"},\"breadcrumb\":{\"@id\":\"https:\/\/dmcsrb.com\/zabava\/sinoc-u-ju-kakaricka-gora-odrzan-muzicko-pjesnicki-program-dragan-koprivica-i-prijatelji\/#breadcrumb\"},\"inLanguage\":\"en-GB\",\"potentialAction\":[{\"@type\":\"ReadAction\",\"target\":[\"https:\/\/dmcsrb.com\/zabava\/sinoc-u-ju-kakaricka-gora-odrzan-muzicko-pjesnicki-program-dragan-koprivica-i-prijatelji\/\"]}]},{\"@type\":\"ImageObject\",\"inLanguage\":\"en-GB\",\"@id\":\"https:\/\/dmcsrb.com\/zabava\/sinoc-u-ju-kakaricka-gora-odrzan-muzicko-pjesnicki-program-dragan-koprivica-i-prijatelji\/#primaryimage\",\"url\":\"https:\/\/dmcsrb.com\/wp-content\/uploads\/2026\/01\/thumbnail_KAKARICKA-GORA-FOTOS-29.10.2025.webp\",\"contentUrl\":\"https:\/\/dmcsrb.com\/wp-content\/uploads\/2026\/01\/thumbnail_KAKARICKA-GORA-FOTOS-29.10.2025.webp\",\"width\":1198,\"height\":959},{\"@type\":\"BreadcrumbList\",\"@id\":\"https:\/\/dmcsrb.com\/zabava\/sinoc-u-ju-kakaricka-gora-odrzan-muzicko-pjesnicki-program-dragan-koprivica-i-prijatelji\/#breadcrumb\",\"itemListElement\":[{\"@type\":\"ListItem\",\"position\":1,\"name\":\"Home\",\"item\":\"https:\/\/dmcsrb.com\/\"},{\"@type\":\"ListItem\",\"position\":2,\"name\":\"Sino\u0107 u JU \u201cKakaricka gora\u201d odr\u017ean muzi\u010dko-pjesni\u010dki program \u201cDragan Koprivica i prijatelji\u201d\"}]},{\"@type\":\"WebSite\",\"@id\":\"https:\/\/dmcsrb.com\/#website\",\"url\":\"https:\/\/dmcsrb.com\/\",\"name\":\"dmcsrb.com\",\"description\":\"\",\"potentialAction\":[{\"@type\":\"SearchAction\",\"target\":{\"@type\":\"EntryPoint\",\"urlTemplate\":\"https:\/\/dmcsrb.com\/?s={search_term_string}\"},\"query-input\":{\"@type\":\"PropertyValueSpecification\",\"valueRequired\":true,\"valueName\":\"search_term_string\"}}],\"inLanguage\":\"en-GB\"},{\"@type\":\"Person\",\"@id\":\"https:\/\/dmcsrb.com\/#\/schema\/person\/5c39170f12db1b8b457732d0b5c854e2\",\"name\":\"dmcsrbija.com@gmail.com\",\"image\":{\"@type\":\"ImageObject\",\"inLanguage\":\"en-GB\",\"@id\":\"https:\/\/dmcsrb.com\/#\/schema\/person\/image\/\",\"url\":\"https:\/\/secure.gravatar.com\/avatar\/68592660ad6347fad0fb587f8d5d8f1a7b44961362f56e4f2cd524feb87e9069?s=96&d=mm&r=g\",\"contentUrl\":\"https:\/\/secure.gravatar.com\/avatar\/68592660ad6347fad0fb587f8d5d8f1a7b44961362f56e4f2cd524feb87e9069?s=96&d=mm&r=g\",\"caption\":\"dmcsrbija.com@gmail.com\"},\"sameAs\":[\"https:\/\/dmcsrb.com\"],\"url\":\"https:\/\/dmcsrb.com\/en\/author\/dmcsrbija-comgmail-com\/\"}]}<\/script>\n<!-- \/ Yoast SEO plugin. -->","yoast_head_json":{"title":"Sino\u0107 u JU \u201cKakaricka gora\u201d odr\u017ean muzi\u010dko-pjesni\u010dki program \u201cDragan Koprivica i prijatelji\u201d - dmcsrb.com","robots":{"index":"index","follow":"follow","max-snippet":"max-snippet:-1","max-image-preview":"max-image-preview:large","max-video-preview":"max-video-preview:-1"},"canonical":"https:\/\/dmcsrb.com\/en\/zabava\/sinoc-u-ju-kakaricka-gora-odrzan-muzicko-pjesnicki-program-dragan-koprivica-i-prijatelji\/","og_locale":"en_GB","og_type":"article","og_title":"Sino\u0107 u JU \u201cKakaricka gora\u201d odr\u017ean muzi\u010dko-pjesni\u010dki program \u201cDragan Koprivica i prijatelji\u201d - dmcsrb.com","og_description":"Na poziv direktora JU \u201cKakaricka gora\u201d, Marka \u010ca\u0111enovi\u0107a, sino\u0107 su Dragan Koprivica i prijatelji u ovom Zavodu za smje\u0161taj, rehabilitaciju i resocijalizaciju korisnika psihoaktivnih supstanci odr\u017eali sjajno muzi\u010dko-pjesni\u010dko ve\u010de, koje se pri kraju pretvorilo u pravo narodno veselje i u potpunosti opravdalo potrebu da se klijentima ove ustanove od posebnog dru\u0161tvenog zna\u010daja periodi\u010dno odr\u017eavaju adekvatni kulturni sadr\u017eaji.","og_url":"https:\/\/dmcsrb.com\/en\/zabava\/sinoc-u-ju-kakaricka-gora-odrzan-muzicko-pjesnicki-program-dragan-koprivica-i-prijatelji\/","og_site_name":"dmcsrb.com","article_published_time":"2025-10-30T14:50:00+00:00","og_image":[{"width":1198,"height":959,"url":"https:\/\/dmcsrb.com\/wp-content\/uploads\/2026\/01\/thumbnail_KAKARICKA-GORA-FOTOS-29.10.2025.webp","type":"image\/jpeg"}],"author":"dmcsrbija.com@gmail.com","twitter_card":"summary_large_image","twitter_misc":{"Written by":"dmcsrbija.com@gmail.com","Estimated reading time":"3 minutes"},"schema":{"@context":"https:\/\/schema.org","@graph":[{"@type":"Article","@id":"https:\/\/dmcsrb.com\/zabava\/sinoc-u-ju-kakaricka-gora-odrzan-muzicko-pjesnicki-program-dragan-koprivica-i-prijatelji\/#article","isPartOf":{"@id":"https:\/\/dmcsrb.com\/zabava\/sinoc-u-ju-kakaricka-gora-odrzan-muzicko-pjesnicki-program-dragan-koprivica-i-prijatelji\/"},"author":{"name":"dmcsrbija.com@gmail.com","@id":"https:\/\/dmcsrb.com\/#\/schema\/person\/5c39170f12db1b8b457732d0b5c854e2"},"headline":"Sino\u0107 u JU \u201cKakaricka gora\u201d odr\u017ean muzi\u010dko-pjesni\u010dki program \u201cDragan Koprivica i prijatelji\u201d","datePublished":"2025-10-30T14:50:00+00:00","mainEntityOfPage":{"@id":"https:\/\/dmcsrb.com\/zabava\/sinoc-u-ju-kakaricka-gora-odrzan-muzicko-pjesnicki-program-dragan-koprivica-i-prijatelji\/"},"wordCount":520,"commentCount":0,"image":{"@id":"https:\/\/dmcsrb.com\/zabava\/sinoc-u-ju-kakaricka-gora-odrzan-muzicko-pjesnicki-program-dragan-koprivica-i-prijatelji\/#primaryimage"},"thumbnailUrl":"https:\/\/dmcsrb.com\/wp-content\/uploads\/2026\/01\/thumbnail_KAKARICKA-GORA-FOTOS-29.10.2025.webp","keywords":["''Dragan Koprivica i prijatelji''","JU Kakaricka gora","Muzi\u010dko pjesni\u010dko ve\u010de"],"articleSection":["Zabava"],"inLanguage":"en-GB","potentialAction":[{"@type":"CommentAction","name":"Comment","target":["https:\/\/dmcsrb.com\/zabava\/sinoc-u-ju-kakaricka-gora-odrzan-muzicko-pjesnicki-program-dragan-koprivica-i-prijatelji\/#respond"]}]},{"@type":"WebPage","@id":"https:\/\/dmcsrb.com\/zabava\/sinoc-u-ju-kakaricka-gora-odrzan-muzicko-pjesnicki-program-dragan-koprivica-i-prijatelji\/","url":"https:\/\/dmcsrb.com\/zabava\/sinoc-u-ju-kakaricka-gora-odrzan-muzicko-pjesnicki-program-dragan-koprivica-i-prijatelji\/","name":"Sino\u0107 u JU \u201cKakaricka gora\u201d odr\u017ean muzi\u010dko-pjesni\u010dki program \u201cDragan Koprivica i prijatelji\u201d - dmcsrb.com","isPartOf":{"@id":"https:\/\/dmcsrb.com\/#website"},"primaryImageOfPage":{"@id":"https:\/\/dmcsrb.com\/zabava\/sinoc-u-ju-kakaricka-gora-odrzan-muzicko-pjesnicki-program-dragan-koprivica-i-prijatelji\/#primaryimage"},"image":{"@id":"https:\/\/dmcsrb.com\/zabava\/sinoc-u-ju-kakaricka-gora-odrzan-muzicko-pjesnicki-program-dragan-koprivica-i-prijatelji\/#primaryimage"},"thumbnailUrl":"https:\/\/dmcsrb.com\/wp-content\/uploads\/2026\/01\/thumbnail_KAKARICKA-GORA-FOTOS-29.10.2025.webp","datePublished":"2025-10-30T14:50:00+00:00","author":{"@id":"https:\/\/dmcsrb.com\/#\/schema\/person\/5c39170f12db1b8b457732d0b5c854e2"},"breadcrumb":{"@id":"https:\/\/dmcsrb.com\/zabava\/sinoc-u-ju-kakaricka-gora-odrzan-muzicko-pjesnicki-program-dragan-koprivica-i-prijatelji\/#breadcrumb"},"inLanguage":"en-GB","potentialAction":[{"@type":"ReadAction","target":["https:\/\/dmcsrb.com\/zabava\/sinoc-u-ju-kakaricka-gora-odrzan-muzicko-pjesnicki-program-dragan-koprivica-i-prijatelji\/"]}]},{"@type":"ImageObject","inLanguage":"en-GB","@id":"https:\/\/dmcsrb.com\/zabava\/sinoc-u-ju-kakaricka-gora-odrzan-muzicko-pjesnicki-program-dragan-koprivica-i-prijatelji\/#primaryimage","url":"https:\/\/dmcsrb.com\/wp-content\/uploads\/2026\/01\/thumbnail_KAKARICKA-GORA-FOTOS-29.10.2025.webp","contentUrl":"https:\/\/dmcsrb.com\/wp-content\/uploads\/2026\/01\/thumbnail_KAKARICKA-GORA-FOTOS-29.10.2025.webp","width":1198,"height":959},{"@type":"BreadcrumbList","@id":"https:\/\/dmcsrb.com\/zabava\/sinoc-u-ju-kakaricka-gora-odrzan-muzicko-pjesnicki-program-dragan-koprivica-i-prijatelji\/#breadcrumb","itemListElement":[{"@type":"ListItem","position":1,"name":"Home","item":"https:\/\/dmcsrb.com\/"},{"@type":"ListItem","position":2,"name":"Sino\u0107 u JU \u201cKakaricka gora\u201d odr\u017ean muzi\u010dko-pjesni\u010dki program \u201cDragan Koprivica i prijatelji\u201d"}]},{"@type":"WebSite","@id":"https:\/\/dmcsrb.com\/#website","url":"https:\/\/dmcsrb.com\/","name":"dmcsrb.com","description":"","potentialAction":[{"@type":"SearchAction","target":{"@type":"EntryPoint","urlTemplate":"https:\/\/dmcsrb.com\/?s={search_term_string}"},"query-input":{"@type":"PropertyValueSpecification","valueRequired":true,"valueName":"search_term_string"}}],"inLanguage":"en-GB"},{"@type":"Person","@id":"https:\/\/dmcsrb.com\/#\/schema\/person\/5c39170f12db1b8b457732d0b5c854e2","name":"dmcsrbija.com@gmail.com","image":{"@type":"ImageObject","inLanguage":"en-GB","@id":"https:\/\/dmcsrb.com\/#\/schema\/person\/image\/","url":"https:\/\/secure.gravatar.com\/avatar\/68592660ad6347fad0fb587f8d5d8f1a7b44961362f56e4f2cd524feb87e9069?s=96&d=mm&r=g","contentUrl":"https:\/\/secure.gravatar.com\/avatar\/68592660ad6347fad0fb587f8d5d8f1a7b44961362f56e4f2cd524feb87e9069?s=96&d=mm&r=g","caption":"dmcsrbija.com@gmail.com"},"sameAs":["https:\/\/dmcsrb.com"],"url":"https:\/\/dmcsrb.com\/en\/author\/dmcsrbija-comgmail-com\/"}]}},"_links":{"self":[{"href":"https:\/\/dmcsrb.com\/en\/wp-json\/wp\/v2\/posts\/960986","targetHints":{"allow":["GET"]}}],"collection":[{"href":"https:\/\/dmcsrb.com\/en\/wp-json\/wp\/v2\/posts"}],"about":[{"href":"https:\/\/dmcsrb.com\/en\/wp-json\/wp\/v2\/types\/post"}],"author":[{"embeddable":true,"href":"https:\/\/dmcsrb.com\/en\/wp-json\/wp\/v2\/users\/1"}],"replies":[{"embeddable":true,"href":"https:\/\/dmcsrb.com\/en\/wp-json\/wp\/v2\/comments?post=960986"}],"version-history":[{"count":0,"href":"https:\/\/dmcsrb.com\/en\/wp-json\/wp\/v2\/posts\/960986\/revisions"}],"wp:featuredmedia":[{"embeddable":true,"href":"https:\/\/dmcsrb.com\/en\/wp-json\/wp\/v2\/media\/960987"}],"wp:attachment":[{"href":"https:\/\/dmcsrb.com\/en\/wp-json\/wp\/v2\/media?parent=960986"}],"wp:term":[{"taxonomy":"category","embeddable":true,"href":"https:\/\/dmcsrb.com\/en\/wp-json\/wp\/v2\/categories?post=960986"},{"taxonomy":"post_tag","embeddable":true,"href":"https:\/\/dmcsrb.com\/en\/wp-json\/wp\/v2\/tags?post=960986"},{"taxonomy":"naslovna","embeddable":true,"href":"https:\/\/dmcsrb.com\/en\/wp-json\/wp\/v2\/naslovna?post=960986"}],"curies":[{"name":"wp","href":"https:\/\/api.w.org\/{rel}","templated":true}]}}