{"id":960919,"date":"2025-10-30T13:20:00","date_gmt":"2025-10-30T12:20:00","guid":{"rendered":"https:\/\/dmcsrb.com\/uncategorized\/kalkavan-veze-izmedju-turskog-i-crnogorskog-naroda-dovoljno-jake-da-savladaju-svaki-izazov\/"},"modified":"2025-10-30T13:20:00","modified_gmt":"2025-10-30T12:20:00","slug":"kalkavan-veze-izmedju-turskog-i-crnogorskog-naroda-dovoljno-jake-da-savladaju-svaki-izazov","status":"publish","type":"post","link":"https:\/\/dmcsrb.com\/en\/drustvo\/kalkavan-veze-izmedju-turskog-i-crnogorskog-naroda-dovoljno-jake-da-savladaju-svaki-izazov\/","title":{"rendered":"Kalkavan: Veze izme\u0111u turskog i crnogorskog naroda dovoljno jake da savladaju svaki izazov"},"content":{"rendered":"<p><\/p>\n\n\n\n<p>Kalkavan je kazao da intenzivno rade na uspostavljanju Vije\u0107a za saradnju na visokom nivou kako bi podigli odnose na nivo strate\u0161kog partnerstva.<\/p>\n\n\n\n<p>Osvrnuo se na de\u0161avanja posljednjih dana napominju\u0107i da ni na koji na\u010din ne podcjenjuje incident uboda no\u017eem, te da o\u010dekuje da \u0107e se temeljito i brzo istra\u017eiti i da \u0107e po\u010dinioci \u0161to prije biti privedeni pravdi.<\/p>\n\n\n\n<p>&#8220;\u017dalosno je \u0161to je izolovani obi\u010dan zlo\u010din prikazan kao provokacija usmjerena protiv Turaka. Mladim prijateljima koje svakodnevno pozdravljamo i susre\u0107emo na pijaci, u kafi\u0107u, susjedstvu, \u017eelio bih re\u0107i ne upadajte u zamku provokatora. Ne dozvolite da se ne samo vi, ve\u0107 i cijela va\u0161a zajednica i dru\u0161tvo povezuju sa ksenofobijom, govorom mr\u017enje ili nasiljem. Republika Turska \u0107e preduzeti sve potrebne pravne i politi\u010dke korake u vezi sa svim doga\u0111ajima i njihovim posljedicama tokom ovog procesa. Ali, uvjeren sam da \u0107e s vremenom savjest uvijek prevladati i da \u0107e i va\u0161a savjest to prosuditi&#8221;, poru\u010dio je Kalkavan.<\/p>\n\n\n\n<p>Dodao je da prijateljstvo izme\u0111u turskog i crnogorskog naroda duboko ukorijenjeno u zajedni\u010dkoj istoriji, kulturi i vrijednostima i to se \u017eivo vidjelo nakon razornih zemljotresa 6. februara, kada je narod Crne Gore pokazao izuzetnu solidarnost i velikodu\u0161nost.<\/p>\n\n\n\n<p>&#8220;Me\u0111u nama ve\u010deras su hrabri crnogorski vatrogasci koji su riskirali svoje \u017eivote kako bi pomogli turskom narodu &#8211; jo\u0161 jednom vam se zahvaljujemo na va\u0161oj hrabrosti i bratstvu. Dozvolite mi da tako\u0111e naglasim: tokom nedavnih incidenata, ogromna ve\u0107ina crnogorskih gra\u0111ana izrazila je svoju podr\u0161ku i solidarnost s nama. Veze izme\u0111u turskog i crnogorskog naroda su otporne i vi\u0161edimenzionalne i dovoljno jake da savladaju svaki izazov i neutraliziraju spletke odre\u0111enih strana.<br>Danas, oko 250.000 turskih gra\u0111ana je crnogorskog porijekla i oni ostaju neprocjenjiv most prijateljstva izme\u0111u na\u0161ih naroda. Svim na\u0161im gra\u0111anima koji ovdje \u017eive, \u017eelio bih re\u0107i: sigurni ste i podr\u017eani. Na\u0161a saradnja s crnogorskim vlastima po pitanjima sigurnosti je jaka i kontinuirana. Na\u0161a saradnja \u0107e se nastaviti, posebno u pogledu eliminacije kriminalnih organizacija i kriminalaca turskog porijekla u Crnoj Gori&#8221;, naglasio je ambasador.<\/p>\n\n\n\n<p>Dodao je i da \u0107e se podr\u0161ka i pomo\u0107 crnogorskoj policiji i pravosudnim organima nastaviti, a zamolio je i da se nastavi sa prijavama \u200b\u200bsvih izolovanih incidenta ambasadi i, \u0161to je najva\u017enije, da se nastavi doprinos crnogorskom dru\u0161tvu uz me\u0111usobno po\u0161tovanje i razumijevanje.<\/p>\n\n\n\n<p>&#8220;To \u0107e biti najzna\u010dajniji odgovor na svaku provokaciju&#8221;, poru\u010dio je Kalkavan.<\/p>\n\n\n\n<p>Naglasio je i da se njegov mandat u Crnoj Gori bli\u017ei kraju, te da mu je bila velika \u010dast slu\u017eiti u ovoj prelijepoj zemlji.<\/p>\n\n\n\n<p>&#8220;Kada sam prije tri godine zapo\u010deo svoju misiju, moje instrukcije su bile jasne: unaprijediti preklapaju\u0107e strate\u0161ke interese Turske i Crne Gore. Uvijek sam govorio &#8211; \u0161to je crnogorski narod sigurniji, to je turski narod sigurniji, \u0161to je crnogorski narod prosperitetniji, to je turski narod prosperitetniji; i \u0161to je crnogorski narod mirniji, to je turski narod mirniji&#8221;, zaklju\u010dio je Kalkavan.<\/p>","protected":false},"excerpt":{"rendered":"<p>Ambasador Turske u Crnoj Gori Bari\u0161 Kalkavan na sino\u0107njoj sve\u010danosti uprili\u010denoj povodom 102. godi\u0161njice Republike Turske, ukazao je na skoro vijek i po diplomatskih odnosa izme\u0111u Turske i Crne Gore izgra\u0111eni na duboko ukorijenjenim istorijskim vezama i me\u0111usobnom po\u0161tovanju. Istakao je da Turska pridaje veliki zna\u010daj miru i prosperitetu Crne Gore, smatraju\u0107i ga vitalnim za stabilnost cijelog Balkana i u potpunosti podr\u017eava integraciju Crne Gore u euroatlantske institucije kao saveznika u NATO-u i kao budu\u0107e 28. \u010dlanice Evropske unije.<\/p>","protected":false},"author":1,"featured_media":960920,"comment_status":"open","ping_status":"open","sticky":false,"template":"","format":"standard","meta":{"_acf_changed":false,"footnotes":""},"categories":[2],"tags":[12947,1766],"naslovna":[],"class_list":["post-960919","post","type-post","status-publish","format-standard","has-post-thumbnail","hentry","category-drustvo","tag-ambasada-turske","tag-baris-kalkavan"],"acf":[],"yoast_head":"<!-- This site is optimized with the Yoast SEO plugin v27.4 - https:\/\/yoast.com\/product\/yoast-seo-wordpress\/ -->\n<title>Kalkavan: Veze izme\u0111u turskog i crnogorskog naroda dovoljno jake da savladaju svaki izazov - dmcsrb.com<\/title>\n<meta name=\"robots\" content=\"index, follow, max-snippet:-1, max-image-preview:large, max-video-preview:-1\" \/>\n<link rel=\"canonical\" href=\"https:\/\/dmcsrb.com\/en\/drustvo\/kalkavan-veze-izmedju-turskog-i-crnogorskog-naroda-dovoljno-jake-da-savladaju-svaki-izazov\/\" \/>\n<meta property=\"og:locale\" content=\"en_GB\" \/>\n<meta property=\"og:type\" content=\"article\" \/>\n<meta property=\"og:title\" content=\"Kalkavan: Veze izme\u0111u turskog i crnogorskog naroda dovoljno jake da savladaju svaki izazov - dmcsrb.com\" \/>\n<meta property=\"og:description\" content=\"Ambasador Turske u Crnoj Gori Bari\u0161 Kalkavan na sino\u0107njoj sve\u010danosti uprili\u010denoj povodom 102. godi\u0161njice Republike Turske, ukazao je na skoro vijek i po diplomatskih odnosa izme\u0111u Turske i Crne Gore izgra\u0111eni na duboko ukorijenjenim istorijskim vezama i me\u0111usobnom po\u0161tovanju. Istakao je da Turska pridaje veliki zna\u010daj miru i prosperitetu Crne Gore, smatraju\u0107i ga vitalnim za stabilnost cijelog Balkana i u potpunosti podr\u017eava integraciju Crne Gore u euroatlantske institucije kao saveznika u NATO-u i kao budu\u0107e 28. \u010dlanice Evropske unije.\" \/>\n<meta property=\"og:url\" content=\"https:\/\/dmcsrb.com\/en\/drustvo\/kalkavan-veze-izmedju-turskog-i-crnogorskog-naroda-dovoljno-jake-da-savladaju-svaki-izazov\/\" \/>\n<meta property=\"og:site_name\" content=\"dmcsrb.com\" \/>\n<meta property=\"article:published_time\" content=\"2025-10-30T12:20:00+00:00\" \/>\n<meta property=\"og:image\" content=\"https:\/\/dmcsrb.com\/wp-content\/uploads\/2026\/01\/Kalkavan-foto-ambasada-Turske.webp\" \/>\n\t<meta property=\"og:image:width\" content=\"899\" \/>\n\t<meta property=\"og:image:height\" content=\"592\" \/>\n\t<meta property=\"og:image:type\" content=\"image\/jpeg\" \/>\n<meta name=\"author\" content=\"dmcsrbija.com@gmail.com\" \/>\n<meta name=\"twitter:card\" content=\"summary_large_image\" \/>\n<meta name=\"twitter:label1\" content=\"Written by\" \/>\n\t<meta name=\"twitter:data1\" content=\"dmcsrbija.com@gmail.com\" \/>\n\t<meta name=\"twitter:label2\" content=\"Estimated reading time\" \/>\n\t<meta name=\"twitter:data2\" content=\"3 minutes\" \/>\n<script type=\"application\/ld+json\" class=\"yoast-schema-graph\">{\"@context\":\"https:\\\/\\\/schema.org\",\"@graph\":[{\"@type\":\"Article\",\"@id\":\"https:\\\/\\\/dmcsrb.com\\\/drustvo\\\/kalkavan-veze-izmedju-turskog-i-crnogorskog-naroda-dovoljno-jake-da-savladaju-svaki-izazov\\\/#article\",\"isPartOf\":{\"@id\":\"https:\\\/\\\/dmcsrb.com\\\/drustvo\\\/kalkavan-veze-izmedju-turskog-i-crnogorskog-naroda-dovoljno-jake-da-savladaju-svaki-izazov\\\/\"},\"author\":{\"name\":\"dmcsrbija.com@gmail.com\",\"@id\":\"https:\\\/\\\/dmcsrb.com\\\/#\\\/schema\\\/person\\\/5c39170f12db1b8b457732d0b5c854e2\"},\"headline\":\"Kalkavan: Veze izme\u0111u turskog i crnogorskog naroda dovoljno jake da savladaju svaki izazov\",\"datePublished\":\"2025-10-30T12:20:00+00:00\",\"mainEntityOfPage\":{\"@id\":\"https:\\\/\\\/dmcsrb.com\\\/drustvo\\\/kalkavan-veze-izmedju-turskog-i-crnogorskog-naroda-dovoljno-jake-da-savladaju-svaki-izazov\\\/\"},\"wordCount\":529,\"commentCount\":0,\"image\":{\"@id\":\"https:\\\/\\\/dmcsrb.com\\\/drustvo\\\/kalkavan-veze-izmedju-turskog-i-crnogorskog-naroda-dovoljno-jake-da-savladaju-svaki-izazov\\\/#primaryimage\"},\"thumbnailUrl\":\"https:\\\/\\\/dmcsrb.com\\\/wp-content\\\/uploads\\\/2026\\\/01\\\/Kalkavan-foto-ambasada-Turske.webp\",\"keywords\":[\"Ambasada Turske\",\"Bari\u0161 Kalkavan\"],\"articleSection\":[\"Dru\u0161tvo\"],\"inLanguage\":\"en-GB\",\"potentialAction\":[{\"@type\":\"CommentAction\",\"name\":\"Comment\",\"target\":[\"https:\\\/\\\/dmcsrb.com\\\/drustvo\\\/kalkavan-veze-izmedju-turskog-i-crnogorskog-naroda-dovoljno-jake-da-savladaju-svaki-izazov\\\/#respond\"]}]},{\"@type\":\"WebPage\",\"@id\":\"https:\\\/\\\/dmcsrb.com\\\/drustvo\\\/kalkavan-veze-izmedju-turskog-i-crnogorskog-naroda-dovoljno-jake-da-savladaju-svaki-izazov\\\/\",\"url\":\"https:\\\/\\\/dmcsrb.com\\\/drustvo\\\/kalkavan-veze-izmedju-turskog-i-crnogorskog-naroda-dovoljno-jake-da-savladaju-svaki-izazov\\\/\",\"name\":\"Kalkavan: Veze izme\u0111u turskog i crnogorskog naroda dovoljno jake da savladaju svaki izazov - dmcsrb.com\",\"isPartOf\":{\"@id\":\"https:\\\/\\\/dmcsrb.com\\\/#website\"},\"primaryImageOfPage\":{\"@id\":\"https:\\\/\\\/dmcsrb.com\\\/drustvo\\\/kalkavan-veze-izmedju-turskog-i-crnogorskog-naroda-dovoljno-jake-da-savladaju-svaki-izazov\\\/#primaryimage\"},\"image\":{\"@id\":\"https:\\\/\\\/dmcsrb.com\\\/drustvo\\\/kalkavan-veze-izmedju-turskog-i-crnogorskog-naroda-dovoljno-jake-da-savladaju-svaki-izazov\\\/#primaryimage\"},\"thumbnailUrl\":\"https:\\\/\\\/dmcsrb.com\\\/wp-content\\\/uploads\\\/2026\\\/01\\\/Kalkavan-foto-ambasada-Turske.webp\",\"datePublished\":\"2025-10-30T12:20:00+00:00\",\"author\":{\"@id\":\"https:\\\/\\\/dmcsrb.com\\\/#\\\/schema\\\/person\\\/5c39170f12db1b8b457732d0b5c854e2\"},\"breadcrumb\":{\"@id\":\"https:\\\/\\\/dmcsrb.com\\\/drustvo\\\/kalkavan-veze-izmedju-turskog-i-crnogorskog-naroda-dovoljno-jake-da-savladaju-svaki-izazov\\\/#breadcrumb\"},\"inLanguage\":\"en-GB\",\"potentialAction\":[{\"@type\":\"ReadAction\",\"target\":[\"https:\\\/\\\/dmcsrb.com\\\/drustvo\\\/kalkavan-veze-izmedju-turskog-i-crnogorskog-naroda-dovoljno-jake-da-savladaju-svaki-izazov\\\/\"]}]},{\"@type\":\"ImageObject\",\"inLanguage\":\"en-GB\",\"@id\":\"https:\\\/\\\/dmcsrb.com\\\/drustvo\\\/kalkavan-veze-izmedju-turskog-i-crnogorskog-naroda-dovoljno-jake-da-savladaju-svaki-izazov\\\/#primaryimage\",\"url\":\"https:\\\/\\\/dmcsrb.com\\\/wp-content\\\/uploads\\\/2026\\\/01\\\/Kalkavan-foto-ambasada-Turske.webp\",\"contentUrl\":\"https:\\\/\\\/dmcsrb.com\\\/wp-content\\\/uploads\\\/2026\\\/01\\\/Kalkavan-foto-ambasada-Turske.webp\",\"width\":899,\"height\":592},{\"@type\":\"BreadcrumbList\",\"@id\":\"https:\\\/\\\/dmcsrb.com\\\/drustvo\\\/kalkavan-veze-izmedju-turskog-i-crnogorskog-naroda-dovoljno-jake-da-savladaju-svaki-izazov\\\/#breadcrumb\",\"itemListElement\":[{\"@type\":\"ListItem\",\"position\":1,\"name\":\"Home\",\"item\":\"https:\\\/\\\/dmcsrb.com\\\/\"},{\"@type\":\"ListItem\",\"position\":2,\"name\":\"Kalkavan: Veze izme\u0111u turskog i crnogorskog naroda dovoljno jake da savladaju svaki izazov\"}]},{\"@type\":\"WebSite\",\"@id\":\"https:\\\/\\\/dmcsrb.com\\\/#website\",\"url\":\"https:\\\/\\\/dmcsrb.com\\\/\",\"name\":\"dmcsrb.com\",\"description\":\"\",\"potentialAction\":[{\"@type\":\"SearchAction\",\"target\":{\"@type\":\"EntryPoint\",\"urlTemplate\":\"https:\\\/\\\/dmcsrb.com\\\/?s={search_term_string}\"},\"query-input\":{\"@type\":\"PropertyValueSpecification\",\"valueRequired\":true,\"valueName\":\"search_term_string\"}}],\"inLanguage\":\"en-GB\"},{\"@type\":\"Person\",\"@id\":\"https:\\\/\\\/dmcsrb.com\\\/#\\\/schema\\\/person\\\/5c39170f12db1b8b457732d0b5c854e2\",\"name\":\"dmcsrbija.com@gmail.com\",\"image\":{\"@type\":\"ImageObject\",\"inLanguage\":\"en-GB\",\"@id\":\"https:\\\/\\\/secure.gravatar.com\\\/avatar\\\/68592660ad6347fad0fb587f8d5d8f1a7b44961362f56e4f2cd524feb87e9069?s=96&d=mm&r=g\",\"url\":\"https:\\\/\\\/secure.gravatar.com\\\/avatar\\\/68592660ad6347fad0fb587f8d5d8f1a7b44961362f56e4f2cd524feb87e9069?s=96&d=mm&r=g\",\"contentUrl\":\"https:\\\/\\\/secure.gravatar.com\\\/avatar\\\/68592660ad6347fad0fb587f8d5d8f1a7b44961362f56e4f2cd524feb87e9069?s=96&d=mm&r=g\",\"caption\":\"dmcsrbija.com@gmail.com\"},\"sameAs\":[\"https:\\\/\\\/dmcsrb.com\"],\"url\":\"https:\\\/\\\/dmcsrb.com\\\/en\\\/author\\\/dmcsrbija-comgmail-com\\\/\"}]}<\/script>\n<!-- \/ Yoast SEO plugin. -->","yoast_head_json":{"title":"Kalkavan: Veze izme\u0111u turskog i crnogorskog naroda dovoljno jake da savladaju svaki izazov - dmcsrb.com","robots":{"index":"index","follow":"follow","max-snippet":"max-snippet:-1","max-image-preview":"max-image-preview:large","max-video-preview":"max-video-preview:-1"},"canonical":"https:\/\/dmcsrb.com\/en\/drustvo\/kalkavan-veze-izmedju-turskog-i-crnogorskog-naroda-dovoljno-jake-da-savladaju-svaki-izazov\/","og_locale":"en_GB","og_type":"article","og_title":"Kalkavan: Veze izme\u0111u turskog i crnogorskog naroda dovoljno jake da savladaju svaki izazov - dmcsrb.com","og_description":"Ambasador Turske u Crnoj Gori Bari\u0161 Kalkavan na sino\u0107njoj sve\u010danosti uprili\u010denoj povodom 102. godi\u0161njice Republike Turske, ukazao je na skoro vijek i po diplomatskih odnosa izme\u0111u Turske i Crne Gore izgra\u0111eni na duboko ukorijenjenim istorijskim vezama i me\u0111usobnom po\u0161tovanju. Istakao je da Turska pridaje veliki zna\u010daj miru i prosperitetu Crne Gore, smatraju\u0107i ga vitalnim za stabilnost cijelog Balkana i u potpunosti podr\u017eava integraciju Crne Gore u euroatlantske institucije kao saveznika u NATO-u i kao budu\u0107e 28. \u010dlanice Evropske unije.","og_url":"https:\/\/dmcsrb.com\/en\/drustvo\/kalkavan-veze-izmedju-turskog-i-crnogorskog-naroda-dovoljno-jake-da-savladaju-svaki-izazov\/","og_site_name":"dmcsrb.com","article_published_time":"2025-10-30T12:20:00+00:00","og_image":[{"width":899,"height":592,"url":"https:\/\/dmcsrb.com\/wp-content\/uploads\/2026\/01\/Kalkavan-foto-ambasada-Turske.webp","type":"image\/jpeg"}],"author":"dmcsrbija.com@gmail.com","twitter_card":"summary_large_image","twitter_misc":{"Written by":"dmcsrbija.com@gmail.com","Estimated reading time":"3 minutes"},"schema":{"@context":"https:\/\/schema.org","@graph":[{"@type":"Article","@id":"https:\/\/dmcsrb.com\/drustvo\/kalkavan-veze-izmedju-turskog-i-crnogorskog-naroda-dovoljno-jake-da-savladaju-svaki-izazov\/#article","isPartOf":{"@id":"https:\/\/dmcsrb.com\/drustvo\/kalkavan-veze-izmedju-turskog-i-crnogorskog-naroda-dovoljno-jake-da-savladaju-svaki-izazov\/"},"author":{"name":"dmcsrbija.com@gmail.com","@id":"https:\/\/dmcsrb.com\/#\/schema\/person\/5c39170f12db1b8b457732d0b5c854e2"},"headline":"Kalkavan: Veze izme\u0111u turskog i crnogorskog naroda dovoljno jake da savladaju svaki izazov","datePublished":"2025-10-30T12:20:00+00:00","mainEntityOfPage":{"@id":"https:\/\/dmcsrb.com\/drustvo\/kalkavan-veze-izmedju-turskog-i-crnogorskog-naroda-dovoljno-jake-da-savladaju-svaki-izazov\/"},"wordCount":529,"commentCount":0,"image":{"@id":"https:\/\/dmcsrb.com\/drustvo\/kalkavan-veze-izmedju-turskog-i-crnogorskog-naroda-dovoljno-jake-da-savladaju-svaki-izazov\/#primaryimage"},"thumbnailUrl":"https:\/\/dmcsrb.com\/wp-content\/uploads\/2026\/01\/Kalkavan-foto-ambasada-Turske.webp","keywords":["Ambasada Turske","Bari\u0161 Kalkavan"],"articleSection":["Dru\u0161tvo"],"inLanguage":"en-GB","potentialAction":[{"@type":"CommentAction","name":"Comment","target":["https:\/\/dmcsrb.com\/drustvo\/kalkavan-veze-izmedju-turskog-i-crnogorskog-naroda-dovoljno-jake-da-savladaju-svaki-izazov\/#respond"]}]},{"@type":"WebPage","@id":"https:\/\/dmcsrb.com\/drustvo\/kalkavan-veze-izmedju-turskog-i-crnogorskog-naroda-dovoljno-jake-da-savladaju-svaki-izazov\/","url":"https:\/\/dmcsrb.com\/drustvo\/kalkavan-veze-izmedju-turskog-i-crnogorskog-naroda-dovoljno-jake-da-savladaju-svaki-izazov\/","name":"Kalkavan: Veze izme\u0111u turskog i crnogorskog naroda dovoljno jake da savladaju svaki izazov - dmcsrb.com","isPartOf":{"@id":"https:\/\/dmcsrb.com\/#website"},"primaryImageOfPage":{"@id":"https:\/\/dmcsrb.com\/drustvo\/kalkavan-veze-izmedju-turskog-i-crnogorskog-naroda-dovoljno-jake-da-savladaju-svaki-izazov\/#primaryimage"},"image":{"@id":"https:\/\/dmcsrb.com\/drustvo\/kalkavan-veze-izmedju-turskog-i-crnogorskog-naroda-dovoljno-jake-da-savladaju-svaki-izazov\/#primaryimage"},"thumbnailUrl":"https:\/\/dmcsrb.com\/wp-content\/uploads\/2026\/01\/Kalkavan-foto-ambasada-Turske.webp","datePublished":"2025-10-30T12:20:00+00:00","author":{"@id":"https:\/\/dmcsrb.com\/#\/schema\/person\/5c39170f12db1b8b457732d0b5c854e2"},"breadcrumb":{"@id":"https:\/\/dmcsrb.com\/drustvo\/kalkavan-veze-izmedju-turskog-i-crnogorskog-naroda-dovoljno-jake-da-savladaju-svaki-izazov\/#breadcrumb"},"inLanguage":"en-GB","potentialAction":[{"@type":"ReadAction","target":["https:\/\/dmcsrb.com\/drustvo\/kalkavan-veze-izmedju-turskog-i-crnogorskog-naroda-dovoljno-jake-da-savladaju-svaki-izazov\/"]}]},{"@type":"ImageObject","inLanguage":"en-GB","@id":"https:\/\/dmcsrb.com\/drustvo\/kalkavan-veze-izmedju-turskog-i-crnogorskog-naroda-dovoljno-jake-da-savladaju-svaki-izazov\/#primaryimage","url":"https:\/\/dmcsrb.com\/wp-content\/uploads\/2026\/01\/Kalkavan-foto-ambasada-Turske.webp","contentUrl":"https:\/\/dmcsrb.com\/wp-content\/uploads\/2026\/01\/Kalkavan-foto-ambasada-Turske.webp","width":899,"height":592},{"@type":"BreadcrumbList","@id":"https:\/\/dmcsrb.com\/drustvo\/kalkavan-veze-izmedju-turskog-i-crnogorskog-naroda-dovoljno-jake-da-savladaju-svaki-izazov\/#breadcrumb","itemListElement":[{"@type":"ListItem","position":1,"name":"Home","item":"https:\/\/dmcsrb.com\/"},{"@type":"ListItem","position":2,"name":"Kalkavan: Veze izme\u0111u turskog i crnogorskog naroda dovoljno jake da savladaju svaki izazov"}]},{"@type":"WebSite","@id":"https:\/\/dmcsrb.com\/#website","url":"https:\/\/dmcsrb.com\/","name":"dmcsrb.com","description":"","potentialAction":[{"@type":"SearchAction","target":{"@type":"EntryPoint","urlTemplate":"https:\/\/dmcsrb.com\/?s={search_term_string}"},"query-input":{"@type":"PropertyValueSpecification","valueRequired":true,"valueName":"search_term_string"}}],"inLanguage":"en-GB"},{"@type":"Person","@id":"https:\/\/dmcsrb.com\/#\/schema\/person\/5c39170f12db1b8b457732d0b5c854e2","name":"dmcsrbija.com@gmail.com","image":{"@type":"ImageObject","inLanguage":"en-GB","@id":"https:\/\/secure.gravatar.com\/avatar\/68592660ad6347fad0fb587f8d5d8f1a7b44961362f56e4f2cd524feb87e9069?s=96&d=mm&r=g","url":"https:\/\/secure.gravatar.com\/avatar\/68592660ad6347fad0fb587f8d5d8f1a7b44961362f56e4f2cd524feb87e9069?s=96&d=mm&r=g","contentUrl":"https:\/\/secure.gravatar.com\/avatar\/68592660ad6347fad0fb587f8d5d8f1a7b44961362f56e4f2cd524feb87e9069?s=96&d=mm&r=g","caption":"dmcsrbija.com@gmail.com"},"sameAs":["https:\/\/dmcsrb.com"],"url":"https:\/\/dmcsrb.com\/en\/author\/dmcsrbija-comgmail-com\/"}]}},"_links":{"self":[{"href":"https:\/\/dmcsrb.com\/en\/wp-json\/wp\/v2\/posts\/960919","targetHints":{"allow":["GET"]}}],"collection":[{"href":"https:\/\/dmcsrb.com\/en\/wp-json\/wp\/v2\/posts"}],"about":[{"href":"https:\/\/dmcsrb.com\/en\/wp-json\/wp\/v2\/types\/post"}],"author":[{"embeddable":true,"href":"https:\/\/dmcsrb.com\/en\/wp-json\/wp\/v2\/users\/1"}],"replies":[{"embeddable":true,"href":"https:\/\/dmcsrb.com\/en\/wp-json\/wp\/v2\/comments?post=960919"}],"version-history":[{"count":0,"href":"https:\/\/dmcsrb.com\/en\/wp-json\/wp\/v2\/posts\/960919\/revisions"}],"wp:featuredmedia":[{"embeddable":true,"href":"https:\/\/dmcsrb.com\/en\/wp-json\/wp\/v2\/media\/960920"}],"wp:attachment":[{"href":"https:\/\/dmcsrb.com\/en\/wp-json\/wp\/v2\/media?parent=960919"}],"wp:term":[{"taxonomy":"category","embeddable":true,"href":"https:\/\/dmcsrb.com\/en\/wp-json\/wp\/v2\/categories?post=960919"},{"taxonomy":"post_tag","embeddable":true,"href":"https:\/\/dmcsrb.com\/en\/wp-json\/wp\/v2\/tags?post=960919"},{"taxonomy":"naslovna","embeddable":true,"href":"https:\/\/dmcsrb.com\/en\/wp-json\/wp\/v2\/naslovna?post=960919"}],"curies":[{"name":"wp","href":"https:\/\/api.w.org\/{rel}","templated":true}]}}