{"id":960900,"date":"2025-10-30T12:02:00","date_gmt":"2025-10-30T11:02:00","guid":{"rendered":"https:\/\/dmcsrb.com\/uncategorized\/saradnjom-zajednice-opstina-i-ministarstva-finansija-do-resavanja-problema-reprograma-poreskih-dugova-opstina\/"},"modified":"2025-10-30T12:02:00","modified_gmt":"2025-10-30T11:02:00","slug":"saradnjom-zajednice-opstina-i-ministarstva-finansija-do-resavanja-problema-reprograma-poreskih-dugova-opstina","status":"publish","type":"post","link":"https:\/\/dmcsrb.com\/en\/ekonomija\/saradnjom-zajednice-opstina-i-ministarstva-finansija-do-resavanja-problema-reprograma-poreskih-dugova-opstina\/","title":{"rendered":"Saradnjom Zajednice op\u0161tina i Ministarstva finansija do re\u0161avanja problema reprograma poreskih dugova op\u0161tina"},"content":{"rendered":"<p><\/p>\n\n\n\n<p>Predlog zakona predvi\u0111a da se dugovi mogu pla\u0107ati u najvi\u0161e 120 mjese\u010dnih rata, uz otpis kamata i tro\u0161kova postupka. Na taj na\u010din, kako se navodi, op\u0161tine bi dobile \u0161ansu da postepeno izmiruju obaveze po osnovu poreskog duga, bez dodatnog zadu\u017eivanja i pritiska na teku\u0107e poslovanje.<\/p>\n\n\n\n<p>&#8220;Ova mjera nije selektivna i ne predstavlja dr\u017eavnu pomo\u0107, ve\u0107 podr\u0161ku svim op\u0161tinama i javnim subjektima koji obavljaju poslove od javnog interesa. Cilj je da se pomogne lokalnim zajednicama da stabilizuju finansije, redovno izmiruju teku\u0107e obaveze i nastave da obavljaju poslove va\u017ene za gra\u0111ane&#8221;, navode iz Zajednice op\u0161tina.<\/p>\n\n\n\n<p>Primjenom zakona, kako ka\u017eu, o\u010dekuje se bolja naplata poreskih dugova op\u0161tina, ve\u0107a poreska disciplina i stabilniji lokalni bud\u017eeti.<\/p>\n\n\n\n<p>&#8220;Time bi se stvorili uslovi za nesmetan rad javnih slu\u017ebi, realizaciju planiranih projekata i bolju saradnju lokalnih samouprava sa dr\u017eavnim organima. Procjene pokazuju da bi primjena zakona mogla donijeti dr\u017eavi oko sedam miliona eura dodatnih prihoda godi\u0161nje, odnosno oko sedamdeset miliona eura u narednih deset godina, \u0161to potvr\u0111uje njegov pozitivan efekat na javne finansije&#8221;, saop\u0161teno je.<\/p>\n\n\n\n<p>Zajednica op\u0161tina Crne Gore smatra da bi dono\u0161enje ovog zakona bilo va\u017ean korak ka dugoro\u010dnoj finansijskoj stabilnosti op\u0161tina i efikasnijem pru\u017eanju usluga gra\u0111anima.<\/p>\n\n\n\n<p>&#8220;Predlo\u017eenim izmjenama zakona tako\u0111e se ispravlja postoje\u0107a diskriminacija op\u0161tina, koje su va\u017ee\u0107im propisima izuzete iz prava na reprogram poreskih obaveza. Naime, sada\u0161nji zakon ne prepoznaje op\u0161tine kao poreske du\u017enike, zbog \u010dega one nemaju mogu\u0107nost reprograma, niti pravo na otpis kamata \u010dak i kada redovno izmiruju obaveze. U praksi to zna\u010di da op\u0161tine svoje dugove otpla\u0107uju po posebnim ugovorima sa Ministarstvom finansija, uz obra\u010dun kamata, dok su istovremeno izuzete i iz drugih zakonskih re\u017eima kojima se omogu\u0107ava otpis kamata ili odlaganje naplate poreskih potra\u017eivanja. Usvajanjem ovog zakona obezbijedio bi se jednak tretman svih poreskih du\u017enika, unaprijedila stabilnost lokalnih finansija i dodatno oja\u010dala fiskalna odr\u017eivost dr\u017eave&#8221;, poru\u010duju iz Zajednice op\u0161tina.<\/p>","protected":false},"excerpt":{"rendered":"<p>Saradnjom Zajednice op\u0161tina i Ministarstva finansija radi rje\u0161avanja problema reprograma poreskih dugova op\u0161tina, priremljen je predlog Zakona o reprogramu poreskih potra\u017eivanja, kojim bi se op\u0161tinama, javnim ustanovama i preduze\u0107ima \u010diji su osniva\u010di lokalne samouprave omogu\u0107ilo da lak\u0161e izmire svoje dospjele poreske obaveze.<\/p>","protected":false},"author":1,"featured_media":915002,"comment_status":"open","ping_status":"open","sticky":false,"template":"","format":"standard","meta":{"_acf_changed":false,"footnotes":""},"categories":[27],"tags":[945,6755],"naslovna":[],"class_list":["post-960900","post","type-post","status-publish","format-standard","has-post-thumbnail","hentry","category-ekonomija","tag-ministarstvo-finansija","tag-zajednica-opstina"],"acf":[],"yoast_head":"<!-- This site is optimized with the Yoast SEO plugin v27.4 - https:\/\/yoast.com\/product\/yoast-seo-wordpress\/ -->\n<title>Saradnjom Zajednice op\u0161tina i Ministarstva finansija do re\u0161avanja problema reprograma poreskih dugova op\u0161tina - dmcsrb.com<\/title>\n<meta name=\"robots\" content=\"index, follow, max-snippet:-1, max-image-preview:large, max-video-preview:-1\" \/>\n<link rel=\"canonical\" href=\"https:\/\/dmcsrb.com\/en\/ekonomija\/saradnjom-zajednice-opstina-i-ministarstva-finansija-do-resavanja-problema-reprograma-poreskih-dugova-opstina\/\" \/>\n<meta property=\"og:locale\" content=\"en_GB\" \/>\n<meta property=\"og:type\" content=\"article\" \/>\n<meta property=\"og:title\" content=\"Saradnjom Zajednice op\u0161tina i Ministarstva finansija do re\u0161avanja problema reprograma poreskih dugova op\u0161tina - dmcsrb.com\" \/>\n<meta property=\"og:description\" content=\"Saradnjom Zajednice op\u0161tina i Ministarstva finansija radi rje\u0161avanja problema reprograma poreskih dugova op\u0161tina, priremljen je predlog Zakona o reprogramu poreskih potra\u017eivanja, kojim bi se op\u0161tinama, javnim ustanovama i preduze\u0107ima \u010diji su osniva\u010di lokalne samouprave omogu\u0107ilo da lak\u0161e izmire svoje dospjele poreske obaveze.\" \/>\n<meta property=\"og:url\" content=\"https:\/\/dmcsrb.com\/en\/ekonomija\/saradnjom-zajednice-opstina-i-ministarstva-finansija-do-resavanja-problema-reprograma-poreskih-dugova-opstina\/\" \/>\n<meta property=\"og:site_name\" content=\"dmcsrb.com\" \/>\n<meta property=\"article:published_time\" content=\"2025-10-30T11:02:00+00:00\" \/>\n<meta property=\"og:image\" content=\"https:\/\/dmcsrb.com\/wp-content\/uploads\/2026\/01\/Zajednica-opstina-Crne-Gore-921x556-1.jpg\" \/>\n\t<meta property=\"og:image:width\" content=\"921\" \/>\n\t<meta property=\"og:image:height\" content=\"556\" \/>\n\t<meta property=\"og:image:type\" content=\"image\/jpeg\" \/>\n<meta name=\"author\" content=\"dmcsrbija.com@gmail.com\" \/>\n<meta name=\"twitter:card\" content=\"summary_large_image\" \/>\n<meta name=\"twitter:label1\" content=\"Written by\" \/>\n\t<meta name=\"twitter:data1\" content=\"dmcsrbija.com@gmail.com\" \/>\n\t<meta name=\"twitter:label2\" content=\"Estimated reading time\" \/>\n\t<meta name=\"twitter:data2\" content=\"2 minutes\" \/>\n<script type=\"application\/ld+json\" class=\"yoast-schema-graph\">{\"@context\":\"https:\\\/\\\/schema.org\",\"@graph\":[{\"@type\":\"Article\",\"@id\":\"https:\\\/\\\/dmcsrb.com\\\/ekonomija\\\/saradnjom-zajednice-opstina-i-ministarstva-finansija-do-resavanja-problema-reprograma-poreskih-dugova-opstina\\\/#article\",\"isPartOf\":{\"@id\":\"https:\\\/\\\/dmcsrb.com\\\/ekonomija\\\/saradnjom-zajednice-opstina-i-ministarstva-finansija-do-resavanja-problema-reprograma-poreskih-dugova-opstina\\\/\"},\"author\":{\"name\":\"dmcsrbija.com@gmail.com\",\"@id\":\"https:\\\/\\\/dmcsrb.com\\\/#\\\/schema\\\/person\\\/5c39170f12db1b8b457732d0b5c854e2\"},\"headline\":\"Saradnjom Zajednice op\u0161tina i Ministarstva finansija do re\u0161avanja problema reprograma poreskih dugova op\u0161tina\",\"datePublished\":\"2025-10-30T11:02:00+00:00\",\"mainEntityOfPage\":{\"@id\":\"https:\\\/\\\/dmcsrb.com\\\/ekonomija\\\/saradnjom-zajednice-opstina-i-ministarstva-finansija-do-resavanja-problema-reprograma-poreskih-dugova-opstina\\\/\"},\"wordCount\":370,\"commentCount\":0,\"image\":{\"@id\":\"https:\\\/\\\/dmcsrb.com\\\/ekonomija\\\/saradnjom-zajednice-opstina-i-ministarstva-finansija-do-resavanja-problema-reprograma-poreskih-dugova-opstina\\\/#primaryimage\"},\"thumbnailUrl\":\"https:\\\/\\\/dmcsrb.com\\\/wp-content\\\/uploads\\\/2026\\\/01\\\/Zajednica-opstina-Crne-Gore-921x556-1.jpg\",\"keywords\":[\"Ministarstvo finansija\",\"Zajednica op\u0161tina\"],\"articleSection\":[\"Ekonomija\"],\"inLanguage\":\"en-GB\",\"potentialAction\":[{\"@type\":\"CommentAction\",\"name\":\"Comment\",\"target\":[\"https:\\\/\\\/dmcsrb.com\\\/ekonomija\\\/saradnjom-zajednice-opstina-i-ministarstva-finansija-do-resavanja-problema-reprograma-poreskih-dugova-opstina\\\/#respond\"]}]},{\"@type\":\"WebPage\",\"@id\":\"https:\\\/\\\/dmcsrb.com\\\/ekonomija\\\/saradnjom-zajednice-opstina-i-ministarstva-finansija-do-resavanja-problema-reprograma-poreskih-dugova-opstina\\\/\",\"url\":\"https:\\\/\\\/dmcsrb.com\\\/ekonomija\\\/saradnjom-zajednice-opstina-i-ministarstva-finansija-do-resavanja-problema-reprograma-poreskih-dugova-opstina\\\/\",\"name\":\"Saradnjom Zajednice op\u0161tina i Ministarstva finansija do re\u0161avanja problema reprograma poreskih dugova op\u0161tina - dmcsrb.com\",\"isPartOf\":{\"@id\":\"https:\\\/\\\/dmcsrb.com\\\/#website\"},\"primaryImageOfPage\":{\"@id\":\"https:\\\/\\\/dmcsrb.com\\\/ekonomija\\\/saradnjom-zajednice-opstina-i-ministarstva-finansija-do-resavanja-problema-reprograma-poreskih-dugova-opstina\\\/#primaryimage\"},\"image\":{\"@id\":\"https:\\\/\\\/dmcsrb.com\\\/ekonomija\\\/saradnjom-zajednice-opstina-i-ministarstva-finansija-do-resavanja-problema-reprograma-poreskih-dugova-opstina\\\/#primaryimage\"},\"thumbnailUrl\":\"https:\\\/\\\/dmcsrb.com\\\/wp-content\\\/uploads\\\/2026\\\/01\\\/Zajednica-opstina-Crne-Gore-921x556-1.jpg\",\"datePublished\":\"2025-10-30T11:02:00+00:00\",\"author\":{\"@id\":\"https:\\\/\\\/dmcsrb.com\\\/#\\\/schema\\\/person\\\/5c39170f12db1b8b457732d0b5c854e2\"},\"breadcrumb\":{\"@id\":\"https:\\\/\\\/dmcsrb.com\\\/ekonomija\\\/saradnjom-zajednice-opstina-i-ministarstva-finansija-do-resavanja-problema-reprograma-poreskih-dugova-opstina\\\/#breadcrumb\"},\"inLanguage\":\"en-GB\",\"potentialAction\":[{\"@type\":\"ReadAction\",\"target\":[\"https:\\\/\\\/dmcsrb.com\\\/ekonomija\\\/saradnjom-zajednice-opstina-i-ministarstva-finansija-do-resavanja-problema-reprograma-poreskih-dugova-opstina\\\/\"]}]},{\"@type\":\"ImageObject\",\"inLanguage\":\"en-GB\",\"@id\":\"https:\\\/\\\/dmcsrb.com\\\/ekonomija\\\/saradnjom-zajednice-opstina-i-ministarstva-finansija-do-resavanja-problema-reprograma-poreskih-dugova-opstina\\\/#primaryimage\",\"url\":\"https:\\\/\\\/dmcsrb.com\\\/wp-content\\\/uploads\\\/2026\\\/01\\\/Zajednica-opstina-Crne-Gore-921x556-1.jpg\",\"contentUrl\":\"https:\\\/\\\/dmcsrb.com\\\/wp-content\\\/uploads\\\/2026\\\/01\\\/Zajednica-opstina-Crne-Gore-921x556-1.jpg\",\"width\":921,\"height\":556},{\"@type\":\"BreadcrumbList\",\"@id\":\"https:\\\/\\\/dmcsrb.com\\\/ekonomija\\\/saradnjom-zajednice-opstina-i-ministarstva-finansija-do-resavanja-problema-reprograma-poreskih-dugova-opstina\\\/#breadcrumb\",\"itemListElement\":[{\"@type\":\"ListItem\",\"position\":1,\"name\":\"Home\",\"item\":\"https:\\\/\\\/dmcsrb.com\\\/\"},{\"@type\":\"ListItem\",\"position\":2,\"name\":\"Saradnjom Zajednice op\u0161tina i Ministarstva finansija do re\u0161avanja problema reprograma poreskih dugova op\u0161tina\"}]},{\"@type\":\"WebSite\",\"@id\":\"https:\\\/\\\/dmcsrb.com\\\/#website\",\"url\":\"https:\\\/\\\/dmcsrb.com\\\/\",\"name\":\"dmcsrb.com\",\"description\":\"\",\"potentialAction\":[{\"@type\":\"SearchAction\",\"target\":{\"@type\":\"EntryPoint\",\"urlTemplate\":\"https:\\\/\\\/dmcsrb.com\\\/?s={search_term_string}\"},\"query-input\":{\"@type\":\"PropertyValueSpecification\",\"valueRequired\":true,\"valueName\":\"search_term_string\"}}],\"inLanguage\":\"en-GB\"},{\"@type\":\"Person\",\"@id\":\"https:\\\/\\\/dmcsrb.com\\\/#\\\/schema\\\/person\\\/5c39170f12db1b8b457732d0b5c854e2\",\"name\":\"dmcsrbija.com@gmail.com\",\"image\":{\"@type\":\"ImageObject\",\"inLanguage\":\"en-GB\",\"@id\":\"https:\\\/\\\/secure.gravatar.com\\\/avatar\\\/68592660ad6347fad0fb587f8d5d8f1a7b44961362f56e4f2cd524feb87e9069?s=96&d=mm&r=g\",\"url\":\"https:\\\/\\\/secure.gravatar.com\\\/avatar\\\/68592660ad6347fad0fb587f8d5d8f1a7b44961362f56e4f2cd524feb87e9069?s=96&d=mm&r=g\",\"contentUrl\":\"https:\\\/\\\/secure.gravatar.com\\\/avatar\\\/68592660ad6347fad0fb587f8d5d8f1a7b44961362f56e4f2cd524feb87e9069?s=96&d=mm&r=g\",\"caption\":\"dmcsrbija.com@gmail.com\"},\"sameAs\":[\"https:\\\/\\\/dmcsrb.com\"],\"url\":\"https:\\\/\\\/dmcsrb.com\\\/en\\\/author\\\/dmcsrbija-comgmail-com\\\/\"}]}<\/script>\n<!-- \/ Yoast SEO plugin. -->","yoast_head_json":{"title":"Saradnjom Zajednice op\u0161tina i Ministarstva finansija do re\u0161avanja problema reprograma poreskih dugova op\u0161tina - dmcsrb.com","robots":{"index":"index","follow":"follow","max-snippet":"max-snippet:-1","max-image-preview":"max-image-preview:large","max-video-preview":"max-video-preview:-1"},"canonical":"https:\/\/dmcsrb.com\/en\/ekonomija\/saradnjom-zajednice-opstina-i-ministarstva-finansija-do-resavanja-problema-reprograma-poreskih-dugova-opstina\/","og_locale":"en_GB","og_type":"article","og_title":"Saradnjom Zajednice op\u0161tina i Ministarstva finansija do re\u0161avanja problema reprograma poreskih dugova op\u0161tina - dmcsrb.com","og_description":"Saradnjom Zajednice op\u0161tina i Ministarstva finansija radi rje\u0161avanja problema reprograma poreskih dugova op\u0161tina, priremljen je predlog Zakona o reprogramu poreskih potra\u017eivanja, kojim bi se op\u0161tinama, javnim ustanovama i preduze\u0107ima \u010diji su osniva\u010di lokalne samouprave omogu\u0107ilo da lak\u0161e izmire svoje dospjele poreske obaveze.","og_url":"https:\/\/dmcsrb.com\/en\/ekonomija\/saradnjom-zajednice-opstina-i-ministarstva-finansija-do-resavanja-problema-reprograma-poreskih-dugova-opstina\/","og_site_name":"dmcsrb.com","article_published_time":"2025-10-30T11:02:00+00:00","og_image":[{"width":921,"height":556,"url":"https:\/\/dmcsrb.com\/wp-content\/uploads\/2026\/01\/Zajednica-opstina-Crne-Gore-921x556-1.jpg","type":"image\/jpeg"}],"author":"dmcsrbija.com@gmail.com","twitter_card":"summary_large_image","twitter_misc":{"Written by":"dmcsrbija.com@gmail.com","Estimated reading time":"2 minutes"},"schema":{"@context":"https:\/\/schema.org","@graph":[{"@type":"Article","@id":"https:\/\/dmcsrb.com\/ekonomija\/saradnjom-zajednice-opstina-i-ministarstva-finansija-do-resavanja-problema-reprograma-poreskih-dugova-opstina\/#article","isPartOf":{"@id":"https:\/\/dmcsrb.com\/ekonomija\/saradnjom-zajednice-opstina-i-ministarstva-finansija-do-resavanja-problema-reprograma-poreskih-dugova-opstina\/"},"author":{"name":"dmcsrbija.com@gmail.com","@id":"https:\/\/dmcsrb.com\/#\/schema\/person\/5c39170f12db1b8b457732d0b5c854e2"},"headline":"Saradnjom Zajednice op\u0161tina i Ministarstva finansija do re\u0161avanja problema reprograma poreskih dugova op\u0161tina","datePublished":"2025-10-30T11:02:00+00:00","mainEntityOfPage":{"@id":"https:\/\/dmcsrb.com\/ekonomija\/saradnjom-zajednice-opstina-i-ministarstva-finansija-do-resavanja-problema-reprograma-poreskih-dugova-opstina\/"},"wordCount":370,"commentCount":0,"image":{"@id":"https:\/\/dmcsrb.com\/ekonomija\/saradnjom-zajednice-opstina-i-ministarstva-finansija-do-resavanja-problema-reprograma-poreskih-dugova-opstina\/#primaryimage"},"thumbnailUrl":"https:\/\/dmcsrb.com\/wp-content\/uploads\/2026\/01\/Zajednica-opstina-Crne-Gore-921x556-1.jpg","keywords":["Ministarstvo finansija","Zajednica op\u0161tina"],"articleSection":["Ekonomija"],"inLanguage":"en-GB","potentialAction":[{"@type":"CommentAction","name":"Comment","target":["https:\/\/dmcsrb.com\/ekonomija\/saradnjom-zajednice-opstina-i-ministarstva-finansija-do-resavanja-problema-reprograma-poreskih-dugova-opstina\/#respond"]}]},{"@type":"WebPage","@id":"https:\/\/dmcsrb.com\/ekonomija\/saradnjom-zajednice-opstina-i-ministarstva-finansija-do-resavanja-problema-reprograma-poreskih-dugova-opstina\/","url":"https:\/\/dmcsrb.com\/ekonomija\/saradnjom-zajednice-opstina-i-ministarstva-finansija-do-resavanja-problema-reprograma-poreskih-dugova-opstina\/","name":"Saradnjom Zajednice op\u0161tina i Ministarstva finansija do re\u0161avanja problema reprograma poreskih dugova op\u0161tina - dmcsrb.com","isPartOf":{"@id":"https:\/\/dmcsrb.com\/#website"},"primaryImageOfPage":{"@id":"https:\/\/dmcsrb.com\/ekonomija\/saradnjom-zajednice-opstina-i-ministarstva-finansija-do-resavanja-problema-reprograma-poreskih-dugova-opstina\/#primaryimage"},"image":{"@id":"https:\/\/dmcsrb.com\/ekonomija\/saradnjom-zajednice-opstina-i-ministarstva-finansija-do-resavanja-problema-reprograma-poreskih-dugova-opstina\/#primaryimage"},"thumbnailUrl":"https:\/\/dmcsrb.com\/wp-content\/uploads\/2026\/01\/Zajednica-opstina-Crne-Gore-921x556-1.jpg","datePublished":"2025-10-30T11:02:00+00:00","author":{"@id":"https:\/\/dmcsrb.com\/#\/schema\/person\/5c39170f12db1b8b457732d0b5c854e2"},"breadcrumb":{"@id":"https:\/\/dmcsrb.com\/ekonomija\/saradnjom-zajednice-opstina-i-ministarstva-finansija-do-resavanja-problema-reprograma-poreskih-dugova-opstina\/#breadcrumb"},"inLanguage":"en-GB","potentialAction":[{"@type":"ReadAction","target":["https:\/\/dmcsrb.com\/ekonomija\/saradnjom-zajednice-opstina-i-ministarstva-finansija-do-resavanja-problema-reprograma-poreskih-dugova-opstina\/"]}]},{"@type":"ImageObject","inLanguage":"en-GB","@id":"https:\/\/dmcsrb.com\/ekonomija\/saradnjom-zajednice-opstina-i-ministarstva-finansija-do-resavanja-problema-reprograma-poreskih-dugova-opstina\/#primaryimage","url":"https:\/\/dmcsrb.com\/wp-content\/uploads\/2026\/01\/Zajednica-opstina-Crne-Gore-921x556-1.jpg","contentUrl":"https:\/\/dmcsrb.com\/wp-content\/uploads\/2026\/01\/Zajednica-opstina-Crne-Gore-921x556-1.jpg","width":921,"height":556},{"@type":"BreadcrumbList","@id":"https:\/\/dmcsrb.com\/ekonomija\/saradnjom-zajednice-opstina-i-ministarstva-finansija-do-resavanja-problema-reprograma-poreskih-dugova-opstina\/#breadcrumb","itemListElement":[{"@type":"ListItem","position":1,"name":"Home","item":"https:\/\/dmcsrb.com\/"},{"@type":"ListItem","position":2,"name":"Saradnjom Zajednice op\u0161tina i Ministarstva finansija do re\u0161avanja problema reprograma poreskih dugova op\u0161tina"}]},{"@type":"WebSite","@id":"https:\/\/dmcsrb.com\/#website","url":"https:\/\/dmcsrb.com\/","name":"dmcsrb.com","description":"","potentialAction":[{"@type":"SearchAction","target":{"@type":"EntryPoint","urlTemplate":"https:\/\/dmcsrb.com\/?s={search_term_string}"},"query-input":{"@type":"PropertyValueSpecification","valueRequired":true,"valueName":"search_term_string"}}],"inLanguage":"en-GB"},{"@type":"Person","@id":"https:\/\/dmcsrb.com\/#\/schema\/person\/5c39170f12db1b8b457732d0b5c854e2","name":"dmcsrbija.com@gmail.com","image":{"@type":"ImageObject","inLanguage":"en-GB","@id":"https:\/\/secure.gravatar.com\/avatar\/68592660ad6347fad0fb587f8d5d8f1a7b44961362f56e4f2cd524feb87e9069?s=96&d=mm&r=g","url":"https:\/\/secure.gravatar.com\/avatar\/68592660ad6347fad0fb587f8d5d8f1a7b44961362f56e4f2cd524feb87e9069?s=96&d=mm&r=g","contentUrl":"https:\/\/secure.gravatar.com\/avatar\/68592660ad6347fad0fb587f8d5d8f1a7b44961362f56e4f2cd524feb87e9069?s=96&d=mm&r=g","caption":"dmcsrbija.com@gmail.com"},"sameAs":["https:\/\/dmcsrb.com"],"url":"https:\/\/dmcsrb.com\/en\/author\/dmcsrbija-comgmail-com\/"}]}},"_links":{"self":[{"href":"https:\/\/dmcsrb.com\/en\/wp-json\/wp\/v2\/posts\/960900","targetHints":{"allow":["GET"]}}],"collection":[{"href":"https:\/\/dmcsrb.com\/en\/wp-json\/wp\/v2\/posts"}],"about":[{"href":"https:\/\/dmcsrb.com\/en\/wp-json\/wp\/v2\/types\/post"}],"author":[{"embeddable":true,"href":"https:\/\/dmcsrb.com\/en\/wp-json\/wp\/v2\/users\/1"}],"replies":[{"embeddable":true,"href":"https:\/\/dmcsrb.com\/en\/wp-json\/wp\/v2\/comments?post=960900"}],"version-history":[{"count":0,"href":"https:\/\/dmcsrb.com\/en\/wp-json\/wp\/v2\/posts\/960900\/revisions"}],"wp:featuredmedia":[{"embeddable":true,"href":"https:\/\/dmcsrb.com\/en\/wp-json\/wp\/v2\/media\/915002"}],"wp:attachment":[{"href":"https:\/\/dmcsrb.com\/en\/wp-json\/wp\/v2\/media?parent=960900"}],"wp:term":[{"taxonomy":"category","embeddable":true,"href":"https:\/\/dmcsrb.com\/en\/wp-json\/wp\/v2\/categories?post=960900"},{"taxonomy":"post_tag","embeddable":true,"href":"https:\/\/dmcsrb.com\/en\/wp-json\/wp\/v2\/tags?post=960900"},{"taxonomy":"naslovna","embeddable":true,"href":"https:\/\/dmcsrb.com\/en\/wp-json\/wp\/v2\/naslovna?post=960900"}],"curies":[{"name":"wp","href":"https:\/\/api.w.org\/{rel}","templated":true}]}}