{"id":960834,"date":"2025-10-30T06:06:00","date_gmt":"2025-10-30T05:06:00","guid":{"rendered":"https:\/\/dmcsrb.com\/uncategorized\/odredjen-pritvor-ubovicu-i-kovacevicu\/"},"modified":"2025-10-30T06:06:00","modified_gmt":"2025-10-30T05:06:00","slug":"odredjen-pritvor-ubovicu-i-kovacevicu","status":"publish","type":"post","link":"https:\/\/dmcsrb.com\/en\/hronika\/odredjen-pritvor-ubovicu-i-kovacevicu\/","title":{"rendered":"Odre\u0111en pritvor Ubovi\u0107u i Kova\u010devi\u0107u"},"content":{"rendered":"<p><\/p>\n\n\n\n<p>To su Vijestima saop\u0161tili njihov branilac, advokat Zoran Piperovi\u0107 i savjetnica za odnose sa javno\u0161\u010du Vi\u0161eg suda Ivana Vukmirovi\u0107.<\/p>\n\n\n\n<p>Ona je odluku donijela dva sata poslije pono\u0107i, nakon \u010dega su Ubovi\u0107 i Kova\u010devi\u0107 sprovodeni u spu\u0161ki Istra\u017eni zatvor.<\/p>\n\n\n\n<p>Piperovi\u0107 je kazao da je Ubovi\u0107u pritvor odre\u0111en zbog opasnosti od uticaja na svjedoke, a Kova\u010devi\u0107u zbog opasnosti od bjekstva.<\/p>\n\n\n\n<p>&#8220;A svjedoci su monteri klima, parketari i radnici koji su ugra\u0111ivali kuhinju, isti koji su svjedoci za Vladana Ivanovi\u0107a, koji nije sporio da ih je on preporu\u010dio Tamaru Zvicer da rade kuhinju&#8221;, rekao je Piperovi\u0107.<\/p>\n\n\n\n<p>Specijalno dr\u017eavno tu\u017eila\u0161tvo (SDT) saop\u0161tilo je ju\u010de da je donijelo naredbu o sprovo\u0111enju istrage i pokrenulo krivi\u010dni postupak protiv Aleksandra Mijajlovi\u0107a, Zorana Lazovi\u0107a, Ranka Ubovi\u0107a, Vladimira Ivanovi\u0107a i Veselina Kova\u010devi\u0107a, kao i protiv privrednih dru\u0161tava Bemax i Master in\u017einjering.<\/p>\n\n\n\n<p>U saop\u0161tenju se navodi da postoji osnovana sumnja da je Ubovi\u0107 izvr\u0161io dva krivi\u010dna djela pranje novca, dok se ostali okrivljeni terete za po jedno isto krivi\u010dno djelo. SDT je predlo\u017eilo Vi\u0161em sudu u Podgorici da odredi pritvor za Ubovi\u0107a i Kova\u010devi\u0107a, koje je Specijalno policijsko odjeljenje uhapsilo uz podr\u0161ku Specijalne jedinice policije.<\/p>\n\n\n\n<p>Prema navodima tu\u017eila\u0161tva, tokom izvi\u0111aja su prikupljeni dokazi koji ukazuju da je Ubovi\u0107, zajedno sa Radojem Zvicerom, Vladimirom Ivanovi\u0107em i firmom Master in\u017einjering, 2020. godine prikrivao i la\u017eno prikazivao \u010dinjenice o vlasni\u0161tvu nad imovinom za koju je znao da je pribavljena kriminalnom djelatno\u0161\u0107u.<\/p>\n\n\n\n<p>\u201eUbovi\u0107 je, za gotov novac, prodao Zviceru pet stanova u Podgorici, bez zaklju\u010denih kupoprodajnih ugovora. Okrivljeni Ivanovi\u0107 i Master in\u017einjering prikrivali su \u010dinjenicu da je pravi vlasnik stanova Zvicer, jer su stanovi formalno ostali upisani kao svojina okrivljenog pravnog lica\u201c, saop\u0161tio je SDT.<\/p>\n\n\n\n<p>Tu\u017eila\u0161tvo navodi i da postoji osnovana sumnja da su Aleksandar Mijajlovi\u0107 i Zoran Lazovi\u0107 2019. godine stekli, dr\u017eali i koristili imovinu za koju su znali da poti\u010de od kriminalne djelatnosti.<\/p>\n\n\n\n<p>\u201eOni su iz dijela dobiti svojih kriminalnih organizacija kupili po jedan stan u Budvi, opremili ih i koristili ih sa \u010dlanovima porodica. Istovremeno, Vesko Kova\u010devi\u0107, Aleksandar Mijajlovi\u0107, Ranko Ubovi\u0107 i firma Bemax la\u017eno su prikazivali da je vlasnik tih stanova Bemax, kako bi prikrili stvarno vlasni\u0161tvo\u201c, navodi se u saop\u0161tenju.<\/p>","protected":false},"excerpt":{"rendered":"<p>Sutkinja za istragu Vi\u0161eg suda u Podgorici, Suzana Mugo\u0161a, odredila je pritvor do 30 dana biznismenu Ranku Ubovi\u0107u i njegovom poslovnom partneru Veselinu Kova\u010devi\u0107u.<\/p>","protected":false},"author":1,"featured_media":910025,"comment_status":"open","ping_status":"open","sticky":false,"template":"","format":"standard","meta":{"_acf_changed":false,"footnotes":""},"categories":[17],"tags":[1321,779,1322,97],"naslovna":[],"class_list":["post-960834","post","type-post","status-publish","format-standard","has-post-thumbnail","hentry","category-hronika","tag-ranko-ubovic","tag-sdt","tag-veselin-kovacevic","tag-visi-sud"],"acf":[],"yoast_head":"<!-- This site is optimized with the Yoast SEO plugin v27.4 - https:\/\/yoast.com\/product\/yoast-seo-wordpress\/ -->\n<title>Odre\u0111en pritvor Ubovi\u0107u i Kova\u010devi\u0107u - dmcsrb.com<\/title>\n<meta name=\"robots\" content=\"index, follow, max-snippet:-1, max-image-preview:large, max-video-preview:-1\" \/>\n<link rel=\"canonical\" href=\"https:\/\/dmcsrb.com\/en\/hronika\/odredjen-pritvor-ubovicu-i-kovacevicu\/\" \/>\n<meta property=\"og:locale\" content=\"en_GB\" \/>\n<meta property=\"og:type\" content=\"article\" \/>\n<meta property=\"og:title\" content=\"Odre\u0111en pritvor Ubovi\u0107u i Kova\u010devi\u0107u - dmcsrb.com\" \/>\n<meta property=\"og:description\" content=\"Sutkinja za istragu Vi\u0161eg suda u Podgorici, Suzana Mugo\u0161a, odredila je pritvor do 30 dana biznismenu Ranku Ubovi\u0107u i njegovom poslovnom partneru Veselinu Kova\u010devi\u0107u.\" \/>\n<meta property=\"og:url\" content=\"https:\/\/dmcsrb.com\/en\/hronika\/odredjen-pritvor-ubovicu-i-kovacevicu\/\" \/>\n<meta property=\"og:site_name\" content=\"dmcsrb.com\" \/>\n<meta property=\"article:published_time\" content=\"2025-10-30T05:06:00+00:00\" \/>\n<meta property=\"og:image\" content=\"https:\/\/dmcsrb.com\/wp-content\/uploads\/2026\/01\/ubovicrtcg.jpg\" \/>\n\t<meta property=\"og:image:width\" content=\"900\" \/>\n\t<meta property=\"og:image:height\" content=\"506\" \/>\n\t<meta property=\"og:image:type\" content=\"image\/jpeg\" \/>\n<meta name=\"author\" content=\"dmcsrbija.com@gmail.com\" \/>\n<meta name=\"twitter:card\" content=\"summary_large_image\" \/>\n<meta name=\"twitter:label1\" content=\"Written by\" \/>\n\t<meta name=\"twitter:data1\" content=\"dmcsrbija.com@gmail.com\" \/>\n\t<meta name=\"twitter:label2\" content=\"Estimated reading time\" \/>\n\t<meta name=\"twitter:data2\" content=\"2 minutes\" \/>\n<script type=\"application\/ld+json\" class=\"yoast-schema-graph\">{\"@context\":\"https:\\\/\\\/schema.org\",\"@graph\":[{\"@type\":\"Article\",\"@id\":\"https:\\\/\\\/dmcsrb.com\\\/hronika\\\/odredjen-pritvor-ubovicu-i-kovacevicu\\\/#article\",\"isPartOf\":{\"@id\":\"https:\\\/\\\/dmcsrb.com\\\/hronika\\\/odredjen-pritvor-ubovicu-i-kovacevicu\\\/\"},\"author\":{\"name\":\"dmcsrbija.com@gmail.com\",\"@id\":\"https:\\\/\\\/dmcsrb.com\\\/#\\\/schema\\\/person\\\/5c39170f12db1b8b457732d0b5c854e2\"},\"headline\":\"Odre\u0111en pritvor Ubovi\u0107u i Kova\u010devi\u0107u\",\"datePublished\":\"2025-10-30T05:06:00+00:00\",\"mainEntityOfPage\":{\"@id\":\"https:\\\/\\\/dmcsrb.com\\\/hronika\\\/odredjen-pritvor-ubovicu-i-kovacevicu\\\/\"},\"wordCount\":416,\"commentCount\":0,\"image\":{\"@id\":\"https:\\\/\\\/dmcsrb.com\\\/hronika\\\/odredjen-pritvor-ubovicu-i-kovacevicu\\\/#primaryimage\"},\"thumbnailUrl\":\"https:\\\/\\\/dmcsrb.com\\\/wp-content\\\/uploads\\\/2026\\\/01\\\/ubovicrtcg.jpg\",\"keywords\":[\"Ranko Ubovi\u0107\",\"SDT\",\"Veselin Kova\u010devi\u0107\",\"Visi sud\"],\"articleSection\":[\"Hronika\"],\"inLanguage\":\"en-GB\",\"potentialAction\":[{\"@type\":\"CommentAction\",\"name\":\"Comment\",\"target\":[\"https:\\\/\\\/dmcsrb.com\\\/hronika\\\/odredjen-pritvor-ubovicu-i-kovacevicu\\\/#respond\"]}]},{\"@type\":\"WebPage\",\"@id\":\"https:\\\/\\\/dmcsrb.com\\\/hronika\\\/odredjen-pritvor-ubovicu-i-kovacevicu\\\/\",\"url\":\"https:\\\/\\\/dmcsrb.com\\\/hronika\\\/odredjen-pritvor-ubovicu-i-kovacevicu\\\/\",\"name\":\"Odre\u0111en pritvor Ubovi\u0107u i Kova\u010devi\u0107u - dmcsrb.com\",\"isPartOf\":{\"@id\":\"https:\\\/\\\/dmcsrb.com\\\/#website\"},\"primaryImageOfPage\":{\"@id\":\"https:\\\/\\\/dmcsrb.com\\\/hronika\\\/odredjen-pritvor-ubovicu-i-kovacevicu\\\/#primaryimage\"},\"image\":{\"@id\":\"https:\\\/\\\/dmcsrb.com\\\/hronika\\\/odredjen-pritvor-ubovicu-i-kovacevicu\\\/#primaryimage\"},\"thumbnailUrl\":\"https:\\\/\\\/dmcsrb.com\\\/wp-content\\\/uploads\\\/2026\\\/01\\\/ubovicrtcg.jpg\",\"datePublished\":\"2025-10-30T05:06:00+00:00\",\"author\":{\"@id\":\"https:\\\/\\\/dmcsrb.com\\\/#\\\/schema\\\/person\\\/5c39170f12db1b8b457732d0b5c854e2\"},\"breadcrumb\":{\"@id\":\"https:\\\/\\\/dmcsrb.com\\\/hronika\\\/odredjen-pritvor-ubovicu-i-kovacevicu\\\/#breadcrumb\"},\"inLanguage\":\"en-GB\",\"potentialAction\":[{\"@type\":\"ReadAction\",\"target\":[\"https:\\\/\\\/dmcsrb.com\\\/hronika\\\/odredjen-pritvor-ubovicu-i-kovacevicu\\\/\"]}]},{\"@type\":\"ImageObject\",\"inLanguage\":\"en-GB\",\"@id\":\"https:\\\/\\\/dmcsrb.com\\\/hronika\\\/odredjen-pritvor-ubovicu-i-kovacevicu\\\/#primaryimage\",\"url\":\"https:\\\/\\\/dmcsrb.com\\\/wp-content\\\/uploads\\\/2026\\\/01\\\/ubovicrtcg.jpg\",\"contentUrl\":\"https:\\\/\\\/dmcsrb.com\\\/wp-content\\\/uploads\\\/2026\\\/01\\\/ubovicrtcg.jpg\",\"width\":900,\"height\":506},{\"@type\":\"BreadcrumbList\",\"@id\":\"https:\\\/\\\/dmcsrb.com\\\/hronika\\\/odredjen-pritvor-ubovicu-i-kovacevicu\\\/#breadcrumb\",\"itemListElement\":[{\"@type\":\"ListItem\",\"position\":1,\"name\":\"Home\",\"item\":\"https:\\\/\\\/dmcsrb.com\\\/\"},{\"@type\":\"ListItem\",\"position\":2,\"name\":\"Odre\u0111en pritvor Ubovi\u0107u i Kova\u010devi\u0107u\"}]},{\"@type\":\"WebSite\",\"@id\":\"https:\\\/\\\/dmcsrb.com\\\/#website\",\"url\":\"https:\\\/\\\/dmcsrb.com\\\/\",\"name\":\"dmcsrb.com\",\"description\":\"\",\"potentialAction\":[{\"@type\":\"SearchAction\",\"target\":{\"@type\":\"EntryPoint\",\"urlTemplate\":\"https:\\\/\\\/dmcsrb.com\\\/?s={search_term_string}\"},\"query-input\":{\"@type\":\"PropertyValueSpecification\",\"valueRequired\":true,\"valueName\":\"search_term_string\"}}],\"inLanguage\":\"en-GB\"},{\"@type\":\"Person\",\"@id\":\"https:\\\/\\\/dmcsrb.com\\\/#\\\/schema\\\/person\\\/5c39170f12db1b8b457732d0b5c854e2\",\"name\":\"dmcsrbija.com@gmail.com\",\"image\":{\"@type\":\"ImageObject\",\"inLanguage\":\"en-GB\",\"@id\":\"https:\\\/\\\/secure.gravatar.com\\\/avatar\\\/68592660ad6347fad0fb587f8d5d8f1a7b44961362f56e4f2cd524feb87e9069?s=96&d=mm&r=g\",\"url\":\"https:\\\/\\\/secure.gravatar.com\\\/avatar\\\/68592660ad6347fad0fb587f8d5d8f1a7b44961362f56e4f2cd524feb87e9069?s=96&d=mm&r=g\",\"contentUrl\":\"https:\\\/\\\/secure.gravatar.com\\\/avatar\\\/68592660ad6347fad0fb587f8d5d8f1a7b44961362f56e4f2cd524feb87e9069?s=96&d=mm&r=g\",\"caption\":\"dmcsrbija.com@gmail.com\"},\"sameAs\":[\"https:\\\/\\\/dmcsrb.com\"],\"url\":\"https:\\\/\\\/dmcsrb.com\\\/en\\\/author\\\/dmcsrbija-comgmail-com\\\/\"}]}<\/script>\n<!-- \/ Yoast SEO plugin. -->","yoast_head_json":{"title":"Odre\u0111en pritvor Ubovi\u0107u i Kova\u010devi\u0107u - dmcsrb.com","robots":{"index":"index","follow":"follow","max-snippet":"max-snippet:-1","max-image-preview":"max-image-preview:large","max-video-preview":"max-video-preview:-1"},"canonical":"https:\/\/dmcsrb.com\/en\/hronika\/odredjen-pritvor-ubovicu-i-kovacevicu\/","og_locale":"en_GB","og_type":"article","og_title":"Odre\u0111en pritvor Ubovi\u0107u i Kova\u010devi\u0107u - dmcsrb.com","og_description":"Sutkinja za istragu Vi\u0161eg suda u Podgorici, Suzana Mugo\u0161a, odredila je pritvor do 30 dana biznismenu Ranku Ubovi\u0107u i njegovom poslovnom partneru Veselinu Kova\u010devi\u0107u.","og_url":"https:\/\/dmcsrb.com\/en\/hronika\/odredjen-pritvor-ubovicu-i-kovacevicu\/","og_site_name":"dmcsrb.com","article_published_time":"2025-10-30T05:06:00+00:00","og_image":[{"width":900,"height":506,"url":"https:\/\/dmcsrb.com\/wp-content\/uploads\/2026\/01\/ubovicrtcg.jpg","type":"image\/jpeg"}],"author":"dmcsrbija.com@gmail.com","twitter_card":"summary_large_image","twitter_misc":{"Written by":"dmcsrbija.com@gmail.com","Estimated reading time":"2 minutes"},"schema":{"@context":"https:\/\/schema.org","@graph":[{"@type":"Article","@id":"https:\/\/dmcsrb.com\/hronika\/odredjen-pritvor-ubovicu-i-kovacevicu\/#article","isPartOf":{"@id":"https:\/\/dmcsrb.com\/hronika\/odredjen-pritvor-ubovicu-i-kovacevicu\/"},"author":{"name":"dmcsrbija.com@gmail.com","@id":"https:\/\/dmcsrb.com\/#\/schema\/person\/5c39170f12db1b8b457732d0b5c854e2"},"headline":"Odre\u0111en pritvor Ubovi\u0107u i Kova\u010devi\u0107u","datePublished":"2025-10-30T05:06:00+00:00","mainEntityOfPage":{"@id":"https:\/\/dmcsrb.com\/hronika\/odredjen-pritvor-ubovicu-i-kovacevicu\/"},"wordCount":416,"commentCount":0,"image":{"@id":"https:\/\/dmcsrb.com\/hronika\/odredjen-pritvor-ubovicu-i-kovacevicu\/#primaryimage"},"thumbnailUrl":"https:\/\/dmcsrb.com\/wp-content\/uploads\/2026\/01\/ubovicrtcg.jpg","keywords":["Ranko Ubovi\u0107","SDT","Veselin Kova\u010devi\u0107","Visi sud"],"articleSection":["Hronika"],"inLanguage":"en-GB","potentialAction":[{"@type":"CommentAction","name":"Comment","target":["https:\/\/dmcsrb.com\/hronika\/odredjen-pritvor-ubovicu-i-kovacevicu\/#respond"]}]},{"@type":"WebPage","@id":"https:\/\/dmcsrb.com\/hronika\/odredjen-pritvor-ubovicu-i-kovacevicu\/","url":"https:\/\/dmcsrb.com\/hronika\/odredjen-pritvor-ubovicu-i-kovacevicu\/","name":"Odre\u0111en pritvor Ubovi\u0107u i Kova\u010devi\u0107u - dmcsrb.com","isPartOf":{"@id":"https:\/\/dmcsrb.com\/#website"},"primaryImageOfPage":{"@id":"https:\/\/dmcsrb.com\/hronika\/odredjen-pritvor-ubovicu-i-kovacevicu\/#primaryimage"},"image":{"@id":"https:\/\/dmcsrb.com\/hronika\/odredjen-pritvor-ubovicu-i-kovacevicu\/#primaryimage"},"thumbnailUrl":"https:\/\/dmcsrb.com\/wp-content\/uploads\/2026\/01\/ubovicrtcg.jpg","datePublished":"2025-10-30T05:06:00+00:00","author":{"@id":"https:\/\/dmcsrb.com\/#\/schema\/person\/5c39170f12db1b8b457732d0b5c854e2"},"breadcrumb":{"@id":"https:\/\/dmcsrb.com\/hronika\/odredjen-pritvor-ubovicu-i-kovacevicu\/#breadcrumb"},"inLanguage":"en-GB","potentialAction":[{"@type":"ReadAction","target":["https:\/\/dmcsrb.com\/hronika\/odredjen-pritvor-ubovicu-i-kovacevicu\/"]}]},{"@type":"ImageObject","inLanguage":"en-GB","@id":"https:\/\/dmcsrb.com\/hronika\/odredjen-pritvor-ubovicu-i-kovacevicu\/#primaryimage","url":"https:\/\/dmcsrb.com\/wp-content\/uploads\/2026\/01\/ubovicrtcg.jpg","contentUrl":"https:\/\/dmcsrb.com\/wp-content\/uploads\/2026\/01\/ubovicrtcg.jpg","width":900,"height":506},{"@type":"BreadcrumbList","@id":"https:\/\/dmcsrb.com\/hronika\/odredjen-pritvor-ubovicu-i-kovacevicu\/#breadcrumb","itemListElement":[{"@type":"ListItem","position":1,"name":"Home","item":"https:\/\/dmcsrb.com\/"},{"@type":"ListItem","position":2,"name":"Odre\u0111en pritvor Ubovi\u0107u i Kova\u010devi\u0107u"}]},{"@type":"WebSite","@id":"https:\/\/dmcsrb.com\/#website","url":"https:\/\/dmcsrb.com\/","name":"dmcsrb.com","description":"","potentialAction":[{"@type":"SearchAction","target":{"@type":"EntryPoint","urlTemplate":"https:\/\/dmcsrb.com\/?s={search_term_string}"},"query-input":{"@type":"PropertyValueSpecification","valueRequired":true,"valueName":"search_term_string"}}],"inLanguage":"en-GB"},{"@type":"Person","@id":"https:\/\/dmcsrb.com\/#\/schema\/person\/5c39170f12db1b8b457732d0b5c854e2","name":"dmcsrbija.com@gmail.com","image":{"@type":"ImageObject","inLanguage":"en-GB","@id":"https:\/\/secure.gravatar.com\/avatar\/68592660ad6347fad0fb587f8d5d8f1a7b44961362f56e4f2cd524feb87e9069?s=96&d=mm&r=g","url":"https:\/\/secure.gravatar.com\/avatar\/68592660ad6347fad0fb587f8d5d8f1a7b44961362f56e4f2cd524feb87e9069?s=96&d=mm&r=g","contentUrl":"https:\/\/secure.gravatar.com\/avatar\/68592660ad6347fad0fb587f8d5d8f1a7b44961362f56e4f2cd524feb87e9069?s=96&d=mm&r=g","caption":"dmcsrbija.com@gmail.com"},"sameAs":["https:\/\/dmcsrb.com"],"url":"https:\/\/dmcsrb.com\/en\/author\/dmcsrbija-comgmail-com\/"}]}},"_links":{"self":[{"href":"https:\/\/dmcsrb.com\/en\/wp-json\/wp\/v2\/posts\/960834","targetHints":{"allow":["GET"]}}],"collection":[{"href":"https:\/\/dmcsrb.com\/en\/wp-json\/wp\/v2\/posts"}],"about":[{"href":"https:\/\/dmcsrb.com\/en\/wp-json\/wp\/v2\/types\/post"}],"author":[{"embeddable":true,"href":"https:\/\/dmcsrb.com\/en\/wp-json\/wp\/v2\/users\/1"}],"replies":[{"embeddable":true,"href":"https:\/\/dmcsrb.com\/en\/wp-json\/wp\/v2\/comments?post=960834"}],"version-history":[{"count":0,"href":"https:\/\/dmcsrb.com\/en\/wp-json\/wp\/v2\/posts\/960834\/revisions"}],"wp:featuredmedia":[{"embeddable":true,"href":"https:\/\/dmcsrb.com\/en\/wp-json\/wp\/v2\/media\/910025"}],"wp:attachment":[{"href":"https:\/\/dmcsrb.com\/en\/wp-json\/wp\/v2\/media?parent=960834"}],"wp:term":[{"taxonomy":"category","embeddable":true,"href":"https:\/\/dmcsrb.com\/en\/wp-json\/wp\/v2\/categories?post=960834"},{"taxonomy":"post_tag","embeddable":true,"href":"https:\/\/dmcsrb.com\/en\/wp-json\/wp\/v2\/tags?post=960834"},{"taxonomy":"naslovna","embeddable":true,"href":"https:\/\/dmcsrb.com\/en\/wp-json\/wp\/v2\/naslovna?post=960834"}],"curies":[{"name":"wp","href":"https:\/\/api.w.org\/{rel}","templated":true}]}}