{"id":960826,"date":"2025-10-29T21:39:00","date_gmt":"2025-10-29T20:39:00","guid":{"rendered":"https:\/\/dmcsrb.com\/uncategorized\/pocelo-evropsko-prvenstvo-u-sahu-za-mlade-u-budvi\/"},"modified":"2025-10-29T21:39:00","modified_gmt":"2025-10-29T20:39:00","slug":"pocelo-evropsko-prvenstvo-u-sahu-za-mlade-u-budvi","status":"publish","type":"post","link":"https:\/\/dmcsrb.com\/en\/sport\/pocelo-evropsko-prvenstvo-u-sahu-za-mlade-u-budvi\/","title":{"rendered":"Po\u010delo Evropsko prvenstvo u \u0161ahu za mlade u Budvi"},"content":{"rendered":"<p>Nakon \u0161to su predsjednici Evropske \u0161ahovske unije i \u0160ahovskog saveza Crne Gore, Zurab Azmapar\u0161vili i Jovan Milovi\u0107 ceremonijalno povukli prvi potez, 1160 mladih \u0161ahistkinja i \u0161ahista iz 48 evropskih dr\u017eava otpo\u010delo je borbe na crno bijelim tablama.<\/p>\n\n\n\n<p>Na takmi\u010denju nastupa preko 70 mladih igra\u010da iz Crne Gore.<\/p>\n\n\n\n<p>Katarina \u0110uki\u0107 pokazala je jo\u0161 jednom sjajnu igru i dokazala za\u0161to je pozvana u seniorsku reprezentaciju ove godine, a u prvom kolu bijelim figurama je nadigrala petnaestu nositeljku Magdalenu Pavicku iz Poljske.<\/p>\n\n\n\n<p>Trijumf je upisao i Zejn Agi\u0107, \u010dlan podgori\u010dkih Dijagonala, koji je savladao Dragutina Petrovi\u0107a, predstavnika Srbije.<\/p>\n\n\n\n<p>\u0110or\u0111e \u017di\u017ei\u0107, ovogodi\u0161nji omladinski prvak Crne Gore, remizirao je sa Adamom Zielonkom, iz Poljske, sedmim nosiocem turnira.<\/p>\n\n\n\n<p>Milo\u0161 Svrkota je odolio crnim figurama i remizirao sa Bo\u0161kom Stefanovi\u0107em iz Srbije.<\/p>\n\n\n\n<p>Sjutra je na programu drugo kolo, a po\u010detak je zakazan za 14h.<\/p>","protected":false},"excerpt":{"rendered":"<p>Evropsko prvenstva za mlade u \u0161ahu, koje se odr\u017eava u Budvi, po\u010delo je danas partijama prvog kola.<\/p>","protected":false},"author":1,"featured_media":960827,"comment_status":"open","ping_status":"open","sticky":false,"template":"","format":"standard","meta":{"_acf_changed":false,"footnotes":""},"categories":[148],"tags":[12532,1639,3965],"naslovna":[],"class_list":["post-960826","post","type-post","status-publish","format-standard","has-post-thumbnail","hentry","category-sport","tag-evropsko-prvenstvo-u-sahu-za-mlade-u-budvi","tag-sah-2","tag-sscg"],"acf":[],"yoast_head":"<!-- This site is optimized with the Yoast SEO plugin v27.4 - https:\/\/yoast.com\/product\/yoast-seo-wordpress\/ -->\n<title>Po\u010delo Evropsko prvenstvo u \u0161ahu za mlade u Budvi - dmcsrb.com<\/title>\n<meta name=\"robots\" content=\"index, follow, max-snippet:-1, max-image-preview:large, max-video-preview:-1\" \/>\n<link rel=\"canonical\" href=\"https:\/\/dmcsrb.com\/en\/sport\/pocelo-evropsko-prvenstvo-u-sahu-za-mlade-u-budvi\/\" \/>\n<meta property=\"og:locale\" content=\"en_GB\" \/>\n<meta property=\"og:type\" content=\"article\" \/>\n<meta property=\"og:title\" content=\"Po\u010delo Evropsko prvenstvo u \u0161ahu za mlade u Budvi - dmcsrb.com\" \/>\n<meta property=\"og:description\" content=\"Evropsko prvenstva za mlade u \u0161ahu, koje se odr\u017eava u Budvi, po\u010delo je danas partijama prvog kola.\" \/>\n<meta property=\"og:url\" content=\"https:\/\/dmcsrb.com\/en\/sport\/pocelo-evropsko-prvenstvo-u-sahu-za-mlade-u-budvi\/\" \/>\n<meta property=\"og:site_name\" content=\"dmcsrb.com\" \/>\n<meta property=\"article:published_time\" content=\"2025-10-29T20:39:00+00:00\" \/>\n<meta property=\"og:image\" content=\"https:\/\/dmcsrb.com\/wp-content\/uploads\/2026\/01\/Sah-mladi-Budva-SSCG.webp\" \/>\n\t<meta property=\"og:image:width\" content=\"2048\" \/>\n\t<meta property=\"og:image:height\" content=\"1365\" \/>\n\t<meta property=\"og:image:type\" content=\"image\/jpeg\" \/>\n<meta name=\"author\" content=\"dmcsrbija.com@gmail.com\" \/>\n<meta name=\"twitter:card\" content=\"summary_large_image\" \/>\n<meta name=\"twitter:label1\" content=\"Written by\" \/>\n\t<meta name=\"twitter:data1\" content=\"dmcsrbija.com@gmail.com\" \/>\n\t<meta name=\"twitter:label2\" content=\"Estimated reading time\" \/>\n\t<meta name=\"twitter:data2\" content=\"1 minute\" \/>\n<script type=\"application\/ld+json\" class=\"yoast-schema-graph\">{\"@context\":\"https:\\\/\\\/schema.org\",\"@graph\":[{\"@type\":\"Article\",\"@id\":\"https:\\\/\\\/dmcsrb.com\\\/sport\\\/pocelo-evropsko-prvenstvo-u-sahu-za-mlade-u-budvi\\\/#article\",\"isPartOf\":{\"@id\":\"https:\\\/\\\/dmcsrb.com\\\/sport\\\/pocelo-evropsko-prvenstvo-u-sahu-za-mlade-u-budvi\\\/\"},\"author\":{\"name\":\"dmcsrbija.com@gmail.com\",\"@id\":\"https:\\\/\\\/dmcsrb.com\\\/#\\\/schema\\\/person\\\/5c39170f12db1b8b457732d0b5c854e2\"},\"headline\":\"Po\u010delo Evropsko prvenstvo u \u0161ahu za mlade u Budvi\",\"datePublished\":\"2025-10-29T20:39:00+00:00\",\"mainEntityOfPage\":{\"@id\":\"https:\\\/\\\/dmcsrb.com\\\/sport\\\/pocelo-evropsko-prvenstvo-u-sahu-za-mlade-u-budvi\\\/\"},\"wordCount\":158,\"commentCount\":0,\"image\":{\"@id\":\"https:\\\/\\\/dmcsrb.com\\\/sport\\\/pocelo-evropsko-prvenstvo-u-sahu-za-mlade-u-budvi\\\/#primaryimage\"},\"thumbnailUrl\":\"https:\\\/\\\/dmcsrb.com\\\/wp-content\\\/uploads\\\/2026\\\/01\\\/Sah-mladi-Budva-SSCG.webp\",\"keywords\":[\"Evropsko prvenstvo u \u0161ahu za mlade u Budvi\",\"\u0161ah\",\"\u0160SCG\"],\"articleSection\":[\"Sport\"],\"inLanguage\":\"en-GB\",\"potentialAction\":[{\"@type\":\"CommentAction\",\"name\":\"Comment\",\"target\":[\"https:\\\/\\\/dmcsrb.com\\\/sport\\\/pocelo-evropsko-prvenstvo-u-sahu-za-mlade-u-budvi\\\/#respond\"]}]},{\"@type\":\"WebPage\",\"@id\":\"https:\\\/\\\/dmcsrb.com\\\/sport\\\/pocelo-evropsko-prvenstvo-u-sahu-za-mlade-u-budvi\\\/\",\"url\":\"https:\\\/\\\/dmcsrb.com\\\/sport\\\/pocelo-evropsko-prvenstvo-u-sahu-za-mlade-u-budvi\\\/\",\"name\":\"Po\u010delo Evropsko prvenstvo u \u0161ahu za mlade u Budvi - dmcsrb.com\",\"isPartOf\":{\"@id\":\"https:\\\/\\\/dmcsrb.com\\\/#website\"},\"primaryImageOfPage\":{\"@id\":\"https:\\\/\\\/dmcsrb.com\\\/sport\\\/pocelo-evropsko-prvenstvo-u-sahu-za-mlade-u-budvi\\\/#primaryimage\"},\"image\":{\"@id\":\"https:\\\/\\\/dmcsrb.com\\\/sport\\\/pocelo-evropsko-prvenstvo-u-sahu-za-mlade-u-budvi\\\/#primaryimage\"},\"thumbnailUrl\":\"https:\\\/\\\/dmcsrb.com\\\/wp-content\\\/uploads\\\/2026\\\/01\\\/Sah-mladi-Budva-SSCG.webp\",\"datePublished\":\"2025-10-29T20:39:00+00:00\",\"author\":{\"@id\":\"https:\\\/\\\/dmcsrb.com\\\/#\\\/schema\\\/person\\\/5c39170f12db1b8b457732d0b5c854e2\"},\"breadcrumb\":{\"@id\":\"https:\\\/\\\/dmcsrb.com\\\/sport\\\/pocelo-evropsko-prvenstvo-u-sahu-za-mlade-u-budvi\\\/#breadcrumb\"},\"inLanguage\":\"en-GB\",\"potentialAction\":[{\"@type\":\"ReadAction\",\"target\":[\"https:\\\/\\\/dmcsrb.com\\\/sport\\\/pocelo-evropsko-prvenstvo-u-sahu-za-mlade-u-budvi\\\/\"]}]},{\"@type\":\"ImageObject\",\"inLanguage\":\"en-GB\",\"@id\":\"https:\\\/\\\/dmcsrb.com\\\/sport\\\/pocelo-evropsko-prvenstvo-u-sahu-za-mlade-u-budvi\\\/#primaryimage\",\"url\":\"https:\\\/\\\/dmcsrb.com\\\/wp-content\\\/uploads\\\/2026\\\/01\\\/Sah-mladi-Budva-SSCG.webp\",\"contentUrl\":\"https:\\\/\\\/dmcsrb.com\\\/wp-content\\\/uploads\\\/2026\\\/01\\\/Sah-mladi-Budva-SSCG.webp\",\"width\":2048,\"height\":1365},{\"@type\":\"BreadcrumbList\",\"@id\":\"https:\\\/\\\/dmcsrb.com\\\/sport\\\/pocelo-evropsko-prvenstvo-u-sahu-za-mlade-u-budvi\\\/#breadcrumb\",\"itemListElement\":[{\"@type\":\"ListItem\",\"position\":1,\"name\":\"Home\",\"item\":\"https:\\\/\\\/dmcsrb.com\\\/\"},{\"@type\":\"ListItem\",\"position\":2,\"name\":\"Po\u010delo Evropsko prvenstvo u \u0161ahu za mlade u Budvi\"}]},{\"@type\":\"WebSite\",\"@id\":\"https:\\\/\\\/dmcsrb.com\\\/#website\",\"url\":\"https:\\\/\\\/dmcsrb.com\\\/\",\"name\":\"dmcsrb.com\",\"description\":\"\",\"potentialAction\":[{\"@type\":\"SearchAction\",\"target\":{\"@type\":\"EntryPoint\",\"urlTemplate\":\"https:\\\/\\\/dmcsrb.com\\\/?s={search_term_string}\"},\"query-input\":{\"@type\":\"PropertyValueSpecification\",\"valueRequired\":true,\"valueName\":\"search_term_string\"}}],\"inLanguage\":\"en-GB\"},{\"@type\":\"Person\",\"@id\":\"https:\\\/\\\/dmcsrb.com\\\/#\\\/schema\\\/person\\\/5c39170f12db1b8b457732d0b5c854e2\",\"name\":\"dmcsrbija.com@gmail.com\",\"image\":{\"@type\":\"ImageObject\",\"inLanguage\":\"en-GB\",\"@id\":\"https:\\\/\\\/secure.gravatar.com\\\/avatar\\\/68592660ad6347fad0fb587f8d5d8f1a7b44961362f56e4f2cd524feb87e9069?s=96&d=mm&r=g\",\"url\":\"https:\\\/\\\/secure.gravatar.com\\\/avatar\\\/68592660ad6347fad0fb587f8d5d8f1a7b44961362f56e4f2cd524feb87e9069?s=96&d=mm&r=g\",\"contentUrl\":\"https:\\\/\\\/secure.gravatar.com\\\/avatar\\\/68592660ad6347fad0fb587f8d5d8f1a7b44961362f56e4f2cd524feb87e9069?s=96&d=mm&r=g\",\"caption\":\"dmcsrbija.com@gmail.com\"},\"sameAs\":[\"https:\\\/\\\/dmcsrb.com\"],\"url\":\"https:\\\/\\\/dmcsrb.com\\\/en\\\/author\\\/dmcsrbija-comgmail-com\\\/\"}]}<\/script>\n<!-- \/ Yoast SEO plugin. -->","yoast_head_json":{"title":"Po\u010delo Evropsko prvenstvo u \u0161ahu za mlade u Budvi - dmcsrb.com","robots":{"index":"index","follow":"follow","max-snippet":"max-snippet:-1","max-image-preview":"max-image-preview:large","max-video-preview":"max-video-preview:-1"},"canonical":"https:\/\/dmcsrb.com\/en\/sport\/pocelo-evropsko-prvenstvo-u-sahu-za-mlade-u-budvi\/","og_locale":"en_GB","og_type":"article","og_title":"Po\u010delo Evropsko prvenstvo u \u0161ahu za mlade u Budvi - dmcsrb.com","og_description":"Evropsko prvenstva za mlade u \u0161ahu, koje se odr\u017eava u Budvi, po\u010delo je danas partijama prvog kola.","og_url":"https:\/\/dmcsrb.com\/en\/sport\/pocelo-evropsko-prvenstvo-u-sahu-za-mlade-u-budvi\/","og_site_name":"dmcsrb.com","article_published_time":"2025-10-29T20:39:00+00:00","og_image":[{"width":2048,"height":1365,"url":"https:\/\/dmcsrb.com\/wp-content\/uploads\/2026\/01\/Sah-mladi-Budva-SSCG.webp","type":"image\/jpeg"}],"author":"dmcsrbija.com@gmail.com","twitter_card":"summary_large_image","twitter_misc":{"Written by":"dmcsrbija.com@gmail.com","Estimated reading time":"1 minute"},"schema":{"@context":"https:\/\/schema.org","@graph":[{"@type":"Article","@id":"https:\/\/dmcsrb.com\/sport\/pocelo-evropsko-prvenstvo-u-sahu-za-mlade-u-budvi\/#article","isPartOf":{"@id":"https:\/\/dmcsrb.com\/sport\/pocelo-evropsko-prvenstvo-u-sahu-za-mlade-u-budvi\/"},"author":{"name":"dmcsrbija.com@gmail.com","@id":"https:\/\/dmcsrb.com\/#\/schema\/person\/5c39170f12db1b8b457732d0b5c854e2"},"headline":"Po\u010delo Evropsko prvenstvo u \u0161ahu za mlade u Budvi","datePublished":"2025-10-29T20:39:00+00:00","mainEntityOfPage":{"@id":"https:\/\/dmcsrb.com\/sport\/pocelo-evropsko-prvenstvo-u-sahu-za-mlade-u-budvi\/"},"wordCount":158,"commentCount":0,"image":{"@id":"https:\/\/dmcsrb.com\/sport\/pocelo-evropsko-prvenstvo-u-sahu-za-mlade-u-budvi\/#primaryimage"},"thumbnailUrl":"https:\/\/dmcsrb.com\/wp-content\/uploads\/2026\/01\/Sah-mladi-Budva-SSCG.webp","keywords":["Evropsko prvenstvo u \u0161ahu za mlade u Budvi","\u0161ah","\u0160SCG"],"articleSection":["Sport"],"inLanguage":"en-GB","potentialAction":[{"@type":"CommentAction","name":"Comment","target":["https:\/\/dmcsrb.com\/sport\/pocelo-evropsko-prvenstvo-u-sahu-za-mlade-u-budvi\/#respond"]}]},{"@type":"WebPage","@id":"https:\/\/dmcsrb.com\/sport\/pocelo-evropsko-prvenstvo-u-sahu-za-mlade-u-budvi\/","url":"https:\/\/dmcsrb.com\/sport\/pocelo-evropsko-prvenstvo-u-sahu-za-mlade-u-budvi\/","name":"Po\u010delo Evropsko prvenstvo u \u0161ahu za mlade u Budvi - dmcsrb.com","isPartOf":{"@id":"https:\/\/dmcsrb.com\/#website"},"primaryImageOfPage":{"@id":"https:\/\/dmcsrb.com\/sport\/pocelo-evropsko-prvenstvo-u-sahu-za-mlade-u-budvi\/#primaryimage"},"image":{"@id":"https:\/\/dmcsrb.com\/sport\/pocelo-evropsko-prvenstvo-u-sahu-za-mlade-u-budvi\/#primaryimage"},"thumbnailUrl":"https:\/\/dmcsrb.com\/wp-content\/uploads\/2026\/01\/Sah-mladi-Budva-SSCG.webp","datePublished":"2025-10-29T20:39:00+00:00","author":{"@id":"https:\/\/dmcsrb.com\/#\/schema\/person\/5c39170f12db1b8b457732d0b5c854e2"},"breadcrumb":{"@id":"https:\/\/dmcsrb.com\/sport\/pocelo-evropsko-prvenstvo-u-sahu-za-mlade-u-budvi\/#breadcrumb"},"inLanguage":"en-GB","potentialAction":[{"@type":"ReadAction","target":["https:\/\/dmcsrb.com\/sport\/pocelo-evropsko-prvenstvo-u-sahu-za-mlade-u-budvi\/"]}]},{"@type":"ImageObject","inLanguage":"en-GB","@id":"https:\/\/dmcsrb.com\/sport\/pocelo-evropsko-prvenstvo-u-sahu-za-mlade-u-budvi\/#primaryimage","url":"https:\/\/dmcsrb.com\/wp-content\/uploads\/2026\/01\/Sah-mladi-Budva-SSCG.webp","contentUrl":"https:\/\/dmcsrb.com\/wp-content\/uploads\/2026\/01\/Sah-mladi-Budva-SSCG.webp","width":2048,"height":1365},{"@type":"BreadcrumbList","@id":"https:\/\/dmcsrb.com\/sport\/pocelo-evropsko-prvenstvo-u-sahu-za-mlade-u-budvi\/#breadcrumb","itemListElement":[{"@type":"ListItem","position":1,"name":"Home","item":"https:\/\/dmcsrb.com\/"},{"@type":"ListItem","position":2,"name":"Po\u010delo Evropsko prvenstvo u \u0161ahu za mlade u Budvi"}]},{"@type":"WebSite","@id":"https:\/\/dmcsrb.com\/#website","url":"https:\/\/dmcsrb.com\/","name":"dmcsrb.com","description":"","potentialAction":[{"@type":"SearchAction","target":{"@type":"EntryPoint","urlTemplate":"https:\/\/dmcsrb.com\/?s={search_term_string}"},"query-input":{"@type":"PropertyValueSpecification","valueRequired":true,"valueName":"search_term_string"}}],"inLanguage":"en-GB"},{"@type":"Person","@id":"https:\/\/dmcsrb.com\/#\/schema\/person\/5c39170f12db1b8b457732d0b5c854e2","name":"dmcsrbija.com@gmail.com","image":{"@type":"ImageObject","inLanguage":"en-GB","@id":"https:\/\/secure.gravatar.com\/avatar\/68592660ad6347fad0fb587f8d5d8f1a7b44961362f56e4f2cd524feb87e9069?s=96&d=mm&r=g","url":"https:\/\/secure.gravatar.com\/avatar\/68592660ad6347fad0fb587f8d5d8f1a7b44961362f56e4f2cd524feb87e9069?s=96&d=mm&r=g","contentUrl":"https:\/\/secure.gravatar.com\/avatar\/68592660ad6347fad0fb587f8d5d8f1a7b44961362f56e4f2cd524feb87e9069?s=96&d=mm&r=g","caption":"dmcsrbija.com@gmail.com"},"sameAs":["https:\/\/dmcsrb.com"],"url":"https:\/\/dmcsrb.com\/en\/author\/dmcsrbija-comgmail-com\/"}]}},"_links":{"self":[{"href":"https:\/\/dmcsrb.com\/en\/wp-json\/wp\/v2\/posts\/960826","targetHints":{"allow":["GET"]}}],"collection":[{"href":"https:\/\/dmcsrb.com\/en\/wp-json\/wp\/v2\/posts"}],"about":[{"href":"https:\/\/dmcsrb.com\/en\/wp-json\/wp\/v2\/types\/post"}],"author":[{"embeddable":true,"href":"https:\/\/dmcsrb.com\/en\/wp-json\/wp\/v2\/users\/1"}],"replies":[{"embeddable":true,"href":"https:\/\/dmcsrb.com\/en\/wp-json\/wp\/v2\/comments?post=960826"}],"version-history":[{"count":0,"href":"https:\/\/dmcsrb.com\/en\/wp-json\/wp\/v2\/posts\/960826\/revisions"}],"wp:featuredmedia":[{"embeddable":true,"href":"https:\/\/dmcsrb.com\/en\/wp-json\/wp\/v2\/media\/960827"}],"wp:attachment":[{"href":"https:\/\/dmcsrb.com\/en\/wp-json\/wp\/v2\/media?parent=960826"}],"wp:term":[{"taxonomy":"category","embeddable":true,"href":"https:\/\/dmcsrb.com\/en\/wp-json\/wp\/v2\/categories?post=960826"},{"taxonomy":"post_tag","embeddable":true,"href":"https:\/\/dmcsrb.com\/en\/wp-json\/wp\/v2\/tags?post=960826"},{"taxonomy":"naslovna","embeddable":true,"href":"https:\/\/dmcsrb.com\/en\/wp-json\/wp\/v2\/naslovna?post=960826"}],"curies":[{"name":"wp","href":"https:\/\/api.w.org\/{rel}","templated":true}]}}