{"id":960822,"date":"2025-10-29T20:25:47","date_gmt":"2025-10-29T19:25:47","guid":{"rendered":"https:\/\/dmcsrb.com\/uncategorized\/ubovic-i-kovacevic-na-saslusanju-kod-sudije-za-istragu\/"},"modified":"2025-10-29T20:25:47","modified_gmt":"2025-10-29T19:25:47","slug":"ubovic-i-kovacevic-na-saslusanju-kod-sudije-za-istragu","status":"publish","type":"post","link":"https:\/\/dmcsrb.com\/en\/hronika\/ubovic-i-kovacevic-na-saslusanju-kod-sudije-za-istragu\/","title":{"rendered":"Ubovi\u0107 i Kova\u010devi\u0107 na saslu\u0161anju kod sudije za istragu"},"content":{"rendered":"<p><\/p>\n\n\n\n<p><\/p>\n\n\n\n<p>Sudija za istragu \u0107e odlu\u010diti da li \u0107e prihvatiti prijedlog Specijalnog dr\u017eavnog tu\u017eila\u0161tva i dvojici biznismena odrediti pritvor do 30 dana.<\/p>\n\n\n\n<p>Specijalno dr\u017eavno tu\u017eila\u0161tvo (SDT) pokrenulo je danas krivi\u010dni postupak protiv okrivljenih Ranka Ubovi\u0107a i Zorana Lazovi\u0107a zbog krivi\u010dnog djela pranje novca.<br><br>SDT je pokrenuo krivi\u010dni postupak i protiv Aleksandra Mijajlovi\u0107a, Vladana Ivanovi\u0107a i Veselina Kova\u010devi\u0107a, ali i privrednih dru\u0161tava Bemax DOO Podgorica i Master in\u017einjering DOO Podgorica, zbog postojanja osnovane sumnje da je okrivljeni Ubovi\u0107 izvr\u0161io dva krivi\u010dna djela pranje novca, a ostali okrivljeni krivi\u010dno djelo pranje novca.<\/p>\n\n\n\n<p>Iz prikupljenih dokaza, navode iz SDT-a, proizilazi osnovana sumnja da je Ubovi\u0107, u 2020. godini, zajedno sa okrivljenim Radojem Zvicerom, Ivanovi\u0107em i pravnim licem &#8220;Master in\u017einjering&#8221;, protiv kojih je ve\u0107 ranije odre\u0111eno sprovo\u0111enje istrage za krivi\u010dno djelo pranje novca, prikrivao i la\u017eno prikazivao \u010dinjenice o vlasni\u0161tvu imovine za koju je znao da je pribavljena kriminalnom djelatno\u0161\u0107u okrivljenog Zvidera.<\/p>\n\n\n\n<p>Navode da mu je za gotov novac prodao pet stanova u Podgorici, a da nijesu zaklju\u010deni kupoprodajni ugovori. Ivanovi\u0107 i pravno lice &#8220;Master in\u017einjering&#8221; su prikrivali \u010dinjenicu da je vlasnik stanova okrivljeni Zvicer, jer su stanovi ostali formalno upisani kao svojina okrivljenog pravnog lica.<\/p>","protected":false},"excerpt":{"rendered":"<p>U Vi\u0161em sudu u Podgorici u toku su saslu\u0161anja biznismena Ranka Ubovi\u0107a i Veselina Kova\u010devi\u0107a, biv\u0161eg vlasnika i aktuelnog predsjednika Odbora direktora &#8220;Bemaksa&#8221;, koji su prije dva dana uhap\u0161eni zbog sumnje da su prali novac.<\/p>","protected":false},"author":1,"featured_media":910025,"comment_status":"open","ping_status":"open","sticky":false,"template":"","format":"standard","meta":{"_acf_changed":false,"footnotes":""},"categories":[17],"tags":[1321,1322],"naslovna":[],"class_list":["post-960822","post","type-post","status-publish","format-standard","has-post-thumbnail","hentry","category-hronika","tag-ranko-ubovic","tag-veselin-kovacevic"],"acf":[],"yoast_head":"<!-- This site is optimized with the Yoast SEO plugin v27.4 - https:\/\/yoast.com\/product\/yoast-seo-wordpress\/ -->\n<title>Ubovi\u0107 i Kova\u010devi\u0107 na saslu\u0161anju kod sudije za istragu - dmcsrb.com<\/title>\n<meta name=\"robots\" content=\"index, follow, max-snippet:-1, max-image-preview:large, max-video-preview:-1\" \/>\n<link rel=\"canonical\" href=\"https:\/\/dmcsrb.com\/en\/hronika\/ubovic-i-kovacevic-na-saslusanju-kod-sudije-za-istragu\/\" \/>\n<meta property=\"og:locale\" content=\"en_GB\" \/>\n<meta property=\"og:type\" content=\"article\" \/>\n<meta property=\"og:title\" content=\"Ubovi\u0107 i Kova\u010devi\u0107 na saslu\u0161anju kod sudije za istragu - dmcsrb.com\" \/>\n<meta property=\"og:description\" content=\"U Vi\u0161em sudu u Podgorici u toku su saslu\u0161anja biznismena Ranka Ubovi\u0107a i Veselina Kova\u010devi\u0107a, biv\u0161eg vlasnika i aktuelnog predsjednika Odbora direktora &quot;Bemaksa&quot;, koji su prije dva dana uhap\u0161eni zbog sumnje da su prali novac.\" \/>\n<meta property=\"og:url\" content=\"https:\/\/dmcsrb.com\/en\/hronika\/ubovic-i-kovacevic-na-saslusanju-kod-sudije-za-istragu\/\" \/>\n<meta property=\"og:site_name\" content=\"dmcsrb.com\" \/>\n<meta property=\"article:published_time\" content=\"2025-10-29T19:25:47+00:00\" \/>\n<meta property=\"og:image\" content=\"https:\/\/dmcsrb.com\/wp-content\/uploads\/2026\/01\/ubovicrtcg.jpg\" \/>\n\t<meta property=\"og:image:width\" content=\"900\" \/>\n\t<meta property=\"og:image:height\" content=\"506\" \/>\n\t<meta property=\"og:image:type\" content=\"image\/jpeg\" \/>\n<meta name=\"author\" content=\"dmcsrbija.com@gmail.com\" \/>\n<meta name=\"twitter:card\" content=\"summary_large_image\" \/>\n<meta name=\"twitter:label1\" content=\"Written by\" \/>\n\t<meta name=\"twitter:data1\" content=\"dmcsrbija.com@gmail.com\" \/>\n\t<meta name=\"twitter:label2\" content=\"Estimated reading time\" \/>\n\t<meta name=\"twitter:data2\" content=\"1 minute\" \/>\n<script type=\"application\/ld+json\" class=\"yoast-schema-graph\">{\"@context\":\"https:\\\/\\\/schema.org\",\"@graph\":[{\"@type\":\"Article\",\"@id\":\"https:\\\/\\\/dmcsrb.com\\\/hronika\\\/ubovic-i-kovacevic-na-saslusanju-kod-sudije-za-istragu\\\/#article\",\"isPartOf\":{\"@id\":\"https:\\\/\\\/dmcsrb.com\\\/hronika\\\/ubovic-i-kovacevic-na-saslusanju-kod-sudije-za-istragu\\\/\"},\"author\":{\"name\":\"dmcsrbija.com@gmail.com\",\"@id\":\"https:\\\/\\\/dmcsrb.com\\\/#\\\/schema\\\/person\\\/5c39170f12db1b8b457732d0b5c854e2\"},\"headline\":\"Ubovi\u0107 i Kova\u010devi\u0107 na saslu\u0161anju kod sudije za istragu\",\"datePublished\":\"2025-10-29T19:25:47+00:00\",\"mainEntityOfPage\":{\"@id\":\"https:\\\/\\\/dmcsrb.com\\\/hronika\\\/ubovic-i-kovacevic-na-saslusanju-kod-sudije-za-istragu\\\/\"},\"wordCount\":231,\"commentCount\":0,\"image\":{\"@id\":\"https:\\\/\\\/dmcsrb.com\\\/hronika\\\/ubovic-i-kovacevic-na-saslusanju-kod-sudije-za-istragu\\\/#primaryimage\"},\"thumbnailUrl\":\"https:\\\/\\\/dmcsrb.com\\\/wp-content\\\/uploads\\\/2026\\\/01\\\/ubovicrtcg.jpg\",\"keywords\":[\"Ranko Ubovi\u0107\",\"Veselin Kova\u010devi\u0107\"],\"articleSection\":[\"Hronika\"],\"inLanguage\":\"en-GB\",\"potentialAction\":[{\"@type\":\"CommentAction\",\"name\":\"Comment\",\"target\":[\"https:\\\/\\\/dmcsrb.com\\\/hronika\\\/ubovic-i-kovacevic-na-saslusanju-kod-sudije-za-istragu\\\/#respond\"]}]},{\"@type\":\"WebPage\",\"@id\":\"https:\\\/\\\/dmcsrb.com\\\/hronika\\\/ubovic-i-kovacevic-na-saslusanju-kod-sudije-za-istragu\\\/\",\"url\":\"https:\\\/\\\/dmcsrb.com\\\/hronika\\\/ubovic-i-kovacevic-na-saslusanju-kod-sudije-za-istragu\\\/\",\"name\":\"Ubovi\u0107 i Kova\u010devi\u0107 na saslu\u0161anju kod sudije za istragu - dmcsrb.com\",\"isPartOf\":{\"@id\":\"https:\\\/\\\/dmcsrb.com\\\/#website\"},\"primaryImageOfPage\":{\"@id\":\"https:\\\/\\\/dmcsrb.com\\\/hronika\\\/ubovic-i-kovacevic-na-saslusanju-kod-sudije-za-istragu\\\/#primaryimage\"},\"image\":{\"@id\":\"https:\\\/\\\/dmcsrb.com\\\/hronika\\\/ubovic-i-kovacevic-na-saslusanju-kod-sudije-za-istragu\\\/#primaryimage\"},\"thumbnailUrl\":\"https:\\\/\\\/dmcsrb.com\\\/wp-content\\\/uploads\\\/2026\\\/01\\\/ubovicrtcg.jpg\",\"datePublished\":\"2025-10-29T19:25:47+00:00\",\"author\":{\"@id\":\"https:\\\/\\\/dmcsrb.com\\\/#\\\/schema\\\/person\\\/5c39170f12db1b8b457732d0b5c854e2\"},\"breadcrumb\":{\"@id\":\"https:\\\/\\\/dmcsrb.com\\\/hronika\\\/ubovic-i-kovacevic-na-saslusanju-kod-sudije-za-istragu\\\/#breadcrumb\"},\"inLanguage\":\"en-GB\",\"potentialAction\":[{\"@type\":\"ReadAction\",\"target\":[\"https:\\\/\\\/dmcsrb.com\\\/hronika\\\/ubovic-i-kovacevic-na-saslusanju-kod-sudije-za-istragu\\\/\"]}]},{\"@type\":\"ImageObject\",\"inLanguage\":\"en-GB\",\"@id\":\"https:\\\/\\\/dmcsrb.com\\\/hronika\\\/ubovic-i-kovacevic-na-saslusanju-kod-sudije-za-istragu\\\/#primaryimage\",\"url\":\"https:\\\/\\\/dmcsrb.com\\\/wp-content\\\/uploads\\\/2026\\\/01\\\/ubovicrtcg.jpg\",\"contentUrl\":\"https:\\\/\\\/dmcsrb.com\\\/wp-content\\\/uploads\\\/2026\\\/01\\\/ubovicrtcg.jpg\",\"width\":900,\"height\":506},{\"@type\":\"BreadcrumbList\",\"@id\":\"https:\\\/\\\/dmcsrb.com\\\/hronika\\\/ubovic-i-kovacevic-na-saslusanju-kod-sudije-za-istragu\\\/#breadcrumb\",\"itemListElement\":[{\"@type\":\"ListItem\",\"position\":1,\"name\":\"Home\",\"item\":\"https:\\\/\\\/dmcsrb.com\\\/\"},{\"@type\":\"ListItem\",\"position\":2,\"name\":\"Ubovi\u0107 i Kova\u010devi\u0107 na saslu\u0161anju kod sudije za istragu\"}]},{\"@type\":\"WebSite\",\"@id\":\"https:\\\/\\\/dmcsrb.com\\\/#website\",\"url\":\"https:\\\/\\\/dmcsrb.com\\\/\",\"name\":\"dmcsrb.com\",\"description\":\"\",\"potentialAction\":[{\"@type\":\"SearchAction\",\"target\":{\"@type\":\"EntryPoint\",\"urlTemplate\":\"https:\\\/\\\/dmcsrb.com\\\/?s={search_term_string}\"},\"query-input\":{\"@type\":\"PropertyValueSpecification\",\"valueRequired\":true,\"valueName\":\"search_term_string\"}}],\"inLanguage\":\"en-GB\"},{\"@type\":\"Person\",\"@id\":\"https:\\\/\\\/dmcsrb.com\\\/#\\\/schema\\\/person\\\/5c39170f12db1b8b457732d0b5c854e2\",\"name\":\"dmcsrbija.com@gmail.com\",\"image\":{\"@type\":\"ImageObject\",\"inLanguage\":\"en-GB\",\"@id\":\"https:\\\/\\\/secure.gravatar.com\\\/avatar\\\/68592660ad6347fad0fb587f8d5d8f1a7b44961362f56e4f2cd524feb87e9069?s=96&d=mm&r=g\",\"url\":\"https:\\\/\\\/secure.gravatar.com\\\/avatar\\\/68592660ad6347fad0fb587f8d5d8f1a7b44961362f56e4f2cd524feb87e9069?s=96&d=mm&r=g\",\"contentUrl\":\"https:\\\/\\\/secure.gravatar.com\\\/avatar\\\/68592660ad6347fad0fb587f8d5d8f1a7b44961362f56e4f2cd524feb87e9069?s=96&d=mm&r=g\",\"caption\":\"dmcsrbija.com@gmail.com\"},\"sameAs\":[\"https:\\\/\\\/dmcsrb.com\"],\"url\":\"https:\\\/\\\/dmcsrb.com\\\/en\\\/author\\\/dmcsrbija-comgmail-com\\\/\"}]}<\/script>\n<!-- \/ Yoast SEO plugin. -->","yoast_head_json":{"title":"Ubovi\u0107 i Kova\u010devi\u0107 na saslu\u0161anju kod sudije za istragu - dmcsrb.com","robots":{"index":"index","follow":"follow","max-snippet":"max-snippet:-1","max-image-preview":"max-image-preview:large","max-video-preview":"max-video-preview:-1"},"canonical":"https:\/\/dmcsrb.com\/en\/hronika\/ubovic-i-kovacevic-na-saslusanju-kod-sudije-za-istragu\/","og_locale":"en_GB","og_type":"article","og_title":"Ubovi\u0107 i Kova\u010devi\u0107 na saslu\u0161anju kod sudije za istragu - dmcsrb.com","og_description":"U Vi\u0161em sudu u Podgorici u toku su saslu\u0161anja biznismena Ranka Ubovi\u0107a i Veselina Kova\u010devi\u0107a, biv\u0161eg vlasnika i aktuelnog predsjednika Odbora direktora \"Bemaksa\", koji su prije dva dana uhap\u0161eni zbog sumnje da su prali novac.","og_url":"https:\/\/dmcsrb.com\/en\/hronika\/ubovic-i-kovacevic-na-saslusanju-kod-sudije-za-istragu\/","og_site_name":"dmcsrb.com","article_published_time":"2025-10-29T19:25:47+00:00","og_image":[{"width":900,"height":506,"url":"https:\/\/dmcsrb.com\/wp-content\/uploads\/2026\/01\/ubovicrtcg.jpg","type":"image\/jpeg"}],"author":"dmcsrbija.com@gmail.com","twitter_card":"summary_large_image","twitter_misc":{"Written by":"dmcsrbija.com@gmail.com","Estimated reading time":"1 minute"},"schema":{"@context":"https:\/\/schema.org","@graph":[{"@type":"Article","@id":"https:\/\/dmcsrb.com\/hronika\/ubovic-i-kovacevic-na-saslusanju-kod-sudije-za-istragu\/#article","isPartOf":{"@id":"https:\/\/dmcsrb.com\/hronika\/ubovic-i-kovacevic-na-saslusanju-kod-sudije-za-istragu\/"},"author":{"name":"dmcsrbija.com@gmail.com","@id":"https:\/\/dmcsrb.com\/#\/schema\/person\/5c39170f12db1b8b457732d0b5c854e2"},"headline":"Ubovi\u0107 i Kova\u010devi\u0107 na saslu\u0161anju kod sudije za istragu","datePublished":"2025-10-29T19:25:47+00:00","mainEntityOfPage":{"@id":"https:\/\/dmcsrb.com\/hronika\/ubovic-i-kovacevic-na-saslusanju-kod-sudije-za-istragu\/"},"wordCount":231,"commentCount":0,"image":{"@id":"https:\/\/dmcsrb.com\/hronika\/ubovic-i-kovacevic-na-saslusanju-kod-sudije-za-istragu\/#primaryimage"},"thumbnailUrl":"https:\/\/dmcsrb.com\/wp-content\/uploads\/2026\/01\/ubovicrtcg.jpg","keywords":["Ranko Ubovi\u0107","Veselin Kova\u010devi\u0107"],"articleSection":["Hronika"],"inLanguage":"en-GB","potentialAction":[{"@type":"CommentAction","name":"Comment","target":["https:\/\/dmcsrb.com\/hronika\/ubovic-i-kovacevic-na-saslusanju-kod-sudije-za-istragu\/#respond"]}]},{"@type":"WebPage","@id":"https:\/\/dmcsrb.com\/hronika\/ubovic-i-kovacevic-na-saslusanju-kod-sudije-za-istragu\/","url":"https:\/\/dmcsrb.com\/hronika\/ubovic-i-kovacevic-na-saslusanju-kod-sudije-za-istragu\/","name":"Ubovi\u0107 i Kova\u010devi\u0107 na saslu\u0161anju kod sudije za istragu - dmcsrb.com","isPartOf":{"@id":"https:\/\/dmcsrb.com\/#website"},"primaryImageOfPage":{"@id":"https:\/\/dmcsrb.com\/hronika\/ubovic-i-kovacevic-na-saslusanju-kod-sudije-za-istragu\/#primaryimage"},"image":{"@id":"https:\/\/dmcsrb.com\/hronika\/ubovic-i-kovacevic-na-saslusanju-kod-sudije-za-istragu\/#primaryimage"},"thumbnailUrl":"https:\/\/dmcsrb.com\/wp-content\/uploads\/2026\/01\/ubovicrtcg.jpg","datePublished":"2025-10-29T19:25:47+00:00","author":{"@id":"https:\/\/dmcsrb.com\/#\/schema\/person\/5c39170f12db1b8b457732d0b5c854e2"},"breadcrumb":{"@id":"https:\/\/dmcsrb.com\/hronika\/ubovic-i-kovacevic-na-saslusanju-kod-sudije-za-istragu\/#breadcrumb"},"inLanguage":"en-GB","potentialAction":[{"@type":"ReadAction","target":["https:\/\/dmcsrb.com\/hronika\/ubovic-i-kovacevic-na-saslusanju-kod-sudije-za-istragu\/"]}]},{"@type":"ImageObject","inLanguage":"en-GB","@id":"https:\/\/dmcsrb.com\/hronika\/ubovic-i-kovacevic-na-saslusanju-kod-sudije-za-istragu\/#primaryimage","url":"https:\/\/dmcsrb.com\/wp-content\/uploads\/2026\/01\/ubovicrtcg.jpg","contentUrl":"https:\/\/dmcsrb.com\/wp-content\/uploads\/2026\/01\/ubovicrtcg.jpg","width":900,"height":506},{"@type":"BreadcrumbList","@id":"https:\/\/dmcsrb.com\/hronika\/ubovic-i-kovacevic-na-saslusanju-kod-sudije-za-istragu\/#breadcrumb","itemListElement":[{"@type":"ListItem","position":1,"name":"Home","item":"https:\/\/dmcsrb.com\/"},{"@type":"ListItem","position":2,"name":"Ubovi\u0107 i Kova\u010devi\u0107 na saslu\u0161anju kod sudije za istragu"}]},{"@type":"WebSite","@id":"https:\/\/dmcsrb.com\/#website","url":"https:\/\/dmcsrb.com\/","name":"dmcsrb.com","description":"","potentialAction":[{"@type":"SearchAction","target":{"@type":"EntryPoint","urlTemplate":"https:\/\/dmcsrb.com\/?s={search_term_string}"},"query-input":{"@type":"PropertyValueSpecification","valueRequired":true,"valueName":"search_term_string"}}],"inLanguage":"en-GB"},{"@type":"Person","@id":"https:\/\/dmcsrb.com\/#\/schema\/person\/5c39170f12db1b8b457732d0b5c854e2","name":"dmcsrbija.com@gmail.com","image":{"@type":"ImageObject","inLanguage":"en-GB","@id":"https:\/\/secure.gravatar.com\/avatar\/68592660ad6347fad0fb587f8d5d8f1a7b44961362f56e4f2cd524feb87e9069?s=96&d=mm&r=g","url":"https:\/\/secure.gravatar.com\/avatar\/68592660ad6347fad0fb587f8d5d8f1a7b44961362f56e4f2cd524feb87e9069?s=96&d=mm&r=g","contentUrl":"https:\/\/secure.gravatar.com\/avatar\/68592660ad6347fad0fb587f8d5d8f1a7b44961362f56e4f2cd524feb87e9069?s=96&d=mm&r=g","caption":"dmcsrbija.com@gmail.com"},"sameAs":["https:\/\/dmcsrb.com"],"url":"https:\/\/dmcsrb.com\/en\/author\/dmcsrbija-comgmail-com\/"}]}},"_links":{"self":[{"href":"https:\/\/dmcsrb.com\/en\/wp-json\/wp\/v2\/posts\/960822","targetHints":{"allow":["GET"]}}],"collection":[{"href":"https:\/\/dmcsrb.com\/en\/wp-json\/wp\/v2\/posts"}],"about":[{"href":"https:\/\/dmcsrb.com\/en\/wp-json\/wp\/v2\/types\/post"}],"author":[{"embeddable":true,"href":"https:\/\/dmcsrb.com\/en\/wp-json\/wp\/v2\/users\/1"}],"replies":[{"embeddable":true,"href":"https:\/\/dmcsrb.com\/en\/wp-json\/wp\/v2\/comments?post=960822"}],"version-history":[{"count":0,"href":"https:\/\/dmcsrb.com\/en\/wp-json\/wp\/v2\/posts\/960822\/revisions"}],"wp:featuredmedia":[{"embeddable":true,"href":"https:\/\/dmcsrb.com\/en\/wp-json\/wp\/v2\/media\/910025"}],"wp:attachment":[{"href":"https:\/\/dmcsrb.com\/en\/wp-json\/wp\/v2\/media?parent=960822"}],"wp:term":[{"taxonomy":"category","embeddable":true,"href":"https:\/\/dmcsrb.com\/en\/wp-json\/wp\/v2\/categories?post=960822"},{"taxonomy":"post_tag","embeddable":true,"href":"https:\/\/dmcsrb.com\/en\/wp-json\/wp\/v2\/tags?post=960822"},{"taxonomy":"naslovna","embeddable":true,"href":"https:\/\/dmcsrb.com\/en\/wp-json\/wp\/v2\/naslovna?post=960822"}],"curies":[{"name":"wp","href":"https:\/\/api.w.org\/{rel}","templated":true}]}}