{"id":960782,"date":"2025-10-29T17:25:00","date_gmt":"2025-10-29T16:25:00","guid":{"rendered":"https:\/\/dmcsrb.com\/uncategorized\/vukicevic-do-sjutra-ocekujemo-ponude-za-drugu-dionicu-auto-puta-bar-boljare\/"},"modified":"2025-10-29T17:25:00","modified_gmt":"2025-10-29T16:25:00","slug":"vukicevic-do-sjutra-ocekujemo-ponude-za-drugu-dionicu-auto-puta-bar-boljare","status":"publish","type":"post","link":"https:\/\/dmcsrb.com\/en\/ekonomija\/vukicevic-do-sjutra-ocekujemo-ponude-za-drugu-dionicu-auto-puta-bar-boljare\/","title":{"rendered":"Vuki\u0107evi\u0107: Do sjutra o\u010dekujemo ponude za drugu dionicu auto-puta Bar\u2013Boljare"},"content":{"rendered":"<p>Ministarka saobra\u0107aja Maja Vuki\u0107evi\u0107 kazala je u emisiji \u201eBudimo budni \u2013 Pitajte Vladu\u201c na RTCG-u da je u toku finansijski dio tendera za izgradnju druge dionice auto-puta Bar\u2013Boljare, dok je tehni\u010dki dio ve\u0107 zavr\u0161en.<\/p>\n\n\n\n<p>&#8220;Tehni\u010dki dio tendera pro\u0161lo je pet kompanija, odnosno konzorcijuma, i o\u010dekujemo da dobijemo svih pet validnih ponuda&#8221;, rekla je Vuki\u0107evi\u0107.<\/p>\n\n\n\n<p>Ona je objasnila da je za sprovo\u0111enje tendera nadle\u017ean &#8220;Monteput&#8221;, zajedno sa Evropskom bankom za obnovu i razvoj (EBRD), koja mora da odobri svaku fazu postupka.<\/p>\n\n\n\n<p>&#8220;Znate, kada se radi sa njima, procedure su malo druga\u010dije i usporenije, ali Crna Gora mo\u017ee biti zadovoljna jer je dobila grant u iznosu od 150 miliona eura i povoljan kredit. Iz tih sredstava zapo\u010de\u0107emo gradnju auto-puta&#8221;, istakla je ministarka.<\/p>\n\n\n\n<p>Dodala je da se ponude o\u010dekuju do sjutra, nakon \u010dega \u0107e komisija razmotriti dokumentaciju i predlo\u017eiti izvo\u0111a\u010de radova.<\/p>\n\n\n\n<p>&#8220;Nadam se da \u0107e taj proces biti brz i da \u0107emo kona\u010dno potpisati ugovor&#8221;, kazala je Vuki\u0107evi\u0107.<\/p>\n\n\n\n<p>Govore\u0107i o projektu Tivat\u2013Jaz, ministarka je navela da taj projekat prate brojni problemi.<\/p>\n\n\n\n<p>&#8220;Od starta nisam bila zadovoljna na\u010dinom na koji je taj projekat pokrenut&#8221;, zaklju\u010dila je ona.<\/p>\n\n\n\n<p>\u201eSasvim je jasno da \u0107e biti odre\u0111eno ka\u0161njenje i \u0161to sam ja ve\u0107 najavila u pravcu saobra\u0107aja, imperativ je da ovaj projekat bude zavr\u0161en prije ljetnje sezone i trenutno smo svi tome posve\u0107eni\u201c, dodala je Vuki\u0107evi\u0107.<\/p>\n\n\n\n<p>Ministarka je pojasnila da su dodatni radovi tokom projekta doprinijeli ka\u0161njenju:<\/p>\n\n\n\n<p>&#8220;Pojavila se potreba da se izmijesti vodovod, lokalnog vodovoda Kotor, vodovodne cijevi. Tako\u0111e, instalacije CEDIS-a, koje su trebale da budu postavljene na samom putnom pravcu, na kraju su i izvedene\u201c, rekla je ona.<\/p>\n\n\n\n<p>Dakle, kako je navela, bilo je odre\u0111enih razloga koji opravdavaju ka\u0161njenje, ali, kako ka\u017ee, ono ne mo\u017ee biti drasti\u010dno i mora se zavr\u0161iti u predvi\u0111enom roku.<\/p>\n\n\n\n<p>&#8220;Imperativ je da projekat bude spreman do naredne sezone&#8221;, rekla je ministarka.<\/p>\n\n\n\n<p>Ministarka saobra\u0107aja Maja Vuki\u0107evi\u0107 istakla je da je u toku realizacija brojnih infrastrukturnih projekata \u0161irom Crne Gore. Prema njenim rije\u010dima, trenutno se realizuje 12 projekata, dok su jo\u0161 \u010detiri spremna za realizaciju, a za sedam su u toku javni pozivi za izbor izvo\u0111a\u010da radova.<\/p>\n\n\n\n<p>&#8220;Posebno va\u017ean projekat je put Vrulja\u2013Mijakovi\u0107i, jer su gra\u0111ani Pljevalja dugo bili odsje\u010deni od ostatka Crne Gore&#8221;, rekla je Vuki\u0107evi\u0107, nagla\u0161avaju\u0107i zna\u010daj povezivanja sjevernog dijela zemlje.<\/p>\n\n\n\n<p>Ona je dodala da se radi na sanaciji kriti\u010dnih ta\u010daka poput klizi\u0161ta Sokolovina, koje je deceniju predstavljalo problem, i da se o\u010dekuje zavr\u0161etak radova do nove godine. Vuki\u0107evi\u0107 je podsjetila da su pokrenuti i projekti koji su dugo \u010dekali, kao \u0161to su put kroz Mrkojevi\u0107e, Lepenac\u2013Ribarevine, te rekonstrukcija puta Tre\u0161njevik\u2013Andrijevica, koje \u0107e obi\u0107i narednih dana.<\/p>\n\n\n\n<p>&#8220;Mnogo je projekata u toku, Petnjica\u2013Bio\u010da je pokrenut, a radovi na putnoj infrastrukturi sada se izvode u svim krajevima zemlje. Radi se kako na projektima u toku, tako i na onima koji su planirani za budu\u0107nost. Putna infrastruktura je dugo bila zapostavljena, sada radimo u svim krajevima zemlje&#8221;, zaklju\u010dila je ministarka.<\/p>\n\n\n\n<p>Komentari\u0161u\u0107i kritike zbog ka\u0161njenja izgradnje druge faze auto-puta Bar\u2013Boljare, ministarka Maja Vuki\u0107evi\u0107 podsjetila je da su prethodile godine &#8220;praznog hoda&#8221; prije po\u010detka prve faze.<\/p>\n\n\n\n<p>&#8220;Prva faza je trajala mnogo du\u017ee nego prolongiranje izgradnje druge faze, koje je bilo sasvim opravdano. Odlu\u010dili smo da drugu fazu radimo iz grant sredstava i kredita Evropske banke za obnovu i razvoj, \u0161to je zahtijevalo odre\u0111ena prilago\u0111avanja&#8221;, objasnila je Vuki\u0107evi\u0107.<\/p>\n\n\n\n<p>Ministarka je pojasnila da je bilo neophodno promijeniti trasu zbog studije uticaja na \u017eivotnu sredinu i socijalnog aspekta projekta.<\/p>\n\n\n\n<p>Ona je rekla da ukoliko bi se ostalo na prvobitnoj trasi, gdje bi, kako ka\u017ee, bilo potrebno ru\u0161iti mnogo objekata, ne bismo dobili pozitivnu ocjenu za finansiranje.<\/p>\n\n\n\n<p>&#8220;Zato smo trasu prilagodili i mislim da smo to odradili na dobar na\u010din. Sada je ugovor potpisan i \u010dekamo izbor izvo\u0111a\u010da radova&#8221;, kazala je.<\/p>\n\n\n\n<p>Vuki\u0107evi\u0107 je dodala da \u0107e novi ugovor biti rigorozan i da \u0107e svako ka\u0161njenje izvo\u0111a\u010di snositi finansijski.<\/p>\n\n\n\n<p>&#8220;Izvo\u0111a\u010di \u0107e od potpisivanja ugovora imati rok od pet godina da zavr\u0161e glavni projekat i sve radove na drugoj fazi, tako da \u0107e im biti u interesu da posao zavr\u0161e u predvi\u0111enom roku&#8221;, rekla je ministarka.<\/p>","protected":false},"excerpt":{"rendered":"<p>Ministarka saobra\u0107aja Maja Vuki\u0107evi\u0107 saop\u0161tila je da je u toku finansijski dio tendera za izgradnju druge dionice auto-puta Bar\u2013Boljare, te da se ponude o\u010dekuju do sjutra, kada isti\u010de rok za njihovo dostavljanje. Ministarka je rekla da je imperativ da projekat Tivat-Jaz bude zavr\u0161en do sljede\u0107e sezone.<\/p>","protected":false},"author":1,"featured_media":946069,"comment_status":"open","ping_status":"open","sticky":false,"template":"","format":"standard","meta":{"_acf_changed":false,"footnotes":""},"categories":[27],"tags":[12887,1898],"naslovna":[],"class_list":["post-960782","post","type-post","status-publish","format-standard","has-post-thumbnail","hentry","category-ekonomija","tag-bar-boljare","tag-maja-vukicevic"],"acf":[],"yoast_head":"<!-- This site is optimized with the Yoast SEO plugin v27.0 - https:\/\/yoast.com\/product\/yoast-seo-wordpress\/ -->\n<title>Vuki\u0107evi\u0107: Do sjutra o\u010dekujemo ponude za drugu dionicu auto-puta Bar\u2013Boljare - dmcsrb.com<\/title>\n<meta name=\"robots\" content=\"index, follow, max-snippet:-1, max-image-preview:large, max-video-preview:-1\" \/>\n<link rel=\"canonical\" href=\"https:\/\/dmcsrb.com\/en\/ekonomija\/vukicevic-do-sjutra-ocekujemo-ponude-za-drugu-dionicu-auto-puta-bar-boljare\/\" \/>\n<meta property=\"og:locale\" content=\"en_GB\" \/>\n<meta property=\"og:type\" content=\"article\" \/>\n<meta property=\"og:title\" content=\"Vuki\u0107evi\u0107: Do sjutra o\u010dekujemo ponude za drugu dionicu auto-puta Bar\u2013Boljare - dmcsrb.com\" \/>\n<meta property=\"og:description\" content=\"Ministarka saobra\u0107aja Maja Vuki\u0107evi\u0107 saop\u0161tila je da je u toku finansijski dio tendera za izgradnju druge dionice auto-puta Bar\u2013Boljare, te da se ponude o\u010dekuju do sjutra, kada isti\u010de rok za njihovo dostavljanje. Ministarka je rekla da je imperativ da projekat Tivat-Jaz bude zavr\u0161en do sljede\u0107e sezone.\" \/>\n<meta property=\"og:url\" content=\"https:\/\/dmcsrb.com\/en\/ekonomija\/vukicevic-do-sjutra-ocekujemo-ponude-za-drugu-dionicu-auto-puta-bar-boljare\/\" \/>\n<meta property=\"og:site_name\" content=\"dmcsrb.com\" \/>\n<meta property=\"article:published_time\" content=\"2025-10-29T16:25:00+00:00\" \/>\n<meta property=\"og:image\" content=\"https:\/\/dmcsrb.com\/wp-content\/uploads\/2026\/01\/Maja-Vukicevic-2-foto-gradski-me.webp\" \/>\n\t<meta property=\"og:image:width\" content=\"1288\" \/>\n\t<meta property=\"og:image:height\" content=\"783\" \/>\n\t<meta property=\"og:image:type\" content=\"image\/jpeg\" \/>\n<meta name=\"author\" content=\"dmcsrbija.com@gmail.com\" \/>\n<meta name=\"twitter:card\" content=\"summary_large_image\" \/>\n<meta name=\"twitter:label1\" content=\"Written by\" \/>\n\t<meta name=\"twitter:data1\" content=\"dmcsrbija.com@gmail.com\" \/>\n\t<meta name=\"twitter:label2\" content=\"Estimated reading time\" \/>\n\t<meta name=\"twitter:data2\" content=\"4 minutes\" \/>\n<script type=\"application\/ld+json\" class=\"yoast-schema-graph\">{\"@context\":\"https:\/\/schema.org\",\"@graph\":[{\"@type\":\"Article\",\"@id\":\"https:\/\/dmcsrb.com\/ekonomija\/vukicevic-do-sjutra-ocekujemo-ponude-za-drugu-dionicu-auto-puta-bar-boljare\/#article\",\"isPartOf\":{\"@id\":\"https:\/\/dmcsrb.com\/ekonomija\/vukicevic-do-sjutra-ocekujemo-ponude-za-drugu-dionicu-auto-puta-bar-boljare\/\"},\"author\":{\"name\":\"dmcsrbija.com@gmail.com\",\"@id\":\"https:\/\/dmcsrb.com\/#\/schema\/person\/5c39170f12db1b8b457732d0b5c854e2\"},\"headline\":\"Vuki\u0107evi\u0107: Do sjutra o\u010dekujemo ponude za drugu dionicu auto-puta Bar\u2013Boljare\",\"datePublished\":\"2025-10-29T16:25:00+00:00\",\"mainEntityOfPage\":{\"@id\":\"https:\/\/dmcsrb.com\/ekonomija\/vukicevic-do-sjutra-ocekujemo-ponude-za-drugu-dionicu-auto-puta-bar-boljare\/\"},\"wordCount\":769,\"commentCount\":0,\"image\":{\"@id\":\"https:\/\/dmcsrb.com\/ekonomija\/vukicevic-do-sjutra-ocekujemo-ponude-za-drugu-dionicu-auto-puta-bar-boljare\/#primaryimage\"},\"thumbnailUrl\":\"https:\/\/dmcsrb.com\/wp-content\/uploads\/2026\/01\/Maja-Vukicevic-2-foto-gradski-me.webp\",\"keywords\":[\"Bar - Boljare\",\"maja vuki\u0107evi\u0107\"],\"articleSection\":[\"Ekonomija\"],\"inLanguage\":\"en-GB\",\"potentialAction\":[{\"@type\":\"CommentAction\",\"name\":\"Comment\",\"target\":[\"https:\/\/dmcsrb.com\/ekonomija\/vukicevic-do-sjutra-ocekujemo-ponude-za-drugu-dionicu-auto-puta-bar-boljare\/#respond\"]}]},{\"@type\":\"WebPage\",\"@id\":\"https:\/\/dmcsrb.com\/ekonomija\/vukicevic-do-sjutra-ocekujemo-ponude-za-drugu-dionicu-auto-puta-bar-boljare\/\",\"url\":\"https:\/\/dmcsrb.com\/ekonomija\/vukicevic-do-sjutra-ocekujemo-ponude-za-drugu-dionicu-auto-puta-bar-boljare\/\",\"name\":\"Vuki\u0107evi\u0107: Do sjutra o\u010dekujemo ponude za drugu dionicu auto-puta Bar\u2013Boljare - dmcsrb.com\",\"isPartOf\":{\"@id\":\"https:\/\/dmcsrb.com\/#website\"},\"primaryImageOfPage\":{\"@id\":\"https:\/\/dmcsrb.com\/ekonomija\/vukicevic-do-sjutra-ocekujemo-ponude-za-drugu-dionicu-auto-puta-bar-boljare\/#primaryimage\"},\"image\":{\"@id\":\"https:\/\/dmcsrb.com\/ekonomija\/vukicevic-do-sjutra-ocekujemo-ponude-za-drugu-dionicu-auto-puta-bar-boljare\/#primaryimage\"},\"thumbnailUrl\":\"https:\/\/dmcsrb.com\/wp-content\/uploads\/2026\/01\/Maja-Vukicevic-2-foto-gradski-me.webp\",\"datePublished\":\"2025-10-29T16:25:00+00:00\",\"author\":{\"@id\":\"https:\/\/dmcsrb.com\/#\/schema\/person\/5c39170f12db1b8b457732d0b5c854e2\"},\"breadcrumb\":{\"@id\":\"https:\/\/dmcsrb.com\/ekonomija\/vukicevic-do-sjutra-ocekujemo-ponude-za-drugu-dionicu-auto-puta-bar-boljare\/#breadcrumb\"},\"inLanguage\":\"en-GB\",\"potentialAction\":[{\"@type\":\"ReadAction\",\"target\":[\"https:\/\/dmcsrb.com\/ekonomija\/vukicevic-do-sjutra-ocekujemo-ponude-za-drugu-dionicu-auto-puta-bar-boljare\/\"]}]},{\"@type\":\"ImageObject\",\"inLanguage\":\"en-GB\",\"@id\":\"https:\/\/dmcsrb.com\/ekonomija\/vukicevic-do-sjutra-ocekujemo-ponude-za-drugu-dionicu-auto-puta-bar-boljare\/#primaryimage\",\"url\":\"https:\/\/dmcsrb.com\/wp-content\/uploads\/2026\/01\/Maja-Vukicevic-2-foto-gradski-me.webp\",\"contentUrl\":\"https:\/\/dmcsrb.com\/wp-content\/uploads\/2026\/01\/Maja-Vukicevic-2-foto-gradski-me.webp\",\"width\":1288,\"height\":783},{\"@type\":\"BreadcrumbList\",\"@id\":\"https:\/\/dmcsrb.com\/ekonomija\/vukicevic-do-sjutra-ocekujemo-ponude-za-drugu-dionicu-auto-puta-bar-boljare\/#breadcrumb\",\"itemListElement\":[{\"@type\":\"ListItem\",\"position\":1,\"name\":\"Home\",\"item\":\"https:\/\/dmcsrb.com\/\"},{\"@type\":\"ListItem\",\"position\":2,\"name\":\"Vuki\u0107evi\u0107: Do sjutra o\u010dekujemo ponude za drugu dionicu auto-puta Bar\u2013Boljare\"}]},{\"@type\":\"WebSite\",\"@id\":\"https:\/\/dmcsrb.com\/#website\",\"url\":\"https:\/\/dmcsrb.com\/\",\"name\":\"dmcsrb.com\",\"description\":\"\",\"potentialAction\":[{\"@type\":\"SearchAction\",\"target\":{\"@type\":\"EntryPoint\",\"urlTemplate\":\"https:\/\/dmcsrb.com\/?s={search_term_string}\"},\"query-input\":{\"@type\":\"PropertyValueSpecification\",\"valueRequired\":true,\"valueName\":\"search_term_string\"}}],\"inLanguage\":\"en-GB\"},{\"@type\":\"Person\",\"@id\":\"https:\/\/dmcsrb.com\/#\/schema\/person\/5c39170f12db1b8b457732d0b5c854e2\",\"name\":\"dmcsrbija.com@gmail.com\",\"image\":{\"@type\":\"ImageObject\",\"inLanguage\":\"en-GB\",\"@id\":\"https:\/\/dmcsrb.com\/#\/schema\/person\/image\/\",\"url\":\"https:\/\/secure.gravatar.com\/avatar\/68592660ad6347fad0fb587f8d5d8f1a7b44961362f56e4f2cd524feb87e9069?s=96&d=mm&r=g\",\"contentUrl\":\"https:\/\/secure.gravatar.com\/avatar\/68592660ad6347fad0fb587f8d5d8f1a7b44961362f56e4f2cd524feb87e9069?s=96&d=mm&r=g\",\"caption\":\"dmcsrbija.com@gmail.com\"},\"sameAs\":[\"https:\/\/dmcsrb.com\"],\"url\":\"https:\/\/dmcsrb.com\/en\/author\/dmcsrbija-comgmail-com\/\"}]}<\/script>\n<!-- \/ Yoast SEO plugin. -->","yoast_head_json":{"title":"Vuki\u0107evi\u0107: Do sjutra o\u010dekujemo ponude za drugu dionicu auto-puta Bar\u2013Boljare - dmcsrb.com","robots":{"index":"index","follow":"follow","max-snippet":"max-snippet:-1","max-image-preview":"max-image-preview:large","max-video-preview":"max-video-preview:-1"},"canonical":"https:\/\/dmcsrb.com\/en\/ekonomija\/vukicevic-do-sjutra-ocekujemo-ponude-za-drugu-dionicu-auto-puta-bar-boljare\/","og_locale":"en_GB","og_type":"article","og_title":"Vuki\u0107evi\u0107: Do sjutra o\u010dekujemo ponude za drugu dionicu auto-puta Bar\u2013Boljare - dmcsrb.com","og_description":"Ministarka saobra\u0107aja Maja Vuki\u0107evi\u0107 saop\u0161tila je da je u toku finansijski dio tendera za izgradnju druge dionice auto-puta Bar\u2013Boljare, te da se ponude o\u010dekuju do sjutra, kada isti\u010de rok za njihovo dostavljanje. Ministarka je rekla da je imperativ da projekat Tivat-Jaz bude zavr\u0161en do sljede\u0107e sezone.","og_url":"https:\/\/dmcsrb.com\/en\/ekonomija\/vukicevic-do-sjutra-ocekujemo-ponude-za-drugu-dionicu-auto-puta-bar-boljare\/","og_site_name":"dmcsrb.com","article_published_time":"2025-10-29T16:25:00+00:00","og_image":[{"width":1288,"height":783,"url":"https:\/\/dmcsrb.com\/wp-content\/uploads\/2026\/01\/Maja-Vukicevic-2-foto-gradski-me.webp","type":"image\/jpeg"}],"author":"dmcsrbija.com@gmail.com","twitter_card":"summary_large_image","twitter_misc":{"Written by":"dmcsrbija.com@gmail.com","Estimated reading time":"4 minutes"},"schema":{"@context":"https:\/\/schema.org","@graph":[{"@type":"Article","@id":"https:\/\/dmcsrb.com\/ekonomija\/vukicevic-do-sjutra-ocekujemo-ponude-za-drugu-dionicu-auto-puta-bar-boljare\/#article","isPartOf":{"@id":"https:\/\/dmcsrb.com\/ekonomija\/vukicevic-do-sjutra-ocekujemo-ponude-za-drugu-dionicu-auto-puta-bar-boljare\/"},"author":{"name":"dmcsrbija.com@gmail.com","@id":"https:\/\/dmcsrb.com\/#\/schema\/person\/5c39170f12db1b8b457732d0b5c854e2"},"headline":"Vuki\u0107evi\u0107: Do sjutra o\u010dekujemo ponude za drugu dionicu auto-puta Bar\u2013Boljare","datePublished":"2025-10-29T16:25:00+00:00","mainEntityOfPage":{"@id":"https:\/\/dmcsrb.com\/ekonomija\/vukicevic-do-sjutra-ocekujemo-ponude-za-drugu-dionicu-auto-puta-bar-boljare\/"},"wordCount":769,"commentCount":0,"image":{"@id":"https:\/\/dmcsrb.com\/ekonomija\/vukicevic-do-sjutra-ocekujemo-ponude-za-drugu-dionicu-auto-puta-bar-boljare\/#primaryimage"},"thumbnailUrl":"https:\/\/dmcsrb.com\/wp-content\/uploads\/2026\/01\/Maja-Vukicevic-2-foto-gradski-me.webp","keywords":["Bar - Boljare","maja vuki\u0107evi\u0107"],"articleSection":["Ekonomija"],"inLanguage":"en-GB","potentialAction":[{"@type":"CommentAction","name":"Comment","target":["https:\/\/dmcsrb.com\/ekonomija\/vukicevic-do-sjutra-ocekujemo-ponude-za-drugu-dionicu-auto-puta-bar-boljare\/#respond"]}]},{"@type":"WebPage","@id":"https:\/\/dmcsrb.com\/ekonomija\/vukicevic-do-sjutra-ocekujemo-ponude-za-drugu-dionicu-auto-puta-bar-boljare\/","url":"https:\/\/dmcsrb.com\/ekonomija\/vukicevic-do-sjutra-ocekujemo-ponude-za-drugu-dionicu-auto-puta-bar-boljare\/","name":"Vuki\u0107evi\u0107: Do sjutra o\u010dekujemo ponude za drugu dionicu auto-puta Bar\u2013Boljare - dmcsrb.com","isPartOf":{"@id":"https:\/\/dmcsrb.com\/#website"},"primaryImageOfPage":{"@id":"https:\/\/dmcsrb.com\/ekonomija\/vukicevic-do-sjutra-ocekujemo-ponude-za-drugu-dionicu-auto-puta-bar-boljare\/#primaryimage"},"image":{"@id":"https:\/\/dmcsrb.com\/ekonomija\/vukicevic-do-sjutra-ocekujemo-ponude-za-drugu-dionicu-auto-puta-bar-boljare\/#primaryimage"},"thumbnailUrl":"https:\/\/dmcsrb.com\/wp-content\/uploads\/2026\/01\/Maja-Vukicevic-2-foto-gradski-me.webp","datePublished":"2025-10-29T16:25:00+00:00","author":{"@id":"https:\/\/dmcsrb.com\/#\/schema\/person\/5c39170f12db1b8b457732d0b5c854e2"},"breadcrumb":{"@id":"https:\/\/dmcsrb.com\/ekonomija\/vukicevic-do-sjutra-ocekujemo-ponude-za-drugu-dionicu-auto-puta-bar-boljare\/#breadcrumb"},"inLanguage":"en-GB","potentialAction":[{"@type":"ReadAction","target":["https:\/\/dmcsrb.com\/ekonomija\/vukicevic-do-sjutra-ocekujemo-ponude-za-drugu-dionicu-auto-puta-bar-boljare\/"]}]},{"@type":"ImageObject","inLanguage":"en-GB","@id":"https:\/\/dmcsrb.com\/ekonomija\/vukicevic-do-sjutra-ocekujemo-ponude-za-drugu-dionicu-auto-puta-bar-boljare\/#primaryimage","url":"https:\/\/dmcsrb.com\/wp-content\/uploads\/2026\/01\/Maja-Vukicevic-2-foto-gradski-me.webp","contentUrl":"https:\/\/dmcsrb.com\/wp-content\/uploads\/2026\/01\/Maja-Vukicevic-2-foto-gradski-me.webp","width":1288,"height":783},{"@type":"BreadcrumbList","@id":"https:\/\/dmcsrb.com\/ekonomija\/vukicevic-do-sjutra-ocekujemo-ponude-za-drugu-dionicu-auto-puta-bar-boljare\/#breadcrumb","itemListElement":[{"@type":"ListItem","position":1,"name":"Home","item":"https:\/\/dmcsrb.com\/"},{"@type":"ListItem","position":2,"name":"Vuki\u0107evi\u0107: Do sjutra o\u010dekujemo ponude za drugu dionicu auto-puta Bar\u2013Boljare"}]},{"@type":"WebSite","@id":"https:\/\/dmcsrb.com\/#website","url":"https:\/\/dmcsrb.com\/","name":"dmcsrb.com","description":"","potentialAction":[{"@type":"SearchAction","target":{"@type":"EntryPoint","urlTemplate":"https:\/\/dmcsrb.com\/?s={search_term_string}"},"query-input":{"@type":"PropertyValueSpecification","valueRequired":true,"valueName":"search_term_string"}}],"inLanguage":"en-GB"},{"@type":"Person","@id":"https:\/\/dmcsrb.com\/#\/schema\/person\/5c39170f12db1b8b457732d0b5c854e2","name":"dmcsrbija.com@gmail.com","image":{"@type":"ImageObject","inLanguage":"en-GB","@id":"https:\/\/dmcsrb.com\/#\/schema\/person\/image\/","url":"https:\/\/secure.gravatar.com\/avatar\/68592660ad6347fad0fb587f8d5d8f1a7b44961362f56e4f2cd524feb87e9069?s=96&d=mm&r=g","contentUrl":"https:\/\/secure.gravatar.com\/avatar\/68592660ad6347fad0fb587f8d5d8f1a7b44961362f56e4f2cd524feb87e9069?s=96&d=mm&r=g","caption":"dmcsrbija.com@gmail.com"},"sameAs":["https:\/\/dmcsrb.com"],"url":"https:\/\/dmcsrb.com\/en\/author\/dmcsrbija-comgmail-com\/"}]}},"_links":{"self":[{"href":"https:\/\/dmcsrb.com\/en\/wp-json\/wp\/v2\/posts\/960782","targetHints":{"allow":["GET"]}}],"collection":[{"href":"https:\/\/dmcsrb.com\/en\/wp-json\/wp\/v2\/posts"}],"about":[{"href":"https:\/\/dmcsrb.com\/en\/wp-json\/wp\/v2\/types\/post"}],"author":[{"embeddable":true,"href":"https:\/\/dmcsrb.com\/en\/wp-json\/wp\/v2\/users\/1"}],"replies":[{"embeddable":true,"href":"https:\/\/dmcsrb.com\/en\/wp-json\/wp\/v2\/comments?post=960782"}],"version-history":[{"count":0,"href":"https:\/\/dmcsrb.com\/en\/wp-json\/wp\/v2\/posts\/960782\/revisions"}],"wp:featuredmedia":[{"embeddable":true,"href":"https:\/\/dmcsrb.com\/en\/wp-json\/wp\/v2\/media\/946069"}],"wp:attachment":[{"href":"https:\/\/dmcsrb.com\/en\/wp-json\/wp\/v2\/media?parent=960782"}],"wp:term":[{"taxonomy":"category","embeddable":true,"href":"https:\/\/dmcsrb.com\/en\/wp-json\/wp\/v2\/categories?post=960782"},{"taxonomy":"post_tag","embeddable":true,"href":"https:\/\/dmcsrb.com\/en\/wp-json\/wp\/v2\/tags?post=960782"},{"taxonomy":"naslovna","embeddable":true,"href":"https:\/\/dmcsrb.com\/en\/wp-json\/wp\/v2\/naslovna?post=960782"}],"curies":[{"name":"wp","href":"https:\/\/api.w.org\/{rel}","templated":true}]}}