{"id":960751,"date":"2025-10-29T15:17:10","date_gmt":"2025-10-29T14:17:10","guid":{"rendered":"https:\/\/dmcsrb.com\/uncategorized\/vukicevic-pazljivo-procijeniti-je-li-nam-potrebna-koncesija-aerodromi-crne-gore-veoma-dobro-posluju\/"},"modified":"2025-10-29T15:17:10","modified_gmt":"2025-10-29T14:17:10","slug":"vukicevic-pazljivo-procijeniti-je-li-nam-potrebna-koncesija-aerodromi-crne-gore-veoma-dobro-posluju","status":"publish","type":"post","link":"https:\/\/dmcsrb.com\/en\/ekonomija\/vukicevic-pazljivo-procijeniti-je-li-nam-potrebna-koncesija-aerodromi-crne-gore-veoma-dobro-posluju\/","title":{"rendered":"Vuki\u0107evi\u0107: Pa\u017eljivo procijeniti je li nam potrebna koncesija, Aerodromi Crne Gore veoma dobro posluju"},"content":{"rendered":"<p><\/p>\n\n\n\n<p><\/p>\n\n\n\n<p><\/p>\n\n\n\n<p>\u201eIpak, to ne zna\u010di da u budu\u0107nosti ne\u0107e imati takve baze, jer to zavisi od interesa samih kompanija. Ipak, meni li\u010dno bi bilo neprihvatljivo da na\u0161i aerodromi ostanu bez low cost letova, jer su oni va\u017eni i za gra\u0111ane i za turizam\u201c, istakla je Vuki\u0107evi\u0107.<\/p>\n\n\n\n<p>Prema njenim rije\u010dima, ukoliko Vlada odlu\u010di da ide u koncesiju, investicije bi mogle po\u010deti 2027. godine, dok je drugi ponu\u0111a\u010d ponudio raniji po\u010detak ulaganja.<\/p>\n\n\n\n<p>\u201eDr\u017eava mora pa\u017eljivo procijeniti da li joj je uop\u0161te potrebna koncesija, jer Aerodromi Crne Gore trenutno veoma dobro posluju\u201c, dodala je Vuki\u0107evi\u0107.<\/p>\n\n\n\n<p>Govore\u0107i o privremenom uvo\u0111enju viza za dr\u017eavljane Turske, ministarka je naglasila da bezbjednost dr\u017eave mora biti prioritet, ali i da saradnju s Turskom ne treba prekidati.<\/p>\n\n\n\n<p>\u201eImamo izuzetnu saradnju s Turskom, naro\u010dito u sektoru saobra\u0107aja. Turkish Airlines i dalje redovno leti, a Istanbul je va\u017eno tr\u017ei\u0161te i za Air Montenegro. O\u010dekujem da se prona\u0111e racionalno rje\u0161enje koje ne\u0107e ugroziti ekonomsku saradnju\u201c, rekla je ona.<\/p>\n\n\n\n<p>Vuki\u0107evi\u0107 je ocijenila da je dolazak niskobud\u017eetne kompanije Wizz Air ve\u0107 dao pozitivne rezultate. Dodala je da se, nakon dogovora s Wizz Airom, pove\u0107alo interesovanje i drugih aviokompanija, uklju\u010duju\u0107i Ryanair, te da se vode pregovori i s British Airwaysom.<\/p>\n\n\n\n<p>\u201eNa\u0161a nacionalna avio-kompanija radi odli\u010dno, godinu \u0107e zavr\u0161iti u plusu. Imaju dobru popunjenost letova i stabilno poslovanje. U toku su pregovori o novim destinacijama, posebno ka Italiji, \u0160paniji i Izraelu\u201c, poru\u010dila je.<\/p>\n\n\n\n<p>Prema njenim rije\u010dima, od pet elektromotornih vozova \u010detiri su trenutno u funkciji, dok je peti na remontu.<\/p>\n\n\n\n<p>\u201eDobili smo kredit od 30 miliona eura od Evropske banke za obnovu i razvoj za kupovinu tri do \u010detiri nova voza. Tender je raspisan i o\u010dekujemo da isporuka po\u010dne u naredne tri godine\u201c, kazala je ona.<\/p>\n\n\n\n<p>Na pitanje o bezbjednosti \u017eeljezni\u010dkog saobra\u0107aja, ministarka je istakla da su vozovi i pruga bezbjedni.<\/p>\n\n\n\n<p>\u201eIncidenti koji su zabilje\u017eeni bili su manji tehni\u010dki problemi. Pruge su stare, ali se odr\u017eavaju. Sanacija klizi\u0161ta na jednom dijelu pruge po\u010de\u0107e tokom novembra\u201c, rekla je.<\/p>\n\n\n\n<p>Modernizacija pruge Bar \u2013 Vrbnica po\u010dinje po\u010detkom naredne godine, na dionici Bio\u010de \u2013 Bratono\u017ei\u0107i \u2013 Lutovo, u du\u017eini od 20 kilometara.<\/p>","protected":false},"excerpt":{"rendered":"<p>Ministarka saobra\u0107aja Maja Vuki\u0107evi\u0107 saop\u0161tila je da Tenderska komisija za davanje crnogorskih aerodroma jo\u0161 nije zavr\u0161ila svoj posao, ali bi to trebalo da u\u010dini narednih dana. Vuki\u0107evi\u0107 je u &#8220;Bojama jutra\u201c na TV Vijesti potvrdila i da ponuda ju\u017enokorejske kompanije \u201cIncheon International Airport Corporation\u201d ne predvi\u0111a razvoj baza za niskotarifne aviokompanije, za razliku od luksembur\u0161ko-ameri\u010dke kompanije \u201eCorporaci\u00f3n Am\u00e9rica Airports\u201c.<\/p>","protected":false},"author":1,"featured_media":909399,"comment_status":"open","ping_status":"open","sticky":false,"template":"","format":"standard","meta":{"_acf_changed":false,"footnotes":""},"categories":[27],"tags":[1898,12869],"naslovna":[],"class_list":["post-960751","post","type-post","status-publish","format-standard","has-post-thumbnail","hentry","category-ekonomija","tag-maja-vukicevic","tag-ministarka-saobracaja"],"acf":[],"yoast_head":"<!-- This site is optimized with the Yoast SEO plugin v27.4 - https:\/\/yoast.com\/product\/yoast-seo-wordpress\/ -->\n<title>Vuki\u0107evi\u0107: Pa\u017eljivo procijeniti je li nam potrebna koncesija, Aerodromi Crne Gore veoma dobro posluju - dmcsrb.com<\/title>\n<meta name=\"robots\" content=\"index, follow, max-snippet:-1, max-image-preview:large, max-video-preview:-1\" \/>\n<link rel=\"canonical\" href=\"https:\/\/dmcsrb.com\/en\/ekonomija\/vukicevic-pazljivo-procijeniti-je-li-nam-potrebna-koncesija-aerodromi-crne-gore-veoma-dobro-posluju\/\" \/>\n<meta property=\"og:locale\" content=\"en_GB\" \/>\n<meta property=\"og:type\" content=\"article\" \/>\n<meta property=\"og:title\" content=\"Vuki\u0107evi\u0107: Pa\u017eljivo procijeniti je li nam potrebna koncesija, Aerodromi Crne Gore veoma dobro posluju - dmcsrb.com\" \/>\n<meta property=\"og:description\" content=\"Ministarka saobra\u0107aja Maja Vuki\u0107evi\u0107 saop\u0161tila je da Tenderska komisija za davanje crnogorskih aerodroma jo\u0161 nije zavr\u0161ila svoj posao, ali bi to trebalo da u\u010dini narednih dana. Vuki\u0107evi\u0107 je u &quot;Bojama jutra\u201c na TV Vijesti potvrdila i da ponuda ju\u017enokorejske kompanije \u201cIncheon International Airport Corporation\u201d ne predvi\u0111a razvoj baza za niskotarifne aviokompanije, za razliku od luksembur\u0161ko-ameri\u010dke kompanije \u201eCorporaci\u00f3n Am\u00e9rica Airports\u201c.\" \/>\n<meta property=\"og:url\" content=\"https:\/\/dmcsrb.com\/en\/ekonomija\/vukicevic-pazljivo-procijeniti-je-li-nam-potrebna-koncesija-aerodromi-crne-gore-veoma-dobro-posluju\/\" \/>\n<meta property=\"og:site_name\" content=\"dmcsrb.com\" \/>\n<meta property=\"article:published_time\" content=\"2025-10-29T14:17:10+00:00\" \/>\n<meta property=\"og:image\" content=\"https:\/\/dmcsrb.com\/wp-content\/uploads\/2026\/01\/Maja-Vukicevic-foto-vlada-cg.jpg\" \/>\n\t<meta property=\"og:image:width\" content=\"1125\" \/>\n\t<meta property=\"og:image:height\" content=\"663\" \/>\n\t<meta property=\"og:image:type\" content=\"image\/jpeg\" \/>\n<meta name=\"author\" content=\"dmcsrbija.com@gmail.com\" \/>\n<meta name=\"twitter:card\" content=\"summary_large_image\" \/>\n<meta name=\"twitter:label1\" content=\"Written by\" \/>\n\t<meta name=\"twitter:data1\" content=\"dmcsrbija.com@gmail.com\" \/>\n\t<meta name=\"twitter:label2\" content=\"Estimated reading time\" \/>\n\t<meta name=\"twitter:data2\" content=\"2 minutes\" \/>\n<script type=\"application\/ld+json\" class=\"yoast-schema-graph\">{\"@context\":\"https:\\\/\\\/schema.org\",\"@graph\":[{\"@type\":\"Article\",\"@id\":\"https:\\\/\\\/dmcsrb.com\\\/ekonomija\\\/vukicevic-pazljivo-procijeniti-je-li-nam-potrebna-koncesija-aerodromi-crne-gore-veoma-dobro-posluju\\\/#article\",\"isPartOf\":{\"@id\":\"https:\\\/\\\/dmcsrb.com\\\/ekonomija\\\/vukicevic-pazljivo-procijeniti-je-li-nam-potrebna-koncesija-aerodromi-crne-gore-veoma-dobro-posluju\\\/\"},\"author\":{\"name\":\"dmcsrbija.com@gmail.com\",\"@id\":\"https:\\\/\\\/dmcsrb.com\\\/#\\\/schema\\\/person\\\/5c39170f12db1b8b457732d0b5c854e2\"},\"headline\":\"Vuki\u0107evi\u0107: Pa\u017eljivo procijeniti je li nam potrebna koncesija, Aerodromi Crne Gore veoma dobro posluju\",\"datePublished\":\"2025-10-29T14:17:10+00:00\",\"mainEntityOfPage\":{\"@id\":\"https:\\\/\\\/dmcsrb.com\\\/ekonomija\\\/vukicevic-pazljivo-procijeniti-je-li-nam-potrebna-koncesija-aerodromi-crne-gore-veoma-dobro-posluju\\\/\"},\"wordCount\":407,\"commentCount\":0,\"image\":{\"@id\":\"https:\\\/\\\/dmcsrb.com\\\/ekonomija\\\/vukicevic-pazljivo-procijeniti-je-li-nam-potrebna-koncesija-aerodromi-crne-gore-veoma-dobro-posluju\\\/#primaryimage\"},\"thumbnailUrl\":\"https:\\\/\\\/dmcsrb.com\\\/wp-content\\\/uploads\\\/2026\\\/01\\\/Maja-Vukicevic-foto-vlada-cg.jpg\",\"keywords\":[\"maja vuki\u0107evi\u0107\",\"ministarka saobra\u0107aja\"],\"articleSection\":[\"Ekonomija\"],\"inLanguage\":\"en-GB\",\"potentialAction\":[{\"@type\":\"CommentAction\",\"name\":\"Comment\",\"target\":[\"https:\\\/\\\/dmcsrb.com\\\/ekonomija\\\/vukicevic-pazljivo-procijeniti-je-li-nam-potrebna-koncesija-aerodromi-crne-gore-veoma-dobro-posluju\\\/#respond\"]}]},{\"@type\":\"WebPage\",\"@id\":\"https:\\\/\\\/dmcsrb.com\\\/ekonomija\\\/vukicevic-pazljivo-procijeniti-je-li-nam-potrebna-koncesija-aerodromi-crne-gore-veoma-dobro-posluju\\\/\",\"url\":\"https:\\\/\\\/dmcsrb.com\\\/ekonomija\\\/vukicevic-pazljivo-procijeniti-je-li-nam-potrebna-koncesija-aerodromi-crne-gore-veoma-dobro-posluju\\\/\",\"name\":\"Vuki\u0107evi\u0107: Pa\u017eljivo procijeniti je li nam potrebna koncesija, Aerodromi Crne Gore veoma dobro posluju - dmcsrb.com\",\"isPartOf\":{\"@id\":\"https:\\\/\\\/dmcsrb.com\\\/#website\"},\"primaryImageOfPage\":{\"@id\":\"https:\\\/\\\/dmcsrb.com\\\/ekonomija\\\/vukicevic-pazljivo-procijeniti-je-li-nam-potrebna-koncesija-aerodromi-crne-gore-veoma-dobro-posluju\\\/#primaryimage\"},\"image\":{\"@id\":\"https:\\\/\\\/dmcsrb.com\\\/ekonomija\\\/vukicevic-pazljivo-procijeniti-je-li-nam-potrebna-koncesija-aerodromi-crne-gore-veoma-dobro-posluju\\\/#primaryimage\"},\"thumbnailUrl\":\"https:\\\/\\\/dmcsrb.com\\\/wp-content\\\/uploads\\\/2026\\\/01\\\/Maja-Vukicevic-foto-vlada-cg.jpg\",\"datePublished\":\"2025-10-29T14:17:10+00:00\",\"author\":{\"@id\":\"https:\\\/\\\/dmcsrb.com\\\/#\\\/schema\\\/person\\\/5c39170f12db1b8b457732d0b5c854e2\"},\"breadcrumb\":{\"@id\":\"https:\\\/\\\/dmcsrb.com\\\/ekonomija\\\/vukicevic-pazljivo-procijeniti-je-li-nam-potrebna-koncesija-aerodromi-crne-gore-veoma-dobro-posluju\\\/#breadcrumb\"},\"inLanguage\":\"en-GB\",\"potentialAction\":[{\"@type\":\"ReadAction\",\"target\":[\"https:\\\/\\\/dmcsrb.com\\\/ekonomija\\\/vukicevic-pazljivo-procijeniti-je-li-nam-potrebna-koncesija-aerodromi-crne-gore-veoma-dobro-posluju\\\/\"]}]},{\"@type\":\"ImageObject\",\"inLanguage\":\"en-GB\",\"@id\":\"https:\\\/\\\/dmcsrb.com\\\/ekonomija\\\/vukicevic-pazljivo-procijeniti-je-li-nam-potrebna-koncesija-aerodromi-crne-gore-veoma-dobro-posluju\\\/#primaryimage\",\"url\":\"https:\\\/\\\/dmcsrb.com\\\/wp-content\\\/uploads\\\/2026\\\/01\\\/Maja-Vukicevic-foto-vlada-cg.jpg\",\"contentUrl\":\"https:\\\/\\\/dmcsrb.com\\\/wp-content\\\/uploads\\\/2026\\\/01\\\/Maja-Vukicevic-foto-vlada-cg.jpg\",\"width\":1125,\"height\":663},{\"@type\":\"BreadcrumbList\",\"@id\":\"https:\\\/\\\/dmcsrb.com\\\/ekonomija\\\/vukicevic-pazljivo-procijeniti-je-li-nam-potrebna-koncesija-aerodromi-crne-gore-veoma-dobro-posluju\\\/#breadcrumb\",\"itemListElement\":[{\"@type\":\"ListItem\",\"position\":1,\"name\":\"Home\",\"item\":\"https:\\\/\\\/dmcsrb.com\\\/\"},{\"@type\":\"ListItem\",\"position\":2,\"name\":\"Vuki\u0107evi\u0107: Pa\u017eljivo procijeniti je li nam potrebna koncesija, Aerodromi Crne Gore veoma dobro posluju\"}]},{\"@type\":\"WebSite\",\"@id\":\"https:\\\/\\\/dmcsrb.com\\\/#website\",\"url\":\"https:\\\/\\\/dmcsrb.com\\\/\",\"name\":\"dmcsrb.com\",\"description\":\"\",\"potentialAction\":[{\"@type\":\"SearchAction\",\"target\":{\"@type\":\"EntryPoint\",\"urlTemplate\":\"https:\\\/\\\/dmcsrb.com\\\/?s={search_term_string}\"},\"query-input\":{\"@type\":\"PropertyValueSpecification\",\"valueRequired\":true,\"valueName\":\"search_term_string\"}}],\"inLanguage\":\"en-GB\"},{\"@type\":\"Person\",\"@id\":\"https:\\\/\\\/dmcsrb.com\\\/#\\\/schema\\\/person\\\/5c39170f12db1b8b457732d0b5c854e2\",\"name\":\"dmcsrbija.com@gmail.com\",\"image\":{\"@type\":\"ImageObject\",\"inLanguage\":\"en-GB\",\"@id\":\"https:\\\/\\\/secure.gravatar.com\\\/avatar\\\/68592660ad6347fad0fb587f8d5d8f1a7b44961362f56e4f2cd524feb87e9069?s=96&d=mm&r=g\",\"url\":\"https:\\\/\\\/secure.gravatar.com\\\/avatar\\\/68592660ad6347fad0fb587f8d5d8f1a7b44961362f56e4f2cd524feb87e9069?s=96&d=mm&r=g\",\"contentUrl\":\"https:\\\/\\\/secure.gravatar.com\\\/avatar\\\/68592660ad6347fad0fb587f8d5d8f1a7b44961362f56e4f2cd524feb87e9069?s=96&d=mm&r=g\",\"caption\":\"dmcsrbija.com@gmail.com\"},\"sameAs\":[\"https:\\\/\\\/dmcsrb.com\"],\"url\":\"https:\\\/\\\/dmcsrb.com\\\/en\\\/author\\\/dmcsrbija-comgmail-com\\\/\"}]}<\/script>\n<!-- \/ Yoast SEO plugin. -->","yoast_head_json":{"title":"Vuki\u0107evi\u0107: Pa\u017eljivo procijeniti je li nam potrebna koncesija, Aerodromi Crne Gore veoma dobro posluju - dmcsrb.com","robots":{"index":"index","follow":"follow","max-snippet":"max-snippet:-1","max-image-preview":"max-image-preview:large","max-video-preview":"max-video-preview:-1"},"canonical":"https:\/\/dmcsrb.com\/en\/ekonomija\/vukicevic-pazljivo-procijeniti-je-li-nam-potrebna-koncesija-aerodromi-crne-gore-veoma-dobro-posluju\/","og_locale":"en_GB","og_type":"article","og_title":"Vuki\u0107evi\u0107: Pa\u017eljivo procijeniti je li nam potrebna koncesija, Aerodromi Crne Gore veoma dobro posluju - dmcsrb.com","og_description":"Ministarka saobra\u0107aja Maja Vuki\u0107evi\u0107 saop\u0161tila je da Tenderska komisija za davanje crnogorskih aerodroma jo\u0161 nije zavr\u0161ila svoj posao, ali bi to trebalo da u\u010dini narednih dana. Vuki\u0107evi\u0107 je u \"Bojama jutra\u201c na TV Vijesti potvrdila i da ponuda ju\u017enokorejske kompanije \u201cIncheon International Airport Corporation\u201d ne predvi\u0111a razvoj baza za niskotarifne aviokompanije, za razliku od luksembur\u0161ko-ameri\u010dke kompanije \u201eCorporaci\u00f3n Am\u00e9rica Airports\u201c.","og_url":"https:\/\/dmcsrb.com\/en\/ekonomija\/vukicevic-pazljivo-procijeniti-je-li-nam-potrebna-koncesija-aerodromi-crne-gore-veoma-dobro-posluju\/","og_site_name":"dmcsrb.com","article_published_time":"2025-10-29T14:17:10+00:00","og_image":[{"width":1125,"height":663,"url":"https:\/\/dmcsrb.com\/wp-content\/uploads\/2026\/01\/Maja-Vukicevic-foto-vlada-cg.jpg","type":"image\/jpeg"}],"author":"dmcsrbija.com@gmail.com","twitter_card":"summary_large_image","twitter_misc":{"Written by":"dmcsrbija.com@gmail.com","Estimated reading time":"2 minutes"},"schema":{"@context":"https:\/\/schema.org","@graph":[{"@type":"Article","@id":"https:\/\/dmcsrb.com\/ekonomija\/vukicevic-pazljivo-procijeniti-je-li-nam-potrebna-koncesija-aerodromi-crne-gore-veoma-dobro-posluju\/#article","isPartOf":{"@id":"https:\/\/dmcsrb.com\/ekonomija\/vukicevic-pazljivo-procijeniti-je-li-nam-potrebna-koncesija-aerodromi-crne-gore-veoma-dobro-posluju\/"},"author":{"name":"dmcsrbija.com@gmail.com","@id":"https:\/\/dmcsrb.com\/#\/schema\/person\/5c39170f12db1b8b457732d0b5c854e2"},"headline":"Vuki\u0107evi\u0107: Pa\u017eljivo procijeniti je li nam potrebna koncesija, Aerodromi Crne Gore veoma dobro posluju","datePublished":"2025-10-29T14:17:10+00:00","mainEntityOfPage":{"@id":"https:\/\/dmcsrb.com\/ekonomija\/vukicevic-pazljivo-procijeniti-je-li-nam-potrebna-koncesija-aerodromi-crne-gore-veoma-dobro-posluju\/"},"wordCount":407,"commentCount":0,"image":{"@id":"https:\/\/dmcsrb.com\/ekonomija\/vukicevic-pazljivo-procijeniti-je-li-nam-potrebna-koncesija-aerodromi-crne-gore-veoma-dobro-posluju\/#primaryimage"},"thumbnailUrl":"https:\/\/dmcsrb.com\/wp-content\/uploads\/2026\/01\/Maja-Vukicevic-foto-vlada-cg.jpg","keywords":["maja vuki\u0107evi\u0107","ministarka saobra\u0107aja"],"articleSection":["Ekonomija"],"inLanguage":"en-GB","potentialAction":[{"@type":"CommentAction","name":"Comment","target":["https:\/\/dmcsrb.com\/ekonomija\/vukicevic-pazljivo-procijeniti-je-li-nam-potrebna-koncesija-aerodromi-crne-gore-veoma-dobro-posluju\/#respond"]}]},{"@type":"WebPage","@id":"https:\/\/dmcsrb.com\/ekonomija\/vukicevic-pazljivo-procijeniti-je-li-nam-potrebna-koncesija-aerodromi-crne-gore-veoma-dobro-posluju\/","url":"https:\/\/dmcsrb.com\/ekonomija\/vukicevic-pazljivo-procijeniti-je-li-nam-potrebna-koncesija-aerodromi-crne-gore-veoma-dobro-posluju\/","name":"Vuki\u0107evi\u0107: Pa\u017eljivo procijeniti je li nam potrebna koncesija, Aerodromi Crne Gore veoma dobro posluju - dmcsrb.com","isPartOf":{"@id":"https:\/\/dmcsrb.com\/#website"},"primaryImageOfPage":{"@id":"https:\/\/dmcsrb.com\/ekonomija\/vukicevic-pazljivo-procijeniti-je-li-nam-potrebna-koncesija-aerodromi-crne-gore-veoma-dobro-posluju\/#primaryimage"},"image":{"@id":"https:\/\/dmcsrb.com\/ekonomija\/vukicevic-pazljivo-procijeniti-je-li-nam-potrebna-koncesija-aerodromi-crne-gore-veoma-dobro-posluju\/#primaryimage"},"thumbnailUrl":"https:\/\/dmcsrb.com\/wp-content\/uploads\/2026\/01\/Maja-Vukicevic-foto-vlada-cg.jpg","datePublished":"2025-10-29T14:17:10+00:00","author":{"@id":"https:\/\/dmcsrb.com\/#\/schema\/person\/5c39170f12db1b8b457732d0b5c854e2"},"breadcrumb":{"@id":"https:\/\/dmcsrb.com\/ekonomija\/vukicevic-pazljivo-procijeniti-je-li-nam-potrebna-koncesija-aerodromi-crne-gore-veoma-dobro-posluju\/#breadcrumb"},"inLanguage":"en-GB","potentialAction":[{"@type":"ReadAction","target":["https:\/\/dmcsrb.com\/ekonomija\/vukicevic-pazljivo-procijeniti-je-li-nam-potrebna-koncesija-aerodromi-crne-gore-veoma-dobro-posluju\/"]}]},{"@type":"ImageObject","inLanguage":"en-GB","@id":"https:\/\/dmcsrb.com\/ekonomija\/vukicevic-pazljivo-procijeniti-je-li-nam-potrebna-koncesija-aerodromi-crne-gore-veoma-dobro-posluju\/#primaryimage","url":"https:\/\/dmcsrb.com\/wp-content\/uploads\/2026\/01\/Maja-Vukicevic-foto-vlada-cg.jpg","contentUrl":"https:\/\/dmcsrb.com\/wp-content\/uploads\/2026\/01\/Maja-Vukicevic-foto-vlada-cg.jpg","width":1125,"height":663},{"@type":"BreadcrumbList","@id":"https:\/\/dmcsrb.com\/ekonomija\/vukicevic-pazljivo-procijeniti-je-li-nam-potrebna-koncesija-aerodromi-crne-gore-veoma-dobro-posluju\/#breadcrumb","itemListElement":[{"@type":"ListItem","position":1,"name":"Home","item":"https:\/\/dmcsrb.com\/"},{"@type":"ListItem","position":2,"name":"Vuki\u0107evi\u0107: Pa\u017eljivo procijeniti je li nam potrebna koncesija, Aerodromi Crne Gore veoma dobro posluju"}]},{"@type":"WebSite","@id":"https:\/\/dmcsrb.com\/#website","url":"https:\/\/dmcsrb.com\/","name":"dmcsrb.com","description":"","potentialAction":[{"@type":"SearchAction","target":{"@type":"EntryPoint","urlTemplate":"https:\/\/dmcsrb.com\/?s={search_term_string}"},"query-input":{"@type":"PropertyValueSpecification","valueRequired":true,"valueName":"search_term_string"}}],"inLanguage":"en-GB"},{"@type":"Person","@id":"https:\/\/dmcsrb.com\/#\/schema\/person\/5c39170f12db1b8b457732d0b5c854e2","name":"dmcsrbija.com@gmail.com","image":{"@type":"ImageObject","inLanguage":"en-GB","@id":"https:\/\/secure.gravatar.com\/avatar\/68592660ad6347fad0fb587f8d5d8f1a7b44961362f56e4f2cd524feb87e9069?s=96&d=mm&r=g","url":"https:\/\/secure.gravatar.com\/avatar\/68592660ad6347fad0fb587f8d5d8f1a7b44961362f56e4f2cd524feb87e9069?s=96&d=mm&r=g","contentUrl":"https:\/\/secure.gravatar.com\/avatar\/68592660ad6347fad0fb587f8d5d8f1a7b44961362f56e4f2cd524feb87e9069?s=96&d=mm&r=g","caption":"dmcsrbija.com@gmail.com"},"sameAs":["https:\/\/dmcsrb.com"],"url":"https:\/\/dmcsrb.com\/en\/author\/dmcsrbija-comgmail-com\/"}]}},"_links":{"self":[{"href":"https:\/\/dmcsrb.com\/en\/wp-json\/wp\/v2\/posts\/960751","targetHints":{"allow":["GET"]}}],"collection":[{"href":"https:\/\/dmcsrb.com\/en\/wp-json\/wp\/v2\/posts"}],"about":[{"href":"https:\/\/dmcsrb.com\/en\/wp-json\/wp\/v2\/types\/post"}],"author":[{"embeddable":true,"href":"https:\/\/dmcsrb.com\/en\/wp-json\/wp\/v2\/users\/1"}],"replies":[{"embeddable":true,"href":"https:\/\/dmcsrb.com\/en\/wp-json\/wp\/v2\/comments?post=960751"}],"version-history":[{"count":0,"href":"https:\/\/dmcsrb.com\/en\/wp-json\/wp\/v2\/posts\/960751\/revisions"}],"wp:featuredmedia":[{"embeddable":true,"href":"https:\/\/dmcsrb.com\/en\/wp-json\/wp\/v2\/media\/909399"}],"wp:attachment":[{"href":"https:\/\/dmcsrb.com\/en\/wp-json\/wp\/v2\/media?parent=960751"}],"wp:term":[{"taxonomy":"category","embeddable":true,"href":"https:\/\/dmcsrb.com\/en\/wp-json\/wp\/v2\/categories?post=960751"},{"taxonomy":"post_tag","embeddable":true,"href":"https:\/\/dmcsrb.com\/en\/wp-json\/wp\/v2\/tags?post=960751"},{"taxonomy":"naslovna","embeddable":true,"href":"https:\/\/dmcsrb.com\/en\/wp-json\/wp\/v2\/naslovna?post=960751"}],"curies":[{"name":"wp","href":"https:\/\/api.w.org\/{rel}","templated":true}]}}