{"id":960744,"date":"2025-10-29T15:13:00","date_gmt":"2025-10-29T14:13:00","guid":{"rendered":"https:\/\/dmcsrb.com\/uncategorized\/ibrahimovic-medjudrzavno-povjerenje-crne-gore-i-turske-gradjeno-strpljivo-i-iskreno\/"},"modified":"2025-10-29T15:13:00","modified_gmt":"2025-10-29T14:13:00","slug":"ibrahimovic-medjudrzavno-povjerenje-crne-gore-i-turske-gradjeno-strpljivo-i-iskreno","status":"publish","type":"post","link":"https:\/\/dmcsrb.com\/en\/politika\/ibrahimovic-medjudrzavno-povjerenje-crne-gore-i-turske-gradjeno-strpljivo-i-iskreno\/","title":{"rendered":"Ibrahimovi\u0107: Me\u0111udr\u017eavno povjerenje Crne Gore i Turske gra\u0111eno strpljivo i iskreno"},"content":{"rendered":"<p><\/p>\n\n\n\n<p>Ibrahimovi\u0107 isti\u010de da ovaj zna\u010dajni jubilej predstavlja proslavu vizije i odlu\u010dnosti turskog naroda, koji je, pod vo\u0111stvom Mustafe Kemala Ataturka, izgradio temelje moderne republike.<\/p>\n\n\n\n<p>On podsje\u0107a da Crna Gora i Turska dijele izuzetno dobre i prijateljske odnose, utemeljene na uzajamnom po\u0161tovanju i razumijevanju. Ti odnosi se, kako navode, ogledaju&nbsp; u intenzivnom politi\u010dkom dijalogu, sna\u017eenju ekonomskih veza i zajedni\u010dkoj viziji stabilnog i prosperitetnog Balkana, dodatno oja\u010danim na\u0161im savezni\u0161tvom u NATO-u, zajedni\u010dkom evropskom perspektivom, kao i saradnjom u regionalnim mehanizmima i inicijativama.<\/p>\n\n\n\n<p>\u201cTako\u0111e, Ibrahimovi\u0107 nagla\u0161ava da danas nema oblasti u kojoj Crna Gora i Turska ne ostvaruju blisku saradnju \u2013 od ekonomije i obrazovanja, do kulture i zdravstva.<\/p>\n\n\n\n<p>Posebno isti\u010de doprinos crnogorskih iseljenika u Turskoj u sna\u017eenju odnosa izme\u0111u dvije dr\u017eave. Iseljenici su temelj prijateljstva izme\u0111u na\u0161ih naroda, dok njihova predanost, njegovanje kulture sje\u0107anja i osje\u0107aj pripadnosti \u2013 i Turskoj i Crnoj Gori \u2013 predstavljaju sna\u017enu sponu koja povezuje dvije dr\u017eave i narode, grade\u0107i mostove<br>prijateljstva koji traju decenijama\u201d, navodi se u saop\u0161tenju.<\/p>\n\n\n\n<p>U osvrtu na doga\u0111aje koji su se proteklih dana de\u0161avali u Crnoj Gori, ministar, kako navode, o\u0161tro osu\u0111uje svaki oblik ksenofobije, govora mr\u017enje i poku\u0161aja zloupotrebe pojedina\u010dnih incidenata koji targetiraju bilo koju naciju ili zajednicu i podsje\u0107a na multikulturalni karakter Crne Gore.<\/p>\n\n\n\n<p>\u201cMe\u0111udr\u017eavno povjerenje izme\u0111u Crne Gore i Turske gra\u0111eno je strpljivo i iskreno sa obje strane, uz spremnost Crne Gore da se ono dalje \u010duva i nadogra\u0111uje. Dodatno, ministar isti\u010de da je, u svjetlu ovih doga\u0111aja, posebno va\u017eno omogu\u0107iti bezbjednosnim i pravosudnim institucijama dvije dr\u017eave bolju koordinaciju i komunikaciju, kako bismo zajedni\u010dki gradili ambijent u kojem se svaki pojedinac osje\u0107a sigurno.<\/p>\n\n\n\n<p>Ibrahimovi\u0107 je uvjeren da predstoje\u0107i period donosi nove prilike za jo\u0161 sna\u017enije povezivanje na\u0161ih ekonomija, kultura i gra\u0111ana. Crna Gora ostaje pouzdan partner i prijatelj Turske, u zajedni\u010dkom djelovanju i te\u017enjama za ja\u010danje bilateralnih odnosa\u201d, zaklju\u010duje se u saop\u0161tenju.<\/p>","protected":false},"excerpt":{"rendered":"<p>Povodom obilje\u017eavanja 102. godi\u0161njice od progla\u0161enja Republike Turske, potpredsjednik Vlade Crne Gore i ministar vanjskih poslova\u00a0Ervin Ibrahimovi\u0107\u00a0uputio je \u010destitke zvani\u010dnicima Republike Turske i turskom narodu uz \u017eelje za dalji napredak, mir i prosperitet, saop\u0161teno je iz MVP.<\/p>","protected":false},"author":1,"featured_media":914515,"comment_status":"open","ping_status":"open","sticky":false,"template":"","format":"standard","meta":{"_acf_changed":false,"footnotes":""},"categories":[12],"tags":[321,595],"naslovna":[],"class_list":["post-960744","post","type-post","status-publish","format-standard","has-post-thumbnail","hentry","category-politika","tag-ervin-ibrahimovic","tag-mvp"],"acf":[],"yoast_head":"<!-- This site is optimized with the Yoast SEO plugin v27.4 - https:\/\/yoast.com\/product\/yoast-seo-wordpress\/ -->\n<title>Ibrahimovi\u0107: Me\u0111udr\u017eavno povjerenje Crne Gore i Turske gra\u0111eno strpljivo i iskreno - dmcsrb.com<\/title>\n<meta name=\"robots\" content=\"index, follow, max-snippet:-1, max-image-preview:large, max-video-preview:-1\" \/>\n<link rel=\"canonical\" href=\"https:\/\/dmcsrb.com\/en\/politika\/ibrahimovic-medjudrzavno-povjerenje-crne-gore-i-turske-gradjeno-strpljivo-i-iskreno\/\" \/>\n<meta property=\"og:locale\" content=\"en_GB\" \/>\n<meta property=\"og:type\" content=\"article\" \/>\n<meta property=\"og:title\" content=\"Ibrahimovi\u0107: Me\u0111udr\u017eavno povjerenje Crne Gore i Turske gra\u0111eno strpljivo i iskreno - dmcsrb.com\" \/>\n<meta property=\"og:description\" content=\"Povodom obilje\u017eavanja 102. godi\u0161njice od progla\u0161enja Republike Turske, potpredsjednik Vlade Crne Gore i ministar vanjskih poslova\u00a0Ervin Ibrahimovi\u0107\u00a0uputio je \u010destitke zvani\u010dnicima Republike Turske i turskom narodu uz \u017eelje za dalji napredak, mir i prosperitet, saop\u0161teno je iz MVP.\" \/>\n<meta property=\"og:url\" content=\"https:\/\/dmcsrb.com\/en\/politika\/ibrahimovic-medjudrzavno-povjerenje-crne-gore-i-turske-gradjeno-strpljivo-i-iskreno\/\" \/>\n<meta property=\"og:site_name\" content=\"dmcsrb.com\" \/>\n<meta property=\"article:published_time\" content=\"2025-10-29T14:13:00+00:00\" \/>\n<meta property=\"og:image\" content=\"https:\/\/dmcsrb.com\/wp-content\/uploads\/2026\/01\/Ervin-BS.jpg\" \/>\n\t<meta property=\"og:image:width\" content=\"1600\" \/>\n\t<meta property=\"og:image:height\" content=\"988\" \/>\n\t<meta property=\"og:image:type\" content=\"image\/jpeg\" \/>\n<meta name=\"author\" content=\"dmcsrbija.com@gmail.com\" \/>\n<meta name=\"twitter:card\" content=\"summary_large_image\" \/>\n<meta name=\"twitter:label1\" content=\"Written by\" \/>\n\t<meta name=\"twitter:data1\" content=\"dmcsrbija.com@gmail.com\" \/>\n\t<meta name=\"twitter:label2\" content=\"Estimated reading time\" \/>\n\t<meta name=\"twitter:data2\" content=\"2 minutes\" \/>\n<script type=\"application\/ld+json\" class=\"yoast-schema-graph\">{\"@context\":\"https:\\\/\\\/schema.org\",\"@graph\":[{\"@type\":\"Article\",\"@id\":\"https:\\\/\\\/dmcsrb.com\\\/politika\\\/ibrahimovic-medjudrzavno-povjerenje-crne-gore-i-turske-gradjeno-strpljivo-i-iskreno\\\/#article\",\"isPartOf\":{\"@id\":\"https:\\\/\\\/dmcsrb.com\\\/politika\\\/ibrahimovic-medjudrzavno-povjerenje-crne-gore-i-turske-gradjeno-strpljivo-i-iskreno\\\/\"},\"author\":{\"name\":\"dmcsrbija.com@gmail.com\",\"@id\":\"https:\\\/\\\/dmcsrb.com\\\/#\\\/schema\\\/person\\\/5c39170f12db1b8b457732d0b5c854e2\"},\"headline\":\"Ibrahimovi\u0107: Me\u0111udr\u017eavno povjerenje Crne Gore i Turske gra\u0111eno strpljivo i iskreno\",\"datePublished\":\"2025-10-29T14:13:00+00:00\",\"mainEntityOfPage\":{\"@id\":\"https:\\\/\\\/dmcsrb.com\\\/politika\\\/ibrahimovic-medjudrzavno-povjerenje-crne-gore-i-turske-gradjeno-strpljivo-i-iskreno\\\/\"},\"wordCount\":369,\"commentCount\":0,\"image\":{\"@id\":\"https:\\\/\\\/dmcsrb.com\\\/politika\\\/ibrahimovic-medjudrzavno-povjerenje-crne-gore-i-turske-gradjeno-strpljivo-i-iskreno\\\/#primaryimage\"},\"thumbnailUrl\":\"https:\\\/\\\/dmcsrb.com\\\/wp-content\\\/uploads\\\/2026\\\/01\\\/Ervin-BS.jpg\",\"keywords\":[\"Ervin Ibrahimovi\u0107\",\"MVP\"],\"articleSection\":[\"Politika\"],\"inLanguage\":\"en-GB\",\"potentialAction\":[{\"@type\":\"CommentAction\",\"name\":\"Comment\",\"target\":[\"https:\\\/\\\/dmcsrb.com\\\/politika\\\/ibrahimovic-medjudrzavno-povjerenje-crne-gore-i-turske-gradjeno-strpljivo-i-iskreno\\\/#respond\"]}]},{\"@type\":\"WebPage\",\"@id\":\"https:\\\/\\\/dmcsrb.com\\\/politika\\\/ibrahimovic-medjudrzavno-povjerenje-crne-gore-i-turske-gradjeno-strpljivo-i-iskreno\\\/\",\"url\":\"https:\\\/\\\/dmcsrb.com\\\/politika\\\/ibrahimovic-medjudrzavno-povjerenje-crne-gore-i-turske-gradjeno-strpljivo-i-iskreno\\\/\",\"name\":\"Ibrahimovi\u0107: Me\u0111udr\u017eavno povjerenje Crne Gore i Turske gra\u0111eno strpljivo i iskreno - dmcsrb.com\",\"isPartOf\":{\"@id\":\"https:\\\/\\\/dmcsrb.com\\\/#website\"},\"primaryImageOfPage\":{\"@id\":\"https:\\\/\\\/dmcsrb.com\\\/politika\\\/ibrahimovic-medjudrzavno-povjerenje-crne-gore-i-turske-gradjeno-strpljivo-i-iskreno\\\/#primaryimage\"},\"image\":{\"@id\":\"https:\\\/\\\/dmcsrb.com\\\/politika\\\/ibrahimovic-medjudrzavno-povjerenje-crne-gore-i-turske-gradjeno-strpljivo-i-iskreno\\\/#primaryimage\"},\"thumbnailUrl\":\"https:\\\/\\\/dmcsrb.com\\\/wp-content\\\/uploads\\\/2026\\\/01\\\/Ervin-BS.jpg\",\"datePublished\":\"2025-10-29T14:13:00+00:00\",\"author\":{\"@id\":\"https:\\\/\\\/dmcsrb.com\\\/#\\\/schema\\\/person\\\/5c39170f12db1b8b457732d0b5c854e2\"},\"breadcrumb\":{\"@id\":\"https:\\\/\\\/dmcsrb.com\\\/politika\\\/ibrahimovic-medjudrzavno-povjerenje-crne-gore-i-turske-gradjeno-strpljivo-i-iskreno\\\/#breadcrumb\"},\"inLanguage\":\"en-GB\",\"potentialAction\":[{\"@type\":\"ReadAction\",\"target\":[\"https:\\\/\\\/dmcsrb.com\\\/politika\\\/ibrahimovic-medjudrzavno-povjerenje-crne-gore-i-turske-gradjeno-strpljivo-i-iskreno\\\/\"]}]},{\"@type\":\"ImageObject\",\"inLanguage\":\"en-GB\",\"@id\":\"https:\\\/\\\/dmcsrb.com\\\/politika\\\/ibrahimovic-medjudrzavno-povjerenje-crne-gore-i-turske-gradjeno-strpljivo-i-iskreno\\\/#primaryimage\",\"url\":\"https:\\\/\\\/dmcsrb.com\\\/wp-content\\\/uploads\\\/2026\\\/01\\\/Ervin-BS.jpg\",\"contentUrl\":\"https:\\\/\\\/dmcsrb.com\\\/wp-content\\\/uploads\\\/2026\\\/01\\\/Ervin-BS.jpg\",\"width\":1600,\"height\":988},{\"@type\":\"BreadcrumbList\",\"@id\":\"https:\\\/\\\/dmcsrb.com\\\/politika\\\/ibrahimovic-medjudrzavno-povjerenje-crne-gore-i-turske-gradjeno-strpljivo-i-iskreno\\\/#breadcrumb\",\"itemListElement\":[{\"@type\":\"ListItem\",\"position\":1,\"name\":\"Home\",\"item\":\"https:\\\/\\\/dmcsrb.com\\\/\"},{\"@type\":\"ListItem\",\"position\":2,\"name\":\"Ibrahimovi\u0107: Me\u0111udr\u017eavno povjerenje Crne Gore i Turske gra\u0111eno strpljivo i iskreno\"}]},{\"@type\":\"WebSite\",\"@id\":\"https:\\\/\\\/dmcsrb.com\\\/#website\",\"url\":\"https:\\\/\\\/dmcsrb.com\\\/\",\"name\":\"dmcsrb.com\",\"description\":\"\",\"potentialAction\":[{\"@type\":\"SearchAction\",\"target\":{\"@type\":\"EntryPoint\",\"urlTemplate\":\"https:\\\/\\\/dmcsrb.com\\\/?s={search_term_string}\"},\"query-input\":{\"@type\":\"PropertyValueSpecification\",\"valueRequired\":true,\"valueName\":\"search_term_string\"}}],\"inLanguage\":\"en-GB\"},{\"@type\":\"Person\",\"@id\":\"https:\\\/\\\/dmcsrb.com\\\/#\\\/schema\\\/person\\\/5c39170f12db1b8b457732d0b5c854e2\",\"name\":\"dmcsrbija.com@gmail.com\",\"image\":{\"@type\":\"ImageObject\",\"inLanguage\":\"en-GB\",\"@id\":\"https:\\\/\\\/secure.gravatar.com\\\/avatar\\\/68592660ad6347fad0fb587f8d5d8f1a7b44961362f56e4f2cd524feb87e9069?s=96&d=mm&r=g\",\"url\":\"https:\\\/\\\/secure.gravatar.com\\\/avatar\\\/68592660ad6347fad0fb587f8d5d8f1a7b44961362f56e4f2cd524feb87e9069?s=96&d=mm&r=g\",\"contentUrl\":\"https:\\\/\\\/secure.gravatar.com\\\/avatar\\\/68592660ad6347fad0fb587f8d5d8f1a7b44961362f56e4f2cd524feb87e9069?s=96&d=mm&r=g\",\"caption\":\"dmcsrbija.com@gmail.com\"},\"sameAs\":[\"https:\\\/\\\/dmcsrb.com\"],\"url\":\"https:\\\/\\\/dmcsrb.com\\\/en\\\/author\\\/dmcsrbija-comgmail-com\\\/\"}]}<\/script>\n<!-- \/ Yoast SEO plugin. -->","yoast_head_json":{"title":"Ibrahimovi\u0107: Me\u0111udr\u017eavno povjerenje Crne Gore i Turske gra\u0111eno strpljivo i iskreno - dmcsrb.com","robots":{"index":"index","follow":"follow","max-snippet":"max-snippet:-1","max-image-preview":"max-image-preview:large","max-video-preview":"max-video-preview:-1"},"canonical":"https:\/\/dmcsrb.com\/en\/politika\/ibrahimovic-medjudrzavno-povjerenje-crne-gore-i-turske-gradjeno-strpljivo-i-iskreno\/","og_locale":"en_GB","og_type":"article","og_title":"Ibrahimovi\u0107: Me\u0111udr\u017eavno povjerenje Crne Gore i Turske gra\u0111eno strpljivo i iskreno - dmcsrb.com","og_description":"Povodom obilje\u017eavanja 102. godi\u0161njice od progla\u0161enja Republike Turske, potpredsjednik Vlade Crne Gore i ministar vanjskih poslova\u00a0Ervin Ibrahimovi\u0107\u00a0uputio je \u010destitke zvani\u010dnicima Republike Turske i turskom narodu uz \u017eelje za dalji napredak, mir i prosperitet, saop\u0161teno je iz MVP.","og_url":"https:\/\/dmcsrb.com\/en\/politika\/ibrahimovic-medjudrzavno-povjerenje-crne-gore-i-turske-gradjeno-strpljivo-i-iskreno\/","og_site_name":"dmcsrb.com","article_published_time":"2025-10-29T14:13:00+00:00","og_image":[{"width":1600,"height":988,"url":"https:\/\/dmcsrb.com\/wp-content\/uploads\/2026\/01\/Ervin-BS.jpg","type":"image\/jpeg"}],"author":"dmcsrbija.com@gmail.com","twitter_card":"summary_large_image","twitter_misc":{"Written by":"dmcsrbija.com@gmail.com","Estimated reading time":"2 minutes"},"schema":{"@context":"https:\/\/schema.org","@graph":[{"@type":"Article","@id":"https:\/\/dmcsrb.com\/politika\/ibrahimovic-medjudrzavno-povjerenje-crne-gore-i-turske-gradjeno-strpljivo-i-iskreno\/#article","isPartOf":{"@id":"https:\/\/dmcsrb.com\/politika\/ibrahimovic-medjudrzavno-povjerenje-crne-gore-i-turske-gradjeno-strpljivo-i-iskreno\/"},"author":{"name":"dmcsrbija.com@gmail.com","@id":"https:\/\/dmcsrb.com\/#\/schema\/person\/5c39170f12db1b8b457732d0b5c854e2"},"headline":"Ibrahimovi\u0107: Me\u0111udr\u017eavno povjerenje Crne Gore i Turske gra\u0111eno strpljivo i iskreno","datePublished":"2025-10-29T14:13:00+00:00","mainEntityOfPage":{"@id":"https:\/\/dmcsrb.com\/politika\/ibrahimovic-medjudrzavno-povjerenje-crne-gore-i-turske-gradjeno-strpljivo-i-iskreno\/"},"wordCount":369,"commentCount":0,"image":{"@id":"https:\/\/dmcsrb.com\/politika\/ibrahimovic-medjudrzavno-povjerenje-crne-gore-i-turske-gradjeno-strpljivo-i-iskreno\/#primaryimage"},"thumbnailUrl":"https:\/\/dmcsrb.com\/wp-content\/uploads\/2026\/01\/Ervin-BS.jpg","keywords":["Ervin Ibrahimovi\u0107","MVP"],"articleSection":["Politika"],"inLanguage":"en-GB","potentialAction":[{"@type":"CommentAction","name":"Comment","target":["https:\/\/dmcsrb.com\/politika\/ibrahimovic-medjudrzavno-povjerenje-crne-gore-i-turske-gradjeno-strpljivo-i-iskreno\/#respond"]}]},{"@type":"WebPage","@id":"https:\/\/dmcsrb.com\/politika\/ibrahimovic-medjudrzavno-povjerenje-crne-gore-i-turske-gradjeno-strpljivo-i-iskreno\/","url":"https:\/\/dmcsrb.com\/politika\/ibrahimovic-medjudrzavno-povjerenje-crne-gore-i-turske-gradjeno-strpljivo-i-iskreno\/","name":"Ibrahimovi\u0107: Me\u0111udr\u017eavno povjerenje Crne Gore i Turske gra\u0111eno strpljivo i iskreno - dmcsrb.com","isPartOf":{"@id":"https:\/\/dmcsrb.com\/#website"},"primaryImageOfPage":{"@id":"https:\/\/dmcsrb.com\/politika\/ibrahimovic-medjudrzavno-povjerenje-crne-gore-i-turske-gradjeno-strpljivo-i-iskreno\/#primaryimage"},"image":{"@id":"https:\/\/dmcsrb.com\/politika\/ibrahimovic-medjudrzavno-povjerenje-crne-gore-i-turske-gradjeno-strpljivo-i-iskreno\/#primaryimage"},"thumbnailUrl":"https:\/\/dmcsrb.com\/wp-content\/uploads\/2026\/01\/Ervin-BS.jpg","datePublished":"2025-10-29T14:13:00+00:00","author":{"@id":"https:\/\/dmcsrb.com\/#\/schema\/person\/5c39170f12db1b8b457732d0b5c854e2"},"breadcrumb":{"@id":"https:\/\/dmcsrb.com\/politika\/ibrahimovic-medjudrzavno-povjerenje-crne-gore-i-turske-gradjeno-strpljivo-i-iskreno\/#breadcrumb"},"inLanguage":"en-GB","potentialAction":[{"@type":"ReadAction","target":["https:\/\/dmcsrb.com\/politika\/ibrahimovic-medjudrzavno-povjerenje-crne-gore-i-turske-gradjeno-strpljivo-i-iskreno\/"]}]},{"@type":"ImageObject","inLanguage":"en-GB","@id":"https:\/\/dmcsrb.com\/politika\/ibrahimovic-medjudrzavno-povjerenje-crne-gore-i-turske-gradjeno-strpljivo-i-iskreno\/#primaryimage","url":"https:\/\/dmcsrb.com\/wp-content\/uploads\/2026\/01\/Ervin-BS.jpg","contentUrl":"https:\/\/dmcsrb.com\/wp-content\/uploads\/2026\/01\/Ervin-BS.jpg","width":1600,"height":988},{"@type":"BreadcrumbList","@id":"https:\/\/dmcsrb.com\/politika\/ibrahimovic-medjudrzavno-povjerenje-crne-gore-i-turske-gradjeno-strpljivo-i-iskreno\/#breadcrumb","itemListElement":[{"@type":"ListItem","position":1,"name":"Home","item":"https:\/\/dmcsrb.com\/"},{"@type":"ListItem","position":2,"name":"Ibrahimovi\u0107: Me\u0111udr\u017eavno povjerenje Crne Gore i Turske gra\u0111eno strpljivo i iskreno"}]},{"@type":"WebSite","@id":"https:\/\/dmcsrb.com\/#website","url":"https:\/\/dmcsrb.com\/","name":"dmcsrb.com","description":"","potentialAction":[{"@type":"SearchAction","target":{"@type":"EntryPoint","urlTemplate":"https:\/\/dmcsrb.com\/?s={search_term_string}"},"query-input":{"@type":"PropertyValueSpecification","valueRequired":true,"valueName":"search_term_string"}}],"inLanguage":"en-GB"},{"@type":"Person","@id":"https:\/\/dmcsrb.com\/#\/schema\/person\/5c39170f12db1b8b457732d0b5c854e2","name":"dmcsrbija.com@gmail.com","image":{"@type":"ImageObject","inLanguage":"en-GB","@id":"https:\/\/secure.gravatar.com\/avatar\/68592660ad6347fad0fb587f8d5d8f1a7b44961362f56e4f2cd524feb87e9069?s=96&d=mm&r=g","url":"https:\/\/secure.gravatar.com\/avatar\/68592660ad6347fad0fb587f8d5d8f1a7b44961362f56e4f2cd524feb87e9069?s=96&d=mm&r=g","contentUrl":"https:\/\/secure.gravatar.com\/avatar\/68592660ad6347fad0fb587f8d5d8f1a7b44961362f56e4f2cd524feb87e9069?s=96&d=mm&r=g","caption":"dmcsrbija.com@gmail.com"},"sameAs":["https:\/\/dmcsrb.com"],"url":"https:\/\/dmcsrb.com\/en\/author\/dmcsrbija-comgmail-com\/"}]}},"_links":{"self":[{"href":"https:\/\/dmcsrb.com\/en\/wp-json\/wp\/v2\/posts\/960744","targetHints":{"allow":["GET"]}}],"collection":[{"href":"https:\/\/dmcsrb.com\/en\/wp-json\/wp\/v2\/posts"}],"about":[{"href":"https:\/\/dmcsrb.com\/en\/wp-json\/wp\/v2\/types\/post"}],"author":[{"embeddable":true,"href":"https:\/\/dmcsrb.com\/en\/wp-json\/wp\/v2\/users\/1"}],"replies":[{"embeddable":true,"href":"https:\/\/dmcsrb.com\/en\/wp-json\/wp\/v2\/comments?post=960744"}],"version-history":[{"count":0,"href":"https:\/\/dmcsrb.com\/en\/wp-json\/wp\/v2\/posts\/960744\/revisions"}],"wp:featuredmedia":[{"embeddable":true,"href":"https:\/\/dmcsrb.com\/en\/wp-json\/wp\/v2\/media\/914515"}],"wp:attachment":[{"href":"https:\/\/dmcsrb.com\/en\/wp-json\/wp\/v2\/media?parent=960744"}],"wp:term":[{"taxonomy":"category","embeddable":true,"href":"https:\/\/dmcsrb.com\/en\/wp-json\/wp\/v2\/categories?post=960744"},{"taxonomy":"post_tag","embeddable":true,"href":"https:\/\/dmcsrb.com\/en\/wp-json\/wp\/v2\/tags?post=960744"},{"taxonomy":"naslovna","embeddable":true,"href":"https:\/\/dmcsrb.com\/en\/wp-json\/wp\/v2\/naslovna?post=960744"}],"curies":[{"name":"wp","href":"https:\/\/api.w.org\/{rel}","templated":true}]}}