{"id":960741,"date":"2025-10-29T18:35:00","date_gmt":"2025-10-29T17:35:00","guid":{"rendered":"https:\/\/dmcsrb.com\/uncategorized\/sad-ukinule-sankcije-dodiku-i-cvijanovic\/"},"modified":"2025-10-29T18:35:00","modified_gmt":"2025-10-29T17:35:00","slug":"sad-ukinule-sankcije-dodiku-i-cvijanovic","status":"publish","type":"post","link":"https:\/\/dmcsrb.com\/en\/region\/sad-ukinule-sankcije-dodiku-i-cvijanovic\/","title":{"rendered":"SAD ukinule sankcije Dodiku i Cvijanovi\u0107"},"content":{"rendered":"<p><\/p>\n\n\n\n<p><\/p>\n\n\n\n<p>Sa liste su uklonjeni i ranije sankcionisani \u010dlanovi Dodikove porodice, njihove firme i bliski saradnici.<\/p>\n\n\n\n<p>OFAC je sankcionisao Dodika ve\u0107 dva puta, zbog antidejtonskog djelovanja.<\/p>\n\n\n\n<p>Pored Dodika, sa liste sankcija skinuto je 48 fizi\u010dkih i pravnih lica, koja su u prethodnom periodu bila sankcionisana prema Programu sankcija za Zapadni Balkan.<\/p>\n\n\n\n<p>Sjedinjene Dr\u017eave redovno preispituju svoje sankcije kako bi osigurale da one promovi\u0161u ekonomske ciljeve SAD, kao i ciljeve povezane sa nacionalnom bezbjedno\u0161\u0107u i spoljnom politikom, \u0161to je slu\u010daj i ovdje, isti\u010de se.<\/p>\n\n\n\n<p>&#8220;Konstruktivno djelovanje Narodne skup\u0161tine Republike Srpske posljednjih sedmica trebalo bi da pobolj\u0161a nivo stabilnosti u Bosni i Hercegovini, a omogu\u0107i\u0107e partnerstvo sa Sjedinjenim Dr\u017eavama zasnovano na obostranim interesima, privrednim potencijalima i zajedni\u010dkom prosperitetu. Nastavi\u0107emo blisko da sara\u0111ujemo sa politi\u010dkim i drugim akterima iz cijelog politi\u010dkog spektra u Bosni i Hercegovini kako bismo promovisali zajedni\u010dke prioritete&#8221;, navedeno je u odluci.<\/p>\n\n\n\n<p>Prije desetak dana, OFAC je uklonio sa liste sankcionisanih \u010detiri osobe iz entiteta Republika Srpska, koje su bile uvedene zbog organizovanja proslave 9. januara, Dana Republike Srpske.<\/p>\n\n\n\n<p>Rije\u010d je o sankcijama za Danijela Dragi\u010devi\u0107a, Jelenu Paji\u0107 Ba\u0161tinac, Dijanu Milankovi\u0107 i Gorana Rakovi\u0107a.<\/p>\n\n\n\n<p>Vlasti RS potpisale su u decembru pro\u0161le godine ugovor sa ameri\u010dkom advokatskom kancelarijom &#8220;Zell &amp; Associates International Advocates\u201c&#8221;da lobira u SAD za ukidanje sankcija Miloradu Dodiku i \u017deljki Cvijanovi\u0107, promovi\u0161e dijalog RS i administracije Donalda Trampa, preispita Dejtonski sporazum i ulogu visokog predstavnika u Bosni i Hercegovini.<\/p>\n\n\n\n<p>Prema registracionom dokumentu u koji je Radio Slobodna Evropa imao uvid, advokatska kancelarija \u0107e ove ciljeve na teritoriji SAD ostvarivati kroz komunikaciju sa predstavnicima tamo\u0161nje izvr\u0161ne i zakonodavne vlasti, kao i nevladinim sektorom.<\/p>\n\n\n\n<p>Do sada su ugovori RS sa lobisti\u010dkim i advokatskim ku\u0107ama u SAD uglavnom bili usmjereni na promociju investicija i pravno savjetovanje, a te usluge su ko\u0161tale nekoliko desetina hiljada dolara mjese\u010dno.<\/p>","protected":false},"excerpt":{"rendered":"<p>Kancelarija za kontrolu stranih sredstava Ministarstva finansija SAD (OFAC) uklonila je sa liste sankcija Milorada Dodika, predsednika Saveza nezavisnih socijaldemokrata, kao i \u010dlanicu Predsjedni\u0161tva BiH \u017deljku Cvijanovi\u0107.<\/p>","protected":false},"author":1,"featured_media":944211,"comment_status":"open","ping_status":"open","sticky":false,"template":"","format":"standard","meta":{"_acf_changed":false,"footnotes":""},"categories":[103],"tags":[6434,195,8904],"naslovna":[],"class_list":["post-960741","post","type-post","status-publish","format-standard","has-post-thumbnail","hentry","category-region","tag-milorad-dodik","tag-sad","tag-zeljka-cvijanovic"],"acf":[],"yoast_head":"<!-- This site is optimized with the Yoast SEO plugin v27.4 - https:\/\/yoast.com\/product\/yoast-seo-wordpress\/ -->\n<title>SAD ukinule sankcije Dodiku i Cvijanovi\u0107 - dmcsrb.com<\/title>\n<meta name=\"robots\" content=\"index, follow, max-snippet:-1, max-image-preview:large, max-video-preview:-1\" \/>\n<link rel=\"canonical\" href=\"https:\/\/dmcsrb.com\/en\/region\/sad-ukinule-sankcije-dodiku-i-cvijanovic\/\" \/>\n<meta property=\"og:locale\" content=\"en_GB\" \/>\n<meta property=\"og:type\" content=\"article\" \/>\n<meta property=\"og:title\" content=\"SAD ukinule sankcije Dodiku i Cvijanovi\u0107 - dmcsrb.com\" \/>\n<meta property=\"og:description\" content=\"Kancelarija za kontrolu stranih sredstava Ministarstva finansija SAD (OFAC) uklonila je sa liste sankcija Milorada Dodika, predsednika Saveza nezavisnih socijaldemokrata, kao i \u010dlanicu Predsjedni\u0161tva BiH \u017deljku Cvijanovi\u0107.\" \/>\n<meta property=\"og:url\" content=\"https:\/\/dmcsrb.com\/en\/region\/sad-ukinule-sankcije-dodiku-i-cvijanovic\/\" \/>\n<meta property=\"og:site_name\" content=\"dmcsrb.com\" \/>\n<meta property=\"article:published_time\" content=\"2025-10-29T17:35:00+00:00\" \/>\n<meta property=\"og:image\" content=\"https:\/\/dmcsrb.com\/wp-content\/uploads\/2026\/01\/Milorad-Dodik-foto-AP.webp\" \/>\n\t<meta property=\"og:image:width\" content=\"1011\" \/>\n\t<meta property=\"og:image:height\" content=\"625\" \/>\n\t<meta property=\"og:image:type\" content=\"image\/jpeg\" \/>\n<meta name=\"author\" content=\"dmcsrbija.com@gmail.com\" \/>\n<meta name=\"twitter:card\" content=\"summary_large_image\" \/>\n<meta name=\"twitter:label1\" content=\"Written by\" \/>\n\t<meta name=\"twitter:data1\" content=\"dmcsrbija.com@gmail.com\" \/>\n\t<meta name=\"twitter:label2\" content=\"Estimated reading time\" \/>\n\t<meta name=\"twitter:data2\" content=\"2 minutes\" \/>\n<script type=\"application\/ld+json\" class=\"yoast-schema-graph\">{\"@context\":\"https:\\\/\\\/schema.org\",\"@graph\":[{\"@type\":\"Article\",\"@id\":\"https:\\\/\\\/dmcsrb.com\\\/region\\\/sad-ukinule-sankcije-dodiku-i-cvijanovic\\\/#article\",\"isPartOf\":{\"@id\":\"https:\\\/\\\/dmcsrb.com\\\/region\\\/sad-ukinule-sankcije-dodiku-i-cvijanovic\\\/\"},\"author\":{\"name\":\"dmcsrbija.com@gmail.com\",\"@id\":\"https:\\\/\\\/dmcsrb.com\\\/#\\\/schema\\\/person\\\/5c39170f12db1b8b457732d0b5c854e2\"},\"headline\":\"SAD ukinule sankcije Dodiku i Cvijanovi\u0107\",\"datePublished\":\"2025-10-29T17:35:00+00:00\",\"mainEntityOfPage\":{\"@id\":\"https:\\\/\\\/dmcsrb.com\\\/region\\\/sad-ukinule-sankcije-dodiku-i-cvijanovic\\\/\"},\"wordCount\":329,\"commentCount\":0,\"image\":{\"@id\":\"https:\\\/\\\/dmcsrb.com\\\/region\\\/sad-ukinule-sankcije-dodiku-i-cvijanovic\\\/#primaryimage\"},\"thumbnailUrl\":\"https:\\\/\\\/dmcsrb.com\\\/wp-content\\\/uploads\\\/2026\\\/01\\\/Milorad-Dodik-foto-AP.webp\",\"keywords\":[\"Milorad Dodik\",\"SAD\",\"\u017deljka Cvijanovi\u0107\"],\"articleSection\":[\"Region\"],\"inLanguage\":\"en-GB\",\"potentialAction\":[{\"@type\":\"CommentAction\",\"name\":\"Comment\",\"target\":[\"https:\\\/\\\/dmcsrb.com\\\/region\\\/sad-ukinule-sankcije-dodiku-i-cvijanovic\\\/#respond\"]}]},{\"@type\":\"WebPage\",\"@id\":\"https:\\\/\\\/dmcsrb.com\\\/region\\\/sad-ukinule-sankcije-dodiku-i-cvijanovic\\\/\",\"url\":\"https:\\\/\\\/dmcsrb.com\\\/region\\\/sad-ukinule-sankcije-dodiku-i-cvijanovic\\\/\",\"name\":\"SAD ukinule sankcije Dodiku i Cvijanovi\u0107 - dmcsrb.com\",\"isPartOf\":{\"@id\":\"https:\\\/\\\/dmcsrb.com\\\/#website\"},\"primaryImageOfPage\":{\"@id\":\"https:\\\/\\\/dmcsrb.com\\\/region\\\/sad-ukinule-sankcije-dodiku-i-cvijanovic\\\/#primaryimage\"},\"image\":{\"@id\":\"https:\\\/\\\/dmcsrb.com\\\/region\\\/sad-ukinule-sankcije-dodiku-i-cvijanovic\\\/#primaryimage\"},\"thumbnailUrl\":\"https:\\\/\\\/dmcsrb.com\\\/wp-content\\\/uploads\\\/2026\\\/01\\\/Milorad-Dodik-foto-AP.webp\",\"datePublished\":\"2025-10-29T17:35:00+00:00\",\"author\":{\"@id\":\"https:\\\/\\\/dmcsrb.com\\\/#\\\/schema\\\/person\\\/5c39170f12db1b8b457732d0b5c854e2\"},\"breadcrumb\":{\"@id\":\"https:\\\/\\\/dmcsrb.com\\\/region\\\/sad-ukinule-sankcije-dodiku-i-cvijanovic\\\/#breadcrumb\"},\"inLanguage\":\"en-GB\",\"potentialAction\":[{\"@type\":\"ReadAction\",\"target\":[\"https:\\\/\\\/dmcsrb.com\\\/region\\\/sad-ukinule-sankcije-dodiku-i-cvijanovic\\\/\"]}]},{\"@type\":\"ImageObject\",\"inLanguage\":\"en-GB\",\"@id\":\"https:\\\/\\\/dmcsrb.com\\\/region\\\/sad-ukinule-sankcije-dodiku-i-cvijanovic\\\/#primaryimage\",\"url\":\"https:\\\/\\\/dmcsrb.com\\\/wp-content\\\/uploads\\\/2026\\\/01\\\/Milorad-Dodik-foto-AP.webp\",\"contentUrl\":\"https:\\\/\\\/dmcsrb.com\\\/wp-content\\\/uploads\\\/2026\\\/01\\\/Milorad-Dodik-foto-AP.webp\",\"width\":1011,\"height\":625},{\"@type\":\"BreadcrumbList\",\"@id\":\"https:\\\/\\\/dmcsrb.com\\\/region\\\/sad-ukinule-sankcije-dodiku-i-cvijanovic\\\/#breadcrumb\",\"itemListElement\":[{\"@type\":\"ListItem\",\"position\":1,\"name\":\"Home\",\"item\":\"https:\\\/\\\/dmcsrb.com\\\/\"},{\"@type\":\"ListItem\",\"position\":2,\"name\":\"SAD ukinule sankcije Dodiku i Cvijanovi\u0107\"}]},{\"@type\":\"WebSite\",\"@id\":\"https:\\\/\\\/dmcsrb.com\\\/#website\",\"url\":\"https:\\\/\\\/dmcsrb.com\\\/\",\"name\":\"dmcsrb.com\",\"description\":\"\",\"potentialAction\":[{\"@type\":\"SearchAction\",\"target\":{\"@type\":\"EntryPoint\",\"urlTemplate\":\"https:\\\/\\\/dmcsrb.com\\\/?s={search_term_string}\"},\"query-input\":{\"@type\":\"PropertyValueSpecification\",\"valueRequired\":true,\"valueName\":\"search_term_string\"}}],\"inLanguage\":\"en-GB\"},{\"@type\":\"Person\",\"@id\":\"https:\\\/\\\/dmcsrb.com\\\/#\\\/schema\\\/person\\\/5c39170f12db1b8b457732d0b5c854e2\",\"name\":\"dmcsrbija.com@gmail.com\",\"image\":{\"@type\":\"ImageObject\",\"inLanguage\":\"en-GB\",\"@id\":\"https:\\\/\\\/secure.gravatar.com\\\/avatar\\\/68592660ad6347fad0fb587f8d5d8f1a7b44961362f56e4f2cd524feb87e9069?s=96&d=mm&r=g\",\"url\":\"https:\\\/\\\/secure.gravatar.com\\\/avatar\\\/68592660ad6347fad0fb587f8d5d8f1a7b44961362f56e4f2cd524feb87e9069?s=96&d=mm&r=g\",\"contentUrl\":\"https:\\\/\\\/secure.gravatar.com\\\/avatar\\\/68592660ad6347fad0fb587f8d5d8f1a7b44961362f56e4f2cd524feb87e9069?s=96&d=mm&r=g\",\"caption\":\"dmcsrbija.com@gmail.com\"},\"sameAs\":[\"https:\\\/\\\/dmcsrb.com\"],\"url\":\"https:\\\/\\\/dmcsrb.com\\\/en\\\/author\\\/dmcsrbija-comgmail-com\\\/\"}]}<\/script>\n<!-- \/ Yoast SEO plugin. -->","yoast_head_json":{"title":"SAD ukinule sankcije Dodiku i Cvijanovi\u0107 - dmcsrb.com","robots":{"index":"index","follow":"follow","max-snippet":"max-snippet:-1","max-image-preview":"max-image-preview:large","max-video-preview":"max-video-preview:-1"},"canonical":"https:\/\/dmcsrb.com\/en\/region\/sad-ukinule-sankcije-dodiku-i-cvijanovic\/","og_locale":"en_GB","og_type":"article","og_title":"SAD ukinule sankcije Dodiku i Cvijanovi\u0107 - dmcsrb.com","og_description":"Kancelarija za kontrolu stranih sredstava Ministarstva finansija SAD (OFAC) uklonila je sa liste sankcija Milorada Dodika, predsednika Saveza nezavisnih socijaldemokrata, kao i \u010dlanicu Predsjedni\u0161tva BiH \u017deljku Cvijanovi\u0107.","og_url":"https:\/\/dmcsrb.com\/en\/region\/sad-ukinule-sankcije-dodiku-i-cvijanovic\/","og_site_name":"dmcsrb.com","article_published_time":"2025-10-29T17:35:00+00:00","og_image":[{"width":1011,"height":625,"url":"https:\/\/dmcsrb.com\/wp-content\/uploads\/2026\/01\/Milorad-Dodik-foto-AP.webp","type":"image\/jpeg"}],"author":"dmcsrbija.com@gmail.com","twitter_card":"summary_large_image","twitter_misc":{"Written by":"dmcsrbija.com@gmail.com","Estimated reading time":"2 minutes"},"schema":{"@context":"https:\/\/schema.org","@graph":[{"@type":"Article","@id":"https:\/\/dmcsrb.com\/region\/sad-ukinule-sankcije-dodiku-i-cvijanovic\/#article","isPartOf":{"@id":"https:\/\/dmcsrb.com\/region\/sad-ukinule-sankcije-dodiku-i-cvijanovic\/"},"author":{"name":"dmcsrbija.com@gmail.com","@id":"https:\/\/dmcsrb.com\/#\/schema\/person\/5c39170f12db1b8b457732d0b5c854e2"},"headline":"SAD ukinule sankcije Dodiku i Cvijanovi\u0107","datePublished":"2025-10-29T17:35:00+00:00","mainEntityOfPage":{"@id":"https:\/\/dmcsrb.com\/region\/sad-ukinule-sankcije-dodiku-i-cvijanovic\/"},"wordCount":329,"commentCount":0,"image":{"@id":"https:\/\/dmcsrb.com\/region\/sad-ukinule-sankcije-dodiku-i-cvijanovic\/#primaryimage"},"thumbnailUrl":"https:\/\/dmcsrb.com\/wp-content\/uploads\/2026\/01\/Milorad-Dodik-foto-AP.webp","keywords":["Milorad Dodik","SAD","\u017deljka Cvijanovi\u0107"],"articleSection":["Region"],"inLanguage":"en-GB","potentialAction":[{"@type":"CommentAction","name":"Comment","target":["https:\/\/dmcsrb.com\/region\/sad-ukinule-sankcije-dodiku-i-cvijanovic\/#respond"]}]},{"@type":"WebPage","@id":"https:\/\/dmcsrb.com\/region\/sad-ukinule-sankcije-dodiku-i-cvijanovic\/","url":"https:\/\/dmcsrb.com\/region\/sad-ukinule-sankcije-dodiku-i-cvijanovic\/","name":"SAD ukinule sankcije Dodiku i Cvijanovi\u0107 - dmcsrb.com","isPartOf":{"@id":"https:\/\/dmcsrb.com\/#website"},"primaryImageOfPage":{"@id":"https:\/\/dmcsrb.com\/region\/sad-ukinule-sankcije-dodiku-i-cvijanovic\/#primaryimage"},"image":{"@id":"https:\/\/dmcsrb.com\/region\/sad-ukinule-sankcije-dodiku-i-cvijanovic\/#primaryimage"},"thumbnailUrl":"https:\/\/dmcsrb.com\/wp-content\/uploads\/2026\/01\/Milorad-Dodik-foto-AP.webp","datePublished":"2025-10-29T17:35:00+00:00","author":{"@id":"https:\/\/dmcsrb.com\/#\/schema\/person\/5c39170f12db1b8b457732d0b5c854e2"},"breadcrumb":{"@id":"https:\/\/dmcsrb.com\/region\/sad-ukinule-sankcije-dodiku-i-cvijanovic\/#breadcrumb"},"inLanguage":"en-GB","potentialAction":[{"@type":"ReadAction","target":["https:\/\/dmcsrb.com\/region\/sad-ukinule-sankcije-dodiku-i-cvijanovic\/"]}]},{"@type":"ImageObject","inLanguage":"en-GB","@id":"https:\/\/dmcsrb.com\/region\/sad-ukinule-sankcije-dodiku-i-cvijanovic\/#primaryimage","url":"https:\/\/dmcsrb.com\/wp-content\/uploads\/2026\/01\/Milorad-Dodik-foto-AP.webp","contentUrl":"https:\/\/dmcsrb.com\/wp-content\/uploads\/2026\/01\/Milorad-Dodik-foto-AP.webp","width":1011,"height":625},{"@type":"BreadcrumbList","@id":"https:\/\/dmcsrb.com\/region\/sad-ukinule-sankcije-dodiku-i-cvijanovic\/#breadcrumb","itemListElement":[{"@type":"ListItem","position":1,"name":"Home","item":"https:\/\/dmcsrb.com\/"},{"@type":"ListItem","position":2,"name":"SAD ukinule sankcije Dodiku i Cvijanovi\u0107"}]},{"@type":"WebSite","@id":"https:\/\/dmcsrb.com\/#website","url":"https:\/\/dmcsrb.com\/","name":"dmcsrb.com","description":"","potentialAction":[{"@type":"SearchAction","target":{"@type":"EntryPoint","urlTemplate":"https:\/\/dmcsrb.com\/?s={search_term_string}"},"query-input":{"@type":"PropertyValueSpecification","valueRequired":true,"valueName":"search_term_string"}}],"inLanguage":"en-GB"},{"@type":"Person","@id":"https:\/\/dmcsrb.com\/#\/schema\/person\/5c39170f12db1b8b457732d0b5c854e2","name":"dmcsrbija.com@gmail.com","image":{"@type":"ImageObject","inLanguage":"en-GB","@id":"https:\/\/secure.gravatar.com\/avatar\/68592660ad6347fad0fb587f8d5d8f1a7b44961362f56e4f2cd524feb87e9069?s=96&d=mm&r=g","url":"https:\/\/secure.gravatar.com\/avatar\/68592660ad6347fad0fb587f8d5d8f1a7b44961362f56e4f2cd524feb87e9069?s=96&d=mm&r=g","contentUrl":"https:\/\/secure.gravatar.com\/avatar\/68592660ad6347fad0fb587f8d5d8f1a7b44961362f56e4f2cd524feb87e9069?s=96&d=mm&r=g","caption":"dmcsrbija.com@gmail.com"},"sameAs":["https:\/\/dmcsrb.com"],"url":"https:\/\/dmcsrb.com\/en\/author\/dmcsrbija-comgmail-com\/"}]}},"_links":{"self":[{"href":"https:\/\/dmcsrb.com\/en\/wp-json\/wp\/v2\/posts\/960741","targetHints":{"allow":["GET"]}}],"collection":[{"href":"https:\/\/dmcsrb.com\/en\/wp-json\/wp\/v2\/posts"}],"about":[{"href":"https:\/\/dmcsrb.com\/en\/wp-json\/wp\/v2\/types\/post"}],"author":[{"embeddable":true,"href":"https:\/\/dmcsrb.com\/en\/wp-json\/wp\/v2\/users\/1"}],"replies":[{"embeddable":true,"href":"https:\/\/dmcsrb.com\/en\/wp-json\/wp\/v2\/comments?post=960741"}],"version-history":[{"count":0,"href":"https:\/\/dmcsrb.com\/en\/wp-json\/wp\/v2\/posts\/960741\/revisions"}],"wp:featuredmedia":[{"embeddable":true,"href":"https:\/\/dmcsrb.com\/en\/wp-json\/wp\/v2\/media\/944211"}],"wp:attachment":[{"href":"https:\/\/dmcsrb.com\/en\/wp-json\/wp\/v2\/media?parent=960741"}],"wp:term":[{"taxonomy":"category","embeddable":true,"href":"https:\/\/dmcsrb.com\/en\/wp-json\/wp\/v2\/categories?post=960741"},{"taxonomy":"post_tag","embeddable":true,"href":"https:\/\/dmcsrb.com\/en\/wp-json\/wp\/v2\/tags?post=960741"},{"taxonomy":"naslovna","embeddable":true,"href":"https:\/\/dmcsrb.com\/en\/wp-json\/wp\/v2\/naslovna?post=960741"}],"curies":[{"name":"wp","href":"https:\/\/api.w.org\/{rel}","templated":true}]}}