{"id":960719,"date":"2025-10-29T16:00:00","date_gmt":"2025-10-29T15:00:00","guid":{"rendered":"https:\/\/dmcsrb.com\/uncategorized\/funk-koncert-1-novembra-kamerni-orkestar-muzicke-akademije\/"},"modified":"2025-10-29T16:00:00","modified_gmt":"2025-10-29T15:00:00","slug":"funk-koncert-1-novembra-kamerni-orkestar-muzicke-akademije","status":"publish","type":"post","link":"https:\/\/dmcsrb.com\/en\/kultura\/funk-koncert-1-novembra-kamerni-orkestar-muzicke-akademije\/","title":{"rendered":"FUNK koncert 1. novembra: Kamerni orkestar Muzi\u010dke akademije"},"content":{"rendered":"<p><\/p>\n\n\n\n<p><\/p>\n\n\n\n<p>Kamerni orkestar je posljednjih godina izrastao u prepoznatljiv kolektiv visokih umjetni\u010dkih dometa i zavidnog izvo\u0111a\u010dkog kapaciteta. Na programu koncerta su tri zna\u010dajna djela iz razli\u010ditih epoha. Prvi dio programa donosi energi\u010dni Koncert za dvije violine i orkestar u a-molu RV 522&nbsp;<strong>Antonija Vivaldija<\/strong>, jedno od najpoznatijih djela iz ciklusa<strong>&nbsp;Lestro Armonico<\/strong>, koje isti\u010de virtuoznost i suptilnu muzi\u010dku komunikaciju izme\u0111u solista i orkestra.<\/p>\n\n\n\n<p>Uslijedi\u0107e Simple Symphony Benjamin-a Britten-a, kompozicija napisana u \u010detiri stava sa nagla\u0161enim karakterom i \u0161armom, u kojoj se kroz jednostavne melodije i ritmove oslikava razigrani duh mladog kompozitora i bogatstvo zvu\u010dne boje kamernog orkestra.<\/p>\n\n\n\n<p>Poseban trenutak ve\u010deri bi\u0107e premijerno izvo\u0111enje Air-a Johana Sebastijana Baha u novom aran\u017emanu pripremljenom posebno za ovu priliku. Ova verzija poznatog djela donosi svje\u017einu u interpretaciji barokne literature kroz savremeni izvo\u0111a\u010dki pristup. Solisti na koncertu su mr&nbsp;<strong>Du\u0161an Obrenovi\u0107<\/strong>, saradnik u nastavi na Muzi\u010dkoj akademiji, i Aleksandr Tarasov, student violine na studijskom programu Izvo\u0111a\u010dke umjetnosti. Dirigent je redovni profesor&nbsp;<strong>Miran Begi\u0107<\/strong>, pod \u010dijim vo\u0111stvom orkestar ostvaruje kontinuirani umjetni\u010dki napredak.<\/p>\n\n\n\n<p>Ovaj koncert predstavlja spoj mladala\u010dke energije, iskustva i posve\u0107enosti muzici.<\/p>","protected":false},"excerpt":{"rendered":"<p>Muzi\u010dka akademija Univerziteta Crne Gore, predstavi\u0107e se u okviru Festivala umjetnosti, nauke i kulture sa koncertom Kamernog orkestra, u prostoru kampusa Univerziteta Crne Gore, u blizini zgrade Tehni\u010dkih fakulteta,\u00a01. novembra, sa po\u010detkom u 19.00 sati.<\/p>","protected":false},"author":1,"featured_media":960720,"comment_status":"open","ping_status":"open","sticky":false,"template":"","format":"standard","meta":{"_acf_changed":false,"footnotes":""},"categories":[50],"tags":[9972,2676],"naslovna":[],"class_list":["post-960719","post","type-post","status-publish","format-standard","has-post-thumbnail","hentry","category-kultura","tag-funk","tag-koncert"],"acf":[],"yoast_head":"<!-- This site is optimized with the Yoast SEO plugin v27.4 - https:\/\/yoast.com\/product\/yoast-seo-wordpress\/ -->\n<title>FUNK koncert 1. novembra: Kamerni orkestar Muzi\u010dke akademije - dmcsrb.com<\/title>\n<meta name=\"robots\" content=\"index, follow, max-snippet:-1, max-image-preview:large, max-video-preview:-1\" \/>\n<link rel=\"canonical\" href=\"https:\/\/dmcsrb.com\/en\/kultura\/funk-koncert-1-novembra-kamerni-orkestar-muzicke-akademije\/\" \/>\n<meta property=\"og:locale\" content=\"en_GB\" \/>\n<meta property=\"og:type\" content=\"article\" \/>\n<meta property=\"og:title\" content=\"FUNK koncert 1. novembra: Kamerni orkestar Muzi\u010dke akademije - dmcsrb.com\" \/>\n<meta property=\"og:description\" content=\"Muzi\u010dka akademija Univerziteta Crne Gore, predstavi\u0107e se u okviru Festivala umjetnosti, nauke i kulture sa koncertom Kamernog orkestra, u prostoru kampusa Univerziteta Crne Gore, u blizini zgrade Tehni\u010dkih fakulteta,\u00a01. novembra, sa po\u010detkom u 19.00 sati.\" \/>\n<meta property=\"og:url\" content=\"https:\/\/dmcsrb.com\/en\/kultura\/funk-koncert-1-novembra-kamerni-orkestar-muzicke-akademije\/\" \/>\n<meta property=\"og:site_name\" content=\"dmcsrb.com\" \/>\n<meta property=\"article:published_time\" content=\"2025-10-29T15:00:00+00:00\" \/>\n<meta property=\"og:image\" content=\"https:\/\/dmcsrb.com\/wp-content\/uploads\/2026\/01\/MA-968x555-1.webp\" \/>\n\t<meta property=\"og:image:width\" content=\"968\" \/>\n\t<meta property=\"og:image:height\" content=\"555\" \/>\n\t<meta property=\"og:image:type\" content=\"image\/jpeg\" \/>\n<meta name=\"author\" content=\"dmcsrbija.com@gmail.com\" \/>\n<meta name=\"twitter:card\" content=\"summary_large_image\" \/>\n<meta name=\"twitter:label1\" content=\"Written by\" \/>\n\t<meta name=\"twitter:data1\" content=\"dmcsrbija.com@gmail.com\" \/>\n\t<meta name=\"twitter:label2\" content=\"Estimated reading time\" \/>\n\t<meta name=\"twitter:data2\" content=\"1 minute\" \/>\n<script type=\"application\/ld+json\" class=\"yoast-schema-graph\">{\"@context\":\"https:\\\/\\\/schema.org\",\"@graph\":[{\"@type\":\"Article\",\"@id\":\"https:\\\/\\\/dmcsrb.com\\\/kultura\\\/funk-koncert-1-novembra-kamerni-orkestar-muzicke-akademije\\\/#article\",\"isPartOf\":{\"@id\":\"https:\\\/\\\/dmcsrb.com\\\/kultura\\\/funk-koncert-1-novembra-kamerni-orkestar-muzicke-akademije\\\/\"},\"author\":{\"name\":\"dmcsrbija.com@gmail.com\",\"@id\":\"https:\\\/\\\/dmcsrb.com\\\/#\\\/schema\\\/person\\\/5c39170f12db1b8b457732d0b5c854e2\"},\"headline\":\"FUNK koncert 1. novembra: Kamerni orkestar Muzi\u010dke akademije\",\"datePublished\":\"2025-10-29T15:00:00+00:00\",\"mainEntityOfPage\":{\"@id\":\"https:\\\/\\\/dmcsrb.com\\\/kultura\\\/funk-koncert-1-novembra-kamerni-orkestar-muzicke-akademije\\\/\"},\"wordCount\":213,\"commentCount\":0,\"image\":{\"@id\":\"https:\\\/\\\/dmcsrb.com\\\/kultura\\\/funk-koncert-1-novembra-kamerni-orkestar-muzicke-akademije\\\/#primaryimage\"},\"thumbnailUrl\":\"https:\\\/\\\/dmcsrb.com\\\/wp-content\\\/uploads\\\/2026\\\/01\\\/MA-968x555-1.webp\",\"keywords\":[\"FUNK\",\"koncert\"],\"articleSection\":[\"Kultura\"],\"inLanguage\":\"en-GB\",\"potentialAction\":[{\"@type\":\"CommentAction\",\"name\":\"Comment\",\"target\":[\"https:\\\/\\\/dmcsrb.com\\\/kultura\\\/funk-koncert-1-novembra-kamerni-orkestar-muzicke-akademije\\\/#respond\"]}]},{\"@type\":\"WebPage\",\"@id\":\"https:\\\/\\\/dmcsrb.com\\\/kultura\\\/funk-koncert-1-novembra-kamerni-orkestar-muzicke-akademije\\\/\",\"url\":\"https:\\\/\\\/dmcsrb.com\\\/kultura\\\/funk-koncert-1-novembra-kamerni-orkestar-muzicke-akademije\\\/\",\"name\":\"FUNK koncert 1. novembra: Kamerni orkestar Muzi\u010dke akademije - dmcsrb.com\",\"isPartOf\":{\"@id\":\"https:\\\/\\\/dmcsrb.com\\\/#website\"},\"primaryImageOfPage\":{\"@id\":\"https:\\\/\\\/dmcsrb.com\\\/kultura\\\/funk-koncert-1-novembra-kamerni-orkestar-muzicke-akademije\\\/#primaryimage\"},\"image\":{\"@id\":\"https:\\\/\\\/dmcsrb.com\\\/kultura\\\/funk-koncert-1-novembra-kamerni-orkestar-muzicke-akademije\\\/#primaryimage\"},\"thumbnailUrl\":\"https:\\\/\\\/dmcsrb.com\\\/wp-content\\\/uploads\\\/2026\\\/01\\\/MA-968x555-1.webp\",\"datePublished\":\"2025-10-29T15:00:00+00:00\",\"author\":{\"@id\":\"https:\\\/\\\/dmcsrb.com\\\/#\\\/schema\\\/person\\\/5c39170f12db1b8b457732d0b5c854e2\"},\"breadcrumb\":{\"@id\":\"https:\\\/\\\/dmcsrb.com\\\/kultura\\\/funk-koncert-1-novembra-kamerni-orkestar-muzicke-akademije\\\/#breadcrumb\"},\"inLanguage\":\"en-GB\",\"potentialAction\":[{\"@type\":\"ReadAction\",\"target\":[\"https:\\\/\\\/dmcsrb.com\\\/kultura\\\/funk-koncert-1-novembra-kamerni-orkestar-muzicke-akademije\\\/\"]}]},{\"@type\":\"ImageObject\",\"inLanguage\":\"en-GB\",\"@id\":\"https:\\\/\\\/dmcsrb.com\\\/kultura\\\/funk-koncert-1-novembra-kamerni-orkestar-muzicke-akademije\\\/#primaryimage\",\"url\":\"https:\\\/\\\/dmcsrb.com\\\/wp-content\\\/uploads\\\/2026\\\/01\\\/MA-968x555-1.webp\",\"contentUrl\":\"https:\\\/\\\/dmcsrb.com\\\/wp-content\\\/uploads\\\/2026\\\/01\\\/MA-968x555-1.webp\",\"width\":968,\"height\":555},{\"@type\":\"BreadcrumbList\",\"@id\":\"https:\\\/\\\/dmcsrb.com\\\/kultura\\\/funk-koncert-1-novembra-kamerni-orkestar-muzicke-akademije\\\/#breadcrumb\",\"itemListElement\":[{\"@type\":\"ListItem\",\"position\":1,\"name\":\"Home\",\"item\":\"https:\\\/\\\/dmcsrb.com\\\/\"},{\"@type\":\"ListItem\",\"position\":2,\"name\":\"FUNK koncert 1. novembra: Kamerni orkestar Muzi\u010dke akademije\"}]},{\"@type\":\"WebSite\",\"@id\":\"https:\\\/\\\/dmcsrb.com\\\/#website\",\"url\":\"https:\\\/\\\/dmcsrb.com\\\/\",\"name\":\"dmcsrb.com\",\"description\":\"\",\"potentialAction\":[{\"@type\":\"SearchAction\",\"target\":{\"@type\":\"EntryPoint\",\"urlTemplate\":\"https:\\\/\\\/dmcsrb.com\\\/?s={search_term_string}\"},\"query-input\":{\"@type\":\"PropertyValueSpecification\",\"valueRequired\":true,\"valueName\":\"search_term_string\"}}],\"inLanguage\":\"en-GB\"},{\"@type\":\"Person\",\"@id\":\"https:\\\/\\\/dmcsrb.com\\\/#\\\/schema\\\/person\\\/5c39170f12db1b8b457732d0b5c854e2\",\"name\":\"dmcsrbija.com@gmail.com\",\"image\":{\"@type\":\"ImageObject\",\"inLanguage\":\"en-GB\",\"@id\":\"https:\\\/\\\/secure.gravatar.com\\\/avatar\\\/68592660ad6347fad0fb587f8d5d8f1a7b44961362f56e4f2cd524feb87e9069?s=96&d=mm&r=g\",\"url\":\"https:\\\/\\\/secure.gravatar.com\\\/avatar\\\/68592660ad6347fad0fb587f8d5d8f1a7b44961362f56e4f2cd524feb87e9069?s=96&d=mm&r=g\",\"contentUrl\":\"https:\\\/\\\/secure.gravatar.com\\\/avatar\\\/68592660ad6347fad0fb587f8d5d8f1a7b44961362f56e4f2cd524feb87e9069?s=96&d=mm&r=g\",\"caption\":\"dmcsrbija.com@gmail.com\"},\"sameAs\":[\"https:\\\/\\\/dmcsrb.com\"],\"url\":\"https:\\\/\\\/dmcsrb.com\\\/en\\\/author\\\/dmcsrbija-comgmail-com\\\/\"}]}<\/script>\n<!-- \/ Yoast SEO plugin. -->","yoast_head_json":{"title":"FUNK koncert 1. novembra: Kamerni orkestar Muzi\u010dke akademije - dmcsrb.com","robots":{"index":"index","follow":"follow","max-snippet":"max-snippet:-1","max-image-preview":"max-image-preview:large","max-video-preview":"max-video-preview:-1"},"canonical":"https:\/\/dmcsrb.com\/en\/kultura\/funk-koncert-1-novembra-kamerni-orkestar-muzicke-akademije\/","og_locale":"en_GB","og_type":"article","og_title":"FUNK koncert 1. novembra: Kamerni orkestar Muzi\u010dke akademije - dmcsrb.com","og_description":"Muzi\u010dka akademija Univerziteta Crne Gore, predstavi\u0107e se u okviru Festivala umjetnosti, nauke i kulture sa koncertom Kamernog orkestra, u prostoru kampusa Univerziteta Crne Gore, u blizini zgrade Tehni\u010dkih fakulteta,\u00a01. novembra, sa po\u010detkom u 19.00 sati.","og_url":"https:\/\/dmcsrb.com\/en\/kultura\/funk-koncert-1-novembra-kamerni-orkestar-muzicke-akademije\/","og_site_name":"dmcsrb.com","article_published_time":"2025-10-29T15:00:00+00:00","og_image":[{"width":968,"height":555,"url":"https:\/\/dmcsrb.com\/wp-content\/uploads\/2026\/01\/MA-968x555-1.webp","type":"image\/jpeg"}],"author":"dmcsrbija.com@gmail.com","twitter_card":"summary_large_image","twitter_misc":{"Written by":"dmcsrbija.com@gmail.com","Estimated reading time":"1 minute"},"schema":{"@context":"https:\/\/schema.org","@graph":[{"@type":"Article","@id":"https:\/\/dmcsrb.com\/kultura\/funk-koncert-1-novembra-kamerni-orkestar-muzicke-akademije\/#article","isPartOf":{"@id":"https:\/\/dmcsrb.com\/kultura\/funk-koncert-1-novembra-kamerni-orkestar-muzicke-akademije\/"},"author":{"name":"dmcsrbija.com@gmail.com","@id":"https:\/\/dmcsrb.com\/#\/schema\/person\/5c39170f12db1b8b457732d0b5c854e2"},"headline":"FUNK koncert 1. novembra: Kamerni orkestar Muzi\u010dke akademije","datePublished":"2025-10-29T15:00:00+00:00","mainEntityOfPage":{"@id":"https:\/\/dmcsrb.com\/kultura\/funk-koncert-1-novembra-kamerni-orkestar-muzicke-akademije\/"},"wordCount":213,"commentCount":0,"image":{"@id":"https:\/\/dmcsrb.com\/kultura\/funk-koncert-1-novembra-kamerni-orkestar-muzicke-akademije\/#primaryimage"},"thumbnailUrl":"https:\/\/dmcsrb.com\/wp-content\/uploads\/2026\/01\/MA-968x555-1.webp","keywords":["FUNK","koncert"],"articleSection":["Kultura"],"inLanguage":"en-GB","potentialAction":[{"@type":"CommentAction","name":"Comment","target":["https:\/\/dmcsrb.com\/kultura\/funk-koncert-1-novembra-kamerni-orkestar-muzicke-akademije\/#respond"]}]},{"@type":"WebPage","@id":"https:\/\/dmcsrb.com\/kultura\/funk-koncert-1-novembra-kamerni-orkestar-muzicke-akademije\/","url":"https:\/\/dmcsrb.com\/kultura\/funk-koncert-1-novembra-kamerni-orkestar-muzicke-akademije\/","name":"FUNK koncert 1. novembra: Kamerni orkestar Muzi\u010dke akademije - dmcsrb.com","isPartOf":{"@id":"https:\/\/dmcsrb.com\/#website"},"primaryImageOfPage":{"@id":"https:\/\/dmcsrb.com\/kultura\/funk-koncert-1-novembra-kamerni-orkestar-muzicke-akademije\/#primaryimage"},"image":{"@id":"https:\/\/dmcsrb.com\/kultura\/funk-koncert-1-novembra-kamerni-orkestar-muzicke-akademije\/#primaryimage"},"thumbnailUrl":"https:\/\/dmcsrb.com\/wp-content\/uploads\/2026\/01\/MA-968x555-1.webp","datePublished":"2025-10-29T15:00:00+00:00","author":{"@id":"https:\/\/dmcsrb.com\/#\/schema\/person\/5c39170f12db1b8b457732d0b5c854e2"},"breadcrumb":{"@id":"https:\/\/dmcsrb.com\/kultura\/funk-koncert-1-novembra-kamerni-orkestar-muzicke-akademije\/#breadcrumb"},"inLanguage":"en-GB","potentialAction":[{"@type":"ReadAction","target":["https:\/\/dmcsrb.com\/kultura\/funk-koncert-1-novembra-kamerni-orkestar-muzicke-akademije\/"]}]},{"@type":"ImageObject","inLanguage":"en-GB","@id":"https:\/\/dmcsrb.com\/kultura\/funk-koncert-1-novembra-kamerni-orkestar-muzicke-akademije\/#primaryimage","url":"https:\/\/dmcsrb.com\/wp-content\/uploads\/2026\/01\/MA-968x555-1.webp","contentUrl":"https:\/\/dmcsrb.com\/wp-content\/uploads\/2026\/01\/MA-968x555-1.webp","width":968,"height":555},{"@type":"BreadcrumbList","@id":"https:\/\/dmcsrb.com\/kultura\/funk-koncert-1-novembra-kamerni-orkestar-muzicke-akademije\/#breadcrumb","itemListElement":[{"@type":"ListItem","position":1,"name":"Home","item":"https:\/\/dmcsrb.com\/"},{"@type":"ListItem","position":2,"name":"FUNK koncert 1. novembra: Kamerni orkestar Muzi\u010dke akademije"}]},{"@type":"WebSite","@id":"https:\/\/dmcsrb.com\/#website","url":"https:\/\/dmcsrb.com\/","name":"dmcsrb.com","description":"","potentialAction":[{"@type":"SearchAction","target":{"@type":"EntryPoint","urlTemplate":"https:\/\/dmcsrb.com\/?s={search_term_string}"},"query-input":{"@type":"PropertyValueSpecification","valueRequired":true,"valueName":"search_term_string"}}],"inLanguage":"en-GB"},{"@type":"Person","@id":"https:\/\/dmcsrb.com\/#\/schema\/person\/5c39170f12db1b8b457732d0b5c854e2","name":"dmcsrbija.com@gmail.com","image":{"@type":"ImageObject","inLanguage":"en-GB","@id":"https:\/\/secure.gravatar.com\/avatar\/68592660ad6347fad0fb587f8d5d8f1a7b44961362f56e4f2cd524feb87e9069?s=96&d=mm&r=g","url":"https:\/\/secure.gravatar.com\/avatar\/68592660ad6347fad0fb587f8d5d8f1a7b44961362f56e4f2cd524feb87e9069?s=96&d=mm&r=g","contentUrl":"https:\/\/secure.gravatar.com\/avatar\/68592660ad6347fad0fb587f8d5d8f1a7b44961362f56e4f2cd524feb87e9069?s=96&d=mm&r=g","caption":"dmcsrbija.com@gmail.com"},"sameAs":["https:\/\/dmcsrb.com"],"url":"https:\/\/dmcsrb.com\/en\/author\/dmcsrbija-comgmail-com\/"}]}},"_links":{"self":[{"href":"https:\/\/dmcsrb.com\/en\/wp-json\/wp\/v2\/posts\/960719","targetHints":{"allow":["GET"]}}],"collection":[{"href":"https:\/\/dmcsrb.com\/en\/wp-json\/wp\/v2\/posts"}],"about":[{"href":"https:\/\/dmcsrb.com\/en\/wp-json\/wp\/v2\/types\/post"}],"author":[{"embeddable":true,"href":"https:\/\/dmcsrb.com\/en\/wp-json\/wp\/v2\/users\/1"}],"replies":[{"embeddable":true,"href":"https:\/\/dmcsrb.com\/en\/wp-json\/wp\/v2\/comments?post=960719"}],"version-history":[{"count":0,"href":"https:\/\/dmcsrb.com\/en\/wp-json\/wp\/v2\/posts\/960719\/revisions"}],"wp:featuredmedia":[{"embeddable":true,"href":"https:\/\/dmcsrb.com\/en\/wp-json\/wp\/v2\/media\/960720"}],"wp:attachment":[{"href":"https:\/\/dmcsrb.com\/en\/wp-json\/wp\/v2\/media?parent=960719"}],"wp:term":[{"taxonomy":"category","embeddable":true,"href":"https:\/\/dmcsrb.com\/en\/wp-json\/wp\/v2\/categories?post=960719"},{"taxonomy":"post_tag","embeddable":true,"href":"https:\/\/dmcsrb.com\/en\/wp-json\/wp\/v2\/tags?post=960719"},{"taxonomy":"naslovna","embeddable":true,"href":"https:\/\/dmcsrb.com\/en\/wp-json\/wp\/v2\/naslovna?post=960719"}],"curies":[{"name":"wp","href":"https:\/\/api.w.org\/{rel}","templated":true}]}}