{"id":960700,"date":"2025-10-29T13:04:00","date_gmt":"2025-10-29T12:04:00","guid":{"rendered":"https:\/\/dmcsrb.com\/uncategorized\/aerodromi-crne-gore-stanje-redovno-nema-evakuacionih-ili-vanrednih-letova-ka-turskoj\/"},"modified":"2025-10-29T13:04:00","modified_gmt":"2025-10-29T12:04:00","slug":"aerodromi-crne-gore-stanje-redovno-nema-evakuacionih-ili-vanrednih-letova-ka-turskoj","status":"publish","type":"post","link":"https:\/\/dmcsrb.com\/en\/ekonomija\/aerodromi-crne-gore-stanje-redovno-nema-evakuacionih-ili-vanrednih-letova-ka-turskoj\/","title":{"rendered":"Aerodromi Crne Gore: Stanje redovno, nema evakuacionih ili vanrednih letova ka Turskoj"},"content":{"rendered":"<p><\/p>\n\n\n\n<p>Podsjetimo, neki mediji izvje\u0161tavali su prethodnih dana o masovnom odlasku Turaka iz Crne Gore, kao duga\u010dkim redovima na aerodromu, nakon incidenata zbog napada na mladi\u0107a u Podgorici.<\/p>\n\n\n\n<p>Kada je rije\u010d o avio-povezanosti izme\u0111u Crne Gore i Turske, podsje\u0107aju da na liniji Podgorica \u2013 Istanbul (IST) tokom cijele godine saobra\u0107aju Air Montenegro i Turkish Airlines, dok Pegasus Airlines, tako\u0111e tokom cijele godine, saobra\u0107a na linijama Podgorica \u2013 Izmir (ADB), Podgorica \u2013 Ankara (ESB) i Podgorica \u2013 Istanbul (SAW) \u2013 \u0161to je aerodrom u azijskom dijelu tog grada, Sabiha Gok\u010den.<\/p>\n\n\n\n<p>\u201cIstovremeno, tokom ove zimske sezone Turkish Airlines je najavio i letove iz i ka Tivtu. Za sada nema promjena u najavljenom redu letjenja, ali nije isklju\u010deno da \u0107e se uvo\u0111enje viza za dr\u017eavljane Turske negativno odraziti na promet putnika na Aerodromima Crne Gore\u201d, saop\u0161teno je iz Aerodroma Crne Gore.<\/p>\n\n\n\n<p>Turska je, kako ka\u017eu, odmah poslije Srbije, najzna\u010dajnije tr\u017ei\u0161te za ACG sa u\u010de\u0161\u0107em od oko 15 odsto u ukupnom prometu.<\/p>\n\n\n\n<p>Podsjetimo, u Crnoj Gori tri dana je napeta atmosfera, nakon incidenta tokom vikenda u kojem su gra\u0111anina Podgorice napali dr\u017eavljani Turske i Azerbejd\u017eana. Policija je uhapsila vi\u0161e osoba zbog izazivanja nacionalne mr\u017enje i nasilja, a imovina turskih dr\u017eavljana bila je na meti napada\u010da.<\/p>","protected":false},"excerpt":{"rendered":"<p>Saobra\u0107aj na aerodromima Crne Gore za sada se odvija u skladu sa ranije najavljenim redom letjenja. Stanje je potpuno redovno i nema nikakvih evakuacionih ili bilo kakvih vanrednih letova ka Turskoj, saop\u0161teno je za NewsMax Balkans televiziju iz Aerodroma Crne Gore.<\/p>","protected":false},"author":1,"featured_media":944674,"comment_status":"open","ping_status":"open","sticky":false,"template":"","format":"standard","meta":{"_acf_changed":false,"footnotes":""},"categories":[27],"tags":[2408,1066],"naslovna":[],"class_list":["post-960700","post","type-post","status-publish","format-standard","has-post-thumbnail","hentry","category-ekonomija","tag-aerodromi-crne-gore","tag-turska"],"acf":[],"yoast_head":"<!-- This site is optimized with the Yoast SEO plugin v27.0 - https:\/\/yoast.com\/product\/yoast-seo-wordpress\/ -->\n<title>Aerodromi Crne Gore: Stanje redovno, nema evakuacionih ili vanrednih letova ka Turskoj - dmcsrb.com<\/title>\n<meta name=\"robots\" content=\"index, follow, max-snippet:-1, max-image-preview:large, max-video-preview:-1\" \/>\n<link rel=\"canonical\" href=\"https:\/\/dmcsrb.com\/en\/ekonomija\/aerodromi-crne-gore-stanje-redovno-nema-evakuacionih-ili-vanrednih-letova-ka-turskoj\/\" \/>\n<meta property=\"og:locale\" content=\"en_GB\" \/>\n<meta property=\"og:type\" content=\"article\" \/>\n<meta property=\"og:title\" content=\"Aerodromi Crne Gore: Stanje redovno, nema evakuacionih ili vanrednih letova ka Turskoj - dmcsrb.com\" \/>\n<meta property=\"og:description\" content=\"Saobra\u0107aj na aerodromima Crne Gore za sada se odvija u skladu sa ranije najavljenim redom letjenja. Stanje je potpuno redovno i nema nikakvih evakuacionih ili bilo kakvih vanrednih letova ka Turskoj, saop\u0161teno je za NewsMax Balkans televiziju iz Aerodroma Crne Gore.\" \/>\n<meta property=\"og:url\" content=\"https:\/\/dmcsrb.com\/en\/ekonomija\/aerodromi-crne-gore-stanje-redovno-nema-evakuacionih-ili-vanrednih-letova-ka-turskoj\/\" \/>\n<meta property=\"og:site_name\" content=\"dmcsrb.com\" \/>\n<meta property=\"article:published_time\" content=\"2025-10-29T12:04:00+00:00\" \/>\n<meta property=\"og:image\" content=\"https:\/\/dmcsrb.com\/wp-content\/uploads\/2026\/01\/Aerodromi-Crne-Gore-Foto-ACG.webp\" \/>\n\t<meta property=\"og:image:width\" content=\"696\" \/>\n\t<meta property=\"og:image:height\" content=\"522\" \/>\n\t<meta property=\"og:image:type\" content=\"image\/jpeg\" \/>\n<meta name=\"author\" content=\"dmcsrbija.com@gmail.com\" \/>\n<meta name=\"twitter:card\" content=\"summary_large_image\" \/>\n<meta name=\"twitter:label1\" content=\"Written by\" \/>\n\t<meta name=\"twitter:data1\" content=\"dmcsrbija.com@gmail.com\" \/>\n\t<meta name=\"twitter:label2\" content=\"Estimated reading time\" \/>\n\t<meta name=\"twitter:data2\" content=\"1 minute\" \/>\n<script type=\"application\/ld+json\" class=\"yoast-schema-graph\">{\"@context\":\"https:\/\/schema.org\",\"@graph\":[{\"@type\":\"Article\",\"@id\":\"https:\/\/dmcsrb.com\/ekonomija\/aerodromi-crne-gore-stanje-redovno-nema-evakuacionih-ili-vanrednih-letova-ka-turskoj\/#article\",\"isPartOf\":{\"@id\":\"https:\/\/dmcsrb.com\/ekonomija\/aerodromi-crne-gore-stanje-redovno-nema-evakuacionih-ili-vanrednih-letova-ka-turskoj\/\"},\"author\":{\"name\":\"dmcsrbija.com@gmail.com\",\"@id\":\"https:\/\/dmcsrb.com\/#\/schema\/person\/5c39170f12db1b8b457732d0b5c854e2\"},\"headline\":\"Aerodromi Crne Gore: Stanje redovno, nema evakuacionih ili vanrednih letova ka Turskoj\",\"datePublished\":\"2025-10-29T12:04:00+00:00\",\"mainEntityOfPage\":{\"@id\":\"https:\/\/dmcsrb.com\/ekonomija\/aerodromi-crne-gore-stanje-redovno-nema-evakuacionih-ili-vanrednih-letova-ka-turskoj\/\"},\"wordCount\":232,\"commentCount\":0,\"image\":{\"@id\":\"https:\/\/dmcsrb.com\/ekonomija\/aerodromi-crne-gore-stanje-redovno-nema-evakuacionih-ili-vanrednih-letova-ka-turskoj\/#primaryimage\"},\"thumbnailUrl\":\"https:\/\/dmcsrb.com\/wp-content\/uploads\/2026\/01\/Aerodromi-Crne-Gore-Foto-ACG.webp\",\"keywords\":[\"Aerodromi Crne Gore\",\"Turska\"],\"articleSection\":[\"Ekonomija\"],\"inLanguage\":\"en-GB\",\"potentialAction\":[{\"@type\":\"CommentAction\",\"name\":\"Comment\",\"target\":[\"https:\/\/dmcsrb.com\/ekonomija\/aerodromi-crne-gore-stanje-redovno-nema-evakuacionih-ili-vanrednih-letova-ka-turskoj\/#respond\"]}]},{\"@type\":\"WebPage\",\"@id\":\"https:\/\/dmcsrb.com\/ekonomija\/aerodromi-crne-gore-stanje-redovno-nema-evakuacionih-ili-vanrednih-letova-ka-turskoj\/\",\"url\":\"https:\/\/dmcsrb.com\/ekonomija\/aerodromi-crne-gore-stanje-redovno-nema-evakuacionih-ili-vanrednih-letova-ka-turskoj\/\",\"name\":\"Aerodromi Crne Gore: Stanje redovno, nema evakuacionih ili vanrednih letova ka Turskoj - dmcsrb.com\",\"isPartOf\":{\"@id\":\"https:\/\/dmcsrb.com\/#website\"},\"primaryImageOfPage\":{\"@id\":\"https:\/\/dmcsrb.com\/ekonomija\/aerodromi-crne-gore-stanje-redovno-nema-evakuacionih-ili-vanrednih-letova-ka-turskoj\/#primaryimage\"},\"image\":{\"@id\":\"https:\/\/dmcsrb.com\/ekonomija\/aerodromi-crne-gore-stanje-redovno-nema-evakuacionih-ili-vanrednih-letova-ka-turskoj\/#primaryimage\"},\"thumbnailUrl\":\"https:\/\/dmcsrb.com\/wp-content\/uploads\/2026\/01\/Aerodromi-Crne-Gore-Foto-ACG.webp\",\"datePublished\":\"2025-10-29T12:04:00+00:00\",\"author\":{\"@id\":\"https:\/\/dmcsrb.com\/#\/schema\/person\/5c39170f12db1b8b457732d0b5c854e2\"},\"breadcrumb\":{\"@id\":\"https:\/\/dmcsrb.com\/ekonomija\/aerodromi-crne-gore-stanje-redovno-nema-evakuacionih-ili-vanrednih-letova-ka-turskoj\/#breadcrumb\"},\"inLanguage\":\"en-GB\",\"potentialAction\":[{\"@type\":\"ReadAction\",\"target\":[\"https:\/\/dmcsrb.com\/ekonomija\/aerodromi-crne-gore-stanje-redovno-nema-evakuacionih-ili-vanrednih-letova-ka-turskoj\/\"]}]},{\"@type\":\"ImageObject\",\"inLanguage\":\"en-GB\",\"@id\":\"https:\/\/dmcsrb.com\/ekonomija\/aerodromi-crne-gore-stanje-redovno-nema-evakuacionih-ili-vanrednih-letova-ka-turskoj\/#primaryimage\",\"url\":\"https:\/\/dmcsrb.com\/wp-content\/uploads\/2026\/01\/Aerodromi-Crne-Gore-Foto-ACG.webp\",\"contentUrl\":\"https:\/\/dmcsrb.com\/wp-content\/uploads\/2026\/01\/Aerodromi-Crne-Gore-Foto-ACG.webp\",\"width\":696,\"height\":522},{\"@type\":\"BreadcrumbList\",\"@id\":\"https:\/\/dmcsrb.com\/ekonomija\/aerodromi-crne-gore-stanje-redovno-nema-evakuacionih-ili-vanrednih-letova-ka-turskoj\/#breadcrumb\",\"itemListElement\":[{\"@type\":\"ListItem\",\"position\":1,\"name\":\"Home\",\"item\":\"https:\/\/dmcsrb.com\/\"},{\"@type\":\"ListItem\",\"position\":2,\"name\":\"Aerodromi Crne Gore: Stanje redovno, nema evakuacionih ili vanrednih letova ka Turskoj\"}]},{\"@type\":\"WebSite\",\"@id\":\"https:\/\/dmcsrb.com\/#website\",\"url\":\"https:\/\/dmcsrb.com\/\",\"name\":\"dmcsrb.com\",\"description\":\"\",\"potentialAction\":[{\"@type\":\"SearchAction\",\"target\":{\"@type\":\"EntryPoint\",\"urlTemplate\":\"https:\/\/dmcsrb.com\/?s={search_term_string}\"},\"query-input\":{\"@type\":\"PropertyValueSpecification\",\"valueRequired\":true,\"valueName\":\"search_term_string\"}}],\"inLanguage\":\"en-GB\"},{\"@type\":\"Person\",\"@id\":\"https:\/\/dmcsrb.com\/#\/schema\/person\/5c39170f12db1b8b457732d0b5c854e2\",\"name\":\"dmcsrbija.com@gmail.com\",\"image\":{\"@type\":\"ImageObject\",\"inLanguage\":\"en-GB\",\"@id\":\"https:\/\/dmcsrb.com\/#\/schema\/person\/image\/\",\"url\":\"https:\/\/secure.gravatar.com\/avatar\/68592660ad6347fad0fb587f8d5d8f1a7b44961362f56e4f2cd524feb87e9069?s=96&d=mm&r=g\",\"contentUrl\":\"https:\/\/secure.gravatar.com\/avatar\/68592660ad6347fad0fb587f8d5d8f1a7b44961362f56e4f2cd524feb87e9069?s=96&d=mm&r=g\",\"caption\":\"dmcsrbija.com@gmail.com\"},\"sameAs\":[\"https:\/\/dmcsrb.com\"],\"url\":\"https:\/\/dmcsrb.com\/en\/author\/dmcsrbija-comgmail-com\/\"}]}<\/script>\n<!-- \/ Yoast SEO plugin. -->","yoast_head_json":{"title":"Aerodromi Crne Gore: Stanje redovno, nema evakuacionih ili vanrednih letova ka Turskoj - dmcsrb.com","robots":{"index":"index","follow":"follow","max-snippet":"max-snippet:-1","max-image-preview":"max-image-preview:large","max-video-preview":"max-video-preview:-1"},"canonical":"https:\/\/dmcsrb.com\/en\/ekonomija\/aerodromi-crne-gore-stanje-redovno-nema-evakuacionih-ili-vanrednih-letova-ka-turskoj\/","og_locale":"en_GB","og_type":"article","og_title":"Aerodromi Crne Gore: Stanje redovno, nema evakuacionih ili vanrednih letova ka Turskoj - dmcsrb.com","og_description":"Saobra\u0107aj na aerodromima Crne Gore za sada se odvija u skladu sa ranije najavljenim redom letjenja. Stanje je potpuno redovno i nema nikakvih evakuacionih ili bilo kakvih vanrednih letova ka Turskoj, saop\u0161teno je za NewsMax Balkans televiziju iz Aerodroma Crne Gore.","og_url":"https:\/\/dmcsrb.com\/en\/ekonomija\/aerodromi-crne-gore-stanje-redovno-nema-evakuacionih-ili-vanrednih-letova-ka-turskoj\/","og_site_name":"dmcsrb.com","article_published_time":"2025-10-29T12:04:00+00:00","og_image":[{"width":696,"height":522,"url":"https:\/\/dmcsrb.com\/wp-content\/uploads\/2026\/01\/Aerodromi-Crne-Gore-Foto-ACG.webp","type":"image\/jpeg"}],"author":"dmcsrbija.com@gmail.com","twitter_card":"summary_large_image","twitter_misc":{"Written by":"dmcsrbija.com@gmail.com","Estimated reading time":"1 minute"},"schema":{"@context":"https:\/\/schema.org","@graph":[{"@type":"Article","@id":"https:\/\/dmcsrb.com\/ekonomija\/aerodromi-crne-gore-stanje-redovno-nema-evakuacionih-ili-vanrednih-letova-ka-turskoj\/#article","isPartOf":{"@id":"https:\/\/dmcsrb.com\/ekonomija\/aerodromi-crne-gore-stanje-redovno-nema-evakuacionih-ili-vanrednih-letova-ka-turskoj\/"},"author":{"name":"dmcsrbija.com@gmail.com","@id":"https:\/\/dmcsrb.com\/#\/schema\/person\/5c39170f12db1b8b457732d0b5c854e2"},"headline":"Aerodromi Crne Gore: Stanje redovno, nema evakuacionih ili vanrednih letova ka Turskoj","datePublished":"2025-10-29T12:04:00+00:00","mainEntityOfPage":{"@id":"https:\/\/dmcsrb.com\/ekonomija\/aerodromi-crne-gore-stanje-redovno-nema-evakuacionih-ili-vanrednih-letova-ka-turskoj\/"},"wordCount":232,"commentCount":0,"image":{"@id":"https:\/\/dmcsrb.com\/ekonomija\/aerodromi-crne-gore-stanje-redovno-nema-evakuacionih-ili-vanrednih-letova-ka-turskoj\/#primaryimage"},"thumbnailUrl":"https:\/\/dmcsrb.com\/wp-content\/uploads\/2026\/01\/Aerodromi-Crne-Gore-Foto-ACG.webp","keywords":["Aerodromi Crne Gore","Turska"],"articleSection":["Ekonomija"],"inLanguage":"en-GB","potentialAction":[{"@type":"CommentAction","name":"Comment","target":["https:\/\/dmcsrb.com\/ekonomija\/aerodromi-crne-gore-stanje-redovno-nema-evakuacionih-ili-vanrednih-letova-ka-turskoj\/#respond"]}]},{"@type":"WebPage","@id":"https:\/\/dmcsrb.com\/ekonomija\/aerodromi-crne-gore-stanje-redovno-nema-evakuacionih-ili-vanrednih-letova-ka-turskoj\/","url":"https:\/\/dmcsrb.com\/ekonomija\/aerodromi-crne-gore-stanje-redovno-nema-evakuacionih-ili-vanrednih-letova-ka-turskoj\/","name":"Aerodromi Crne Gore: Stanje redovno, nema evakuacionih ili vanrednih letova ka Turskoj - dmcsrb.com","isPartOf":{"@id":"https:\/\/dmcsrb.com\/#website"},"primaryImageOfPage":{"@id":"https:\/\/dmcsrb.com\/ekonomija\/aerodromi-crne-gore-stanje-redovno-nema-evakuacionih-ili-vanrednih-letova-ka-turskoj\/#primaryimage"},"image":{"@id":"https:\/\/dmcsrb.com\/ekonomija\/aerodromi-crne-gore-stanje-redovno-nema-evakuacionih-ili-vanrednih-letova-ka-turskoj\/#primaryimage"},"thumbnailUrl":"https:\/\/dmcsrb.com\/wp-content\/uploads\/2026\/01\/Aerodromi-Crne-Gore-Foto-ACG.webp","datePublished":"2025-10-29T12:04:00+00:00","author":{"@id":"https:\/\/dmcsrb.com\/#\/schema\/person\/5c39170f12db1b8b457732d0b5c854e2"},"breadcrumb":{"@id":"https:\/\/dmcsrb.com\/ekonomija\/aerodromi-crne-gore-stanje-redovno-nema-evakuacionih-ili-vanrednih-letova-ka-turskoj\/#breadcrumb"},"inLanguage":"en-GB","potentialAction":[{"@type":"ReadAction","target":["https:\/\/dmcsrb.com\/ekonomija\/aerodromi-crne-gore-stanje-redovno-nema-evakuacionih-ili-vanrednih-letova-ka-turskoj\/"]}]},{"@type":"ImageObject","inLanguage":"en-GB","@id":"https:\/\/dmcsrb.com\/ekonomija\/aerodromi-crne-gore-stanje-redovno-nema-evakuacionih-ili-vanrednih-letova-ka-turskoj\/#primaryimage","url":"https:\/\/dmcsrb.com\/wp-content\/uploads\/2026\/01\/Aerodromi-Crne-Gore-Foto-ACG.webp","contentUrl":"https:\/\/dmcsrb.com\/wp-content\/uploads\/2026\/01\/Aerodromi-Crne-Gore-Foto-ACG.webp","width":696,"height":522},{"@type":"BreadcrumbList","@id":"https:\/\/dmcsrb.com\/ekonomija\/aerodromi-crne-gore-stanje-redovno-nema-evakuacionih-ili-vanrednih-letova-ka-turskoj\/#breadcrumb","itemListElement":[{"@type":"ListItem","position":1,"name":"Home","item":"https:\/\/dmcsrb.com\/"},{"@type":"ListItem","position":2,"name":"Aerodromi Crne Gore: Stanje redovno, nema evakuacionih ili vanrednih letova ka Turskoj"}]},{"@type":"WebSite","@id":"https:\/\/dmcsrb.com\/#website","url":"https:\/\/dmcsrb.com\/","name":"dmcsrb.com","description":"","potentialAction":[{"@type":"SearchAction","target":{"@type":"EntryPoint","urlTemplate":"https:\/\/dmcsrb.com\/?s={search_term_string}"},"query-input":{"@type":"PropertyValueSpecification","valueRequired":true,"valueName":"search_term_string"}}],"inLanguage":"en-GB"},{"@type":"Person","@id":"https:\/\/dmcsrb.com\/#\/schema\/person\/5c39170f12db1b8b457732d0b5c854e2","name":"dmcsrbija.com@gmail.com","image":{"@type":"ImageObject","inLanguage":"en-GB","@id":"https:\/\/dmcsrb.com\/#\/schema\/person\/image\/","url":"https:\/\/secure.gravatar.com\/avatar\/68592660ad6347fad0fb587f8d5d8f1a7b44961362f56e4f2cd524feb87e9069?s=96&d=mm&r=g","contentUrl":"https:\/\/secure.gravatar.com\/avatar\/68592660ad6347fad0fb587f8d5d8f1a7b44961362f56e4f2cd524feb87e9069?s=96&d=mm&r=g","caption":"dmcsrbija.com@gmail.com"},"sameAs":["https:\/\/dmcsrb.com"],"url":"https:\/\/dmcsrb.com\/en\/author\/dmcsrbija-comgmail-com\/"}]}},"_links":{"self":[{"href":"https:\/\/dmcsrb.com\/en\/wp-json\/wp\/v2\/posts\/960700","targetHints":{"allow":["GET"]}}],"collection":[{"href":"https:\/\/dmcsrb.com\/en\/wp-json\/wp\/v2\/posts"}],"about":[{"href":"https:\/\/dmcsrb.com\/en\/wp-json\/wp\/v2\/types\/post"}],"author":[{"embeddable":true,"href":"https:\/\/dmcsrb.com\/en\/wp-json\/wp\/v2\/users\/1"}],"replies":[{"embeddable":true,"href":"https:\/\/dmcsrb.com\/en\/wp-json\/wp\/v2\/comments?post=960700"}],"version-history":[{"count":0,"href":"https:\/\/dmcsrb.com\/en\/wp-json\/wp\/v2\/posts\/960700\/revisions"}],"wp:featuredmedia":[{"embeddable":true,"href":"https:\/\/dmcsrb.com\/en\/wp-json\/wp\/v2\/media\/944674"}],"wp:attachment":[{"href":"https:\/\/dmcsrb.com\/en\/wp-json\/wp\/v2\/media?parent=960700"}],"wp:term":[{"taxonomy":"category","embeddable":true,"href":"https:\/\/dmcsrb.com\/en\/wp-json\/wp\/v2\/categories?post=960700"},{"taxonomy":"post_tag","embeddable":true,"href":"https:\/\/dmcsrb.com\/en\/wp-json\/wp\/v2\/tags?post=960700"},{"taxonomy":"naslovna","embeddable":true,"href":"https:\/\/dmcsrb.com\/en\/wp-json\/wp\/v2\/naslovna?post=960700"}],"curies":[{"name":"wp","href":"https:\/\/api.w.org\/{rel}","templated":true}]}}