{"id":960696,"date":"2025-10-29T13:22:00","date_gmt":"2025-10-29T12:22:00","guid":{"rendered":"https:\/\/dmcsrb.com\/uncategorized\/dps-berane-pozvao-na-skup-budimo-zajedno-generatori-promjena\/"},"modified":"2025-10-29T13:22:00","modified_gmt":"2025-10-29T12:22:00","slug":"dps-berane-pozvao-na-skup-budimo-zajedno-generatori-promjena","status":"publish","type":"post","link":"https:\/\/dmcsrb.com\/en\/politika\/dps-berane-pozvao-na-skup-budimo-zajedno-generatori-promjena\/","title":{"rendered":"DPS Berane pozvao na skup: Budimo zajedno generatori promjena"},"content":{"rendered":"<p>&#8220;Po\u0161tovane sugra\u0111anke i sugra\u0111ani, okupimo se na Jasikovcu u \u010detvrtak, 30. oktobra 2025. godine. Podignimo glas protiv svega \u0161to se posljednjih mjeseci de\u0161ava u Crnoj Gori, a \u010dime se ugro\u017eava dostojanstvo gra\u0111ana Crne Gore&#8221;, kazao je Nedi\u0107<\/p>\n\n\n\n<p>Kako ka\u017ee, Vladavina prava mora biti imperativ, kao i da oko toga&#8221; nema pogodbe&#8221;.<\/p>\n\n\n\n<p>&#8220;Ne smijemo dozvoliti da na\u0161a lijepa Crna Gora \u2014 prepoznata po vrijednostima antifa\u0161izma, demokratije, multieti\u010dnosti i multikulturalnosti, zbog nesposobnih i neprincipijelnih politi\u010dara koji se trenutno nalaze na \u010delu dr\u017eavnih institucija, postane poligon za ispoljavanje li\u010dnih frustracija koje ugro\u017eavaju njenu stabilnost i prosperitet. Vrijeme je da jasno poru\u010dimo \u2013 ovako vi\u0161e ne mo\u017ee&#8221;, istakao je Nedi\u0107.\u00a0<\/p>\n\n\n\n<p>Istakao je da su uvjereni da je ve\u0107ina gra\u0111ana Berana \u2013 &#8220;osim male grupe politi\u010dki ostra\u0161\u0107enih koji slijepo prate aktuelnu vlast i zbog mraka u svojim glavama ne vide realnost, svjesna da je stanje u zemlji na svim nivoima veoma lo\u0161e i da to traje nedopustivo dugo&#8221;.\u00a0<\/p>\n\n\n\n<p>&#8220;Budimo zajedno generatori promjena. Okupimo se u \u0161to ve\u0107em broju&#8221;, zaklju\u010dio je Nedi\u0107.<\/p>","protected":false},"excerpt":{"rendered":"<p>Predsjednik op\u0161tinskog odbora Demokratske partije socijalista (DPS) dr Miro Nedi\u0107, pozvao je gra\u0111ane na skup koji organizuje ta partija u Berana u \u010detvrtak.<\/p>","protected":false},"author":1,"featured_media":909807,"comment_status":"open","ping_status":"open","sticky":false,"template":"","format":"standard","meta":{"_acf_changed":false,"footnotes":""},"categories":[12],"tags":[427,63,7292],"naslovna":[],"class_list":["post-960696","post","type-post","status-publish","format-standard","has-post-thumbnail","hentry","category-politika","tag-berane","tag-dps","tag-skup"],"acf":[],"yoast_head":"<!-- This site is optimized with the Yoast SEO plugin v27.4 - https:\/\/yoast.com\/product\/yoast-seo-wordpress\/ -->\n<title>DPS Berane pozvao na skup: Budimo zajedno generatori promjena - dmcsrb.com<\/title>\n<meta name=\"robots\" content=\"index, follow, max-snippet:-1, max-image-preview:large, max-video-preview:-1\" \/>\n<link rel=\"canonical\" href=\"https:\/\/dmcsrb.com\/en\/politika\/dps-berane-pozvao-na-skup-budimo-zajedno-generatori-promjena\/\" \/>\n<meta property=\"og:locale\" content=\"en_GB\" \/>\n<meta property=\"og:type\" content=\"article\" \/>\n<meta property=\"og:title\" content=\"DPS Berane pozvao na skup: Budimo zajedno generatori promjena - dmcsrb.com\" \/>\n<meta property=\"og:description\" content=\"Predsjednik op\u0161tinskog odbora Demokratske partije socijalista (DPS) dr Miro Nedi\u0107, pozvao je gra\u0111ane na skup koji organizuje ta partija u Berana u \u010detvrtak.\" \/>\n<meta property=\"og:url\" content=\"https:\/\/dmcsrb.com\/en\/politika\/dps-berane-pozvao-na-skup-budimo-zajedno-generatori-promjena\/\" \/>\n<meta property=\"og:site_name\" content=\"dmcsrb.com\" \/>\n<meta property=\"article:published_time\" content=\"2025-10-29T12:22:00+00:00\" \/>\n<meta property=\"og:image\" content=\"https:\/\/dmcsrb.com\/wp-content\/uploads\/2026\/01\/DPS-1.jpg\" \/>\n\t<meta property=\"og:image:width\" content=\"1280\" \/>\n\t<meta property=\"og:image:height\" content=\"1280\" \/>\n\t<meta property=\"og:image:type\" content=\"image\/jpeg\" \/>\n<meta name=\"author\" content=\"dmcsrbija.com@gmail.com\" \/>\n<meta name=\"twitter:card\" content=\"summary_large_image\" \/>\n<meta name=\"twitter:label1\" content=\"Written by\" \/>\n\t<meta name=\"twitter:data1\" content=\"dmcsrbija.com@gmail.com\" \/>\n\t<meta name=\"twitter:label2\" content=\"Estimated reading time\" \/>\n\t<meta name=\"twitter:data2\" content=\"1 minute\" \/>\n<script type=\"application\/ld+json\" class=\"yoast-schema-graph\">{\"@context\":\"https:\\\/\\\/schema.org\",\"@graph\":[{\"@type\":\"Article\",\"@id\":\"https:\\\/\\\/dmcsrb.com\\\/politika\\\/dps-berane-pozvao-na-skup-budimo-zajedno-generatori-promjena\\\/#article\",\"isPartOf\":{\"@id\":\"https:\\\/\\\/dmcsrb.com\\\/politika\\\/dps-berane-pozvao-na-skup-budimo-zajedno-generatori-promjena\\\/\"},\"author\":{\"name\":\"dmcsrbija.com@gmail.com\",\"@id\":\"https:\\\/\\\/dmcsrb.com\\\/#\\\/schema\\\/person\\\/5c39170f12db1b8b457732d0b5c854e2\"},\"headline\":\"DPS Berane pozvao na skup: Budimo zajedno generatori promjena\",\"datePublished\":\"2025-10-29T12:22:00+00:00\",\"mainEntityOfPage\":{\"@id\":\"https:\\\/\\\/dmcsrb.com\\\/politika\\\/dps-berane-pozvao-na-skup-budimo-zajedno-generatori-promjena\\\/\"},\"wordCount\":194,\"commentCount\":0,\"image\":{\"@id\":\"https:\\\/\\\/dmcsrb.com\\\/politika\\\/dps-berane-pozvao-na-skup-budimo-zajedno-generatori-promjena\\\/#primaryimage\"},\"thumbnailUrl\":\"https:\\\/\\\/dmcsrb.com\\\/wp-content\\\/uploads\\\/2026\\\/01\\\/DPS-1.jpg\",\"keywords\":[\"Berane\",\"DPS\",\"Skup\"],\"articleSection\":[\"Politika\"],\"inLanguage\":\"en-GB\",\"potentialAction\":[{\"@type\":\"CommentAction\",\"name\":\"Comment\",\"target\":[\"https:\\\/\\\/dmcsrb.com\\\/politika\\\/dps-berane-pozvao-na-skup-budimo-zajedno-generatori-promjena\\\/#respond\"]}]},{\"@type\":\"WebPage\",\"@id\":\"https:\\\/\\\/dmcsrb.com\\\/politika\\\/dps-berane-pozvao-na-skup-budimo-zajedno-generatori-promjena\\\/\",\"url\":\"https:\\\/\\\/dmcsrb.com\\\/politika\\\/dps-berane-pozvao-na-skup-budimo-zajedno-generatori-promjena\\\/\",\"name\":\"DPS Berane pozvao na skup: Budimo zajedno generatori promjena - dmcsrb.com\",\"isPartOf\":{\"@id\":\"https:\\\/\\\/dmcsrb.com\\\/#website\"},\"primaryImageOfPage\":{\"@id\":\"https:\\\/\\\/dmcsrb.com\\\/politika\\\/dps-berane-pozvao-na-skup-budimo-zajedno-generatori-promjena\\\/#primaryimage\"},\"image\":{\"@id\":\"https:\\\/\\\/dmcsrb.com\\\/politika\\\/dps-berane-pozvao-na-skup-budimo-zajedno-generatori-promjena\\\/#primaryimage\"},\"thumbnailUrl\":\"https:\\\/\\\/dmcsrb.com\\\/wp-content\\\/uploads\\\/2026\\\/01\\\/DPS-1.jpg\",\"datePublished\":\"2025-10-29T12:22:00+00:00\",\"author\":{\"@id\":\"https:\\\/\\\/dmcsrb.com\\\/#\\\/schema\\\/person\\\/5c39170f12db1b8b457732d0b5c854e2\"},\"breadcrumb\":{\"@id\":\"https:\\\/\\\/dmcsrb.com\\\/politika\\\/dps-berane-pozvao-na-skup-budimo-zajedno-generatori-promjena\\\/#breadcrumb\"},\"inLanguage\":\"en-GB\",\"potentialAction\":[{\"@type\":\"ReadAction\",\"target\":[\"https:\\\/\\\/dmcsrb.com\\\/politika\\\/dps-berane-pozvao-na-skup-budimo-zajedno-generatori-promjena\\\/\"]}]},{\"@type\":\"ImageObject\",\"inLanguage\":\"en-GB\",\"@id\":\"https:\\\/\\\/dmcsrb.com\\\/politika\\\/dps-berane-pozvao-na-skup-budimo-zajedno-generatori-promjena\\\/#primaryimage\",\"url\":\"https:\\\/\\\/dmcsrb.com\\\/wp-content\\\/uploads\\\/2026\\\/01\\\/DPS-1.jpg\",\"contentUrl\":\"https:\\\/\\\/dmcsrb.com\\\/wp-content\\\/uploads\\\/2026\\\/01\\\/DPS-1.jpg\",\"width\":1280,\"height\":1280},{\"@type\":\"BreadcrumbList\",\"@id\":\"https:\\\/\\\/dmcsrb.com\\\/politika\\\/dps-berane-pozvao-na-skup-budimo-zajedno-generatori-promjena\\\/#breadcrumb\",\"itemListElement\":[{\"@type\":\"ListItem\",\"position\":1,\"name\":\"Home\",\"item\":\"https:\\\/\\\/dmcsrb.com\\\/\"},{\"@type\":\"ListItem\",\"position\":2,\"name\":\"DPS Berane pozvao na skup: Budimo zajedno generatori promjena\"}]},{\"@type\":\"WebSite\",\"@id\":\"https:\\\/\\\/dmcsrb.com\\\/#website\",\"url\":\"https:\\\/\\\/dmcsrb.com\\\/\",\"name\":\"dmcsrb.com\",\"description\":\"\",\"potentialAction\":[{\"@type\":\"SearchAction\",\"target\":{\"@type\":\"EntryPoint\",\"urlTemplate\":\"https:\\\/\\\/dmcsrb.com\\\/?s={search_term_string}\"},\"query-input\":{\"@type\":\"PropertyValueSpecification\",\"valueRequired\":true,\"valueName\":\"search_term_string\"}}],\"inLanguage\":\"en-GB\"},{\"@type\":\"Person\",\"@id\":\"https:\\\/\\\/dmcsrb.com\\\/#\\\/schema\\\/person\\\/5c39170f12db1b8b457732d0b5c854e2\",\"name\":\"dmcsrbija.com@gmail.com\",\"image\":{\"@type\":\"ImageObject\",\"inLanguage\":\"en-GB\",\"@id\":\"https:\\\/\\\/secure.gravatar.com\\\/avatar\\\/68592660ad6347fad0fb587f8d5d8f1a7b44961362f56e4f2cd524feb87e9069?s=96&d=mm&r=g\",\"url\":\"https:\\\/\\\/secure.gravatar.com\\\/avatar\\\/68592660ad6347fad0fb587f8d5d8f1a7b44961362f56e4f2cd524feb87e9069?s=96&d=mm&r=g\",\"contentUrl\":\"https:\\\/\\\/secure.gravatar.com\\\/avatar\\\/68592660ad6347fad0fb587f8d5d8f1a7b44961362f56e4f2cd524feb87e9069?s=96&d=mm&r=g\",\"caption\":\"dmcsrbija.com@gmail.com\"},\"sameAs\":[\"https:\\\/\\\/dmcsrb.com\"],\"url\":\"https:\\\/\\\/dmcsrb.com\\\/en\\\/author\\\/dmcsrbija-comgmail-com\\\/\"}]}<\/script>\n<!-- \/ Yoast SEO plugin. -->","yoast_head_json":{"title":"DPS Berane pozvao na skup: Budimo zajedno generatori promjena - dmcsrb.com","robots":{"index":"index","follow":"follow","max-snippet":"max-snippet:-1","max-image-preview":"max-image-preview:large","max-video-preview":"max-video-preview:-1"},"canonical":"https:\/\/dmcsrb.com\/en\/politika\/dps-berane-pozvao-na-skup-budimo-zajedno-generatori-promjena\/","og_locale":"en_GB","og_type":"article","og_title":"DPS Berane pozvao na skup: Budimo zajedno generatori promjena - dmcsrb.com","og_description":"Predsjednik op\u0161tinskog odbora Demokratske partije socijalista (DPS) dr Miro Nedi\u0107, pozvao je gra\u0111ane na skup koji organizuje ta partija u Berana u \u010detvrtak.","og_url":"https:\/\/dmcsrb.com\/en\/politika\/dps-berane-pozvao-na-skup-budimo-zajedno-generatori-promjena\/","og_site_name":"dmcsrb.com","article_published_time":"2025-10-29T12:22:00+00:00","og_image":[{"width":1280,"height":1280,"url":"https:\/\/dmcsrb.com\/wp-content\/uploads\/2026\/01\/DPS-1.jpg","type":"image\/jpeg"}],"author":"dmcsrbija.com@gmail.com","twitter_card":"summary_large_image","twitter_misc":{"Written by":"dmcsrbija.com@gmail.com","Estimated reading time":"1 minute"},"schema":{"@context":"https:\/\/schema.org","@graph":[{"@type":"Article","@id":"https:\/\/dmcsrb.com\/politika\/dps-berane-pozvao-na-skup-budimo-zajedno-generatori-promjena\/#article","isPartOf":{"@id":"https:\/\/dmcsrb.com\/politika\/dps-berane-pozvao-na-skup-budimo-zajedno-generatori-promjena\/"},"author":{"name":"dmcsrbija.com@gmail.com","@id":"https:\/\/dmcsrb.com\/#\/schema\/person\/5c39170f12db1b8b457732d0b5c854e2"},"headline":"DPS Berane pozvao na skup: Budimo zajedno generatori promjena","datePublished":"2025-10-29T12:22:00+00:00","mainEntityOfPage":{"@id":"https:\/\/dmcsrb.com\/politika\/dps-berane-pozvao-na-skup-budimo-zajedno-generatori-promjena\/"},"wordCount":194,"commentCount":0,"image":{"@id":"https:\/\/dmcsrb.com\/politika\/dps-berane-pozvao-na-skup-budimo-zajedno-generatori-promjena\/#primaryimage"},"thumbnailUrl":"https:\/\/dmcsrb.com\/wp-content\/uploads\/2026\/01\/DPS-1.jpg","keywords":["Berane","DPS","Skup"],"articleSection":["Politika"],"inLanguage":"en-GB","potentialAction":[{"@type":"CommentAction","name":"Comment","target":["https:\/\/dmcsrb.com\/politika\/dps-berane-pozvao-na-skup-budimo-zajedno-generatori-promjena\/#respond"]}]},{"@type":"WebPage","@id":"https:\/\/dmcsrb.com\/politika\/dps-berane-pozvao-na-skup-budimo-zajedno-generatori-promjena\/","url":"https:\/\/dmcsrb.com\/politika\/dps-berane-pozvao-na-skup-budimo-zajedno-generatori-promjena\/","name":"DPS Berane pozvao na skup: Budimo zajedno generatori promjena - dmcsrb.com","isPartOf":{"@id":"https:\/\/dmcsrb.com\/#website"},"primaryImageOfPage":{"@id":"https:\/\/dmcsrb.com\/politika\/dps-berane-pozvao-na-skup-budimo-zajedno-generatori-promjena\/#primaryimage"},"image":{"@id":"https:\/\/dmcsrb.com\/politika\/dps-berane-pozvao-na-skup-budimo-zajedno-generatori-promjena\/#primaryimage"},"thumbnailUrl":"https:\/\/dmcsrb.com\/wp-content\/uploads\/2026\/01\/DPS-1.jpg","datePublished":"2025-10-29T12:22:00+00:00","author":{"@id":"https:\/\/dmcsrb.com\/#\/schema\/person\/5c39170f12db1b8b457732d0b5c854e2"},"breadcrumb":{"@id":"https:\/\/dmcsrb.com\/politika\/dps-berane-pozvao-na-skup-budimo-zajedno-generatori-promjena\/#breadcrumb"},"inLanguage":"en-GB","potentialAction":[{"@type":"ReadAction","target":["https:\/\/dmcsrb.com\/politika\/dps-berane-pozvao-na-skup-budimo-zajedno-generatori-promjena\/"]}]},{"@type":"ImageObject","inLanguage":"en-GB","@id":"https:\/\/dmcsrb.com\/politika\/dps-berane-pozvao-na-skup-budimo-zajedno-generatori-promjena\/#primaryimage","url":"https:\/\/dmcsrb.com\/wp-content\/uploads\/2026\/01\/DPS-1.jpg","contentUrl":"https:\/\/dmcsrb.com\/wp-content\/uploads\/2026\/01\/DPS-1.jpg","width":1280,"height":1280},{"@type":"BreadcrumbList","@id":"https:\/\/dmcsrb.com\/politika\/dps-berane-pozvao-na-skup-budimo-zajedno-generatori-promjena\/#breadcrumb","itemListElement":[{"@type":"ListItem","position":1,"name":"Home","item":"https:\/\/dmcsrb.com\/"},{"@type":"ListItem","position":2,"name":"DPS Berane pozvao na skup: Budimo zajedno generatori promjena"}]},{"@type":"WebSite","@id":"https:\/\/dmcsrb.com\/#website","url":"https:\/\/dmcsrb.com\/","name":"dmcsrb.com","description":"","potentialAction":[{"@type":"SearchAction","target":{"@type":"EntryPoint","urlTemplate":"https:\/\/dmcsrb.com\/?s={search_term_string}"},"query-input":{"@type":"PropertyValueSpecification","valueRequired":true,"valueName":"search_term_string"}}],"inLanguage":"en-GB"},{"@type":"Person","@id":"https:\/\/dmcsrb.com\/#\/schema\/person\/5c39170f12db1b8b457732d0b5c854e2","name":"dmcsrbija.com@gmail.com","image":{"@type":"ImageObject","inLanguage":"en-GB","@id":"https:\/\/secure.gravatar.com\/avatar\/68592660ad6347fad0fb587f8d5d8f1a7b44961362f56e4f2cd524feb87e9069?s=96&d=mm&r=g","url":"https:\/\/secure.gravatar.com\/avatar\/68592660ad6347fad0fb587f8d5d8f1a7b44961362f56e4f2cd524feb87e9069?s=96&d=mm&r=g","contentUrl":"https:\/\/secure.gravatar.com\/avatar\/68592660ad6347fad0fb587f8d5d8f1a7b44961362f56e4f2cd524feb87e9069?s=96&d=mm&r=g","caption":"dmcsrbija.com@gmail.com"},"sameAs":["https:\/\/dmcsrb.com"],"url":"https:\/\/dmcsrb.com\/en\/author\/dmcsrbija-comgmail-com\/"}]}},"_links":{"self":[{"href":"https:\/\/dmcsrb.com\/en\/wp-json\/wp\/v2\/posts\/960696","targetHints":{"allow":["GET"]}}],"collection":[{"href":"https:\/\/dmcsrb.com\/en\/wp-json\/wp\/v2\/posts"}],"about":[{"href":"https:\/\/dmcsrb.com\/en\/wp-json\/wp\/v2\/types\/post"}],"author":[{"embeddable":true,"href":"https:\/\/dmcsrb.com\/en\/wp-json\/wp\/v2\/users\/1"}],"replies":[{"embeddable":true,"href":"https:\/\/dmcsrb.com\/en\/wp-json\/wp\/v2\/comments?post=960696"}],"version-history":[{"count":0,"href":"https:\/\/dmcsrb.com\/en\/wp-json\/wp\/v2\/posts\/960696\/revisions"}],"wp:featuredmedia":[{"embeddable":true,"href":"https:\/\/dmcsrb.com\/en\/wp-json\/wp\/v2\/media\/909807"}],"wp:attachment":[{"href":"https:\/\/dmcsrb.com\/en\/wp-json\/wp\/v2\/media?parent=960696"}],"wp:term":[{"taxonomy":"category","embeddable":true,"href":"https:\/\/dmcsrb.com\/en\/wp-json\/wp\/v2\/categories?post=960696"},{"taxonomy":"post_tag","embeddable":true,"href":"https:\/\/dmcsrb.com\/en\/wp-json\/wp\/v2\/tags?post=960696"},{"taxonomy":"naslovna","embeddable":true,"href":"https:\/\/dmcsrb.com\/en\/wp-json\/wp\/v2\/naslovna?post=960696"}],"curies":[{"name":"wp","href":"https:\/\/api.w.org\/{rel}","templated":true}]}}