{"id":960623,"date":"2025-10-28T22:28:23","date_gmt":"2025-10-28T21:28:23","guid":{"rendered":"https:\/\/dmcsrb.com\/uncategorized\/otvoreno-evropsko-prvenstvo-u-sahu-za-mlade-u-budvi\/"},"modified":"2025-10-28T22:28:23","modified_gmt":"2025-10-28T21:28:23","slug":"otvoreno-evropsko-prvenstvo-u-sahu-za-mlade-u-budvi","status":"publish","type":"post","link":"https:\/\/dmcsrb.com\/en\/sport\/otvoreno-evropsko-prvenstvo-u-sahu-za-mlade-u-budvi\/","title":{"rendered":"Otvoreno Evropsko prvenstvo u \u0161ahu za mlade u Budvi"},"content":{"rendered":"<p>Goste je pozdravio predsjednik \u0160ahovskog saveza Crne Gore, Jovan Milovi\u0107, koji je istakao zahvalnost svim partnerima i organizacionom timu, koji je omogu\u0107io odr\u017eavanje ove zna\u010dajne manifestacije. U ime Ministarstva sporta i mladih, Milan Jan\u010di\u0107 je po\u017eelio uspjeh svim takmi\u010darima.<\/p>\n\n\n\n<figure class=\"wp-block-image size-large\"><img decoding=\"async\" src=\"https:\/\/gradski.me\/wp-content\/uploads\/2025\/10\/Ceremonija-otvaranja-SSCG-1024x683.jpg\" alt=\"\" class=\"wp-image-860315\"\/><figcaption class=\"wp-element-caption\">Foto: \u0160SCG<\/figcaption><\/figure>\n\n\n\n<p>Predsjednik Evropske \u0161ahovske unije, Zurab Azmapara\u0161vili odao je priznanje \u0160ahovskom savezu Crne Gore i gospodinu Milovi\u0107u, izraziv\u0161i \u017eelju da se i u budu\u0107nosti turniri velikog renomea odr\u017eavaju u Crnoj Gori.<\/p>\n\n\n\n<p>Takmi\u010denje je otvorio predsjednik Op\u0161tine Budva, Nikola Jovanovi\u0107, koji je \u0161ah istakao kao ljep\u0161u stranu Crne Gore i najavio podr\u0161ku svim budu\u0107im aktivnostima koje \u0160ahovski savez Crne Gore planira u Budvi.<\/p>\n\n\n\n<p>Partije prvog kola na programu su sjutra, a organizator je \u0160ahovski savez Crne Gore. Pokrovitelji su Ministarstvo sporta i mladih i Op\u0161tina Budva, dok su partneri: HG Budvanska rivijera, Ministarstvo turizma, A linija, CEDIS i Vau konekt.<\/p>","protected":false},"excerpt":{"rendered":"<p>Spektakularnom ceremonijom otvaranja ve\u010deras je u Budvi po\u010delo Evropsko prvenstvo u \u0161ahu za mlade, koje \u0107e narednih 11 dana u Budvi okupiti preko 1180 mladih \u0161ahistkinja i \u0161ahista iz \u010ditave Evrope, me\u0111u kojima je i gotovo 80 crnogorskih mladih nada.<\/p>","protected":false},"author":1,"featured_media":960624,"comment_status":"open","ping_status":"open","sticky":false,"template":"","format":"standard","meta":{"_acf_changed":false,"footnotes":""},"categories":[148],"tags":[12825,1639,3965],"naslovna":[],"class_list":["post-960623","post","type-post","status-publish","format-standard","has-post-thumbnail","hentry","category-sport","tag-ep-u-sahu-za-mlade-u-budvi","tag-sah-2","tag-sscg"],"acf":[],"yoast_head":"<!-- This site is optimized with the Yoast SEO plugin v27.4 - https:\/\/yoast.com\/product\/yoast-seo-wordpress\/ -->\n<title>Otvoreno Evropsko prvenstvo u \u0161ahu za mlade u Budvi - dmcsrb.com<\/title>\n<meta name=\"robots\" content=\"index, follow, max-snippet:-1, max-image-preview:large, max-video-preview:-1\" \/>\n<link rel=\"canonical\" href=\"https:\/\/dmcsrb.com\/en\/sport\/otvoreno-evropsko-prvenstvo-u-sahu-za-mlade-u-budvi\/\" \/>\n<meta property=\"og:locale\" content=\"en_GB\" \/>\n<meta property=\"og:type\" content=\"article\" \/>\n<meta property=\"og:title\" content=\"Otvoreno Evropsko prvenstvo u \u0161ahu za mlade u Budvi - dmcsrb.com\" \/>\n<meta property=\"og:description\" content=\"Spektakularnom ceremonijom otvaranja ve\u010deras je u Budvi po\u010delo Evropsko prvenstvo u \u0161ahu za mlade, koje \u0107e narednih 11 dana u Budvi okupiti preko 1180 mladih \u0161ahistkinja i \u0161ahista iz \u010ditave Evrope, me\u0111u kojima je i gotovo 80 crnogorskih mladih nada.\" \/>\n<meta property=\"og:url\" content=\"https:\/\/dmcsrb.com\/en\/sport\/otvoreno-evropsko-prvenstvo-u-sahu-za-mlade-u-budvi\/\" \/>\n<meta property=\"og:site_name\" content=\"dmcsrb.com\" \/>\n<meta property=\"article:published_time\" content=\"2025-10-28T21:28:23+00:00\" \/>\n<meta property=\"og:image\" content=\"https:\/\/dmcsrb.com\/wp-content\/uploads\/2026\/01\/Otvaranje-SSCG.webp\" \/>\n\t<meta property=\"og:image:width\" content=\"1920\" \/>\n\t<meta property=\"og:image:height\" content=\"1281\" \/>\n\t<meta property=\"og:image:type\" content=\"image\/jpeg\" \/>\n<meta name=\"author\" content=\"dmcsrbija.com@gmail.com\" \/>\n<meta name=\"twitter:card\" content=\"summary_large_image\" \/>\n<meta name=\"twitter:label1\" content=\"Written by\" \/>\n\t<meta name=\"twitter:data1\" content=\"dmcsrbija.com@gmail.com\" \/>\n\t<meta name=\"twitter:label2\" content=\"Estimated reading time\" \/>\n\t<meta name=\"twitter:data2\" content=\"1 minute\" \/>\n<script type=\"application\/ld+json\" class=\"yoast-schema-graph\">{\"@context\":\"https:\\\/\\\/schema.org\",\"@graph\":[{\"@type\":\"Article\",\"@id\":\"https:\\\/\\\/dmcsrb.com\\\/sport\\\/otvoreno-evropsko-prvenstvo-u-sahu-za-mlade-u-budvi\\\/#article\",\"isPartOf\":{\"@id\":\"https:\\\/\\\/dmcsrb.com\\\/sport\\\/otvoreno-evropsko-prvenstvo-u-sahu-za-mlade-u-budvi\\\/\"},\"author\":{\"name\":\"dmcsrbija.com@gmail.com\",\"@id\":\"https:\\\/\\\/dmcsrb.com\\\/#\\\/schema\\\/person\\\/5c39170f12db1b8b457732d0b5c854e2\"},\"headline\":\"Otvoreno Evropsko prvenstvo u \u0161ahu za mlade u Budvi\",\"datePublished\":\"2025-10-28T21:28:23+00:00\",\"mainEntityOfPage\":{\"@id\":\"https:\\\/\\\/dmcsrb.com\\\/sport\\\/otvoreno-evropsko-prvenstvo-u-sahu-za-mlade-u-budvi\\\/\"},\"wordCount\":165,\"commentCount\":0,\"image\":{\"@id\":\"https:\\\/\\\/dmcsrb.com\\\/sport\\\/otvoreno-evropsko-prvenstvo-u-sahu-za-mlade-u-budvi\\\/#primaryimage\"},\"thumbnailUrl\":\"https:\\\/\\\/dmcsrb.com\\\/wp-content\\\/uploads\\\/2026\\\/01\\\/Otvaranje-SSCG.webp\",\"keywords\":[\"EP u \u0161ahu za mlade u Budvi\",\"\u0161ah\",\"\u0160SCG\"],\"articleSection\":[\"Sport\"],\"inLanguage\":\"en-GB\",\"potentialAction\":[{\"@type\":\"CommentAction\",\"name\":\"Comment\",\"target\":[\"https:\\\/\\\/dmcsrb.com\\\/sport\\\/otvoreno-evropsko-prvenstvo-u-sahu-za-mlade-u-budvi\\\/#respond\"]}]},{\"@type\":\"WebPage\",\"@id\":\"https:\\\/\\\/dmcsrb.com\\\/sport\\\/otvoreno-evropsko-prvenstvo-u-sahu-za-mlade-u-budvi\\\/\",\"url\":\"https:\\\/\\\/dmcsrb.com\\\/sport\\\/otvoreno-evropsko-prvenstvo-u-sahu-za-mlade-u-budvi\\\/\",\"name\":\"Otvoreno Evropsko prvenstvo u \u0161ahu za mlade u Budvi - dmcsrb.com\",\"isPartOf\":{\"@id\":\"https:\\\/\\\/dmcsrb.com\\\/#website\"},\"primaryImageOfPage\":{\"@id\":\"https:\\\/\\\/dmcsrb.com\\\/sport\\\/otvoreno-evropsko-prvenstvo-u-sahu-za-mlade-u-budvi\\\/#primaryimage\"},\"image\":{\"@id\":\"https:\\\/\\\/dmcsrb.com\\\/sport\\\/otvoreno-evropsko-prvenstvo-u-sahu-za-mlade-u-budvi\\\/#primaryimage\"},\"thumbnailUrl\":\"https:\\\/\\\/dmcsrb.com\\\/wp-content\\\/uploads\\\/2026\\\/01\\\/Otvaranje-SSCG.webp\",\"datePublished\":\"2025-10-28T21:28:23+00:00\",\"author\":{\"@id\":\"https:\\\/\\\/dmcsrb.com\\\/#\\\/schema\\\/person\\\/5c39170f12db1b8b457732d0b5c854e2\"},\"breadcrumb\":{\"@id\":\"https:\\\/\\\/dmcsrb.com\\\/sport\\\/otvoreno-evropsko-prvenstvo-u-sahu-za-mlade-u-budvi\\\/#breadcrumb\"},\"inLanguage\":\"en-GB\",\"potentialAction\":[{\"@type\":\"ReadAction\",\"target\":[\"https:\\\/\\\/dmcsrb.com\\\/sport\\\/otvoreno-evropsko-prvenstvo-u-sahu-za-mlade-u-budvi\\\/\"]}]},{\"@type\":\"ImageObject\",\"inLanguage\":\"en-GB\",\"@id\":\"https:\\\/\\\/dmcsrb.com\\\/sport\\\/otvoreno-evropsko-prvenstvo-u-sahu-za-mlade-u-budvi\\\/#primaryimage\",\"url\":\"https:\\\/\\\/dmcsrb.com\\\/wp-content\\\/uploads\\\/2026\\\/01\\\/Otvaranje-SSCG.webp\",\"contentUrl\":\"https:\\\/\\\/dmcsrb.com\\\/wp-content\\\/uploads\\\/2026\\\/01\\\/Otvaranje-SSCG.webp\",\"width\":1920,\"height\":1281},{\"@type\":\"BreadcrumbList\",\"@id\":\"https:\\\/\\\/dmcsrb.com\\\/sport\\\/otvoreno-evropsko-prvenstvo-u-sahu-za-mlade-u-budvi\\\/#breadcrumb\",\"itemListElement\":[{\"@type\":\"ListItem\",\"position\":1,\"name\":\"Home\",\"item\":\"https:\\\/\\\/dmcsrb.com\\\/\"},{\"@type\":\"ListItem\",\"position\":2,\"name\":\"Otvoreno Evropsko prvenstvo u \u0161ahu za mlade u Budvi\"}]},{\"@type\":\"WebSite\",\"@id\":\"https:\\\/\\\/dmcsrb.com\\\/#website\",\"url\":\"https:\\\/\\\/dmcsrb.com\\\/\",\"name\":\"dmcsrb.com\",\"description\":\"\",\"potentialAction\":[{\"@type\":\"SearchAction\",\"target\":{\"@type\":\"EntryPoint\",\"urlTemplate\":\"https:\\\/\\\/dmcsrb.com\\\/?s={search_term_string}\"},\"query-input\":{\"@type\":\"PropertyValueSpecification\",\"valueRequired\":true,\"valueName\":\"search_term_string\"}}],\"inLanguage\":\"en-GB\"},{\"@type\":\"Person\",\"@id\":\"https:\\\/\\\/dmcsrb.com\\\/#\\\/schema\\\/person\\\/5c39170f12db1b8b457732d0b5c854e2\",\"name\":\"dmcsrbija.com@gmail.com\",\"image\":{\"@type\":\"ImageObject\",\"inLanguage\":\"en-GB\",\"@id\":\"https:\\\/\\\/secure.gravatar.com\\\/avatar\\\/68592660ad6347fad0fb587f8d5d8f1a7b44961362f56e4f2cd524feb87e9069?s=96&d=mm&r=g\",\"url\":\"https:\\\/\\\/secure.gravatar.com\\\/avatar\\\/68592660ad6347fad0fb587f8d5d8f1a7b44961362f56e4f2cd524feb87e9069?s=96&d=mm&r=g\",\"contentUrl\":\"https:\\\/\\\/secure.gravatar.com\\\/avatar\\\/68592660ad6347fad0fb587f8d5d8f1a7b44961362f56e4f2cd524feb87e9069?s=96&d=mm&r=g\",\"caption\":\"dmcsrbija.com@gmail.com\"},\"sameAs\":[\"https:\\\/\\\/dmcsrb.com\"],\"url\":\"https:\\\/\\\/dmcsrb.com\\\/en\\\/author\\\/dmcsrbija-comgmail-com\\\/\"}]}<\/script>\n<!-- \/ Yoast SEO plugin. -->","yoast_head_json":{"title":"Otvoreno Evropsko prvenstvo u \u0161ahu za mlade u Budvi - dmcsrb.com","robots":{"index":"index","follow":"follow","max-snippet":"max-snippet:-1","max-image-preview":"max-image-preview:large","max-video-preview":"max-video-preview:-1"},"canonical":"https:\/\/dmcsrb.com\/en\/sport\/otvoreno-evropsko-prvenstvo-u-sahu-za-mlade-u-budvi\/","og_locale":"en_GB","og_type":"article","og_title":"Otvoreno Evropsko prvenstvo u \u0161ahu za mlade u Budvi - dmcsrb.com","og_description":"Spektakularnom ceremonijom otvaranja ve\u010deras je u Budvi po\u010delo Evropsko prvenstvo u \u0161ahu za mlade, koje \u0107e narednih 11 dana u Budvi okupiti preko 1180 mladih \u0161ahistkinja i \u0161ahista iz \u010ditave Evrope, me\u0111u kojima je i gotovo 80 crnogorskih mladih nada.","og_url":"https:\/\/dmcsrb.com\/en\/sport\/otvoreno-evropsko-prvenstvo-u-sahu-za-mlade-u-budvi\/","og_site_name":"dmcsrb.com","article_published_time":"2025-10-28T21:28:23+00:00","og_image":[{"width":1920,"height":1281,"url":"https:\/\/dmcsrb.com\/wp-content\/uploads\/2026\/01\/Otvaranje-SSCG.webp","type":"image\/jpeg"}],"author":"dmcsrbija.com@gmail.com","twitter_card":"summary_large_image","twitter_misc":{"Written by":"dmcsrbija.com@gmail.com","Estimated reading time":"1 minute"},"schema":{"@context":"https:\/\/schema.org","@graph":[{"@type":"Article","@id":"https:\/\/dmcsrb.com\/sport\/otvoreno-evropsko-prvenstvo-u-sahu-za-mlade-u-budvi\/#article","isPartOf":{"@id":"https:\/\/dmcsrb.com\/sport\/otvoreno-evropsko-prvenstvo-u-sahu-za-mlade-u-budvi\/"},"author":{"name":"dmcsrbija.com@gmail.com","@id":"https:\/\/dmcsrb.com\/#\/schema\/person\/5c39170f12db1b8b457732d0b5c854e2"},"headline":"Otvoreno Evropsko prvenstvo u \u0161ahu za mlade u Budvi","datePublished":"2025-10-28T21:28:23+00:00","mainEntityOfPage":{"@id":"https:\/\/dmcsrb.com\/sport\/otvoreno-evropsko-prvenstvo-u-sahu-za-mlade-u-budvi\/"},"wordCount":165,"commentCount":0,"image":{"@id":"https:\/\/dmcsrb.com\/sport\/otvoreno-evropsko-prvenstvo-u-sahu-za-mlade-u-budvi\/#primaryimage"},"thumbnailUrl":"https:\/\/dmcsrb.com\/wp-content\/uploads\/2026\/01\/Otvaranje-SSCG.webp","keywords":["EP u \u0161ahu za mlade u Budvi","\u0161ah","\u0160SCG"],"articleSection":["Sport"],"inLanguage":"en-GB","potentialAction":[{"@type":"CommentAction","name":"Comment","target":["https:\/\/dmcsrb.com\/sport\/otvoreno-evropsko-prvenstvo-u-sahu-za-mlade-u-budvi\/#respond"]}]},{"@type":"WebPage","@id":"https:\/\/dmcsrb.com\/sport\/otvoreno-evropsko-prvenstvo-u-sahu-za-mlade-u-budvi\/","url":"https:\/\/dmcsrb.com\/sport\/otvoreno-evropsko-prvenstvo-u-sahu-za-mlade-u-budvi\/","name":"Otvoreno Evropsko prvenstvo u \u0161ahu za mlade u Budvi - dmcsrb.com","isPartOf":{"@id":"https:\/\/dmcsrb.com\/#website"},"primaryImageOfPage":{"@id":"https:\/\/dmcsrb.com\/sport\/otvoreno-evropsko-prvenstvo-u-sahu-za-mlade-u-budvi\/#primaryimage"},"image":{"@id":"https:\/\/dmcsrb.com\/sport\/otvoreno-evropsko-prvenstvo-u-sahu-za-mlade-u-budvi\/#primaryimage"},"thumbnailUrl":"https:\/\/dmcsrb.com\/wp-content\/uploads\/2026\/01\/Otvaranje-SSCG.webp","datePublished":"2025-10-28T21:28:23+00:00","author":{"@id":"https:\/\/dmcsrb.com\/#\/schema\/person\/5c39170f12db1b8b457732d0b5c854e2"},"breadcrumb":{"@id":"https:\/\/dmcsrb.com\/sport\/otvoreno-evropsko-prvenstvo-u-sahu-za-mlade-u-budvi\/#breadcrumb"},"inLanguage":"en-GB","potentialAction":[{"@type":"ReadAction","target":["https:\/\/dmcsrb.com\/sport\/otvoreno-evropsko-prvenstvo-u-sahu-za-mlade-u-budvi\/"]}]},{"@type":"ImageObject","inLanguage":"en-GB","@id":"https:\/\/dmcsrb.com\/sport\/otvoreno-evropsko-prvenstvo-u-sahu-za-mlade-u-budvi\/#primaryimage","url":"https:\/\/dmcsrb.com\/wp-content\/uploads\/2026\/01\/Otvaranje-SSCG.webp","contentUrl":"https:\/\/dmcsrb.com\/wp-content\/uploads\/2026\/01\/Otvaranje-SSCG.webp","width":1920,"height":1281},{"@type":"BreadcrumbList","@id":"https:\/\/dmcsrb.com\/sport\/otvoreno-evropsko-prvenstvo-u-sahu-za-mlade-u-budvi\/#breadcrumb","itemListElement":[{"@type":"ListItem","position":1,"name":"Home","item":"https:\/\/dmcsrb.com\/"},{"@type":"ListItem","position":2,"name":"Otvoreno Evropsko prvenstvo u \u0161ahu za mlade u Budvi"}]},{"@type":"WebSite","@id":"https:\/\/dmcsrb.com\/#website","url":"https:\/\/dmcsrb.com\/","name":"dmcsrb.com","description":"","potentialAction":[{"@type":"SearchAction","target":{"@type":"EntryPoint","urlTemplate":"https:\/\/dmcsrb.com\/?s={search_term_string}"},"query-input":{"@type":"PropertyValueSpecification","valueRequired":true,"valueName":"search_term_string"}}],"inLanguage":"en-GB"},{"@type":"Person","@id":"https:\/\/dmcsrb.com\/#\/schema\/person\/5c39170f12db1b8b457732d0b5c854e2","name":"dmcsrbija.com@gmail.com","image":{"@type":"ImageObject","inLanguage":"en-GB","@id":"https:\/\/secure.gravatar.com\/avatar\/68592660ad6347fad0fb587f8d5d8f1a7b44961362f56e4f2cd524feb87e9069?s=96&d=mm&r=g","url":"https:\/\/secure.gravatar.com\/avatar\/68592660ad6347fad0fb587f8d5d8f1a7b44961362f56e4f2cd524feb87e9069?s=96&d=mm&r=g","contentUrl":"https:\/\/secure.gravatar.com\/avatar\/68592660ad6347fad0fb587f8d5d8f1a7b44961362f56e4f2cd524feb87e9069?s=96&d=mm&r=g","caption":"dmcsrbija.com@gmail.com"},"sameAs":["https:\/\/dmcsrb.com"],"url":"https:\/\/dmcsrb.com\/en\/author\/dmcsrbija-comgmail-com\/"}]}},"_links":{"self":[{"href":"https:\/\/dmcsrb.com\/en\/wp-json\/wp\/v2\/posts\/960623","targetHints":{"allow":["GET"]}}],"collection":[{"href":"https:\/\/dmcsrb.com\/en\/wp-json\/wp\/v2\/posts"}],"about":[{"href":"https:\/\/dmcsrb.com\/en\/wp-json\/wp\/v2\/types\/post"}],"author":[{"embeddable":true,"href":"https:\/\/dmcsrb.com\/en\/wp-json\/wp\/v2\/users\/1"}],"replies":[{"embeddable":true,"href":"https:\/\/dmcsrb.com\/en\/wp-json\/wp\/v2\/comments?post=960623"}],"version-history":[{"count":0,"href":"https:\/\/dmcsrb.com\/en\/wp-json\/wp\/v2\/posts\/960623\/revisions"}],"wp:featuredmedia":[{"embeddable":true,"href":"https:\/\/dmcsrb.com\/en\/wp-json\/wp\/v2\/media\/960624"}],"wp:attachment":[{"href":"https:\/\/dmcsrb.com\/en\/wp-json\/wp\/v2\/media?parent=960623"}],"wp:term":[{"taxonomy":"category","embeddable":true,"href":"https:\/\/dmcsrb.com\/en\/wp-json\/wp\/v2\/categories?post=960623"},{"taxonomy":"post_tag","embeddable":true,"href":"https:\/\/dmcsrb.com\/en\/wp-json\/wp\/v2\/tags?post=960623"},{"taxonomy":"naslovna","embeddable":true,"href":"https:\/\/dmcsrb.com\/en\/wp-json\/wp\/v2\/naslovna?post=960623"}],"curies":[{"name":"wp","href":"https:\/\/api.w.org\/{rel}","templated":true}]}}