{"id":960503,"date":"2025-10-28T12:56:08","date_gmt":"2025-10-28T11:56:08","guid":{"rendered":"https:\/\/dmcsrb.com\/uncategorized\/bogdanovic-cestitao-dan-opstine-herceg-novi\/"},"modified":"2025-10-28T12:56:08","modified_gmt":"2025-10-28T11:56:08","slug":"bogdanovic-cestitao-dan-opstine-herceg-novi","status":"publish","type":"post","link":"https:\/\/dmcsrb.com\/en\/drustvo\/bogdanovic-cestitao-dan-opstine-herceg-novi\/","title":{"rendered":"Bogdanovi\u0107 \u010destitao Dan op\u0161tine Herceg Novi"},"content":{"rendered":"<p><\/p>\n\n\n\n<p>&#8220;S posebnim pijetetom se sje\u0107amo onih heroja koji su oslobodili Herceg Novi od okupatora i koji su svojom nepokolebljivom hrabro\u0161\u0107u ostavili duboko urezan trag u istoriji na\u0161e zemlje.<br>Njihova \u017ertva je putokaz budu\u0107im pokoljenjima kako treba braniti, \u010duvati svoju zemlju i graditi bolju budu\u0107nost za sve.<\/p>\n\n\n\n<p>Herceg Novi sa svojim prirodnim ljepotama, kulturnim naslje\u0111em i bogatom istorijom je pravi dragulj i ponos Crne Gore koji je bio inspiracija mnogim umjetnicima.<\/p>\n\n\n\n<p>Novim investicijama i valorizacijom prirodnih resursa Herceg Novi \u0107e obezbijediti prosperitetniju budu\u0107nost za naredne nara\u0161taje.<\/p>\n\n\n\n<p>Revitalizacija tvr\u0111ave \u0160panjola dodatno \u0107e obogatiti turisti\u010dku ponudu Herceg Novog i doprinijeti ekonomskom razvoju.<\/p>\n\n\n\n<p>Uvjeren sam da \u0107e lokalna uprava, na \u010delu sa gospodinom Kati\u0107em, nastaviti da u saradnji sa Vladom Crne Gore doprinosi razvoju zajednice, unapre\u0111enju kvaliteta \u017eivota i pozicioniranju Herceg Novog kao svjetske destinacije koja inspiri\u0161e i napreduje.<\/p>\n\n\n\n<p>Stoga, neka Dan oslobo\u0111enja i Dan op\u0161tine budu podsjetnik na sve ono \u0161to je postignuto, ali i podstrek da nastavimo jo\u0161 ja\u010de putem razvoja i o\u010duvanja vrijednosti koje nas defini\u0161u&#8221;, navodi se u saop\u0161tenju.<\/p>","protected":false},"excerpt":{"rendered":"<p>Predsjednik poslani\u010dkog kluba Demokrata u Skup\u0161tini Crne Gore, Boris Bogdanovi\u0107 uputio je u ime Kluba poslanika i u svoje li\u010dno ime, predsjedniku op\u0161tine Stevanu Kati\u0107u, predsjedniku Skup\u0161tine op\u0161tine Milo\u0161u Konjevi\u0107u, kao i svim gra\u0111ankama i gra\u0111anima Herceg Novog, srda\u010dne \u010destitke povodom Dana oslobo\u0111enja i Dana op\u0161tine.<\/p>","protected":false},"author":1,"featured_media":958502,"comment_status":"open","ping_status":"open","sticky":false,"template":"","format":"standard","meta":{"_acf_changed":false,"footnotes":""},"categories":[2],"tags":[7887,48],"naslovna":[],"class_list":["post-960503","post","type-post","status-publish","format-standard","has-post-thumbnail","hentry","category-drustvo","tag-bogdanovic","tag-herceg-novi"],"acf":[],"yoast_head":"<!-- This site is optimized with the Yoast SEO plugin v27.0 - https:\/\/yoast.com\/product\/yoast-seo-wordpress\/ -->\n<title>Bogdanovi\u0107 \u010destitao Dan op\u0161tine Herceg Novi - dmcsrb.com<\/title>\n<meta name=\"robots\" content=\"index, follow, max-snippet:-1, max-image-preview:large, max-video-preview:-1\" \/>\n<link rel=\"canonical\" href=\"https:\/\/dmcsrb.com\/en\/drustvo\/bogdanovic-cestitao-dan-opstine-herceg-novi\/\" \/>\n<meta property=\"og:locale\" content=\"en_GB\" \/>\n<meta property=\"og:type\" content=\"article\" \/>\n<meta property=\"og:title\" content=\"Bogdanovi\u0107 \u010destitao Dan op\u0161tine Herceg Novi - dmcsrb.com\" \/>\n<meta property=\"og:description\" content=\"Predsjednik poslani\u010dkog kluba Demokrata u Skup\u0161tini Crne Gore, Boris Bogdanovi\u0107 uputio je u ime Kluba poslanika i u svoje li\u010dno ime, predsjedniku op\u0161tine Stevanu Kati\u0107u, predsjedniku Skup\u0161tine op\u0161tine Milo\u0161u Konjevi\u0107u, kao i svim gra\u0111ankama i gra\u0111anima Herceg Novog, srda\u010dne \u010destitke povodom Dana oslobo\u0111enja i Dana op\u0161tine.\" \/>\n<meta property=\"og:url\" content=\"https:\/\/dmcsrb.com\/en\/drustvo\/bogdanovic-cestitao-dan-opstine-herceg-novi\/\" \/>\n<meta property=\"og:site_name\" content=\"dmcsrb.com\" \/>\n<meta property=\"article:published_time\" content=\"2025-10-28T11:56:08+00:00\" \/>\n<meta property=\"og:image\" content=\"https:\/\/dmcsrb.com\/wp-content\/uploads\/2026\/01\/Boris-Bogdanovic-foto-skupstina-me.webp\" \/>\n\t<meta property=\"og:image:width\" content=\"1172\" \/>\n\t<meta property=\"og:image:height\" content=\"791\" \/>\n\t<meta property=\"og:image:type\" content=\"image\/jpeg\" \/>\n<meta name=\"author\" content=\"dmcsrbija.com@gmail.com\" \/>\n<meta name=\"twitter:card\" content=\"summary_large_image\" \/>\n<meta name=\"twitter:label1\" content=\"Written by\" \/>\n\t<meta name=\"twitter:data1\" content=\"dmcsrbija.com@gmail.com\" \/>\n\t<meta name=\"twitter:label2\" content=\"Estimated reading time\" \/>\n\t<meta name=\"twitter:data2\" content=\"1 minute\" \/>\n<script type=\"application\/ld+json\" class=\"yoast-schema-graph\">{\"@context\":\"https:\/\/schema.org\",\"@graph\":[{\"@type\":\"Article\",\"@id\":\"https:\/\/dmcsrb.com\/drustvo\/bogdanovic-cestitao-dan-opstine-herceg-novi\/#article\",\"isPartOf\":{\"@id\":\"https:\/\/dmcsrb.com\/drustvo\/bogdanovic-cestitao-dan-opstine-herceg-novi\/\"},\"author\":{\"name\":\"dmcsrbija.com@gmail.com\",\"@id\":\"https:\/\/dmcsrb.com\/#\/schema\/person\/5c39170f12db1b8b457732d0b5c854e2\"},\"headline\":\"Bogdanovi\u0107 \u010destitao Dan op\u0161tine Herceg Novi\",\"datePublished\":\"2025-10-28T11:56:08+00:00\",\"mainEntityOfPage\":{\"@id\":\"https:\/\/dmcsrb.com\/drustvo\/bogdanovic-cestitao-dan-opstine-herceg-novi\/\"},\"wordCount\":195,\"commentCount\":0,\"image\":{\"@id\":\"https:\/\/dmcsrb.com\/drustvo\/bogdanovic-cestitao-dan-opstine-herceg-novi\/#primaryimage\"},\"thumbnailUrl\":\"https:\/\/dmcsrb.com\/wp-content\/uploads\/2026\/01\/Boris-Bogdanovic-foto-skupstina-me.webp\",\"keywords\":[\"bogdanovi\u0107\",\"Herceg Novi\"],\"articleSection\":[\"Dru\u0161tvo\"],\"inLanguage\":\"en-GB\",\"potentialAction\":[{\"@type\":\"CommentAction\",\"name\":\"Comment\",\"target\":[\"https:\/\/dmcsrb.com\/drustvo\/bogdanovic-cestitao-dan-opstine-herceg-novi\/#respond\"]}]},{\"@type\":\"WebPage\",\"@id\":\"https:\/\/dmcsrb.com\/drustvo\/bogdanovic-cestitao-dan-opstine-herceg-novi\/\",\"url\":\"https:\/\/dmcsrb.com\/drustvo\/bogdanovic-cestitao-dan-opstine-herceg-novi\/\",\"name\":\"Bogdanovi\u0107 \u010destitao Dan op\u0161tine Herceg Novi - dmcsrb.com\",\"isPartOf\":{\"@id\":\"https:\/\/dmcsrb.com\/#website\"},\"primaryImageOfPage\":{\"@id\":\"https:\/\/dmcsrb.com\/drustvo\/bogdanovic-cestitao-dan-opstine-herceg-novi\/#primaryimage\"},\"image\":{\"@id\":\"https:\/\/dmcsrb.com\/drustvo\/bogdanovic-cestitao-dan-opstine-herceg-novi\/#primaryimage\"},\"thumbnailUrl\":\"https:\/\/dmcsrb.com\/wp-content\/uploads\/2026\/01\/Boris-Bogdanovic-foto-skupstina-me.webp\",\"datePublished\":\"2025-10-28T11:56:08+00:00\",\"author\":{\"@id\":\"https:\/\/dmcsrb.com\/#\/schema\/person\/5c39170f12db1b8b457732d0b5c854e2\"},\"breadcrumb\":{\"@id\":\"https:\/\/dmcsrb.com\/drustvo\/bogdanovic-cestitao-dan-opstine-herceg-novi\/#breadcrumb\"},\"inLanguage\":\"en-GB\",\"potentialAction\":[{\"@type\":\"ReadAction\",\"target\":[\"https:\/\/dmcsrb.com\/drustvo\/bogdanovic-cestitao-dan-opstine-herceg-novi\/\"]}]},{\"@type\":\"ImageObject\",\"inLanguage\":\"en-GB\",\"@id\":\"https:\/\/dmcsrb.com\/drustvo\/bogdanovic-cestitao-dan-opstine-herceg-novi\/#primaryimage\",\"url\":\"https:\/\/dmcsrb.com\/wp-content\/uploads\/2026\/01\/Boris-Bogdanovic-foto-skupstina-me.webp\",\"contentUrl\":\"https:\/\/dmcsrb.com\/wp-content\/uploads\/2026\/01\/Boris-Bogdanovic-foto-skupstina-me.webp\",\"width\":1172,\"height\":791},{\"@type\":\"BreadcrumbList\",\"@id\":\"https:\/\/dmcsrb.com\/drustvo\/bogdanovic-cestitao-dan-opstine-herceg-novi\/#breadcrumb\",\"itemListElement\":[{\"@type\":\"ListItem\",\"position\":1,\"name\":\"Home\",\"item\":\"https:\/\/dmcsrb.com\/\"},{\"@type\":\"ListItem\",\"position\":2,\"name\":\"Bogdanovi\u0107 \u010destitao Dan op\u0161tine Herceg Novi\"}]},{\"@type\":\"WebSite\",\"@id\":\"https:\/\/dmcsrb.com\/#website\",\"url\":\"https:\/\/dmcsrb.com\/\",\"name\":\"dmcsrb.com\",\"description\":\"\",\"potentialAction\":[{\"@type\":\"SearchAction\",\"target\":{\"@type\":\"EntryPoint\",\"urlTemplate\":\"https:\/\/dmcsrb.com\/?s={search_term_string}\"},\"query-input\":{\"@type\":\"PropertyValueSpecification\",\"valueRequired\":true,\"valueName\":\"search_term_string\"}}],\"inLanguage\":\"en-GB\"},{\"@type\":\"Person\",\"@id\":\"https:\/\/dmcsrb.com\/#\/schema\/person\/5c39170f12db1b8b457732d0b5c854e2\",\"name\":\"dmcsrbija.com@gmail.com\",\"image\":{\"@type\":\"ImageObject\",\"inLanguage\":\"en-GB\",\"@id\":\"https:\/\/dmcsrb.com\/#\/schema\/person\/image\/\",\"url\":\"https:\/\/secure.gravatar.com\/avatar\/68592660ad6347fad0fb587f8d5d8f1a7b44961362f56e4f2cd524feb87e9069?s=96&d=mm&r=g\",\"contentUrl\":\"https:\/\/secure.gravatar.com\/avatar\/68592660ad6347fad0fb587f8d5d8f1a7b44961362f56e4f2cd524feb87e9069?s=96&d=mm&r=g\",\"caption\":\"dmcsrbija.com@gmail.com\"},\"sameAs\":[\"https:\/\/dmcsrb.com\"],\"url\":\"https:\/\/dmcsrb.com\/en\/author\/dmcsrbija-comgmail-com\/\"}]}<\/script>\n<!-- \/ Yoast SEO plugin. -->","yoast_head_json":{"title":"Bogdanovi\u0107 \u010destitao Dan op\u0161tine Herceg Novi - dmcsrb.com","robots":{"index":"index","follow":"follow","max-snippet":"max-snippet:-1","max-image-preview":"max-image-preview:large","max-video-preview":"max-video-preview:-1"},"canonical":"https:\/\/dmcsrb.com\/en\/drustvo\/bogdanovic-cestitao-dan-opstine-herceg-novi\/","og_locale":"en_GB","og_type":"article","og_title":"Bogdanovi\u0107 \u010destitao Dan op\u0161tine Herceg Novi - dmcsrb.com","og_description":"Predsjednik poslani\u010dkog kluba Demokrata u Skup\u0161tini Crne Gore, Boris Bogdanovi\u0107 uputio je u ime Kluba poslanika i u svoje li\u010dno ime, predsjedniku op\u0161tine Stevanu Kati\u0107u, predsjedniku Skup\u0161tine op\u0161tine Milo\u0161u Konjevi\u0107u, kao i svim gra\u0111ankama i gra\u0111anima Herceg Novog, srda\u010dne \u010destitke povodom Dana oslobo\u0111enja i Dana op\u0161tine.","og_url":"https:\/\/dmcsrb.com\/en\/drustvo\/bogdanovic-cestitao-dan-opstine-herceg-novi\/","og_site_name":"dmcsrb.com","article_published_time":"2025-10-28T11:56:08+00:00","og_image":[{"width":1172,"height":791,"url":"https:\/\/dmcsrb.com\/wp-content\/uploads\/2026\/01\/Boris-Bogdanovic-foto-skupstina-me.webp","type":"image\/jpeg"}],"author":"dmcsrbija.com@gmail.com","twitter_card":"summary_large_image","twitter_misc":{"Written by":"dmcsrbija.com@gmail.com","Estimated reading time":"1 minute"},"schema":{"@context":"https:\/\/schema.org","@graph":[{"@type":"Article","@id":"https:\/\/dmcsrb.com\/drustvo\/bogdanovic-cestitao-dan-opstine-herceg-novi\/#article","isPartOf":{"@id":"https:\/\/dmcsrb.com\/drustvo\/bogdanovic-cestitao-dan-opstine-herceg-novi\/"},"author":{"name":"dmcsrbija.com@gmail.com","@id":"https:\/\/dmcsrb.com\/#\/schema\/person\/5c39170f12db1b8b457732d0b5c854e2"},"headline":"Bogdanovi\u0107 \u010destitao Dan op\u0161tine Herceg Novi","datePublished":"2025-10-28T11:56:08+00:00","mainEntityOfPage":{"@id":"https:\/\/dmcsrb.com\/drustvo\/bogdanovic-cestitao-dan-opstine-herceg-novi\/"},"wordCount":195,"commentCount":0,"image":{"@id":"https:\/\/dmcsrb.com\/drustvo\/bogdanovic-cestitao-dan-opstine-herceg-novi\/#primaryimage"},"thumbnailUrl":"https:\/\/dmcsrb.com\/wp-content\/uploads\/2026\/01\/Boris-Bogdanovic-foto-skupstina-me.webp","keywords":["bogdanovi\u0107","Herceg Novi"],"articleSection":["Dru\u0161tvo"],"inLanguage":"en-GB","potentialAction":[{"@type":"CommentAction","name":"Comment","target":["https:\/\/dmcsrb.com\/drustvo\/bogdanovic-cestitao-dan-opstine-herceg-novi\/#respond"]}]},{"@type":"WebPage","@id":"https:\/\/dmcsrb.com\/drustvo\/bogdanovic-cestitao-dan-opstine-herceg-novi\/","url":"https:\/\/dmcsrb.com\/drustvo\/bogdanovic-cestitao-dan-opstine-herceg-novi\/","name":"Bogdanovi\u0107 \u010destitao Dan op\u0161tine Herceg Novi - dmcsrb.com","isPartOf":{"@id":"https:\/\/dmcsrb.com\/#website"},"primaryImageOfPage":{"@id":"https:\/\/dmcsrb.com\/drustvo\/bogdanovic-cestitao-dan-opstine-herceg-novi\/#primaryimage"},"image":{"@id":"https:\/\/dmcsrb.com\/drustvo\/bogdanovic-cestitao-dan-opstine-herceg-novi\/#primaryimage"},"thumbnailUrl":"https:\/\/dmcsrb.com\/wp-content\/uploads\/2026\/01\/Boris-Bogdanovic-foto-skupstina-me.webp","datePublished":"2025-10-28T11:56:08+00:00","author":{"@id":"https:\/\/dmcsrb.com\/#\/schema\/person\/5c39170f12db1b8b457732d0b5c854e2"},"breadcrumb":{"@id":"https:\/\/dmcsrb.com\/drustvo\/bogdanovic-cestitao-dan-opstine-herceg-novi\/#breadcrumb"},"inLanguage":"en-GB","potentialAction":[{"@type":"ReadAction","target":["https:\/\/dmcsrb.com\/drustvo\/bogdanovic-cestitao-dan-opstine-herceg-novi\/"]}]},{"@type":"ImageObject","inLanguage":"en-GB","@id":"https:\/\/dmcsrb.com\/drustvo\/bogdanovic-cestitao-dan-opstine-herceg-novi\/#primaryimage","url":"https:\/\/dmcsrb.com\/wp-content\/uploads\/2026\/01\/Boris-Bogdanovic-foto-skupstina-me.webp","contentUrl":"https:\/\/dmcsrb.com\/wp-content\/uploads\/2026\/01\/Boris-Bogdanovic-foto-skupstina-me.webp","width":1172,"height":791},{"@type":"BreadcrumbList","@id":"https:\/\/dmcsrb.com\/drustvo\/bogdanovic-cestitao-dan-opstine-herceg-novi\/#breadcrumb","itemListElement":[{"@type":"ListItem","position":1,"name":"Home","item":"https:\/\/dmcsrb.com\/"},{"@type":"ListItem","position":2,"name":"Bogdanovi\u0107 \u010destitao Dan op\u0161tine Herceg Novi"}]},{"@type":"WebSite","@id":"https:\/\/dmcsrb.com\/#website","url":"https:\/\/dmcsrb.com\/","name":"dmcsrb.com","description":"","potentialAction":[{"@type":"SearchAction","target":{"@type":"EntryPoint","urlTemplate":"https:\/\/dmcsrb.com\/?s={search_term_string}"},"query-input":{"@type":"PropertyValueSpecification","valueRequired":true,"valueName":"search_term_string"}}],"inLanguage":"en-GB"},{"@type":"Person","@id":"https:\/\/dmcsrb.com\/#\/schema\/person\/5c39170f12db1b8b457732d0b5c854e2","name":"dmcsrbija.com@gmail.com","image":{"@type":"ImageObject","inLanguage":"en-GB","@id":"https:\/\/dmcsrb.com\/#\/schema\/person\/image\/","url":"https:\/\/secure.gravatar.com\/avatar\/68592660ad6347fad0fb587f8d5d8f1a7b44961362f56e4f2cd524feb87e9069?s=96&d=mm&r=g","contentUrl":"https:\/\/secure.gravatar.com\/avatar\/68592660ad6347fad0fb587f8d5d8f1a7b44961362f56e4f2cd524feb87e9069?s=96&d=mm&r=g","caption":"dmcsrbija.com@gmail.com"},"sameAs":["https:\/\/dmcsrb.com"],"url":"https:\/\/dmcsrb.com\/en\/author\/dmcsrbija-comgmail-com\/"}]}},"_links":{"self":[{"href":"https:\/\/dmcsrb.com\/en\/wp-json\/wp\/v2\/posts\/960503","targetHints":{"allow":["GET"]}}],"collection":[{"href":"https:\/\/dmcsrb.com\/en\/wp-json\/wp\/v2\/posts"}],"about":[{"href":"https:\/\/dmcsrb.com\/en\/wp-json\/wp\/v2\/types\/post"}],"author":[{"embeddable":true,"href":"https:\/\/dmcsrb.com\/en\/wp-json\/wp\/v2\/users\/1"}],"replies":[{"embeddable":true,"href":"https:\/\/dmcsrb.com\/en\/wp-json\/wp\/v2\/comments?post=960503"}],"version-history":[{"count":0,"href":"https:\/\/dmcsrb.com\/en\/wp-json\/wp\/v2\/posts\/960503\/revisions"}],"wp:featuredmedia":[{"embeddable":true,"href":"https:\/\/dmcsrb.com\/en\/wp-json\/wp\/v2\/media\/958502"}],"wp:attachment":[{"href":"https:\/\/dmcsrb.com\/en\/wp-json\/wp\/v2\/media?parent=960503"}],"wp:term":[{"taxonomy":"category","embeddable":true,"href":"https:\/\/dmcsrb.com\/en\/wp-json\/wp\/v2\/categories?post=960503"},{"taxonomy":"post_tag","embeddable":true,"href":"https:\/\/dmcsrb.com\/en\/wp-json\/wp\/v2\/tags?post=960503"},{"taxonomy":"naslovna","embeddable":true,"href":"https:\/\/dmcsrb.com\/en\/wp-json\/wp\/v2\/naslovna?post=960503"}],"curies":[{"name":"wp","href":"https:\/\/api.w.org\/{rel}","templated":true}]}}