{"id":960496,"date":"2025-10-28T12:51:00","date_gmt":"2025-10-28T11:51:00","guid":{"rendered":"https:\/\/dmcsrb.com\/uncategorized\/demokrate-dusku-markovicu-jasno-je-kojim-strukturama-u-crnoj-gori-danas-odgovara-destabilizacija\/"},"modified":"2025-10-28T12:51:00","modified_gmt":"2025-10-28T11:51:00","slug":"demokrate-dusku-markovicu-jasno-je-kojim-strukturama-u-crnoj-gori-danas-odgovara-destabilizacija","status":"publish","type":"post","link":"https:\/\/dmcsrb.com\/en\/politika\/demokrate-dusku-markovicu-jasno-je-kojim-strukturama-u-crnoj-gori-danas-odgovara-destabilizacija\/","title":{"rendered":"Demokrate Du\u0161ku Markovi\u0107u: Jasno je kojim strukturama u Crnoj Gori danas odgovara destabilizacija"},"content":{"rendered":"<p><br><\/p>\n\n\n\n<p><\/p>\n\n\n\n<p>\u201c\u010covjek koji je stvarao slu\u017ebu i decenijama komandovao bezbjednosnim aparatom \u010diji djelovi su, kako vidimo prema objavljenim zvani\u010dnim prepiskama, otvoreno sara\u0111ivali sa kriminalnim strukturama i re\u017eirali opasne me\u0111unacionalne provokacije. Crtanje grafita ,,Bje\u017eite, Turci\u2026 4S\u201c, \u0161irom Crne Gore, sve sa ciljem da se podignu tenzije i kroz haos i sukobe sa\u010duva vlast, organizovao je upravo bezbjednjak kojeg je stvorio Markovi\u0107ev sistem. I sve destabilizacije stvarane su pod politi\u010dkim ki\u0161obranom Markovi\u0107eve vlasti. Zato Markovi\u0107 dobro zna da i ovo \u0161to se danas de\u0161ava, nije slu\u010dajno i da ima dobro poznati pe\u010dat\u201d, navodi se u saop\u0161tenju Demokrata.<\/p>\n\n\n\n<p>Prema njihovim rije\u010dima, jasno je kojim strukturama u Crnoj Gori danas odgovara destabilizacija.<\/p>\n\n\n\n<p>\u201cJasno je ko \u017eeli da unese nemir, strah i nesigurnost. I jo\u0161 ne\u0161to, pionir dana\u0161nje \u201cvizne\u201d politike bio je upravo Du\u0161ko Markovi\u0107 i njegova Vlada. \u010cinjenica da je njegova Vlada 2019. godine ugostila ni manje ni vi\u0161e nego turskog narko-bosa Sedata Pekera i predstavila ga kao investitora govori o jo\u0161 jednoj \u201cstabilnosti\u201d koju su nam oni tada garantovali. I naravno, kada se danas poziva na \u201cslab autoritet institucija\u201d, dobro je podsjetiti da je upravo Markovi\u0107 godinama gradio sistem u kojem je bezbjednost slu\u017eila kriminalnim \u2013 biznis strukturama, a institucije bile taoci partijskih interesa. To je onaj isti Markovi\u0107 koji je 2016. poru\u010divao da bi \u201csmjene i ostavke zna\u010dile da je sistem slab\u201d. Pa ako je tako, onda njegov dana\u0161nji narativ o \u201crasulu\u201d govori samo jednu istinu, rasulo je nastalo onda kada je on bio na \u010delu tog istog sistema\u201d, dodaju Demokrate.<\/p>\n\n\n\n<p>Danas, kada dr\u017eava, kako ka\u017eu, kona\u010dno poku\u0161ava da uspostavi red, profesionalizuje institucije i razbije simbiozu kriminala i politike, upravo oni koji su taj mehanizam decenijama \u0161titili, poku\u0161avaju da kreiraju paniku i da se vrate na scenu kroz izazivanje haosa.<\/p>\n\n\n\n<p>\u201cRecept im je uvijek isti: prvo se kroz paralelne kanale podi\u017eu tenzije, zatim se poku\u0161ava predstaviti da \u201cdr\u017eava nema kontrolu\u201d, a onda se iz sjene nudi \u201cspasonosno iskustvo\u201d onih koji su nas u krize i uveli\u201d, navodi se u saop\u0161tenju Demokrata.<\/p>\n\n\n\n<p>Ali, kako isti\u010du, Crna Gora danas zna bolje.<\/p>\n\n\n\n<p>\u201cZna ko je kreirao bezbjednosne afere, ko je uveo kriminalce u institucije, ko je dozvolio da se nacionalne podjele koriste kao oru\u017eje, i ko sada, iz politi\u010dkih skrovi\u0161ta, poku\u0161ava da ponovi iste metode. Zato poru\u010dujemo da je dosta licemjerja. Dosta je la\u017enih moralnih lekcija od ljudi koji su odavno izgubili kredibilitet da govore o stabilnosti, autoritetu ili dr\u017eavnosti\u201d, poru\u010duju Demokrate.<\/p>\n\n\n\n<p>Crna Gora, navode, vi\u0161e nikada ne\u0107e biti talac starih \u0161ema ni starih kadrova koji su navikli da institucije slu\u017ee njima, a ne dr\u017eavi.<\/p>\n\n\n\n<p>\u201cDa slu\u017ee iz Ni\u010dije ku\u0107e, Master kvarta ili Grahova. Institucije \u0107e danas raditi svoj posao, a gra\u0111ani \u0107e vrlo jasno prepoznati ko poku\u0161ava da ih vrati u pro\u0161lost i za\u0161to\u201d, zaklju\u010dili su u saop\u0161tenju.<\/p>","protected":false},"excerpt":{"rendered":"<p>Jasno je ko danas poku\u0161ava da destabilizuje Crnu Goru, a upravo o tome bi mogao ne\u0161to vi\u0161e da nam ka\u017ee Du\u0161ko Markovi\u0107, saop\u0161tile su Demokrate, reaguju\u0107i na dana\u0161nje saop\u0161tenje Stranke evropskog progresa (SEP), na \u010dijem je \u010delu Markovi\u0107.<\/p>","protected":false},"author":1,"featured_media":915196,"comment_status":"open","ping_status":"open","sticky":false,"template":"","format":"standard","meta":{"_acf_changed":false,"footnotes":""},"categories":[12],"tags":[1355,8860],"naslovna":[],"class_list":["post-960496","post","type-post","status-publish","format-standard","has-post-thumbnail","hentry","category-politika","tag-demokrate","tag-dusko-markovic"],"acf":[],"yoast_head":"<!-- This site is optimized with the Yoast SEO plugin v27.4 - https:\/\/yoast.com\/product\/yoast-seo-wordpress\/ -->\n<title>Demokrate Du\u0161ku Markovi\u0107u: Jasno je kojim strukturama u Crnoj Gori danas odgovara destabilizacija - dmcsrb.com<\/title>\n<meta name=\"robots\" content=\"index, follow, max-snippet:-1, max-image-preview:large, max-video-preview:-1\" \/>\n<link rel=\"canonical\" href=\"https:\/\/dmcsrb.com\/en\/politika\/demokrate-dusku-markovicu-jasno-je-kojim-strukturama-u-crnoj-gori-danas-odgovara-destabilizacija\/\" \/>\n<meta property=\"og:locale\" content=\"en_GB\" \/>\n<meta property=\"og:type\" content=\"article\" \/>\n<meta property=\"og:title\" content=\"Demokrate Du\u0161ku Markovi\u0107u: Jasno je kojim strukturama u Crnoj Gori danas odgovara destabilizacija - dmcsrb.com\" \/>\n<meta property=\"og:description\" content=\"Jasno je ko danas poku\u0161ava da destabilizuje Crnu Goru, a upravo o tome bi mogao ne\u0161to vi\u0161e da nam ka\u017ee Du\u0161ko Markovi\u0107, saop\u0161tile su Demokrate, reaguju\u0107i na dana\u0161nje saop\u0161tenje Stranke evropskog progresa (SEP), na \u010dijem je \u010delu Markovi\u0107.\" \/>\n<meta property=\"og:url\" content=\"https:\/\/dmcsrb.com\/en\/politika\/demokrate-dusku-markovicu-jasno-je-kojim-strukturama-u-crnoj-gori-danas-odgovara-destabilizacija\/\" \/>\n<meta property=\"og:site_name\" content=\"dmcsrb.com\" \/>\n<meta property=\"article:published_time\" content=\"2025-10-28T11:51:00+00:00\" \/>\n<meta property=\"og:image\" content=\"https:\/\/dmcsrb.com\/wp-content\/uploads\/2026\/01\/demokrate-logo-5.jpg\" \/>\n\t<meta property=\"og:image:width\" content=\"1260\" \/>\n\t<meta property=\"og:image:height\" content=\"1023\" \/>\n\t<meta property=\"og:image:type\" content=\"image\/jpeg\" \/>\n<meta name=\"author\" content=\"dmcsrbija.com@gmail.com\" \/>\n<meta name=\"twitter:card\" content=\"summary_large_image\" \/>\n<meta name=\"twitter:label1\" content=\"Written by\" \/>\n\t<meta name=\"twitter:data1\" content=\"dmcsrbija.com@gmail.com\" \/>\n\t<meta name=\"twitter:label2\" content=\"Estimated reading time\" \/>\n\t<meta name=\"twitter:data2\" content=\"3 minutes\" \/>\n<script type=\"application\/ld+json\" class=\"yoast-schema-graph\">{\"@context\":\"https:\\\/\\\/schema.org\",\"@graph\":[{\"@type\":\"Article\",\"@id\":\"https:\\\/\\\/dmcsrb.com\\\/politika\\\/demokrate-dusku-markovicu-jasno-je-kojim-strukturama-u-crnoj-gori-danas-odgovara-destabilizacija\\\/#article\",\"isPartOf\":{\"@id\":\"https:\\\/\\\/dmcsrb.com\\\/politika\\\/demokrate-dusku-markovicu-jasno-je-kojim-strukturama-u-crnoj-gori-danas-odgovara-destabilizacija\\\/\"},\"author\":{\"name\":\"dmcsrbija.com@gmail.com\",\"@id\":\"https:\\\/\\\/dmcsrb.com\\\/#\\\/schema\\\/person\\\/5c39170f12db1b8b457732d0b5c854e2\"},\"headline\":\"Demokrate Du\u0161ku Markovi\u0107u: Jasno je kojim strukturama u Crnoj Gori danas odgovara destabilizacija\",\"datePublished\":\"2025-10-28T11:51:00+00:00\",\"mainEntityOfPage\":{\"@id\":\"https:\\\/\\\/dmcsrb.com\\\/politika\\\/demokrate-dusku-markovicu-jasno-je-kojim-strukturama-u-crnoj-gori-danas-odgovara-destabilizacija\\\/\"},\"wordCount\":520,\"commentCount\":0,\"image\":{\"@id\":\"https:\\\/\\\/dmcsrb.com\\\/politika\\\/demokrate-dusku-markovicu-jasno-je-kojim-strukturama-u-crnoj-gori-danas-odgovara-destabilizacija\\\/#primaryimage\"},\"thumbnailUrl\":\"https:\\\/\\\/dmcsrb.com\\\/wp-content\\\/uploads\\\/2026\\\/01\\\/demokrate-logo-5.jpg\",\"keywords\":[\"Demokrate\",\"Du\u0161ko Markovi\u0107\"],\"articleSection\":[\"Politika\"],\"inLanguage\":\"en-GB\",\"potentialAction\":[{\"@type\":\"CommentAction\",\"name\":\"Comment\",\"target\":[\"https:\\\/\\\/dmcsrb.com\\\/politika\\\/demokrate-dusku-markovicu-jasno-je-kojim-strukturama-u-crnoj-gori-danas-odgovara-destabilizacija\\\/#respond\"]}]},{\"@type\":\"WebPage\",\"@id\":\"https:\\\/\\\/dmcsrb.com\\\/politika\\\/demokrate-dusku-markovicu-jasno-je-kojim-strukturama-u-crnoj-gori-danas-odgovara-destabilizacija\\\/\",\"url\":\"https:\\\/\\\/dmcsrb.com\\\/politika\\\/demokrate-dusku-markovicu-jasno-je-kojim-strukturama-u-crnoj-gori-danas-odgovara-destabilizacija\\\/\",\"name\":\"Demokrate Du\u0161ku Markovi\u0107u: Jasno je kojim strukturama u Crnoj Gori danas odgovara destabilizacija - dmcsrb.com\",\"isPartOf\":{\"@id\":\"https:\\\/\\\/dmcsrb.com\\\/#website\"},\"primaryImageOfPage\":{\"@id\":\"https:\\\/\\\/dmcsrb.com\\\/politika\\\/demokrate-dusku-markovicu-jasno-je-kojim-strukturama-u-crnoj-gori-danas-odgovara-destabilizacija\\\/#primaryimage\"},\"image\":{\"@id\":\"https:\\\/\\\/dmcsrb.com\\\/politika\\\/demokrate-dusku-markovicu-jasno-je-kojim-strukturama-u-crnoj-gori-danas-odgovara-destabilizacija\\\/#primaryimage\"},\"thumbnailUrl\":\"https:\\\/\\\/dmcsrb.com\\\/wp-content\\\/uploads\\\/2026\\\/01\\\/demokrate-logo-5.jpg\",\"datePublished\":\"2025-10-28T11:51:00+00:00\",\"author\":{\"@id\":\"https:\\\/\\\/dmcsrb.com\\\/#\\\/schema\\\/person\\\/5c39170f12db1b8b457732d0b5c854e2\"},\"breadcrumb\":{\"@id\":\"https:\\\/\\\/dmcsrb.com\\\/politika\\\/demokrate-dusku-markovicu-jasno-je-kojim-strukturama-u-crnoj-gori-danas-odgovara-destabilizacija\\\/#breadcrumb\"},\"inLanguage\":\"en-GB\",\"potentialAction\":[{\"@type\":\"ReadAction\",\"target\":[\"https:\\\/\\\/dmcsrb.com\\\/politika\\\/demokrate-dusku-markovicu-jasno-je-kojim-strukturama-u-crnoj-gori-danas-odgovara-destabilizacija\\\/\"]}]},{\"@type\":\"ImageObject\",\"inLanguage\":\"en-GB\",\"@id\":\"https:\\\/\\\/dmcsrb.com\\\/politika\\\/demokrate-dusku-markovicu-jasno-je-kojim-strukturama-u-crnoj-gori-danas-odgovara-destabilizacija\\\/#primaryimage\",\"url\":\"https:\\\/\\\/dmcsrb.com\\\/wp-content\\\/uploads\\\/2026\\\/01\\\/demokrate-logo-5.jpg\",\"contentUrl\":\"https:\\\/\\\/dmcsrb.com\\\/wp-content\\\/uploads\\\/2026\\\/01\\\/demokrate-logo-5.jpg\",\"width\":1260,\"height\":1023},{\"@type\":\"BreadcrumbList\",\"@id\":\"https:\\\/\\\/dmcsrb.com\\\/politika\\\/demokrate-dusku-markovicu-jasno-je-kojim-strukturama-u-crnoj-gori-danas-odgovara-destabilizacija\\\/#breadcrumb\",\"itemListElement\":[{\"@type\":\"ListItem\",\"position\":1,\"name\":\"Home\",\"item\":\"https:\\\/\\\/dmcsrb.com\\\/\"},{\"@type\":\"ListItem\",\"position\":2,\"name\":\"Demokrate Du\u0161ku Markovi\u0107u: Jasno je kojim strukturama u Crnoj Gori danas odgovara destabilizacija\"}]},{\"@type\":\"WebSite\",\"@id\":\"https:\\\/\\\/dmcsrb.com\\\/#website\",\"url\":\"https:\\\/\\\/dmcsrb.com\\\/\",\"name\":\"dmcsrb.com\",\"description\":\"\",\"potentialAction\":[{\"@type\":\"SearchAction\",\"target\":{\"@type\":\"EntryPoint\",\"urlTemplate\":\"https:\\\/\\\/dmcsrb.com\\\/?s={search_term_string}\"},\"query-input\":{\"@type\":\"PropertyValueSpecification\",\"valueRequired\":true,\"valueName\":\"search_term_string\"}}],\"inLanguage\":\"en-GB\"},{\"@type\":\"Person\",\"@id\":\"https:\\\/\\\/dmcsrb.com\\\/#\\\/schema\\\/person\\\/5c39170f12db1b8b457732d0b5c854e2\",\"name\":\"dmcsrbija.com@gmail.com\",\"image\":{\"@type\":\"ImageObject\",\"inLanguage\":\"en-GB\",\"@id\":\"https:\\\/\\\/secure.gravatar.com\\\/avatar\\\/68592660ad6347fad0fb587f8d5d8f1a7b44961362f56e4f2cd524feb87e9069?s=96&d=mm&r=g\",\"url\":\"https:\\\/\\\/secure.gravatar.com\\\/avatar\\\/68592660ad6347fad0fb587f8d5d8f1a7b44961362f56e4f2cd524feb87e9069?s=96&d=mm&r=g\",\"contentUrl\":\"https:\\\/\\\/secure.gravatar.com\\\/avatar\\\/68592660ad6347fad0fb587f8d5d8f1a7b44961362f56e4f2cd524feb87e9069?s=96&d=mm&r=g\",\"caption\":\"dmcsrbija.com@gmail.com\"},\"sameAs\":[\"https:\\\/\\\/dmcsrb.com\"],\"url\":\"https:\\\/\\\/dmcsrb.com\\\/en\\\/author\\\/dmcsrbija-comgmail-com\\\/\"}]}<\/script>\n<!-- \/ Yoast SEO plugin. -->","yoast_head_json":{"title":"Demokrate Du\u0161ku Markovi\u0107u: Jasno je kojim strukturama u Crnoj Gori danas odgovara destabilizacija - dmcsrb.com","robots":{"index":"index","follow":"follow","max-snippet":"max-snippet:-1","max-image-preview":"max-image-preview:large","max-video-preview":"max-video-preview:-1"},"canonical":"https:\/\/dmcsrb.com\/en\/politika\/demokrate-dusku-markovicu-jasno-je-kojim-strukturama-u-crnoj-gori-danas-odgovara-destabilizacija\/","og_locale":"en_GB","og_type":"article","og_title":"Demokrate Du\u0161ku Markovi\u0107u: Jasno je kojim strukturama u Crnoj Gori danas odgovara destabilizacija - dmcsrb.com","og_description":"Jasno je ko danas poku\u0161ava da destabilizuje Crnu Goru, a upravo o tome bi mogao ne\u0161to vi\u0161e da nam ka\u017ee Du\u0161ko Markovi\u0107, saop\u0161tile su Demokrate, reaguju\u0107i na dana\u0161nje saop\u0161tenje Stranke evropskog progresa (SEP), na \u010dijem je \u010delu Markovi\u0107.","og_url":"https:\/\/dmcsrb.com\/en\/politika\/demokrate-dusku-markovicu-jasno-je-kojim-strukturama-u-crnoj-gori-danas-odgovara-destabilizacija\/","og_site_name":"dmcsrb.com","article_published_time":"2025-10-28T11:51:00+00:00","og_image":[{"width":1260,"height":1023,"url":"https:\/\/dmcsrb.com\/wp-content\/uploads\/2026\/01\/demokrate-logo-5.jpg","type":"image\/jpeg"}],"author":"dmcsrbija.com@gmail.com","twitter_card":"summary_large_image","twitter_misc":{"Written by":"dmcsrbija.com@gmail.com","Estimated reading time":"3 minutes"},"schema":{"@context":"https:\/\/schema.org","@graph":[{"@type":"Article","@id":"https:\/\/dmcsrb.com\/politika\/demokrate-dusku-markovicu-jasno-je-kojim-strukturama-u-crnoj-gori-danas-odgovara-destabilizacija\/#article","isPartOf":{"@id":"https:\/\/dmcsrb.com\/politika\/demokrate-dusku-markovicu-jasno-je-kojim-strukturama-u-crnoj-gori-danas-odgovara-destabilizacija\/"},"author":{"name":"dmcsrbija.com@gmail.com","@id":"https:\/\/dmcsrb.com\/#\/schema\/person\/5c39170f12db1b8b457732d0b5c854e2"},"headline":"Demokrate Du\u0161ku Markovi\u0107u: Jasno je kojim strukturama u Crnoj Gori danas odgovara destabilizacija","datePublished":"2025-10-28T11:51:00+00:00","mainEntityOfPage":{"@id":"https:\/\/dmcsrb.com\/politika\/demokrate-dusku-markovicu-jasno-je-kojim-strukturama-u-crnoj-gori-danas-odgovara-destabilizacija\/"},"wordCount":520,"commentCount":0,"image":{"@id":"https:\/\/dmcsrb.com\/politika\/demokrate-dusku-markovicu-jasno-je-kojim-strukturama-u-crnoj-gori-danas-odgovara-destabilizacija\/#primaryimage"},"thumbnailUrl":"https:\/\/dmcsrb.com\/wp-content\/uploads\/2026\/01\/demokrate-logo-5.jpg","keywords":["Demokrate","Du\u0161ko Markovi\u0107"],"articleSection":["Politika"],"inLanguage":"en-GB","potentialAction":[{"@type":"CommentAction","name":"Comment","target":["https:\/\/dmcsrb.com\/politika\/demokrate-dusku-markovicu-jasno-je-kojim-strukturama-u-crnoj-gori-danas-odgovara-destabilizacija\/#respond"]}]},{"@type":"WebPage","@id":"https:\/\/dmcsrb.com\/politika\/demokrate-dusku-markovicu-jasno-je-kojim-strukturama-u-crnoj-gori-danas-odgovara-destabilizacija\/","url":"https:\/\/dmcsrb.com\/politika\/demokrate-dusku-markovicu-jasno-je-kojim-strukturama-u-crnoj-gori-danas-odgovara-destabilizacija\/","name":"Demokrate Du\u0161ku Markovi\u0107u: Jasno je kojim strukturama u Crnoj Gori danas odgovara destabilizacija - dmcsrb.com","isPartOf":{"@id":"https:\/\/dmcsrb.com\/#website"},"primaryImageOfPage":{"@id":"https:\/\/dmcsrb.com\/politika\/demokrate-dusku-markovicu-jasno-je-kojim-strukturama-u-crnoj-gori-danas-odgovara-destabilizacija\/#primaryimage"},"image":{"@id":"https:\/\/dmcsrb.com\/politika\/demokrate-dusku-markovicu-jasno-je-kojim-strukturama-u-crnoj-gori-danas-odgovara-destabilizacija\/#primaryimage"},"thumbnailUrl":"https:\/\/dmcsrb.com\/wp-content\/uploads\/2026\/01\/demokrate-logo-5.jpg","datePublished":"2025-10-28T11:51:00+00:00","author":{"@id":"https:\/\/dmcsrb.com\/#\/schema\/person\/5c39170f12db1b8b457732d0b5c854e2"},"breadcrumb":{"@id":"https:\/\/dmcsrb.com\/politika\/demokrate-dusku-markovicu-jasno-je-kojim-strukturama-u-crnoj-gori-danas-odgovara-destabilizacija\/#breadcrumb"},"inLanguage":"en-GB","potentialAction":[{"@type":"ReadAction","target":["https:\/\/dmcsrb.com\/politika\/demokrate-dusku-markovicu-jasno-je-kojim-strukturama-u-crnoj-gori-danas-odgovara-destabilizacija\/"]}]},{"@type":"ImageObject","inLanguage":"en-GB","@id":"https:\/\/dmcsrb.com\/politika\/demokrate-dusku-markovicu-jasno-je-kojim-strukturama-u-crnoj-gori-danas-odgovara-destabilizacija\/#primaryimage","url":"https:\/\/dmcsrb.com\/wp-content\/uploads\/2026\/01\/demokrate-logo-5.jpg","contentUrl":"https:\/\/dmcsrb.com\/wp-content\/uploads\/2026\/01\/demokrate-logo-5.jpg","width":1260,"height":1023},{"@type":"BreadcrumbList","@id":"https:\/\/dmcsrb.com\/politika\/demokrate-dusku-markovicu-jasno-je-kojim-strukturama-u-crnoj-gori-danas-odgovara-destabilizacija\/#breadcrumb","itemListElement":[{"@type":"ListItem","position":1,"name":"Home","item":"https:\/\/dmcsrb.com\/"},{"@type":"ListItem","position":2,"name":"Demokrate Du\u0161ku Markovi\u0107u: Jasno je kojim strukturama u Crnoj Gori danas odgovara destabilizacija"}]},{"@type":"WebSite","@id":"https:\/\/dmcsrb.com\/#website","url":"https:\/\/dmcsrb.com\/","name":"dmcsrb.com","description":"","potentialAction":[{"@type":"SearchAction","target":{"@type":"EntryPoint","urlTemplate":"https:\/\/dmcsrb.com\/?s={search_term_string}"},"query-input":{"@type":"PropertyValueSpecification","valueRequired":true,"valueName":"search_term_string"}}],"inLanguage":"en-GB"},{"@type":"Person","@id":"https:\/\/dmcsrb.com\/#\/schema\/person\/5c39170f12db1b8b457732d0b5c854e2","name":"dmcsrbija.com@gmail.com","image":{"@type":"ImageObject","inLanguage":"en-GB","@id":"https:\/\/secure.gravatar.com\/avatar\/68592660ad6347fad0fb587f8d5d8f1a7b44961362f56e4f2cd524feb87e9069?s=96&d=mm&r=g","url":"https:\/\/secure.gravatar.com\/avatar\/68592660ad6347fad0fb587f8d5d8f1a7b44961362f56e4f2cd524feb87e9069?s=96&d=mm&r=g","contentUrl":"https:\/\/secure.gravatar.com\/avatar\/68592660ad6347fad0fb587f8d5d8f1a7b44961362f56e4f2cd524feb87e9069?s=96&d=mm&r=g","caption":"dmcsrbija.com@gmail.com"},"sameAs":["https:\/\/dmcsrb.com"],"url":"https:\/\/dmcsrb.com\/en\/author\/dmcsrbija-comgmail-com\/"}]}},"_links":{"self":[{"href":"https:\/\/dmcsrb.com\/en\/wp-json\/wp\/v2\/posts\/960496","targetHints":{"allow":["GET"]}}],"collection":[{"href":"https:\/\/dmcsrb.com\/en\/wp-json\/wp\/v2\/posts"}],"about":[{"href":"https:\/\/dmcsrb.com\/en\/wp-json\/wp\/v2\/types\/post"}],"author":[{"embeddable":true,"href":"https:\/\/dmcsrb.com\/en\/wp-json\/wp\/v2\/users\/1"}],"replies":[{"embeddable":true,"href":"https:\/\/dmcsrb.com\/en\/wp-json\/wp\/v2\/comments?post=960496"}],"version-history":[{"count":0,"href":"https:\/\/dmcsrb.com\/en\/wp-json\/wp\/v2\/posts\/960496\/revisions"}],"wp:featuredmedia":[{"embeddable":true,"href":"https:\/\/dmcsrb.com\/en\/wp-json\/wp\/v2\/media\/915196"}],"wp:attachment":[{"href":"https:\/\/dmcsrb.com\/en\/wp-json\/wp\/v2\/media?parent=960496"}],"wp:term":[{"taxonomy":"category","embeddable":true,"href":"https:\/\/dmcsrb.com\/en\/wp-json\/wp\/v2\/categories?post=960496"},{"taxonomy":"post_tag","embeddable":true,"href":"https:\/\/dmcsrb.com\/en\/wp-json\/wp\/v2\/tags?post=960496"},{"taxonomy":"naslovna","embeddable":true,"href":"https:\/\/dmcsrb.com\/en\/wp-json\/wp\/v2\/naslovna?post=960496"}],"curies":[{"name":"wp","href":"https:\/\/api.w.org\/{rel}","templated":true}]}}