{"id":960484,"date":"2025-10-28T13:05:00","date_gmt":"2025-10-28T12:05:00","guid":{"rendered":"https:\/\/dmcsrb.com\/uncategorized\/lokalni-nivo-kao-pokretac-evropske-saradnje-i-demokratizacije\/"},"modified":"2025-10-28T13:05:00","modified_gmt":"2025-10-28T12:05:00","slug":"lokalni-nivo-kao-pokretac-evropske-saradnje-i-demokratizacije","status":"publish","type":"post","link":"https:\/\/dmcsrb.com\/en\/drustvo\/lokalni-nivo-kao-pokretac-evropske-saradnje-i-demokratizacije\/","title":{"rendered":"Lokalni nivo kao pokreta\u010d evropske saradnje i demokratizacije"},"content":{"rendered":"<p>Na Forumu je u\u010destvovala i <strong>Marija Kljaji<\/strong><strong>\u0107,<\/strong> sekretarka odbora za prostorno planiranje ZOCG.<\/p>\n\n\n\n<p>Radoji\u010di\u0107 je istakla da Zajednica op\u0161tina Crne Gore kroz svoje aktivnosti nastoji da pove\u017ee lokalne zajednice regiona, podsti\u010de transparentnost u radu lokalnih uprava i ja\u010da povjerenje gra\u0111ana u institucije. <\/p>\n\n\n\n<p>\u201eKroz obuke o otvorenim podacima, digitalizaciji uprave i uklju\u010divanju gra\u0111ana u dono\u0161enje odluka, doprinosimo ve\u0107oj transparentnosti i povjerenju izme\u0111u gra\u0111ana i institucija. Na me\u0111unarodnom planu, ZOCG nastoji da bude most izme\u0111u lokalnih zajednica Crne Gore i partnerskih op\u0161tina u regionu CEI, razmjenjuju\u0107i iskustva i dobre prakse u oblastima odr\u017eivog razvoja, za\u0161tite \u017eivotne sredine i socijalne inkluzije,\u201c navela je ona.<\/p>\n\n\n\n<p>Forum je okupio predstavnike nacionalnih asocijacija lokalnih i regionalnih vlasti iz zemalja \u010dlanica CEI, uz organizaciju Stalne konferencije gradova i op\u0161tina (SKGO) i Ministarstva spoljnih poslova Srbije. Tema skupa bila je \u201eLokalna dimenzija evropske saradnje\u201c, a cilj Foruma bio je ja\u010danje uloge lokalnih samouprava u procesu evropskih integracija i razmjena iskustava u sprovo\u0111enju reformi na lokalnom nivou.<\/p>\n\n\n\n<p>Tokom otvaranja Foruma, nacionalni koordinator CEI za Srbiju i pomo\u0107nik ministra spoljnih poslova <strong>Milo\u0161 Todorovi\u0107<\/strong> naglasio je da lokalne vlasti imaju klju\u010dnu ulogu u sprovo\u0111enju konkretnih politika, dok je predsjednik SKGO dr <strong>Goran Cvetanovi\u0107<\/strong> istakao da \u201elokalni nivo jasno pokazuje potrebe i potencijale na\u0161ih zajednica, a kroz saradnju stvaramo rje\u0161enja koja povezuju na\u0161e dru\u0161tva i doprinose stabilnosti regiona\u201c.<\/p>\n\n\n\n<p>Predstavnici Zajednice op\u0161tina Crne Gore na Forumu su predstavili niz inicijativa koje doprinose razvoju lokalne demokratije, ja\u010danju kapaciteta op\u0161tina i unapre\u0111enju regionalne saradnje. ZOCG aktivno sara\u0111uje sa Ministarstvom javne uprave Crne Gore na pripremi novog Zakona o lokalnoj samoupravi, koji \u0107e dodatno oja\u010dati kapacitete lokalnih vlasti i doprinijeti procesu decentralizacije.<\/p>\n\n\n\n<p>Zajednica, tako\u0111e, sprovodi obuke za slu\u017ebenike lokalnih samouprava u oblastima participativnog odlu\u010divanja, transparentnosti i digitalizacije, \u010dime se doprinosi ve\u0107oj efikasnosti i uklju\u010divanju gra\u0111ana u rad lokalne uprave.<\/p>\n\n\n\n<p>Poseban akcenat ZOCG stavlja na socijalnu inkluziju, kroz projekte podr\u0161ke djeci koja izlaze iz doma u Bijeloj, pomo\u0107 marginalizovanim grupama, kao i inicijative za zapo\u0161ljavanje mladih i \u017eena u ruralnim podru\u010djima.<\/p>\n\n\n\n<p>Na me\u0111unarodnom nivou, ZOCG koordinira programe razmjene iskustava izme\u0111u op\u0161tina Crne Gore i partnerskih op\u0161tina iz regiona CEI, uklju\u010duju\u0107i Albaniju, Srbiju i Bosnu i Hercegovinu, u oblastima za\u0161tite \u017eivotne sredine, energetske efikasnosti i odr\u017eivog razvoja.<\/p>\n\n\n\n<p>Kroz sve ove aktivnosti, Zajednica op\u0161tina Crne Gore potvr\u0111uje da lokalne samouprave predstavljaju klju\u010dni stub evropske saradnje i demokratizacije, te va\u017ean kanal za povezivanje gra\u0111ana, institucija i me\u0111unarodnih partnera.<\/p>\n\n\n\n<p><\/p>","protected":false},"excerpt":{"rendered":"<p>\u201eZajednica op\u0161tina Crne Gore aktivno dijeli vrijednosti koje promovi\u0161e Centralnoevropska inicijativa \u2013 demokratiju, dijalog, saradnju i solidarnost. Na\u0161e aktivnosti predstavljaju prakti\u010dan doprinos ovim ciljevima kroz projekte koji ja\u010daju lokalnu samoupravu i povezuju gradove i op\u0161tine regiona,\u201c izjavila je Milica Radoji\u010di\u0107, pomo\u0107nica generalne sekretarke ZOCG za me\u0111unarodnu saradnju i evropske integracije, u\u010destvuju\u0107i na Forumu Centralnoevropske inicijative (CEI) odr\u017eanom u Beogradu.<\/p>","protected":false},"author":1,"featured_media":960485,"comment_status":"open","ping_status":"open","sticky":false,"template":"","format":"standard","meta":{"_acf_changed":false,"footnotes":""},"categories":[2],"tags":[2490,2110],"naslovna":[],"class_list":["post-960484","post","type-post","status-publish","format-standard","has-post-thumbnail","hentry","category-drustvo","tag-forum","tag-zocg"],"acf":[],"yoast_head":"<!-- This site is optimized with the Yoast SEO plugin v27.4 - https:\/\/yoast.com\/product\/yoast-seo-wordpress\/ -->\n<title>Lokalni nivo kao pokreta\u010d evropske saradnje i demokratizacije - dmcsrb.com<\/title>\n<meta name=\"robots\" content=\"index, follow, max-snippet:-1, max-image-preview:large, max-video-preview:-1\" \/>\n<link rel=\"canonical\" href=\"https:\/\/dmcsrb.com\/en\/drustvo\/lokalni-nivo-kao-pokretac-evropske-saradnje-i-demokratizacije\/\" \/>\n<meta property=\"og:locale\" content=\"en_GB\" \/>\n<meta property=\"og:type\" content=\"article\" \/>\n<meta property=\"og:title\" content=\"Lokalni nivo kao pokreta\u010d evropske saradnje i demokratizacije - dmcsrb.com\" \/>\n<meta property=\"og:description\" content=\"\u201eZajednica op\u0161tina Crne Gore aktivno dijeli vrijednosti koje promovi\u0161e Centralnoevropska inicijativa \u2013 demokratiju, dijalog, saradnju i solidarnost. Na\u0161e aktivnosti predstavljaju prakti\u010dan doprinos ovim ciljevima kroz projekte koji ja\u010daju lokalnu samoupravu i povezuju gradove i op\u0161tine regiona,\u201c izjavila je Milica Radoji\u010di\u0107, pomo\u0107nica generalne sekretarke ZOCG za me\u0111unarodnu saradnju i evropske integracije, u\u010destvuju\u0107i na Forumu Centralnoevropske inicijative (CEI) odr\u017eanom u Beogradu.\" \/>\n<meta property=\"og:url\" content=\"https:\/\/dmcsrb.com\/en\/drustvo\/lokalni-nivo-kao-pokretac-evropske-saradnje-i-demokratizacije\/\" \/>\n<meta property=\"og:site_name\" content=\"dmcsrb.com\" \/>\n<meta property=\"article:published_time\" content=\"2025-10-28T12:05:00+00:00\" \/>\n<meta property=\"og:image\" content=\"https:\/\/dmcsrb.com\/wp-content\/uploads\/2026\/01\/Zajednica-opstina.webp\" \/>\n\t<meta property=\"og:image:width\" content=\"1290\" \/>\n\t<meta property=\"og:image:height\" content=\"951\" \/>\n\t<meta property=\"og:image:type\" content=\"image\/jpeg\" \/>\n<meta name=\"author\" content=\"dmcsrbija.com@gmail.com\" \/>\n<meta name=\"twitter:card\" content=\"summary_large_image\" \/>\n<meta name=\"twitter:label1\" content=\"Written by\" \/>\n\t<meta name=\"twitter:data1\" content=\"dmcsrbija.com@gmail.com\" \/>\n\t<meta name=\"twitter:label2\" content=\"Estimated reading time\" \/>\n\t<meta name=\"twitter:data2\" content=\"2 minutes\" \/>\n<script type=\"application\/ld+json\" class=\"yoast-schema-graph\">{\"@context\":\"https:\\\/\\\/schema.org\",\"@graph\":[{\"@type\":\"Article\",\"@id\":\"https:\\\/\\\/dmcsrb.com\\\/drustvo\\\/lokalni-nivo-kao-pokretac-evropske-saradnje-i-demokratizacije\\\/#article\",\"isPartOf\":{\"@id\":\"https:\\\/\\\/dmcsrb.com\\\/drustvo\\\/lokalni-nivo-kao-pokretac-evropske-saradnje-i-demokratizacije\\\/\"},\"author\":{\"name\":\"dmcsrbija.com@gmail.com\",\"@id\":\"https:\\\/\\\/dmcsrb.com\\\/#\\\/schema\\\/person\\\/5c39170f12db1b8b457732d0b5c854e2\"},\"headline\":\"Lokalni nivo kao pokreta\u010d evropske saradnje i demokratizacije\",\"datePublished\":\"2025-10-28T12:05:00+00:00\",\"mainEntityOfPage\":{\"@id\":\"https:\\\/\\\/dmcsrb.com\\\/drustvo\\\/lokalni-nivo-kao-pokretac-evropske-saradnje-i-demokratizacije\\\/\"},\"wordCount\":454,\"commentCount\":0,\"image\":{\"@id\":\"https:\\\/\\\/dmcsrb.com\\\/drustvo\\\/lokalni-nivo-kao-pokretac-evropske-saradnje-i-demokratizacije\\\/#primaryimage\"},\"thumbnailUrl\":\"https:\\\/\\\/dmcsrb.com\\\/wp-content\\\/uploads\\\/2026\\\/01\\\/Zajednica-opstina.webp\",\"keywords\":[\"forum\",\"ZOCG\"],\"articleSection\":[\"Dru\u0161tvo\"],\"inLanguage\":\"en-GB\",\"potentialAction\":[{\"@type\":\"CommentAction\",\"name\":\"Comment\",\"target\":[\"https:\\\/\\\/dmcsrb.com\\\/drustvo\\\/lokalni-nivo-kao-pokretac-evropske-saradnje-i-demokratizacije\\\/#respond\"]}]},{\"@type\":\"WebPage\",\"@id\":\"https:\\\/\\\/dmcsrb.com\\\/drustvo\\\/lokalni-nivo-kao-pokretac-evropske-saradnje-i-demokratizacije\\\/\",\"url\":\"https:\\\/\\\/dmcsrb.com\\\/drustvo\\\/lokalni-nivo-kao-pokretac-evropske-saradnje-i-demokratizacije\\\/\",\"name\":\"Lokalni nivo kao pokreta\u010d evropske saradnje i demokratizacije - dmcsrb.com\",\"isPartOf\":{\"@id\":\"https:\\\/\\\/dmcsrb.com\\\/#website\"},\"primaryImageOfPage\":{\"@id\":\"https:\\\/\\\/dmcsrb.com\\\/drustvo\\\/lokalni-nivo-kao-pokretac-evropske-saradnje-i-demokratizacije\\\/#primaryimage\"},\"image\":{\"@id\":\"https:\\\/\\\/dmcsrb.com\\\/drustvo\\\/lokalni-nivo-kao-pokretac-evropske-saradnje-i-demokratizacije\\\/#primaryimage\"},\"thumbnailUrl\":\"https:\\\/\\\/dmcsrb.com\\\/wp-content\\\/uploads\\\/2026\\\/01\\\/Zajednica-opstina.webp\",\"datePublished\":\"2025-10-28T12:05:00+00:00\",\"author\":{\"@id\":\"https:\\\/\\\/dmcsrb.com\\\/#\\\/schema\\\/person\\\/5c39170f12db1b8b457732d0b5c854e2\"},\"breadcrumb\":{\"@id\":\"https:\\\/\\\/dmcsrb.com\\\/drustvo\\\/lokalni-nivo-kao-pokretac-evropske-saradnje-i-demokratizacije\\\/#breadcrumb\"},\"inLanguage\":\"en-GB\",\"potentialAction\":[{\"@type\":\"ReadAction\",\"target\":[\"https:\\\/\\\/dmcsrb.com\\\/drustvo\\\/lokalni-nivo-kao-pokretac-evropske-saradnje-i-demokratizacije\\\/\"]}]},{\"@type\":\"ImageObject\",\"inLanguage\":\"en-GB\",\"@id\":\"https:\\\/\\\/dmcsrb.com\\\/drustvo\\\/lokalni-nivo-kao-pokretac-evropske-saradnje-i-demokratizacije\\\/#primaryimage\",\"url\":\"https:\\\/\\\/dmcsrb.com\\\/wp-content\\\/uploads\\\/2026\\\/01\\\/Zajednica-opstina.webp\",\"contentUrl\":\"https:\\\/\\\/dmcsrb.com\\\/wp-content\\\/uploads\\\/2026\\\/01\\\/Zajednica-opstina.webp\",\"width\":1290,\"height\":951},{\"@type\":\"BreadcrumbList\",\"@id\":\"https:\\\/\\\/dmcsrb.com\\\/drustvo\\\/lokalni-nivo-kao-pokretac-evropske-saradnje-i-demokratizacije\\\/#breadcrumb\",\"itemListElement\":[{\"@type\":\"ListItem\",\"position\":1,\"name\":\"Home\",\"item\":\"https:\\\/\\\/dmcsrb.com\\\/\"},{\"@type\":\"ListItem\",\"position\":2,\"name\":\"Lokalni nivo kao pokreta\u010d evropske saradnje i demokratizacije\"}]},{\"@type\":\"WebSite\",\"@id\":\"https:\\\/\\\/dmcsrb.com\\\/#website\",\"url\":\"https:\\\/\\\/dmcsrb.com\\\/\",\"name\":\"dmcsrb.com\",\"description\":\"\",\"potentialAction\":[{\"@type\":\"SearchAction\",\"target\":{\"@type\":\"EntryPoint\",\"urlTemplate\":\"https:\\\/\\\/dmcsrb.com\\\/?s={search_term_string}\"},\"query-input\":{\"@type\":\"PropertyValueSpecification\",\"valueRequired\":true,\"valueName\":\"search_term_string\"}}],\"inLanguage\":\"en-GB\"},{\"@type\":\"Person\",\"@id\":\"https:\\\/\\\/dmcsrb.com\\\/#\\\/schema\\\/person\\\/5c39170f12db1b8b457732d0b5c854e2\",\"name\":\"dmcsrbija.com@gmail.com\",\"image\":{\"@type\":\"ImageObject\",\"inLanguage\":\"en-GB\",\"@id\":\"https:\\\/\\\/secure.gravatar.com\\\/avatar\\\/68592660ad6347fad0fb587f8d5d8f1a7b44961362f56e4f2cd524feb87e9069?s=96&d=mm&r=g\",\"url\":\"https:\\\/\\\/secure.gravatar.com\\\/avatar\\\/68592660ad6347fad0fb587f8d5d8f1a7b44961362f56e4f2cd524feb87e9069?s=96&d=mm&r=g\",\"contentUrl\":\"https:\\\/\\\/secure.gravatar.com\\\/avatar\\\/68592660ad6347fad0fb587f8d5d8f1a7b44961362f56e4f2cd524feb87e9069?s=96&d=mm&r=g\",\"caption\":\"dmcsrbija.com@gmail.com\"},\"sameAs\":[\"https:\\\/\\\/dmcsrb.com\"],\"url\":\"https:\\\/\\\/dmcsrb.com\\\/en\\\/author\\\/dmcsrbija-comgmail-com\\\/\"}]}<\/script>\n<!-- \/ Yoast SEO plugin. -->","yoast_head_json":{"title":"Lokalni nivo kao pokreta\u010d evropske saradnje i demokratizacije - dmcsrb.com","robots":{"index":"index","follow":"follow","max-snippet":"max-snippet:-1","max-image-preview":"max-image-preview:large","max-video-preview":"max-video-preview:-1"},"canonical":"https:\/\/dmcsrb.com\/en\/drustvo\/lokalni-nivo-kao-pokretac-evropske-saradnje-i-demokratizacije\/","og_locale":"en_GB","og_type":"article","og_title":"Lokalni nivo kao pokreta\u010d evropske saradnje i demokratizacije - dmcsrb.com","og_description":"\u201eZajednica op\u0161tina Crne Gore aktivno dijeli vrijednosti koje promovi\u0161e Centralnoevropska inicijativa \u2013 demokratiju, dijalog, saradnju i solidarnost. Na\u0161e aktivnosti predstavljaju prakti\u010dan doprinos ovim ciljevima kroz projekte koji ja\u010daju lokalnu samoupravu i povezuju gradove i op\u0161tine regiona,\u201c izjavila je Milica Radoji\u010di\u0107, pomo\u0107nica generalne sekretarke ZOCG za me\u0111unarodnu saradnju i evropske integracije, u\u010destvuju\u0107i na Forumu Centralnoevropske inicijative (CEI) odr\u017eanom u Beogradu.","og_url":"https:\/\/dmcsrb.com\/en\/drustvo\/lokalni-nivo-kao-pokretac-evropske-saradnje-i-demokratizacije\/","og_site_name":"dmcsrb.com","article_published_time":"2025-10-28T12:05:00+00:00","og_image":[{"width":1290,"height":951,"url":"https:\/\/dmcsrb.com\/wp-content\/uploads\/2026\/01\/Zajednica-opstina.webp","type":"image\/jpeg"}],"author":"dmcsrbija.com@gmail.com","twitter_card":"summary_large_image","twitter_misc":{"Written by":"dmcsrbija.com@gmail.com","Estimated reading time":"2 minutes"},"schema":{"@context":"https:\/\/schema.org","@graph":[{"@type":"Article","@id":"https:\/\/dmcsrb.com\/drustvo\/lokalni-nivo-kao-pokretac-evropske-saradnje-i-demokratizacije\/#article","isPartOf":{"@id":"https:\/\/dmcsrb.com\/drustvo\/lokalni-nivo-kao-pokretac-evropske-saradnje-i-demokratizacije\/"},"author":{"name":"dmcsrbija.com@gmail.com","@id":"https:\/\/dmcsrb.com\/#\/schema\/person\/5c39170f12db1b8b457732d0b5c854e2"},"headline":"Lokalni nivo kao pokreta\u010d evropske saradnje i demokratizacije","datePublished":"2025-10-28T12:05:00+00:00","mainEntityOfPage":{"@id":"https:\/\/dmcsrb.com\/drustvo\/lokalni-nivo-kao-pokretac-evropske-saradnje-i-demokratizacije\/"},"wordCount":454,"commentCount":0,"image":{"@id":"https:\/\/dmcsrb.com\/drustvo\/lokalni-nivo-kao-pokretac-evropske-saradnje-i-demokratizacije\/#primaryimage"},"thumbnailUrl":"https:\/\/dmcsrb.com\/wp-content\/uploads\/2026\/01\/Zajednica-opstina.webp","keywords":["forum","ZOCG"],"articleSection":["Dru\u0161tvo"],"inLanguage":"en-GB","potentialAction":[{"@type":"CommentAction","name":"Comment","target":["https:\/\/dmcsrb.com\/drustvo\/lokalni-nivo-kao-pokretac-evropske-saradnje-i-demokratizacije\/#respond"]}]},{"@type":"WebPage","@id":"https:\/\/dmcsrb.com\/drustvo\/lokalni-nivo-kao-pokretac-evropske-saradnje-i-demokratizacije\/","url":"https:\/\/dmcsrb.com\/drustvo\/lokalni-nivo-kao-pokretac-evropske-saradnje-i-demokratizacije\/","name":"Lokalni nivo kao pokreta\u010d evropske saradnje i demokratizacije - dmcsrb.com","isPartOf":{"@id":"https:\/\/dmcsrb.com\/#website"},"primaryImageOfPage":{"@id":"https:\/\/dmcsrb.com\/drustvo\/lokalni-nivo-kao-pokretac-evropske-saradnje-i-demokratizacije\/#primaryimage"},"image":{"@id":"https:\/\/dmcsrb.com\/drustvo\/lokalni-nivo-kao-pokretac-evropske-saradnje-i-demokratizacije\/#primaryimage"},"thumbnailUrl":"https:\/\/dmcsrb.com\/wp-content\/uploads\/2026\/01\/Zajednica-opstina.webp","datePublished":"2025-10-28T12:05:00+00:00","author":{"@id":"https:\/\/dmcsrb.com\/#\/schema\/person\/5c39170f12db1b8b457732d0b5c854e2"},"breadcrumb":{"@id":"https:\/\/dmcsrb.com\/drustvo\/lokalni-nivo-kao-pokretac-evropske-saradnje-i-demokratizacije\/#breadcrumb"},"inLanguage":"en-GB","potentialAction":[{"@type":"ReadAction","target":["https:\/\/dmcsrb.com\/drustvo\/lokalni-nivo-kao-pokretac-evropske-saradnje-i-demokratizacije\/"]}]},{"@type":"ImageObject","inLanguage":"en-GB","@id":"https:\/\/dmcsrb.com\/drustvo\/lokalni-nivo-kao-pokretac-evropske-saradnje-i-demokratizacije\/#primaryimage","url":"https:\/\/dmcsrb.com\/wp-content\/uploads\/2026\/01\/Zajednica-opstina.webp","contentUrl":"https:\/\/dmcsrb.com\/wp-content\/uploads\/2026\/01\/Zajednica-opstina.webp","width":1290,"height":951},{"@type":"BreadcrumbList","@id":"https:\/\/dmcsrb.com\/drustvo\/lokalni-nivo-kao-pokretac-evropske-saradnje-i-demokratizacije\/#breadcrumb","itemListElement":[{"@type":"ListItem","position":1,"name":"Home","item":"https:\/\/dmcsrb.com\/"},{"@type":"ListItem","position":2,"name":"Lokalni nivo kao pokreta\u010d evropske saradnje i demokratizacije"}]},{"@type":"WebSite","@id":"https:\/\/dmcsrb.com\/#website","url":"https:\/\/dmcsrb.com\/","name":"dmcsrb.com","description":"","potentialAction":[{"@type":"SearchAction","target":{"@type":"EntryPoint","urlTemplate":"https:\/\/dmcsrb.com\/?s={search_term_string}"},"query-input":{"@type":"PropertyValueSpecification","valueRequired":true,"valueName":"search_term_string"}}],"inLanguage":"en-GB"},{"@type":"Person","@id":"https:\/\/dmcsrb.com\/#\/schema\/person\/5c39170f12db1b8b457732d0b5c854e2","name":"dmcsrbija.com@gmail.com","image":{"@type":"ImageObject","inLanguage":"en-GB","@id":"https:\/\/secure.gravatar.com\/avatar\/68592660ad6347fad0fb587f8d5d8f1a7b44961362f56e4f2cd524feb87e9069?s=96&d=mm&r=g","url":"https:\/\/secure.gravatar.com\/avatar\/68592660ad6347fad0fb587f8d5d8f1a7b44961362f56e4f2cd524feb87e9069?s=96&d=mm&r=g","contentUrl":"https:\/\/secure.gravatar.com\/avatar\/68592660ad6347fad0fb587f8d5d8f1a7b44961362f56e4f2cd524feb87e9069?s=96&d=mm&r=g","caption":"dmcsrbija.com@gmail.com"},"sameAs":["https:\/\/dmcsrb.com"],"url":"https:\/\/dmcsrb.com\/en\/author\/dmcsrbija-comgmail-com\/"}]}},"_links":{"self":[{"href":"https:\/\/dmcsrb.com\/en\/wp-json\/wp\/v2\/posts\/960484","targetHints":{"allow":["GET"]}}],"collection":[{"href":"https:\/\/dmcsrb.com\/en\/wp-json\/wp\/v2\/posts"}],"about":[{"href":"https:\/\/dmcsrb.com\/en\/wp-json\/wp\/v2\/types\/post"}],"author":[{"embeddable":true,"href":"https:\/\/dmcsrb.com\/en\/wp-json\/wp\/v2\/users\/1"}],"replies":[{"embeddable":true,"href":"https:\/\/dmcsrb.com\/en\/wp-json\/wp\/v2\/comments?post=960484"}],"version-history":[{"count":0,"href":"https:\/\/dmcsrb.com\/en\/wp-json\/wp\/v2\/posts\/960484\/revisions"}],"wp:featuredmedia":[{"embeddable":true,"href":"https:\/\/dmcsrb.com\/en\/wp-json\/wp\/v2\/media\/960485"}],"wp:attachment":[{"href":"https:\/\/dmcsrb.com\/en\/wp-json\/wp\/v2\/media?parent=960484"}],"wp:term":[{"taxonomy":"category","embeddable":true,"href":"https:\/\/dmcsrb.com\/en\/wp-json\/wp\/v2\/categories?post=960484"},{"taxonomy":"post_tag","embeddable":true,"href":"https:\/\/dmcsrb.com\/en\/wp-json\/wp\/v2\/tags?post=960484"},{"taxonomy":"naslovna","embeddable":true,"href":"https:\/\/dmcsrb.com\/en\/wp-json\/wp\/v2\/naslovna?post=960484"}],"curies":[{"name":"wp","href":"https:\/\/api.w.org\/{rel}","templated":true}]}}