{"id":960482,"date":"2025-10-28T16:23:00","date_gmt":"2025-10-28T15:23:00","guid":{"rendered":"https:\/\/dmcsrb.com\/uncategorized\/zapocet-drugi-ciklus-programa-obuka-ready4eu-za-rad-u-institucijama-tijelima-i-agencijama-evropske-unije\/"},"modified":"2025-10-28T16:23:00","modified_gmt":"2025-10-28T15:23:00","slug":"zapocet-drugi-ciklus-programa-obuka-ready4eu-za-rad-u-institucijama-tijelima-i-agencijama-evropske-unije","status":"publish","type":"post","link":"https:\/\/dmcsrb.com\/en\/drustvo\/zapocet-drugi-ciklus-programa-obuka-ready4eu-za-rad-u-institucijama-tijelima-i-agencijama-evropske-unije\/","title":{"rendered":"Zapo\u010det drugi ciklus programa obuka \u201eReady4EU\u201c za rad u institucijama, tijelima i agencijama Evropske unije"},"content":{"rendered":"<p><br><br><\/p>\n\n\n\n<p>Naime, kako su pojasnili, program obuke \u201eReady4EU\u201c rezultat je saradnje Uprave za ljudske resurse, Ministarstva evropskih poslova, Ministarstva javne uprave i Regionalne \u0161kole za javnu upravu (ReSPA).<\/p>\n\n\n\n<p>\u201cCilj programa je da doprinese izgradnji administrativnih kapaciteta dr\u017eavne uprave Crne Gore u kontekstu pristupanja Evropskoj uniji, ja\u010danjem stru\u010dnih kompetencija slu\u017ebenika\/ca za rad u me\u0111unarodnom administrativnom okru\u017eenju\u201d, dodaju u saop\u0161tenju.<\/p>\n\n\n\n<p>Govornici na ceremoniji otvaranja drugog ciklusa programa \u201eReady4EU\u201c istakli su zna\u010daj kontinuiranog ulaganja u znanje i ljudske resurse, kao klju\u010dnog temelja evropskog puta Crne Gore.<\/p>\n\n\n\n<p>Dr\u017eavna sekretarka u Ministarstvu evropskih poslova Biljana Papovi\u0107 poru\u010dila je da ovaj program u\u010dvr\u0161\u0107uje temelje moderne i profesionalne javne uprave, spremne za \u010dlanstvo u Evropskoj uniji.<\/p>\n\n\n\n<p>\u201eI drugi ciklus Ready4EU-a polaznicima nudi dublje razumijevanje evropskih politika i mehanizama odlu\u010divanja, ali i prakti\u010dne uvide u na\u010din rada evropskih institucija. Poseban fokus stavljen je na razvoj kompetencija koje \u0107e na\u0161im slu\u017ebenicima omogu\u0107iti da se aktivno uklju\u010de u procese nakon \u010dlanstva, bilo kroz u\u010de\u0161\u0107e u evropskim tijelima, bilo kroz zapo\u0161ljavanje u institucijama EU. Ovaj program time postaje investicija u budu\u0107nost Crne Gore, jer svaka obuka, svako novo znanje i svaka vje\u0161tina koju na\u0161i slu\u017ebenici steknu predstavljaju korak ka ja\u010doj, profesionalnijoj i otpornijoj javnoj upravi\u201d, navela je Papovi\u0107.<\/p>\n\n\n\n<p>Generalna direktorica u Ministarstvu javne uprave Marija Hajdukovi\u0107 naglasila je da su upravo zaposleni u dr\u017eavnoj upravi klju\u010dni nosioci reformskih procesa.<\/p>\n\n\n\n<p>\u201eProfesionalni i kompetentni slu\u017ebenici su stub javne uprave, i upravo vi, svojim radom, znanjem i kompetencijama, doprinosite ja\u010danju tog stuba. Va\u0161e u\u010de\u0161\u0107e u ovom programu \u0161alje sna\u017enu poruku da Crna Gora nije samo spremna da usvoji standarde Evropske unije, ve\u0107 i da aktivno bude njihov dio\u201d, rekla je Hajdukovi\u0107.<\/p>\n\n\n\n<p>Direktorica Regionalne \u0161kole za javnu upravu (ReSPA) Maja Handjiska Trendafilova izrazila je zadovoljstvo \u0161to se uspje\u0161na saradnja sa Vladom Crne Gore kroz program \u201eReady4EU\u201c nastavlja i u ovom ciklusu.<\/p>\n\n\n\n<p>\u201ePonosni smo \u0161to od samog po\u010detka pru\u017eamo podr\u0161ku ostvarenju vizije Vlade Crne Gore da \u0161to spremnije do\u010deka \u010dlanstvo u EU. Dr\u017eavni slu\u017ebenici su u sredi\u0161tu na\u0161ih aktivnosti jer su oni nosioci klju\u010dnih reformskih procesa. Ova obuka pru\u017ei\u0107e im sna\u017enu osnovu za uspje\u0161an rad u evropskom okru\u017eenju\u201d, poru\u010dila je Handjiska Trendafilova, zahvaliv\u0161i Ministarstvu evropskih poslova, Upravi za ljudske resurse i Ministarstvu javne uprave na partnerskom odnosu i podr\u0161ci.<\/p>\n\n\n\n<p>Direktor Uprave za ljudske resurse Agron M. Camaj istakao je da je ovaj program postao simbol nove kulture u javnoj upravi, kulture koja vrednuje znanje i profesionalni razvoj.<\/p>\n\n\n\n<p>\u201eDanas, kada otvaramo drugi ciklus programa, s ponosom mo\u017eemo re\u0107i da smo uspjeli da stvorimo novu energiju i novu kulturu u na\u0161im institucijama, kulturu u\u010denja, saradnje i rezultata. Prvi ciklus nije donio samo nova znanja, ve\u0107 je pokazao da u javnoj upravi postoji autenti\u010dna \u017eelja za u\u010denjem, li\u010dnim razvojem i preuzimanjem odgovornosti. To je najbolji dokaz da se povjerenje u znanje i kompetenciju vra\u0107a tamo gdje mu je i mjesto, u institucije dr\u017eave\u201d, naveo je Camaj.<\/p>\n\n\n\n<p>U ime polaznika prvog ciklusa, \u0110or\u0111ije Drin\u010di\u0107, samostalni savjetnik u Ministarstvu kulture i medija, podijelio je svoja iskustva i ohrabrio nove u\u010desnike.<\/p>\n\n\n\n<p>\u201eProgram Ready4EU pokazao je koliko je va\u017eno kontinuirano ulagati u znanje i profesionalni razvoj dr\u017eavnih slu\u017ebenika. Tokom obuke imali smo priliku da se na prakti\u010dan na\u010din upoznamo sa izazovima i realnostima evropske administracije, ali i da razmjenjujemo iskustva i gradimo mre\u017eu saradnje. Novim polaznicima poru\u010dujem da budu marljivi, otvoreni i uporni, jer upravo takav pristup donosi najvi\u0161e koristi, kako pojedincu, tako i cijeloj javnoj upravi\u201d, dodao je Drin\u010di\u0107.<\/p>\n\n\n\n<p>Drugi ciklus programa \u201eReady4EU\u201c okupio je 30 dr\u017eavnih slu\u017ebenika i slu\u017ebenica iz razli\u010ditih organa dr\u017eavne uprave, \u0161to svjedo\u010di o velikom interesovanju koje ovaj program izaziva me\u0111u zaposlenima u javnoj upravi.<\/p>\n\n\n\n<p>Kroz pet modula, polaznici\/ce \u0107e poha\u0111ati intenzivne obuke usmjerene na sticanje znanja o funkcionisanju institucija Evropske unije, zakonodavnom procesu, upravljanju projektima i drugim aspektima rada u evropskom administrativnom prostoru.<\/p>\n\n\n\n<p>\u201cProgram obuka osmi\u0161ljen je da u\u010desnicima\/cama pru\u017ei kombinaciju teorijskih znanja i prakti\u010dnih vje\u0161tina, kroz predavanja, radionice i simulacije stvarnih administrativnih situacija, \u010dime se unapre\u0111uje njihova spremnost za budu\u0107e uloge u institucijama Evropske unije\u201d, saop\u0161tili su iz Uprave za ljudske resurse.<\/p>\n\n\n\n<p>Pokretanjem drugog ciklusa, program \u201eReady4EU\u201c, zaklju\u010duje se, potvr\u0111uje kontinuitet i posve\u0107enost ja\u010danju kapaciteta dr\u017eavne uprave Crne Gore i njenom potpunom uskla\u0111ivanju sa standardima Evropske unije.<\/p>","protected":false},"excerpt":{"rendered":"<p>Zapo\u010det je drugi ciklus programa obuka \u201eReady4EU\u201c, namijenjen dr\u017eavnim slu\u017ebenicima i slu\u017ebenicama koji \u017eele da steknu znanja i vje\u0161tine potrebne za rad u institucijama, tijelima i agencijama Evropske unije, saop\u0161teno je iz Uprave za ljuske resurse.<\/p>","protected":false},"author":1,"featured_media":960483,"comment_status":"open","ping_status":"open","sticky":false,"template":"","format":"standard","meta":{"_acf_changed":false,"footnotes":""},"categories":[2],"tags":[852,1400,12766],"naslovna":[],"class_list":["post-960482","post","type-post","status-publish","format-standard","has-post-thumbnail","hentry","category-drustvo","tag-drzavni-sluzbenici","tag-obuka","tag-ready4eu"],"acf":[],"yoast_head":"<!-- This site is optimized with the Yoast SEO plugin v27.4 - https:\/\/yoast.com\/product\/yoast-seo-wordpress\/ -->\n<title>Zapo\u010det drugi ciklus programa obuka \u201eReady4EU\u201c za rad u institucijama, tijelima i agencijama Evropske unije - dmcsrb.com<\/title>\n<meta name=\"robots\" content=\"index, follow, max-snippet:-1, max-image-preview:large, max-video-preview:-1\" \/>\n<link rel=\"canonical\" href=\"https:\/\/dmcsrb.com\/en\/drustvo\/zapocet-drugi-ciklus-programa-obuka-ready4eu-za-rad-u-institucijama-tijelima-i-agencijama-evropske-unije\/\" \/>\n<meta property=\"og:locale\" content=\"en_GB\" \/>\n<meta property=\"og:type\" content=\"article\" \/>\n<meta property=\"og:title\" content=\"Zapo\u010det drugi ciklus programa obuka \u201eReady4EU\u201c za rad u institucijama, tijelima i agencijama Evropske unije - dmcsrb.com\" \/>\n<meta property=\"og:description\" content=\"Zapo\u010det je drugi ciklus programa obuka \u201eReady4EU\u201c, namijenjen dr\u017eavnim slu\u017ebenicima i slu\u017ebenicama koji \u017eele da steknu znanja i vje\u0161tine potrebne za rad u institucijama, tijelima i agencijama Evropske unije, saop\u0161teno je iz Uprave za ljuske resurse.\" \/>\n<meta property=\"og:url\" content=\"https:\/\/dmcsrb.com\/en\/drustvo\/zapocet-drugi-ciklus-programa-obuka-ready4eu-za-rad-u-institucijama-tijelima-i-agencijama-evropske-unije\/\" \/>\n<meta property=\"og:site_name\" content=\"dmcsrb.com\" \/>\n<meta property=\"article:published_time\" content=\"2025-10-28T15:23:00+00:00\" \/>\n<meta property=\"og:image\" content=\"https:\/\/dmcsrb.com\/wp-content\/uploads\/2026\/01\/ULJR.webp\" \/>\n\t<meta property=\"og:image:width\" content=\"1000\" \/>\n\t<meta property=\"og:image:height\" content=\"555\" \/>\n\t<meta property=\"og:image:type\" content=\"image\/jpeg\" \/>\n<meta name=\"author\" content=\"dmcsrbija.com@gmail.com\" \/>\n<meta name=\"twitter:card\" content=\"summary_large_image\" \/>\n<meta name=\"twitter:label1\" content=\"Written by\" \/>\n\t<meta name=\"twitter:data1\" content=\"dmcsrbija.com@gmail.com\" \/>\n\t<meta name=\"twitter:label2\" content=\"Estimated reading time\" \/>\n\t<meta name=\"twitter:data2\" content=\"4 minutes\" \/>\n<script type=\"application\/ld+json\" class=\"yoast-schema-graph\">{\"@context\":\"https:\\\/\\\/schema.org\",\"@graph\":[{\"@type\":\"Article\",\"@id\":\"https:\\\/\\\/dmcsrb.com\\\/drustvo\\\/zapocet-drugi-ciklus-programa-obuka-ready4eu-za-rad-u-institucijama-tijelima-i-agencijama-evropske-unije\\\/#article\",\"isPartOf\":{\"@id\":\"https:\\\/\\\/dmcsrb.com\\\/drustvo\\\/zapocet-drugi-ciklus-programa-obuka-ready4eu-za-rad-u-institucijama-tijelima-i-agencijama-evropske-unije\\\/\"},\"author\":{\"name\":\"dmcsrbija.com@gmail.com\",\"@id\":\"https:\\\/\\\/dmcsrb.com\\\/#\\\/schema\\\/person\\\/5c39170f12db1b8b457732d0b5c854e2\"},\"headline\":\"Zapo\u010det drugi ciklus programa obuka \u201eReady4EU\u201c za rad u institucijama, tijelima i agencijama Evropske unije\",\"datePublished\":\"2025-10-28T15:23:00+00:00\",\"mainEntityOfPage\":{\"@id\":\"https:\\\/\\\/dmcsrb.com\\\/drustvo\\\/zapocet-drugi-ciklus-programa-obuka-ready4eu-za-rad-u-institucijama-tijelima-i-agencijama-evropske-unije\\\/\"},\"wordCount\":803,\"commentCount\":0,\"image\":{\"@id\":\"https:\\\/\\\/dmcsrb.com\\\/drustvo\\\/zapocet-drugi-ciklus-programa-obuka-ready4eu-za-rad-u-institucijama-tijelima-i-agencijama-evropske-unije\\\/#primaryimage\"},\"thumbnailUrl\":\"https:\\\/\\\/dmcsrb.com\\\/wp-content\\\/uploads\\\/2026\\\/01\\\/ULJR.webp\",\"keywords\":[\"Dr\u017eavni slu\u017ebenici\",\"obuka\",\"Ready4EU\"],\"articleSection\":[\"Dru\u0161tvo\"],\"inLanguage\":\"en-GB\",\"potentialAction\":[{\"@type\":\"CommentAction\",\"name\":\"Comment\",\"target\":[\"https:\\\/\\\/dmcsrb.com\\\/drustvo\\\/zapocet-drugi-ciklus-programa-obuka-ready4eu-za-rad-u-institucijama-tijelima-i-agencijama-evropske-unije\\\/#respond\"]}]},{\"@type\":\"WebPage\",\"@id\":\"https:\\\/\\\/dmcsrb.com\\\/drustvo\\\/zapocet-drugi-ciklus-programa-obuka-ready4eu-za-rad-u-institucijama-tijelima-i-agencijama-evropske-unije\\\/\",\"url\":\"https:\\\/\\\/dmcsrb.com\\\/drustvo\\\/zapocet-drugi-ciklus-programa-obuka-ready4eu-za-rad-u-institucijama-tijelima-i-agencijama-evropske-unije\\\/\",\"name\":\"Zapo\u010det drugi ciklus programa obuka \u201eReady4EU\u201c za rad u institucijama, tijelima i agencijama Evropske unije - dmcsrb.com\",\"isPartOf\":{\"@id\":\"https:\\\/\\\/dmcsrb.com\\\/#website\"},\"primaryImageOfPage\":{\"@id\":\"https:\\\/\\\/dmcsrb.com\\\/drustvo\\\/zapocet-drugi-ciklus-programa-obuka-ready4eu-za-rad-u-institucijama-tijelima-i-agencijama-evropske-unije\\\/#primaryimage\"},\"image\":{\"@id\":\"https:\\\/\\\/dmcsrb.com\\\/drustvo\\\/zapocet-drugi-ciklus-programa-obuka-ready4eu-za-rad-u-institucijama-tijelima-i-agencijama-evropske-unije\\\/#primaryimage\"},\"thumbnailUrl\":\"https:\\\/\\\/dmcsrb.com\\\/wp-content\\\/uploads\\\/2026\\\/01\\\/ULJR.webp\",\"datePublished\":\"2025-10-28T15:23:00+00:00\",\"author\":{\"@id\":\"https:\\\/\\\/dmcsrb.com\\\/#\\\/schema\\\/person\\\/5c39170f12db1b8b457732d0b5c854e2\"},\"breadcrumb\":{\"@id\":\"https:\\\/\\\/dmcsrb.com\\\/drustvo\\\/zapocet-drugi-ciklus-programa-obuka-ready4eu-za-rad-u-institucijama-tijelima-i-agencijama-evropske-unije\\\/#breadcrumb\"},\"inLanguage\":\"en-GB\",\"potentialAction\":[{\"@type\":\"ReadAction\",\"target\":[\"https:\\\/\\\/dmcsrb.com\\\/drustvo\\\/zapocet-drugi-ciklus-programa-obuka-ready4eu-za-rad-u-institucijama-tijelima-i-agencijama-evropske-unije\\\/\"]}]},{\"@type\":\"ImageObject\",\"inLanguage\":\"en-GB\",\"@id\":\"https:\\\/\\\/dmcsrb.com\\\/drustvo\\\/zapocet-drugi-ciklus-programa-obuka-ready4eu-za-rad-u-institucijama-tijelima-i-agencijama-evropske-unije\\\/#primaryimage\",\"url\":\"https:\\\/\\\/dmcsrb.com\\\/wp-content\\\/uploads\\\/2026\\\/01\\\/ULJR.webp\",\"contentUrl\":\"https:\\\/\\\/dmcsrb.com\\\/wp-content\\\/uploads\\\/2026\\\/01\\\/ULJR.webp\",\"width\":1000,\"height\":555},{\"@type\":\"BreadcrumbList\",\"@id\":\"https:\\\/\\\/dmcsrb.com\\\/drustvo\\\/zapocet-drugi-ciklus-programa-obuka-ready4eu-za-rad-u-institucijama-tijelima-i-agencijama-evropske-unije\\\/#breadcrumb\",\"itemListElement\":[{\"@type\":\"ListItem\",\"position\":1,\"name\":\"Home\",\"item\":\"https:\\\/\\\/dmcsrb.com\\\/\"},{\"@type\":\"ListItem\",\"position\":2,\"name\":\"Zapo\u010det drugi ciklus programa obuka \u201eReady4EU\u201c za rad u institucijama, tijelima i agencijama Evropske unije\"}]},{\"@type\":\"WebSite\",\"@id\":\"https:\\\/\\\/dmcsrb.com\\\/#website\",\"url\":\"https:\\\/\\\/dmcsrb.com\\\/\",\"name\":\"dmcsrb.com\",\"description\":\"\",\"potentialAction\":[{\"@type\":\"SearchAction\",\"target\":{\"@type\":\"EntryPoint\",\"urlTemplate\":\"https:\\\/\\\/dmcsrb.com\\\/?s={search_term_string}\"},\"query-input\":{\"@type\":\"PropertyValueSpecification\",\"valueRequired\":true,\"valueName\":\"search_term_string\"}}],\"inLanguage\":\"en-GB\"},{\"@type\":\"Person\",\"@id\":\"https:\\\/\\\/dmcsrb.com\\\/#\\\/schema\\\/person\\\/5c39170f12db1b8b457732d0b5c854e2\",\"name\":\"dmcsrbija.com@gmail.com\",\"image\":{\"@type\":\"ImageObject\",\"inLanguage\":\"en-GB\",\"@id\":\"https:\\\/\\\/secure.gravatar.com\\\/avatar\\\/68592660ad6347fad0fb587f8d5d8f1a7b44961362f56e4f2cd524feb87e9069?s=96&d=mm&r=g\",\"url\":\"https:\\\/\\\/secure.gravatar.com\\\/avatar\\\/68592660ad6347fad0fb587f8d5d8f1a7b44961362f56e4f2cd524feb87e9069?s=96&d=mm&r=g\",\"contentUrl\":\"https:\\\/\\\/secure.gravatar.com\\\/avatar\\\/68592660ad6347fad0fb587f8d5d8f1a7b44961362f56e4f2cd524feb87e9069?s=96&d=mm&r=g\",\"caption\":\"dmcsrbija.com@gmail.com\"},\"sameAs\":[\"https:\\\/\\\/dmcsrb.com\"],\"url\":\"https:\\\/\\\/dmcsrb.com\\\/en\\\/author\\\/dmcsrbija-comgmail-com\\\/\"}]}<\/script>\n<!-- \/ Yoast SEO plugin. -->","yoast_head_json":{"title":"Zapo\u010det drugi ciklus programa obuka \u201eReady4EU\u201c za rad u institucijama, tijelima i agencijama Evropske unije - dmcsrb.com","robots":{"index":"index","follow":"follow","max-snippet":"max-snippet:-1","max-image-preview":"max-image-preview:large","max-video-preview":"max-video-preview:-1"},"canonical":"https:\/\/dmcsrb.com\/en\/drustvo\/zapocet-drugi-ciklus-programa-obuka-ready4eu-za-rad-u-institucijama-tijelima-i-agencijama-evropske-unije\/","og_locale":"en_GB","og_type":"article","og_title":"Zapo\u010det drugi ciklus programa obuka \u201eReady4EU\u201c za rad u institucijama, tijelima i agencijama Evropske unije - dmcsrb.com","og_description":"Zapo\u010det je drugi ciklus programa obuka \u201eReady4EU\u201c, namijenjen dr\u017eavnim slu\u017ebenicima i slu\u017ebenicama koji \u017eele da steknu znanja i vje\u0161tine potrebne za rad u institucijama, tijelima i agencijama Evropske unije, saop\u0161teno je iz Uprave za ljuske resurse.","og_url":"https:\/\/dmcsrb.com\/en\/drustvo\/zapocet-drugi-ciklus-programa-obuka-ready4eu-za-rad-u-institucijama-tijelima-i-agencijama-evropske-unije\/","og_site_name":"dmcsrb.com","article_published_time":"2025-10-28T15:23:00+00:00","og_image":[{"width":1000,"height":555,"url":"https:\/\/dmcsrb.com\/wp-content\/uploads\/2026\/01\/ULJR.webp","type":"image\/jpeg"}],"author":"dmcsrbija.com@gmail.com","twitter_card":"summary_large_image","twitter_misc":{"Written by":"dmcsrbija.com@gmail.com","Estimated reading time":"4 minutes"},"schema":{"@context":"https:\/\/schema.org","@graph":[{"@type":"Article","@id":"https:\/\/dmcsrb.com\/drustvo\/zapocet-drugi-ciklus-programa-obuka-ready4eu-za-rad-u-institucijama-tijelima-i-agencijama-evropske-unije\/#article","isPartOf":{"@id":"https:\/\/dmcsrb.com\/drustvo\/zapocet-drugi-ciklus-programa-obuka-ready4eu-za-rad-u-institucijama-tijelima-i-agencijama-evropske-unije\/"},"author":{"name":"dmcsrbija.com@gmail.com","@id":"https:\/\/dmcsrb.com\/#\/schema\/person\/5c39170f12db1b8b457732d0b5c854e2"},"headline":"Zapo\u010det drugi ciklus programa obuka \u201eReady4EU\u201c za rad u institucijama, tijelima i agencijama Evropske unije","datePublished":"2025-10-28T15:23:00+00:00","mainEntityOfPage":{"@id":"https:\/\/dmcsrb.com\/drustvo\/zapocet-drugi-ciklus-programa-obuka-ready4eu-za-rad-u-institucijama-tijelima-i-agencijama-evropske-unije\/"},"wordCount":803,"commentCount":0,"image":{"@id":"https:\/\/dmcsrb.com\/drustvo\/zapocet-drugi-ciklus-programa-obuka-ready4eu-za-rad-u-institucijama-tijelima-i-agencijama-evropske-unije\/#primaryimage"},"thumbnailUrl":"https:\/\/dmcsrb.com\/wp-content\/uploads\/2026\/01\/ULJR.webp","keywords":["Dr\u017eavni slu\u017ebenici","obuka","Ready4EU"],"articleSection":["Dru\u0161tvo"],"inLanguage":"en-GB","potentialAction":[{"@type":"CommentAction","name":"Comment","target":["https:\/\/dmcsrb.com\/drustvo\/zapocet-drugi-ciklus-programa-obuka-ready4eu-za-rad-u-institucijama-tijelima-i-agencijama-evropske-unije\/#respond"]}]},{"@type":"WebPage","@id":"https:\/\/dmcsrb.com\/drustvo\/zapocet-drugi-ciklus-programa-obuka-ready4eu-za-rad-u-institucijama-tijelima-i-agencijama-evropske-unije\/","url":"https:\/\/dmcsrb.com\/drustvo\/zapocet-drugi-ciklus-programa-obuka-ready4eu-za-rad-u-institucijama-tijelima-i-agencijama-evropske-unije\/","name":"Zapo\u010det drugi ciklus programa obuka \u201eReady4EU\u201c za rad u institucijama, tijelima i agencijama Evropske unije - dmcsrb.com","isPartOf":{"@id":"https:\/\/dmcsrb.com\/#website"},"primaryImageOfPage":{"@id":"https:\/\/dmcsrb.com\/drustvo\/zapocet-drugi-ciklus-programa-obuka-ready4eu-za-rad-u-institucijama-tijelima-i-agencijama-evropske-unije\/#primaryimage"},"image":{"@id":"https:\/\/dmcsrb.com\/drustvo\/zapocet-drugi-ciklus-programa-obuka-ready4eu-za-rad-u-institucijama-tijelima-i-agencijama-evropske-unije\/#primaryimage"},"thumbnailUrl":"https:\/\/dmcsrb.com\/wp-content\/uploads\/2026\/01\/ULJR.webp","datePublished":"2025-10-28T15:23:00+00:00","author":{"@id":"https:\/\/dmcsrb.com\/#\/schema\/person\/5c39170f12db1b8b457732d0b5c854e2"},"breadcrumb":{"@id":"https:\/\/dmcsrb.com\/drustvo\/zapocet-drugi-ciklus-programa-obuka-ready4eu-za-rad-u-institucijama-tijelima-i-agencijama-evropske-unije\/#breadcrumb"},"inLanguage":"en-GB","potentialAction":[{"@type":"ReadAction","target":["https:\/\/dmcsrb.com\/drustvo\/zapocet-drugi-ciklus-programa-obuka-ready4eu-za-rad-u-institucijama-tijelima-i-agencijama-evropske-unije\/"]}]},{"@type":"ImageObject","inLanguage":"en-GB","@id":"https:\/\/dmcsrb.com\/drustvo\/zapocet-drugi-ciklus-programa-obuka-ready4eu-za-rad-u-institucijama-tijelima-i-agencijama-evropske-unije\/#primaryimage","url":"https:\/\/dmcsrb.com\/wp-content\/uploads\/2026\/01\/ULJR.webp","contentUrl":"https:\/\/dmcsrb.com\/wp-content\/uploads\/2026\/01\/ULJR.webp","width":1000,"height":555},{"@type":"BreadcrumbList","@id":"https:\/\/dmcsrb.com\/drustvo\/zapocet-drugi-ciklus-programa-obuka-ready4eu-za-rad-u-institucijama-tijelima-i-agencijama-evropske-unije\/#breadcrumb","itemListElement":[{"@type":"ListItem","position":1,"name":"Home","item":"https:\/\/dmcsrb.com\/"},{"@type":"ListItem","position":2,"name":"Zapo\u010det drugi ciklus programa obuka \u201eReady4EU\u201c za rad u institucijama, tijelima i agencijama Evropske unije"}]},{"@type":"WebSite","@id":"https:\/\/dmcsrb.com\/#website","url":"https:\/\/dmcsrb.com\/","name":"dmcsrb.com","description":"","potentialAction":[{"@type":"SearchAction","target":{"@type":"EntryPoint","urlTemplate":"https:\/\/dmcsrb.com\/?s={search_term_string}"},"query-input":{"@type":"PropertyValueSpecification","valueRequired":true,"valueName":"search_term_string"}}],"inLanguage":"en-GB"},{"@type":"Person","@id":"https:\/\/dmcsrb.com\/#\/schema\/person\/5c39170f12db1b8b457732d0b5c854e2","name":"dmcsrbija.com@gmail.com","image":{"@type":"ImageObject","inLanguage":"en-GB","@id":"https:\/\/secure.gravatar.com\/avatar\/68592660ad6347fad0fb587f8d5d8f1a7b44961362f56e4f2cd524feb87e9069?s=96&d=mm&r=g","url":"https:\/\/secure.gravatar.com\/avatar\/68592660ad6347fad0fb587f8d5d8f1a7b44961362f56e4f2cd524feb87e9069?s=96&d=mm&r=g","contentUrl":"https:\/\/secure.gravatar.com\/avatar\/68592660ad6347fad0fb587f8d5d8f1a7b44961362f56e4f2cd524feb87e9069?s=96&d=mm&r=g","caption":"dmcsrbija.com@gmail.com"},"sameAs":["https:\/\/dmcsrb.com"],"url":"https:\/\/dmcsrb.com\/en\/author\/dmcsrbija-comgmail-com\/"}]}},"_links":{"self":[{"href":"https:\/\/dmcsrb.com\/en\/wp-json\/wp\/v2\/posts\/960482","targetHints":{"allow":["GET"]}}],"collection":[{"href":"https:\/\/dmcsrb.com\/en\/wp-json\/wp\/v2\/posts"}],"about":[{"href":"https:\/\/dmcsrb.com\/en\/wp-json\/wp\/v2\/types\/post"}],"author":[{"embeddable":true,"href":"https:\/\/dmcsrb.com\/en\/wp-json\/wp\/v2\/users\/1"}],"replies":[{"embeddable":true,"href":"https:\/\/dmcsrb.com\/en\/wp-json\/wp\/v2\/comments?post=960482"}],"version-history":[{"count":0,"href":"https:\/\/dmcsrb.com\/en\/wp-json\/wp\/v2\/posts\/960482\/revisions"}],"wp:featuredmedia":[{"embeddable":true,"href":"https:\/\/dmcsrb.com\/en\/wp-json\/wp\/v2\/media\/960483"}],"wp:attachment":[{"href":"https:\/\/dmcsrb.com\/en\/wp-json\/wp\/v2\/media?parent=960482"}],"wp:term":[{"taxonomy":"category","embeddable":true,"href":"https:\/\/dmcsrb.com\/en\/wp-json\/wp\/v2\/categories?post=960482"},{"taxonomy":"post_tag","embeddable":true,"href":"https:\/\/dmcsrb.com\/en\/wp-json\/wp\/v2\/tags?post=960482"},{"taxonomy":"naslovna","embeddable":true,"href":"https:\/\/dmcsrb.com\/en\/wp-json\/wp\/v2\/naslovna?post=960482"}],"curies":[{"name":"wp","href":"https:\/\/api.w.org\/{rel}","templated":true}]}}