{"id":960472,"date":"2025-10-28T12:12:00","date_gmt":"2025-10-28T11:12:00","guid":{"rendered":"https:\/\/dmcsrb.com\/uncategorized\/crnogorska-delegacija-ucestvovala-u-radu-kongresa-svjetske-meteoroloske-organizacije\/"},"modified":"2025-10-28T12:12:00","modified_gmt":"2025-10-28T11:12:00","slug":"crnogorska-delegacija-ucestvovala-u-radu-kongresa-svjetske-meteoroloske-organizacije","status":"publish","type":"post","link":"https:\/\/dmcsrb.com\/en\/drustvo\/crnogorska-delegacija-ucestvovala-u-radu-kongresa-svjetske-meteoroloske-organizacije\/","title":{"rendered":"Crnogorska delegacija u\u010destvovala u radu Kongresa Svjetske meteorolo\u0161ke organizacije"},"content":{"rendered":"<p><\/p>\n\n\n\n<p>Vanredna sjednica Kongresa, koju je otvorio Dr. Abdulla Al Mandous, predsjednik Svjetske meteorolo\u0161ke organizacije, okupila je predstavnike zemalja \u010dlanica s ciljem razmatranja klju\u010dnih pitanja u vezi s unapre\u0111enjem globalnog meteorolo\u0161kog, hidrolo\u0161kog i klimatskog sistema, kao i ja\u010danjem me\u0111unarodne saradnje u oblasti pra\u0107enja i predvi\u0111anja vremenskih i klimatskih pojava.<\/p>\n\n\n\n<p>Tokom sjednice, delegati su razmatrali niz tema od zna\u010daja za budu\u0107i rad Organizacije, uklju\u010duju\u0107i ja\u010danje kapaciteta nacionalnih slu\u017ebi, razvoj novih tehnologija za pravovremeno upozoravanje na ekstremne vremenske i klimatske doga\u0111aje, kao i primjenu modela zasnovanih na vje\u0161ta\u010dkoj inteligenciji (AI) za unapre\u0111enje preciznosti prognoza i ranog upozoravanja.<\/p>\n\n\n\n<p>Delegaciju Crne Gore predvodila je Du\u0161ica Brnovi\u0107, direktorica i stalna predstavnica Crne Gore pri WMO, iz Zavoda za hidrometeorologiju i seizmologiju. U radu sjednice u\u010destvovali su i Ljubodrag Samard\u017ei\u0107, v.d. pomo\u0107nika direktora, i Biljana Kilibarda, savjetnica u Zavodu za hidrometeorologiju i seizmologiju.<\/p>\n\n\n\n<p>U okviru Vanredne sjednice, gospo\u0111a Brnovi\u0107 je, zajedno s ostalim \u010dlanovima delegacije, u\u010destvovala na doga\u0111aju na visokom nivou posve\u0107enom inicijativi EW4All i ulozi nacionalnih meteorolo\u0161kih i hidrolo\u0161kih slu\u017ebi (NMHS). Doga\u0111aju su prisustvovali i predstavnici Stalne misije Crne Gore pri Ujedinjenim nacijama i drugim me\u0111unarodnim organizacijama sa sjedi\u0161tem u \u017denevi\u2013 ambasadorka Slavica Mila\u010di\u0107 i Milo\u0161 Markovi\u0107, II sekretar.<\/p>\n\n\n\n<p>U svom obra\u0107anju na high-level segmentu Vanredne sjednice, dr Celeste Saulo, generalna sekretarka SMO-a, naglasila je klju\u010dnu ulogu inicijative \u201eRano upozorenje za sve\u201c (EW4All) i istakla zna\u010daj globalne saradnje me\u0111u zemljama \u010dlanicama u ja\u010danju kapaciteta nacionalnih meteorolo\u0161kih i hidrolo\u0161kih slu\u017ebi. Ona je posebno podvukla potrebu za digitalnom transformacijom meteorolo\u0161kih sistema, unapre\u0111enjem razmjene podataka i nau\u010dno-istra\u017eiva\u010dke saradnje, kako bi se osigurala pravovremena upozorenja i za\u0161titili \u017eivoti i imovina gra\u0111ana \u0161irom svijeta.<\/p>\n\n\n\n<p>U\u010de\u0161\u0107e Crne Gore na ovom zna\u010dajnom me\u0111unarodnom skupu doprinijelo je ja\u010danju saradnje sa dr\u017eavama \u010dlanicama SMO-a i me\u0111unarodnim partnerima, te omogu\u0107ilo razmjenu iskustava i znanja u cilju daljeg unapre\u0111enja nacionalnog sistema za pra\u0107enje meteorolo\u0161kih i hidrolo\u0161kih pojava i efikasnijeg prilago\u0111avanja klimatskim promjenama.<\/p>\n\n\n\n<p>Ovo u\u010de\u0161\u0107e dodatno osna\u017euje kapacitete Crne Gore za aktivno uklju\u010divanje u budu\u0107e inicijative i projekte SMO-a, posebno u oblasti ranog upozoravanja, unapre\u0111enja nacionalnih sistema za klimatsku i meteorolo\u0161ku sigurnost i primjene AI tehnologija u meteorologiji i klimatskim predvi\u0111anjima.<\/p>\n\n\n\n<p><\/p>","protected":false},"excerpt":{"rendered":"<p>Delegacija Crne Gore u\u010destvovala je na Vanrednoj sjednici Kongresa Svjetske meteorolo\u0161ke organizacije (SMO) koja je odr\u017eana u \u017denevi, saop\u0161teno je iz ZHMSCG.<\/p>","protected":false},"author":1,"featured_media":960473,"comment_status":"open","ping_status":"open","sticky":false,"template":"","format":"standard","meta":{"_acf_changed":false,"footnotes":""},"categories":[2],"tags":[95,1488,1489,12764,6698,632],"naslovna":[],"class_list":["post-960472","post","type-post","status-publish","format-standard","has-post-thumbnail","hentry","category-drustvo","tag-crna-gora","tag-delegacija","tag-kongres","tag-smo","tag-zeneva","tag-zhms"],"acf":[],"yoast_head":"<!-- This site is optimized with the Yoast SEO plugin v27.0 - https:\/\/yoast.com\/product\/yoast-seo-wordpress\/ -->\n<title>Crnogorska delegacija u\u010destvovala u radu Kongresa Svjetske meteorolo\u0161ke organizacije - dmcsrb.com<\/title>\n<meta name=\"robots\" content=\"index, follow, max-snippet:-1, max-image-preview:large, max-video-preview:-1\" \/>\n<link rel=\"canonical\" href=\"https:\/\/dmcsrb.com\/en\/drustvo\/crnogorska-delegacija-ucestvovala-u-radu-kongresa-svjetske-meteoroloske-organizacije\/\" \/>\n<meta property=\"og:locale\" content=\"en_GB\" \/>\n<meta property=\"og:type\" content=\"article\" \/>\n<meta property=\"og:title\" content=\"Crnogorska delegacija u\u010destvovala u radu Kongresa Svjetske meteorolo\u0161ke organizacije - dmcsrb.com\" \/>\n<meta property=\"og:description\" content=\"Delegacija Crne Gore u\u010destvovala je na Vanrednoj sjednici Kongresa Svjetske meteorolo\u0161ke organizacije (SMO) koja je odr\u017eana u \u017denevi, saop\u0161teno je iz ZHMSCG.\" \/>\n<meta property=\"og:url\" content=\"https:\/\/dmcsrb.com\/en\/drustvo\/crnogorska-delegacija-ucestvovala-u-radu-kongresa-svjetske-meteoroloske-organizacije\/\" \/>\n<meta property=\"og:site_name\" content=\"dmcsrb.com\" \/>\n<meta property=\"article:published_time\" content=\"2025-10-28T11:12:00+00:00\" \/>\n<meta property=\"og:image\" content=\"https:\/\/dmcsrb.com\/wp-content\/uploads\/2026\/01\/ZHMS-1.webp\" \/>\n\t<meta property=\"og:image:width\" content=\"1600\" \/>\n\t<meta property=\"og:image:height\" content=\"747\" \/>\n\t<meta property=\"og:image:type\" content=\"image\/jpeg\" \/>\n<meta name=\"author\" content=\"dmcsrbija.com@gmail.com\" \/>\n<meta name=\"twitter:card\" content=\"summary_large_image\" \/>\n<meta name=\"twitter:label1\" content=\"Written by\" \/>\n\t<meta name=\"twitter:data1\" content=\"dmcsrbija.com@gmail.com\" \/>\n\t<meta name=\"twitter:label2\" content=\"Estimated reading time\" \/>\n\t<meta name=\"twitter:data2\" content=\"2 minutes\" \/>\n<script type=\"application\/ld+json\" class=\"yoast-schema-graph\">{\"@context\":\"https:\/\/schema.org\",\"@graph\":[{\"@type\":\"Article\",\"@id\":\"https:\/\/dmcsrb.com\/en\/drustvo\/crnogorska-delegacija-ucestvovala-u-radu-kongresa-svjetske-meteoroloske-organizacije\/#article\",\"isPartOf\":{\"@id\":\"https:\/\/dmcsrb.com\/en\/drustvo\/crnogorska-delegacija-ucestvovala-u-radu-kongresa-svjetske-meteoroloske-organizacije\/\"},\"author\":{\"name\":\"dmcsrbija.com@gmail.com\",\"@id\":\"https:\/\/dmcsrb.com\/#\/schema\/person\/5c39170f12db1b8b457732d0b5c854e2\"},\"headline\":\"Crnogorska delegacija u\u010destvovala u radu Kongresa Svjetske meteorolo\u0161ke organizacije\",\"datePublished\":\"2025-10-28T11:12:00+00:00\",\"mainEntityOfPage\":{\"@id\":\"https:\/\/dmcsrb.com\/en\/drustvo\/crnogorska-delegacija-ucestvovala-u-radu-kongresa-svjetske-meteoroloske-organizacije\/\"},\"wordCount\":427,\"commentCount\":0,\"image\":{\"@id\":\"https:\/\/dmcsrb.com\/en\/drustvo\/crnogorska-delegacija-ucestvovala-u-radu-kongresa-svjetske-meteoroloske-organizacije\/#primaryimage\"},\"thumbnailUrl\":\"https:\/\/dmcsrb.com\/wp-content\/uploads\/2026\/01\/ZHMS-1.webp\",\"keywords\":[\"Crna Gora\",\"delegacija\",\"kongres\",\"SMO\",\"\u017deneva\",\"ZHMS\"],\"articleSection\":[\"Dru\u0161tvo\"],\"inLanguage\":\"en-GB\",\"potentialAction\":[{\"@type\":\"CommentAction\",\"name\":\"Comment\",\"target\":[\"https:\/\/dmcsrb.com\/en\/drustvo\/crnogorska-delegacija-ucestvovala-u-radu-kongresa-svjetske-meteoroloske-organizacije\/#respond\"]}]},{\"@type\":\"WebPage\",\"@id\":\"https:\/\/dmcsrb.com\/en\/drustvo\/crnogorska-delegacija-ucestvovala-u-radu-kongresa-svjetske-meteoroloske-organizacije\/\",\"url\":\"https:\/\/dmcsrb.com\/en\/drustvo\/crnogorska-delegacija-ucestvovala-u-radu-kongresa-svjetske-meteoroloske-organizacije\/\",\"name\":\"Crnogorska delegacija u\u010destvovala u radu Kongresa Svjetske meteorolo\u0161ke organizacije - dmcsrb.com\",\"isPartOf\":{\"@id\":\"https:\/\/dmcsrb.com\/#website\"},\"primaryImageOfPage\":{\"@id\":\"https:\/\/dmcsrb.com\/en\/drustvo\/crnogorska-delegacija-ucestvovala-u-radu-kongresa-svjetske-meteoroloske-organizacije\/#primaryimage\"},\"image\":{\"@id\":\"https:\/\/dmcsrb.com\/en\/drustvo\/crnogorska-delegacija-ucestvovala-u-radu-kongresa-svjetske-meteoroloske-organizacije\/#primaryimage\"},\"thumbnailUrl\":\"https:\/\/dmcsrb.com\/wp-content\/uploads\/2026\/01\/ZHMS-1.webp\",\"datePublished\":\"2025-10-28T11:12:00+00:00\",\"author\":{\"@id\":\"https:\/\/dmcsrb.com\/#\/schema\/person\/5c39170f12db1b8b457732d0b5c854e2\"},\"breadcrumb\":{\"@id\":\"https:\/\/dmcsrb.com\/en\/drustvo\/crnogorska-delegacija-ucestvovala-u-radu-kongresa-svjetske-meteoroloske-organizacije\/#breadcrumb\"},\"inLanguage\":\"en-GB\",\"potentialAction\":[{\"@type\":\"ReadAction\",\"target\":[\"https:\/\/dmcsrb.com\/en\/drustvo\/crnogorska-delegacija-ucestvovala-u-radu-kongresa-svjetske-meteoroloske-organizacije\/\"]}]},{\"@type\":\"ImageObject\",\"inLanguage\":\"en-GB\",\"@id\":\"https:\/\/dmcsrb.com\/en\/drustvo\/crnogorska-delegacija-ucestvovala-u-radu-kongresa-svjetske-meteoroloske-organizacije\/#primaryimage\",\"url\":\"https:\/\/dmcsrb.com\/wp-content\/uploads\/2026\/01\/ZHMS-1.webp\",\"contentUrl\":\"https:\/\/dmcsrb.com\/wp-content\/uploads\/2026\/01\/ZHMS-1.webp\",\"width\":1600,\"height\":747},{\"@type\":\"BreadcrumbList\",\"@id\":\"https:\/\/dmcsrb.com\/en\/drustvo\/crnogorska-delegacija-ucestvovala-u-radu-kongresa-svjetske-meteoroloske-organizacije\/#breadcrumb\",\"itemListElement\":[{\"@type\":\"ListItem\",\"position\":1,\"name\":\"Home\",\"item\":\"https:\/\/dmcsrb.com\/\"},{\"@type\":\"ListItem\",\"position\":2,\"name\":\"Crnogorska delegacija u\u010destvovala u radu Kongresa Svjetske meteorolo\u0161ke organizacije\"}]},{\"@type\":\"WebSite\",\"@id\":\"https:\/\/dmcsrb.com\/#website\",\"url\":\"https:\/\/dmcsrb.com\/\",\"name\":\"dmcsrb.com\",\"description\":\"\",\"potentialAction\":[{\"@type\":\"SearchAction\",\"target\":{\"@type\":\"EntryPoint\",\"urlTemplate\":\"https:\/\/dmcsrb.com\/?s={search_term_string}\"},\"query-input\":{\"@type\":\"PropertyValueSpecification\",\"valueRequired\":true,\"valueName\":\"search_term_string\"}}],\"inLanguage\":\"en-GB\"},{\"@type\":\"Person\",\"@id\":\"https:\/\/dmcsrb.com\/#\/schema\/person\/5c39170f12db1b8b457732d0b5c854e2\",\"name\":\"dmcsrbija.com@gmail.com\",\"image\":{\"@type\":\"ImageObject\",\"inLanguage\":\"en-GB\",\"@id\":\"https:\/\/dmcsrb.com\/#\/schema\/person\/image\/\",\"url\":\"https:\/\/secure.gravatar.com\/avatar\/68592660ad6347fad0fb587f8d5d8f1a7b44961362f56e4f2cd524feb87e9069?s=96&d=mm&r=g\",\"contentUrl\":\"https:\/\/secure.gravatar.com\/avatar\/68592660ad6347fad0fb587f8d5d8f1a7b44961362f56e4f2cd524feb87e9069?s=96&d=mm&r=g\",\"caption\":\"dmcsrbija.com@gmail.com\"},\"sameAs\":[\"https:\/\/dmcsrb.com\"],\"url\":\"https:\/\/dmcsrb.com\/en\/author\/dmcsrbija-comgmail-com\/\"}]}<\/script>\n<!-- \/ Yoast SEO plugin. -->","yoast_head_json":{"title":"Crnogorska delegacija u\u010destvovala u radu Kongresa Svjetske meteorolo\u0161ke organizacije - dmcsrb.com","robots":{"index":"index","follow":"follow","max-snippet":"max-snippet:-1","max-image-preview":"max-image-preview:large","max-video-preview":"max-video-preview:-1"},"canonical":"https:\/\/dmcsrb.com\/en\/drustvo\/crnogorska-delegacija-ucestvovala-u-radu-kongresa-svjetske-meteoroloske-organizacije\/","og_locale":"en_GB","og_type":"article","og_title":"Crnogorska delegacija u\u010destvovala u radu Kongresa Svjetske meteorolo\u0161ke organizacije - dmcsrb.com","og_description":"Delegacija Crne Gore u\u010destvovala je na Vanrednoj sjednici Kongresa Svjetske meteorolo\u0161ke organizacije (SMO) koja je odr\u017eana u \u017denevi, saop\u0161teno je iz ZHMSCG.","og_url":"https:\/\/dmcsrb.com\/en\/drustvo\/crnogorska-delegacija-ucestvovala-u-radu-kongresa-svjetske-meteoroloske-organizacije\/","og_site_name":"dmcsrb.com","article_published_time":"2025-10-28T11:12:00+00:00","og_image":[{"width":1600,"height":747,"url":"https:\/\/dmcsrb.com\/wp-content\/uploads\/2026\/01\/ZHMS-1.webp","type":"image\/jpeg"}],"author":"dmcsrbija.com@gmail.com","twitter_card":"summary_large_image","twitter_misc":{"Written by":"dmcsrbija.com@gmail.com","Estimated reading time":"2 minutes"},"schema":{"@context":"https:\/\/schema.org","@graph":[{"@type":"Article","@id":"https:\/\/dmcsrb.com\/en\/drustvo\/crnogorska-delegacija-ucestvovala-u-radu-kongresa-svjetske-meteoroloske-organizacije\/#article","isPartOf":{"@id":"https:\/\/dmcsrb.com\/en\/drustvo\/crnogorska-delegacija-ucestvovala-u-radu-kongresa-svjetske-meteoroloske-organizacije\/"},"author":{"name":"dmcsrbija.com@gmail.com","@id":"https:\/\/dmcsrb.com\/#\/schema\/person\/5c39170f12db1b8b457732d0b5c854e2"},"headline":"Crnogorska delegacija u\u010destvovala u radu Kongresa Svjetske meteorolo\u0161ke organizacije","datePublished":"2025-10-28T11:12:00+00:00","mainEntityOfPage":{"@id":"https:\/\/dmcsrb.com\/en\/drustvo\/crnogorska-delegacija-ucestvovala-u-radu-kongresa-svjetske-meteoroloske-organizacije\/"},"wordCount":427,"commentCount":0,"image":{"@id":"https:\/\/dmcsrb.com\/en\/drustvo\/crnogorska-delegacija-ucestvovala-u-radu-kongresa-svjetske-meteoroloske-organizacije\/#primaryimage"},"thumbnailUrl":"https:\/\/dmcsrb.com\/wp-content\/uploads\/2026\/01\/ZHMS-1.webp","keywords":["Crna Gora","delegacija","kongres","SMO","\u017deneva","ZHMS"],"articleSection":["Dru\u0161tvo"],"inLanguage":"en-GB","potentialAction":[{"@type":"CommentAction","name":"Comment","target":["https:\/\/dmcsrb.com\/en\/drustvo\/crnogorska-delegacija-ucestvovala-u-radu-kongresa-svjetske-meteoroloske-organizacije\/#respond"]}]},{"@type":"WebPage","@id":"https:\/\/dmcsrb.com\/en\/drustvo\/crnogorska-delegacija-ucestvovala-u-radu-kongresa-svjetske-meteoroloske-organizacije\/","url":"https:\/\/dmcsrb.com\/en\/drustvo\/crnogorska-delegacija-ucestvovala-u-radu-kongresa-svjetske-meteoroloske-organizacije\/","name":"Crnogorska delegacija u\u010destvovala u radu Kongresa Svjetske meteorolo\u0161ke organizacije - dmcsrb.com","isPartOf":{"@id":"https:\/\/dmcsrb.com\/#website"},"primaryImageOfPage":{"@id":"https:\/\/dmcsrb.com\/en\/drustvo\/crnogorska-delegacija-ucestvovala-u-radu-kongresa-svjetske-meteoroloske-organizacije\/#primaryimage"},"image":{"@id":"https:\/\/dmcsrb.com\/en\/drustvo\/crnogorska-delegacija-ucestvovala-u-radu-kongresa-svjetske-meteoroloske-organizacije\/#primaryimage"},"thumbnailUrl":"https:\/\/dmcsrb.com\/wp-content\/uploads\/2026\/01\/ZHMS-1.webp","datePublished":"2025-10-28T11:12:00+00:00","author":{"@id":"https:\/\/dmcsrb.com\/#\/schema\/person\/5c39170f12db1b8b457732d0b5c854e2"},"breadcrumb":{"@id":"https:\/\/dmcsrb.com\/en\/drustvo\/crnogorska-delegacija-ucestvovala-u-radu-kongresa-svjetske-meteoroloske-organizacije\/#breadcrumb"},"inLanguage":"en-GB","potentialAction":[{"@type":"ReadAction","target":["https:\/\/dmcsrb.com\/en\/drustvo\/crnogorska-delegacija-ucestvovala-u-radu-kongresa-svjetske-meteoroloske-organizacije\/"]}]},{"@type":"ImageObject","inLanguage":"en-GB","@id":"https:\/\/dmcsrb.com\/en\/drustvo\/crnogorska-delegacija-ucestvovala-u-radu-kongresa-svjetske-meteoroloske-organizacije\/#primaryimage","url":"https:\/\/dmcsrb.com\/wp-content\/uploads\/2026\/01\/ZHMS-1.webp","contentUrl":"https:\/\/dmcsrb.com\/wp-content\/uploads\/2026\/01\/ZHMS-1.webp","width":1600,"height":747},{"@type":"BreadcrumbList","@id":"https:\/\/dmcsrb.com\/en\/drustvo\/crnogorska-delegacija-ucestvovala-u-radu-kongresa-svjetske-meteoroloske-organizacije\/#breadcrumb","itemListElement":[{"@type":"ListItem","position":1,"name":"Home","item":"https:\/\/dmcsrb.com\/"},{"@type":"ListItem","position":2,"name":"Crnogorska delegacija u\u010destvovala u radu Kongresa Svjetske meteorolo\u0161ke organizacije"}]},{"@type":"WebSite","@id":"https:\/\/dmcsrb.com\/#website","url":"https:\/\/dmcsrb.com\/","name":"dmcsrb.com","description":"","potentialAction":[{"@type":"SearchAction","target":{"@type":"EntryPoint","urlTemplate":"https:\/\/dmcsrb.com\/?s={search_term_string}"},"query-input":{"@type":"PropertyValueSpecification","valueRequired":true,"valueName":"search_term_string"}}],"inLanguage":"en-GB"},{"@type":"Person","@id":"https:\/\/dmcsrb.com\/#\/schema\/person\/5c39170f12db1b8b457732d0b5c854e2","name":"dmcsrbija.com@gmail.com","image":{"@type":"ImageObject","inLanguage":"en-GB","@id":"https:\/\/dmcsrb.com\/#\/schema\/person\/image\/","url":"https:\/\/secure.gravatar.com\/avatar\/68592660ad6347fad0fb587f8d5d8f1a7b44961362f56e4f2cd524feb87e9069?s=96&d=mm&r=g","contentUrl":"https:\/\/secure.gravatar.com\/avatar\/68592660ad6347fad0fb587f8d5d8f1a7b44961362f56e4f2cd524feb87e9069?s=96&d=mm&r=g","caption":"dmcsrbija.com@gmail.com"},"sameAs":["https:\/\/dmcsrb.com"],"url":"https:\/\/dmcsrb.com\/en\/author\/dmcsrbija-comgmail-com\/"}]}},"_links":{"self":[{"href":"https:\/\/dmcsrb.com\/en\/wp-json\/wp\/v2\/posts\/960472","targetHints":{"allow":["GET"]}}],"collection":[{"href":"https:\/\/dmcsrb.com\/en\/wp-json\/wp\/v2\/posts"}],"about":[{"href":"https:\/\/dmcsrb.com\/en\/wp-json\/wp\/v2\/types\/post"}],"author":[{"embeddable":true,"href":"https:\/\/dmcsrb.com\/en\/wp-json\/wp\/v2\/users\/1"}],"replies":[{"embeddable":true,"href":"https:\/\/dmcsrb.com\/en\/wp-json\/wp\/v2\/comments?post=960472"}],"version-history":[{"count":0,"href":"https:\/\/dmcsrb.com\/en\/wp-json\/wp\/v2\/posts\/960472\/revisions"}],"wp:featuredmedia":[{"embeddable":true,"href":"https:\/\/dmcsrb.com\/en\/wp-json\/wp\/v2\/media\/960473"}],"wp:attachment":[{"href":"https:\/\/dmcsrb.com\/en\/wp-json\/wp\/v2\/media?parent=960472"}],"wp:term":[{"taxonomy":"category","embeddable":true,"href":"https:\/\/dmcsrb.com\/en\/wp-json\/wp\/v2\/categories?post=960472"},{"taxonomy":"post_tag","embeddable":true,"href":"https:\/\/dmcsrb.com\/en\/wp-json\/wp\/v2\/tags?post=960472"},{"taxonomy":"naslovna","embeddable":true,"href":"https:\/\/dmcsrb.com\/en\/wp-json\/wp\/v2\/naslovna?post=960472"}],"curies":[{"name":"wp","href":"https:\/\/api.w.org\/{rel}","templated":true}]}}