{"id":960459,"date":"2025-10-28T10:42:00","date_gmt":"2025-10-28T09:42:00","guid":{"rendered":"https:\/\/dmcsrb.com\/uncategorized\/orban-tvrdi-mirovni-sporazum-ce-biti-potpisan-u-budimpesti\/"},"modified":"2025-10-28T10:42:00","modified_gmt":"2025-10-28T09:42:00","slug":"orban-tvrdi-mirovni-sporazum-ce-biti-potpisan-u-budimpesti","status":"publish","type":"post","link":"https:\/\/dmcsrb.com\/en\/svijet\/orban-tvrdi-mirovni-sporazum-ce-biti-potpisan-u-budimpesti\/","title":{"rendered":"Orban tvrdi: Mirovni sporazum \u0107e biti potpisan u Budimpe\u0161ti"},"content":{"rendered":"<p><a href=\"https:\/\/www.facebook.com\/share.php?u=https:\/\/rts.rs\/lat\/vesti\/ratu-u-ukrajini\/5814987\/rat-u-ukrajini--1343-dan-28-oktobar-2025-rusija.html?sid=594019\"><\/a><a href=\"https:\/\/twitter.com\/share\"><\/a><a href=\"https:\/\/www.linkedin.com\/shareArticle?mini=true&amp;url=https:\/\/rts.rs\/lat\/vesti\/ratu-u-ukrajini\/5814987\/rat-u-ukrajini--1343-dan-28-oktobar-2025-rusija.html?sid=594019&amp;title=&amp;source=rts.rs\"><\/a><\/p>\n\n\n\n<p>Mirovni sporazum za rusko-ukrajinski rat bi\u0107e potpisan u Budimpe\u0161ti, rekao je Orban u ekskluzivnom intervjuu za&nbsp;<em>M1.<\/em><\/p>\n\n\n\n<p>\u0160ef ma\u0111arske vlade, ka\u017ee da \u0107e se samit u Budimpe\u0161ti odr\u017eati, ali da je njegov datum za sada odlo\u017een.<\/p>\n\n\n\n<p>&#8220;Ono \u0161to se odla\u017ee, ipak \u0107e se desiti. Pregovori su u toku i \u010dinjenica je da \u0107e se mirovni samit odr\u017eati u Budimpe\u0161ti&#8221;, naglasio je Orban.<\/p>\n\n\n\n<p>Istovremeno, nije mogao da ka\u017ee kada \u0107e se taj sastanak odr\u017eati.<\/p>\n\n\n\n<p><\/p>","protected":false},"excerpt":{"rendered":"<p>Ma\u0111arski premijer Viktor Orban tvrdi da \u0107e se samit u Budimpe\u0161ti izme\u0111u predsJednika SAD Donalda Trampa i lidera Kremlja Vladimira Putina ipak odr\u017eati,\u00a0prenosi\u00a0Indeks.<\/p>","protected":false},"author":1,"featured_media":948780,"comment_status":"open","ping_status":"open","sticky":false,"template":"","format":"standard","meta":{"_acf_changed":false,"footnotes":""},"categories":[144],"tags":[651,195,234,1844],"naslovna":[],"class_list":["post-960459","post","type-post","status-publish","format-standard","has-post-thumbnail","hentry","category-svijet","tag-rusija","tag-sad","tag-ukrajina","tag-viktor-orban"],"acf":[],"yoast_head":"<!-- This site is optimized with the Yoast SEO plugin v27.4 - https:\/\/yoast.com\/product\/yoast-seo-wordpress\/ -->\n<title>Orban tvrdi: Mirovni sporazum \u0107e biti potpisan u Budimpe\u0161ti - dmcsrb.com<\/title>\n<meta name=\"robots\" content=\"index, follow, max-snippet:-1, max-image-preview:large, max-video-preview:-1\" \/>\n<link rel=\"canonical\" href=\"https:\/\/dmcsrb.com\/en\/svijet\/orban-tvrdi-mirovni-sporazum-ce-biti-potpisan-u-budimpesti\/\" \/>\n<meta property=\"og:locale\" content=\"en_GB\" \/>\n<meta property=\"og:type\" content=\"article\" \/>\n<meta property=\"og:title\" content=\"Orban tvrdi: Mirovni sporazum \u0107e biti potpisan u Budimpe\u0161ti - dmcsrb.com\" \/>\n<meta property=\"og:description\" content=\"Ma\u0111arski premijer Viktor Orban tvrdi da \u0107e se samit u Budimpe\u0161ti izme\u0111u predsJednika SAD Donalda Trampa i lidera Kremlja Vladimira Putina ipak odr\u017eati,\u00a0prenosi\u00a0Indeks.\" \/>\n<meta property=\"og:url\" content=\"https:\/\/dmcsrb.com\/en\/svijet\/orban-tvrdi-mirovni-sporazum-ce-biti-potpisan-u-budimpesti\/\" \/>\n<meta property=\"og:site_name\" content=\"dmcsrb.com\" \/>\n<meta property=\"article:published_time\" content=\"2025-10-28T09:42:00+00:00\" \/>\n<meta property=\"og:image\" content=\"https:\/\/dmcsrb.com\/wp-content\/uploads\/2026\/01\/Orban.webp\" \/>\n\t<meta property=\"og:image:width\" content=\"1280\" \/>\n\t<meta property=\"og:image:height\" content=\"670\" \/>\n\t<meta property=\"og:image:type\" content=\"image\/jpeg\" \/>\n<meta name=\"author\" content=\"dmcsrbija.com@gmail.com\" \/>\n<meta name=\"twitter:card\" content=\"summary_large_image\" \/>\n<meta name=\"twitter:label1\" content=\"Written by\" \/>\n\t<meta name=\"twitter:data1\" content=\"dmcsrbija.com@gmail.com\" \/>\n<script type=\"application\/ld+json\" class=\"yoast-schema-graph\">{\"@context\":\"https:\\\/\\\/schema.org\",\"@graph\":[{\"@type\":\"Article\",\"@id\":\"https:\\\/\\\/dmcsrb.com\\\/svijet\\\/orban-tvrdi-mirovni-sporazum-ce-biti-potpisan-u-budimpesti\\\/#article\",\"isPartOf\":{\"@id\":\"https:\\\/\\\/dmcsrb.com\\\/svijet\\\/orban-tvrdi-mirovni-sporazum-ce-biti-potpisan-u-budimpesti\\\/\"},\"author\":{\"name\":\"dmcsrbija.com@gmail.com\",\"@id\":\"https:\\\/\\\/dmcsrb.com\\\/#\\\/schema\\\/person\\\/5c39170f12db1b8b457732d0b5c854e2\"},\"headline\":\"Orban tvrdi: Mirovni sporazum \u0107e biti potpisan u Budimpe\u0161ti\",\"datePublished\":\"2025-10-28T09:42:00+00:00\",\"mainEntityOfPage\":{\"@id\":\"https:\\\/\\\/dmcsrb.com\\\/svijet\\\/orban-tvrdi-mirovni-sporazum-ce-biti-potpisan-u-budimpesti\\\/\"},\"wordCount\":96,\"commentCount\":0,\"image\":{\"@id\":\"https:\\\/\\\/dmcsrb.com\\\/svijet\\\/orban-tvrdi-mirovni-sporazum-ce-biti-potpisan-u-budimpesti\\\/#primaryimage\"},\"thumbnailUrl\":\"https:\\\/\\\/dmcsrb.com\\\/wp-content\\\/uploads\\\/2026\\\/01\\\/Orban.webp\",\"keywords\":[\"Rusija\",\"SAD\",\"Ukrajina\",\"Viktor Orban\"],\"articleSection\":[\"Svijet\"],\"inLanguage\":\"en-GB\",\"potentialAction\":[{\"@type\":\"CommentAction\",\"name\":\"Comment\",\"target\":[\"https:\\\/\\\/dmcsrb.com\\\/svijet\\\/orban-tvrdi-mirovni-sporazum-ce-biti-potpisan-u-budimpesti\\\/#respond\"]}]},{\"@type\":\"WebPage\",\"@id\":\"https:\\\/\\\/dmcsrb.com\\\/svijet\\\/orban-tvrdi-mirovni-sporazum-ce-biti-potpisan-u-budimpesti\\\/\",\"url\":\"https:\\\/\\\/dmcsrb.com\\\/svijet\\\/orban-tvrdi-mirovni-sporazum-ce-biti-potpisan-u-budimpesti\\\/\",\"name\":\"Orban tvrdi: Mirovni sporazum \u0107e biti potpisan u Budimpe\u0161ti - dmcsrb.com\",\"isPartOf\":{\"@id\":\"https:\\\/\\\/dmcsrb.com\\\/#website\"},\"primaryImageOfPage\":{\"@id\":\"https:\\\/\\\/dmcsrb.com\\\/svijet\\\/orban-tvrdi-mirovni-sporazum-ce-biti-potpisan-u-budimpesti\\\/#primaryimage\"},\"image\":{\"@id\":\"https:\\\/\\\/dmcsrb.com\\\/svijet\\\/orban-tvrdi-mirovni-sporazum-ce-biti-potpisan-u-budimpesti\\\/#primaryimage\"},\"thumbnailUrl\":\"https:\\\/\\\/dmcsrb.com\\\/wp-content\\\/uploads\\\/2026\\\/01\\\/Orban.webp\",\"datePublished\":\"2025-10-28T09:42:00+00:00\",\"author\":{\"@id\":\"https:\\\/\\\/dmcsrb.com\\\/#\\\/schema\\\/person\\\/5c39170f12db1b8b457732d0b5c854e2\"},\"breadcrumb\":{\"@id\":\"https:\\\/\\\/dmcsrb.com\\\/svijet\\\/orban-tvrdi-mirovni-sporazum-ce-biti-potpisan-u-budimpesti\\\/#breadcrumb\"},\"inLanguage\":\"en-GB\",\"potentialAction\":[{\"@type\":\"ReadAction\",\"target\":[\"https:\\\/\\\/dmcsrb.com\\\/svijet\\\/orban-tvrdi-mirovni-sporazum-ce-biti-potpisan-u-budimpesti\\\/\"]}]},{\"@type\":\"ImageObject\",\"inLanguage\":\"en-GB\",\"@id\":\"https:\\\/\\\/dmcsrb.com\\\/svijet\\\/orban-tvrdi-mirovni-sporazum-ce-biti-potpisan-u-budimpesti\\\/#primaryimage\",\"url\":\"https:\\\/\\\/dmcsrb.com\\\/wp-content\\\/uploads\\\/2026\\\/01\\\/Orban.webp\",\"contentUrl\":\"https:\\\/\\\/dmcsrb.com\\\/wp-content\\\/uploads\\\/2026\\\/01\\\/Orban.webp\",\"width\":1280,\"height\":670},{\"@type\":\"BreadcrumbList\",\"@id\":\"https:\\\/\\\/dmcsrb.com\\\/svijet\\\/orban-tvrdi-mirovni-sporazum-ce-biti-potpisan-u-budimpesti\\\/#breadcrumb\",\"itemListElement\":[{\"@type\":\"ListItem\",\"position\":1,\"name\":\"Home\",\"item\":\"https:\\\/\\\/dmcsrb.com\\\/\"},{\"@type\":\"ListItem\",\"position\":2,\"name\":\"Orban tvrdi: Mirovni sporazum \u0107e biti potpisan u Budimpe\u0161ti\"}]},{\"@type\":\"WebSite\",\"@id\":\"https:\\\/\\\/dmcsrb.com\\\/#website\",\"url\":\"https:\\\/\\\/dmcsrb.com\\\/\",\"name\":\"dmcsrb.com\",\"description\":\"\",\"potentialAction\":[{\"@type\":\"SearchAction\",\"target\":{\"@type\":\"EntryPoint\",\"urlTemplate\":\"https:\\\/\\\/dmcsrb.com\\\/?s={search_term_string}\"},\"query-input\":{\"@type\":\"PropertyValueSpecification\",\"valueRequired\":true,\"valueName\":\"search_term_string\"}}],\"inLanguage\":\"en-GB\"},{\"@type\":\"Person\",\"@id\":\"https:\\\/\\\/dmcsrb.com\\\/#\\\/schema\\\/person\\\/5c39170f12db1b8b457732d0b5c854e2\",\"name\":\"dmcsrbija.com@gmail.com\",\"image\":{\"@type\":\"ImageObject\",\"inLanguage\":\"en-GB\",\"@id\":\"https:\\\/\\\/secure.gravatar.com\\\/avatar\\\/68592660ad6347fad0fb587f8d5d8f1a7b44961362f56e4f2cd524feb87e9069?s=96&d=mm&r=g\",\"url\":\"https:\\\/\\\/secure.gravatar.com\\\/avatar\\\/68592660ad6347fad0fb587f8d5d8f1a7b44961362f56e4f2cd524feb87e9069?s=96&d=mm&r=g\",\"contentUrl\":\"https:\\\/\\\/secure.gravatar.com\\\/avatar\\\/68592660ad6347fad0fb587f8d5d8f1a7b44961362f56e4f2cd524feb87e9069?s=96&d=mm&r=g\",\"caption\":\"dmcsrbija.com@gmail.com\"},\"sameAs\":[\"https:\\\/\\\/dmcsrb.com\"],\"url\":\"https:\\\/\\\/dmcsrb.com\\\/en\\\/author\\\/dmcsrbija-comgmail-com\\\/\"}]}<\/script>\n<!-- \/ Yoast SEO plugin. -->","yoast_head_json":{"title":"Orban tvrdi: Mirovni sporazum \u0107e biti potpisan u Budimpe\u0161ti - dmcsrb.com","robots":{"index":"index","follow":"follow","max-snippet":"max-snippet:-1","max-image-preview":"max-image-preview:large","max-video-preview":"max-video-preview:-1"},"canonical":"https:\/\/dmcsrb.com\/en\/svijet\/orban-tvrdi-mirovni-sporazum-ce-biti-potpisan-u-budimpesti\/","og_locale":"en_GB","og_type":"article","og_title":"Orban tvrdi: Mirovni sporazum \u0107e biti potpisan u Budimpe\u0161ti - dmcsrb.com","og_description":"Ma\u0111arski premijer Viktor Orban tvrdi da \u0107e se samit u Budimpe\u0161ti izme\u0111u predsJednika SAD Donalda Trampa i lidera Kremlja Vladimira Putina ipak odr\u017eati,\u00a0prenosi\u00a0Indeks.","og_url":"https:\/\/dmcsrb.com\/en\/svijet\/orban-tvrdi-mirovni-sporazum-ce-biti-potpisan-u-budimpesti\/","og_site_name":"dmcsrb.com","article_published_time":"2025-10-28T09:42:00+00:00","og_image":[{"width":1280,"height":670,"url":"https:\/\/dmcsrb.com\/wp-content\/uploads\/2026\/01\/Orban.webp","type":"image\/jpeg"}],"author":"dmcsrbija.com@gmail.com","twitter_card":"summary_large_image","twitter_misc":{"Written by":"dmcsrbija.com@gmail.com"},"schema":{"@context":"https:\/\/schema.org","@graph":[{"@type":"Article","@id":"https:\/\/dmcsrb.com\/svijet\/orban-tvrdi-mirovni-sporazum-ce-biti-potpisan-u-budimpesti\/#article","isPartOf":{"@id":"https:\/\/dmcsrb.com\/svijet\/orban-tvrdi-mirovni-sporazum-ce-biti-potpisan-u-budimpesti\/"},"author":{"name":"dmcsrbija.com@gmail.com","@id":"https:\/\/dmcsrb.com\/#\/schema\/person\/5c39170f12db1b8b457732d0b5c854e2"},"headline":"Orban tvrdi: Mirovni sporazum \u0107e biti potpisan u Budimpe\u0161ti","datePublished":"2025-10-28T09:42:00+00:00","mainEntityOfPage":{"@id":"https:\/\/dmcsrb.com\/svijet\/orban-tvrdi-mirovni-sporazum-ce-biti-potpisan-u-budimpesti\/"},"wordCount":96,"commentCount":0,"image":{"@id":"https:\/\/dmcsrb.com\/svijet\/orban-tvrdi-mirovni-sporazum-ce-biti-potpisan-u-budimpesti\/#primaryimage"},"thumbnailUrl":"https:\/\/dmcsrb.com\/wp-content\/uploads\/2026\/01\/Orban.webp","keywords":["Rusija","SAD","Ukrajina","Viktor Orban"],"articleSection":["Svijet"],"inLanguage":"en-GB","potentialAction":[{"@type":"CommentAction","name":"Comment","target":["https:\/\/dmcsrb.com\/svijet\/orban-tvrdi-mirovni-sporazum-ce-biti-potpisan-u-budimpesti\/#respond"]}]},{"@type":"WebPage","@id":"https:\/\/dmcsrb.com\/svijet\/orban-tvrdi-mirovni-sporazum-ce-biti-potpisan-u-budimpesti\/","url":"https:\/\/dmcsrb.com\/svijet\/orban-tvrdi-mirovni-sporazum-ce-biti-potpisan-u-budimpesti\/","name":"Orban tvrdi: Mirovni sporazum \u0107e biti potpisan u Budimpe\u0161ti - dmcsrb.com","isPartOf":{"@id":"https:\/\/dmcsrb.com\/#website"},"primaryImageOfPage":{"@id":"https:\/\/dmcsrb.com\/svijet\/orban-tvrdi-mirovni-sporazum-ce-biti-potpisan-u-budimpesti\/#primaryimage"},"image":{"@id":"https:\/\/dmcsrb.com\/svijet\/orban-tvrdi-mirovni-sporazum-ce-biti-potpisan-u-budimpesti\/#primaryimage"},"thumbnailUrl":"https:\/\/dmcsrb.com\/wp-content\/uploads\/2026\/01\/Orban.webp","datePublished":"2025-10-28T09:42:00+00:00","author":{"@id":"https:\/\/dmcsrb.com\/#\/schema\/person\/5c39170f12db1b8b457732d0b5c854e2"},"breadcrumb":{"@id":"https:\/\/dmcsrb.com\/svijet\/orban-tvrdi-mirovni-sporazum-ce-biti-potpisan-u-budimpesti\/#breadcrumb"},"inLanguage":"en-GB","potentialAction":[{"@type":"ReadAction","target":["https:\/\/dmcsrb.com\/svijet\/orban-tvrdi-mirovni-sporazum-ce-biti-potpisan-u-budimpesti\/"]}]},{"@type":"ImageObject","inLanguage":"en-GB","@id":"https:\/\/dmcsrb.com\/svijet\/orban-tvrdi-mirovni-sporazum-ce-biti-potpisan-u-budimpesti\/#primaryimage","url":"https:\/\/dmcsrb.com\/wp-content\/uploads\/2026\/01\/Orban.webp","contentUrl":"https:\/\/dmcsrb.com\/wp-content\/uploads\/2026\/01\/Orban.webp","width":1280,"height":670},{"@type":"BreadcrumbList","@id":"https:\/\/dmcsrb.com\/svijet\/orban-tvrdi-mirovni-sporazum-ce-biti-potpisan-u-budimpesti\/#breadcrumb","itemListElement":[{"@type":"ListItem","position":1,"name":"Home","item":"https:\/\/dmcsrb.com\/"},{"@type":"ListItem","position":2,"name":"Orban tvrdi: Mirovni sporazum \u0107e biti potpisan u Budimpe\u0161ti"}]},{"@type":"WebSite","@id":"https:\/\/dmcsrb.com\/#website","url":"https:\/\/dmcsrb.com\/","name":"dmcsrb.com","description":"","potentialAction":[{"@type":"SearchAction","target":{"@type":"EntryPoint","urlTemplate":"https:\/\/dmcsrb.com\/?s={search_term_string}"},"query-input":{"@type":"PropertyValueSpecification","valueRequired":true,"valueName":"search_term_string"}}],"inLanguage":"en-GB"},{"@type":"Person","@id":"https:\/\/dmcsrb.com\/#\/schema\/person\/5c39170f12db1b8b457732d0b5c854e2","name":"dmcsrbija.com@gmail.com","image":{"@type":"ImageObject","inLanguage":"en-GB","@id":"https:\/\/secure.gravatar.com\/avatar\/68592660ad6347fad0fb587f8d5d8f1a7b44961362f56e4f2cd524feb87e9069?s=96&d=mm&r=g","url":"https:\/\/secure.gravatar.com\/avatar\/68592660ad6347fad0fb587f8d5d8f1a7b44961362f56e4f2cd524feb87e9069?s=96&d=mm&r=g","contentUrl":"https:\/\/secure.gravatar.com\/avatar\/68592660ad6347fad0fb587f8d5d8f1a7b44961362f56e4f2cd524feb87e9069?s=96&d=mm&r=g","caption":"dmcsrbija.com@gmail.com"},"sameAs":["https:\/\/dmcsrb.com"],"url":"https:\/\/dmcsrb.com\/en\/author\/dmcsrbija-comgmail-com\/"}]}},"_links":{"self":[{"href":"https:\/\/dmcsrb.com\/en\/wp-json\/wp\/v2\/posts\/960459","targetHints":{"allow":["GET"]}}],"collection":[{"href":"https:\/\/dmcsrb.com\/en\/wp-json\/wp\/v2\/posts"}],"about":[{"href":"https:\/\/dmcsrb.com\/en\/wp-json\/wp\/v2\/types\/post"}],"author":[{"embeddable":true,"href":"https:\/\/dmcsrb.com\/en\/wp-json\/wp\/v2\/users\/1"}],"replies":[{"embeddable":true,"href":"https:\/\/dmcsrb.com\/en\/wp-json\/wp\/v2\/comments?post=960459"}],"version-history":[{"count":0,"href":"https:\/\/dmcsrb.com\/en\/wp-json\/wp\/v2\/posts\/960459\/revisions"}],"wp:featuredmedia":[{"embeddable":true,"href":"https:\/\/dmcsrb.com\/en\/wp-json\/wp\/v2\/media\/948780"}],"wp:attachment":[{"href":"https:\/\/dmcsrb.com\/en\/wp-json\/wp\/v2\/media?parent=960459"}],"wp:term":[{"taxonomy":"category","embeddable":true,"href":"https:\/\/dmcsrb.com\/en\/wp-json\/wp\/v2\/categories?post=960459"},{"taxonomy":"post_tag","embeddable":true,"href":"https:\/\/dmcsrb.com\/en\/wp-json\/wp\/v2\/tags?post=960459"},{"taxonomy":"naslovna","embeddable":true,"href":"https:\/\/dmcsrb.com\/en\/wp-json\/wp\/v2\/naslovna?post=960459"}],"curies":[{"name":"wp","href":"https:\/\/api.w.org\/{rel}","templated":true}]}}