{"id":960443,"date":"2025-10-28T09:01:00","date_gmt":"2025-10-28T08:01:00","guid":{"rendered":"https:\/\/dmcsrb.com\/uncategorized\/ljekarska-komora-nasilje-i-agresija-nemaju-nacionalno-obiljezje-vec-predstavljaju-iskljucivo-individualni-cin\/"},"modified":"2025-10-28T09:01:00","modified_gmt":"2025-10-28T08:01:00","slug":"ljekarska-komora-nasilje-i-agresija-nemaju-nacionalno-obiljezje-vec-predstavljaju-iskljucivo-individualni-cin","status":"publish","type":"post","link":"https:\/\/dmcsrb.com\/en\/drustvo\/ljekarska-komora-nasilje-i-agresija-nemaju-nacionalno-obiljezje-vec-predstavljaju-iskljucivo-individualni-cin\/","title":{"rendered":"Ljekarska komora: Nasilje i agresija nemaju nacionalno obilje\u017eje ve\u0107 predstavljaju isklju\u010divo individualni \u010din"},"content":{"rendered":"<p><br><br>Od nadle\u017enih organa se o\u010dekuje da preduzmu sve mjere kako bi svi koji nasilje vr\u0161e ili ga podsti\u010du bili adekvatno sankcionisani.<\/p>\n\n\n\n<p>Nasilje i agresija nemaju nacionalno obilje\u017eje ve\u0107 predstavljaju isklju\u010divo individualni \u010din koji naru\u0161ava zakon i bezbjednost. Samo dosljednom primjenom zakona \u0161titi se sigurnost gra\u0111ana Crne Gore, kao i stranih dr\u017eavljana koji ovdje \u017eive i borave, a koji mogu biti podjednako izlo\u017eeni riziku od po\u010dinilaca nasilja &#8211; kazali su.<\/p>\n\n\n\n<p>Komora izra\u017eava ozbiljnu zabrinutost zbog sve u\u010destalijih ksenofobnih poruka, diskriminatornih praksi i javnog targetiranja migranata i stranih dr\u017eavljana u Crnoj Gori.<\/p>\n\n\n\n<p>Takvi narativi stvaraju atmosferu nepovjerenja, nesigurnosti i socijalne isklju\u010denosti, koja direktno naru\u0161ava mentalno zdravlje i dru\u0161tvenu koheziju. U demokratskom dru\u0161tvu zasnovanom na zakonitosti i po\u0161tovanju ljudskih prava ne mo\u017ee postojati prostor za stigmatizaciju i zastra\u0161ivanje ljudi na osnovu njihovog porijekla &#8211; smatraju u Ljekarskoj komori.<\/p>\n\n\n\n<p>Pravo na zdravlje, dostojanstvo i li\u010dnu bezbjednost predstavlja neotu\u0111ivo i univerzalno pravo svakog \u010dovjeka. Ljekarska profesija ne pravi razliku me\u0111u osobama kojima pru\u017eamo njegu i za\u0161titu i ne prihvata podjele koje umanjuju vrijednost bilo \u010dijeg \u017eivota.<\/p>\n\n\n\n<p>Podsje\u0107aju da Ustav Crne Gore, me\u0111unarodni dokumenti Ujedinjenih nacija, standardi Svjetske zdravstvene organizacije i Evropske unije jasno obavezuju institucije i nosioce javnih funkcija da ova prava \u010duvaju i unapre\u0111uju.<\/p>\n\n\n\n<p><\/p>\n\n\n\n<p>Kolektivno ozna\u010davanje pojedinih dru\u0161tvenih grupa kao prijetnje podsti\u010de dehumanizaciju, pove\u0107ava rizik od nasilja i ozbiljno naru\u0161ava mentalno zdravlje i dru\u0161tvenu stabilnost. Nasilje nikada nije rje\u0161enje. Ono proizvodi dodatni strah, nesigurnost i umanjuje zajedni\u010dku dobrobit. Zdravstveni sistem i zdravstveni radnici imaju profesionalnu i eti\u010dku obavezu da obezbijede jednak pristup zdravstvenoj za\u0161titi, zakonitost i humanost u svakom postupanju. Solidarnost, saosje\u0107anje i profesionalna nepristrasnost predstavljaju temelj bezbjednosti i zdravlja zajednice &#8211; pi\u0161e u saop\u0161tenju.<\/p>\n\n\n\n<p>Ljekarska komora Crne Gore poziva sve javne funkcionere, institucije, medije i gra\u0111ane da se jasno suprotstave negativnim i stigmatizuju\u0107im narativima, da ne podlije\u017eu dezinformacijama i da se uzdr\u017ee od bilo kakvog oblika nasilja.<\/p>\n\n\n\n<p>Odgovornost, promi\u0161ljenost i uva\u017eavanje \u010dinjenica moraju biti osnov javnog djelovanja, jer svaka rije\u010d i svaka odluka uti\u010du na osje\u0107aj sigurnosti onih koji \u017eive ili borave u Crnoj Gori. Govor mr\u017enje ne predstavlja slobodu govora. On je prijetnja \u017eivotu i zdravlju onih kojima je upu\u0107en i predstavlja direktno kr\u0161enje osnovnih ljudskih prava &#8211; dodali su.<\/p>\n\n\n\n<p>Ljekarska komora Crne Gore ostaje \u010dvrsto posve\u0107ena za\u0161titi ljudskog dostojanstva, prava na zdravlje i sigurnost svakog \u010dovjeka u Crnoj Gori.<\/p>\n\n\n\n<p>Pravo na \u017eivot i zdravlje ne predstavlja privilegiju ve\u0107 preduslov svih drugih ljudskih prava. Jednaka za\u0161tita pripada svima bez izuzetka &#8211; zaklju\u010dili su iz Ljekarske komore.<\/p>","protected":false},"excerpt":{"rendered":"<p>Ljekarska komora Crne Gore sna\u017eno isti\u010de da nasilje nikada ne smije biti odgovor na nasilje, jer takav pristup ne donosi civilizacijski napredak niti doprinosi ve\u0107oj sigurnosti dru\u0161tva.<\/p>","protected":false},"author":1,"featured_media":956317,"comment_status":"open","ping_status":"open","sticky":false,"template":"","format":"standard","meta":{"_acf_changed":false,"footnotes":""},"categories":[2],"tags":[12753,657,6969],"naslovna":[],"class_list":["post-960443","post","type-post","status-publish","format-standard","has-post-thumbnail","hentry","category-drustvo","tag-ljeklarska-komora","tag-nasilje","tag-osuda"],"acf":[],"yoast_head":"<!-- This site is optimized with the Yoast SEO plugin v27.4 - https:\/\/yoast.com\/product\/yoast-seo-wordpress\/ -->\n<title>Ljekarska komora: Nasilje i agresija nemaju nacionalno obilje\u017eje ve\u0107 predstavljaju isklju\u010divo individualni \u010din - dmcsrb.com<\/title>\n<meta name=\"robots\" content=\"index, follow, max-snippet:-1, max-image-preview:large, max-video-preview:-1\" \/>\n<link rel=\"canonical\" href=\"https:\/\/dmcsrb.com\/en\/drustvo\/ljekarska-komora-nasilje-i-agresija-nemaju-nacionalno-obiljezje-vec-predstavljaju-iskljucivo-individualni-cin\/\" \/>\n<meta property=\"og:locale\" content=\"en_GB\" \/>\n<meta property=\"og:type\" content=\"article\" \/>\n<meta property=\"og:title\" content=\"Ljekarska komora: Nasilje i agresija nemaju nacionalno obilje\u017eje ve\u0107 predstavljaju isklju\u010divo individualni \u010din - dmcsrb.com\" \/>\n<meta property=\"og:description\" content=\"Ljekarska komora Crne Gore sna\u017eno isti\u010de da nasilje nikada ne smije biti odgovor na nasilje, jer takav pristup ne donosi civilizacijski napredak niti doprinosi ve\u0107oj sigurnosti dru\u0161tva.\" \/>\n<meta property=\"og:url\" content=\"https:\/\/dmcsrb.com\/en\/drustvo\/ljekarska-komora-nasilje-i-agresija-nemaju-nacionalno-obiljezje-vec-predstavljaju-iskljucivo-individualni-cin\/\" \/>\n<meta property=\"og:site_name\" content=\"dmcsrb.com\" \/>\n<meta property=\"article:published_time\" content=\"2025-10-28T08:01:00+00:00\" \/>\n<meta property=\"og:image\" content=\"https:\/\/dmcsrb.com\/wp-content\/uploads\/2026\/01\/1566994288-ljk-1.jpg.webp\" \/>\n\t<meta property=\"og:image:width\" content=\"700\" \/>\n\t<meta property=\"og:image:height\" content=\"350\" \/>\n\t<meta property=\"og:image:type\" content=\"image\/webp\" \/>\n<meta name=\"author\" content=\"dmcsrbija.com@gmail.com\" \/>\n<meta name=\"twitter:card\" content=\"summary_large_image\" \/>\n<meta name=\"twitter:label1\" content=\"Written by\" \/>\n\t<meta name=\"twitter:data1\" content=\"dmcsrbija.com@gmail.com\" \/>\n\t<meta name=\"twitter:label2\" content=\"Estimated reading time\" \/>\n\t<meta name=\"twitter:data2\" content=\"2 minutes\" \/>\n<script type=\"application\/ld+json\" class=\"yoast-schema-graph\">{\"@context\":\"https:\\\/\\\/schema.org\",\"@graph\":[{\"@type\":\"Article\",\"@id\":\"https:\\\/\\\/dmcsrb.com\\\/drustvo\\\/ljekarska-komora-nasilje-i-agresija-nemaju-nacionalno-obiljezje-vec-predstavljaju-iskljucivo-individualni-cin\\\/#article\",\"isPartOf\":{\"@id\":\"https:\\\/\\\/dmcsrb.com\\\/drustvo\\\/ljekarska-komora-nasilje-i-agresija-nemaju-nacionalno-obiljezje-vec-predstavljaju-iskljucivo-individualni-cin\\\/\"},\"author\":{\"name\":\"dmcsrbija.com@gmail.com\",\"@id\":\"https:\\\/\\\/dmcsrb.com\\\/#\\\/schema\\\/person\\\/5c39170f12db1b8b457732d0b5c854e2\"},\"headline\":\"Ljekarska komora: Nasilje i agresija nemaju nacionalno obilje\u017eje ve\u0107 predstavljaju isklju\u010divo individualni \u010din\",\"datePublished\":\"2025-10-28T08:01:00+00:00\",\"mainEntityOfPage\":{\"@id\":\"https:\\\/\\\/dmcsrb.com\\\/drustvo\\\/ljekarska-komora-nasilje-i-agresija-nemaju-nacionalno-obiljezje-vec-predstavljaju-iskljucivo-individualni-cin\\\/\"},\"wordCount\":476,\"commentCount\":0,\"image\":{\"@id\":\"https:\\\/\\\/dmcsrb.com\\\/drustvo\\\/ljekarska-komora-nasilje-i-agresija-nemaju-nacionalno-obiljezje-vec-predstavljaju-iskljucivo-individualni-cin\\\/#primaryimage\"},\"thumbnailUrl\":\"https:\\\/\\\/dmcsrb.com\\\/wp-content\\\/uploads\\\/2026\\\/01\\\/1566994288-ljk-1.jpg.webp\",\"keywords\":[\"ljeklarska komora\",\"nasilje\",\"osuda\"],\"articleSection\":[\"Dru\u0161tvo\"],\"inLanguage\":\"en-GB\",\"potentialAction\":[{\"@type\":\"CommentAction\",\"name\":\"Comment\",\"target\":[\"https:\\\/\\\/dmcsrb.com\\\/drustvo\\\/ljekarska-komora-nasilje-i-agresija-nemaju-nacionalno-obiljezje-vec-predstavljaju-iskljucivo-individualni-cin\\\/#respond\"]}]},{\"@type\":\"WebPage\",\"@id\":\"https:\\\/\\\/dmcsrb.com\\\/drustvo\\\/ljekarska-komora-nasilje-i-agresija-nemaju-nacionalno-obiljezje-vec-predstavljaju-iskljucivo-individualni-cin\\\/\",\"url\":\"https:\\\/\\\/dmcsrb.com\\\/drustvo\\\/ljekarska-komora-nasilje-i-agresija-nemaju-nacionalno-obiljezje-vec-predstavljaju-iskljucivo-individualni-cin\\\/\",\"name\":\"Ljekarska komora: Nasilje i agresija nemaju nacionalno obilje\u017eje ve\u0107 predstavljaju isklju\u010divo individualni \u010din - dmcsrb.com\",\"isPartOf\":{\"@id\":\"https:\\\/\\\/dmcsrb.com\\\/#website\"},\"primaryImageOfPage\":{\"@id\":\"https:\\\/\\\/dmcsrb.com\\\/drustvo\\\/ljekarska-komora-nasilje-i-agresija-nemaju-nacionalno-obiljezje-vec-predstavljaju-iskljucivo-individualni-cin\\\/#primaryimage\"},\"image\":{\"@id\":\"https:\\\/\\\/dmcsrb.com\\\/drustvo\\\/ljekarska-komora-nasilje-i-agresija-nemaju-nacionalno-obiljezje-vec-predstavljaju-iskljucivo-individualni-cin\\\/#primaryimage\"},\"thumbnailUrl\":\"https:\\\/\\\/dmcsrb.com\\\/wp-content\\\/uploads\\\/2026\\\/01\\\/1566994288-ljk-1.jpg.webp\",\"datePublished\":\"2025-10-28T08:01:00+00:00\",\"author\":{\"@id\":\"https:\\\/\\\/dmcsrb.com\\\/#\\\/schema\\\/person\\\/5c39170f12db1b8b457732d0b5c854e2\"},\"breadcrumb\":{\"@id\":\"https:\\\/\\\/dmcsrb.com\\\/drustvo\\\/ljekarska-komora-nasilje-i-agresija-nemaju-nacionalno-obiljezje-vec-predstavljaju-iskljucivo-individualni-cin\\\/#breadcrumb\"},\"inLanguage\":\"en-GB\",\"potentialAction\":[{\"@type\":\"ReadAction\",\"target\":[\"https:\\\/\\\/dmcsrb.com\\\/drustvo\\\/ljekarska-komora-nasilje-i-agresija-nemaju-nacionalno-obiljezje-vec-predstavljaju-iskljucivo-individualni-cin\\\/\"]}]},{\"@type\":\"ImageObject\",\"inLanguage\":\"en-GB\",\"@id\":\"https:\\\/\\\/dmcsrb.com\\\/drustvo\\\/ljekarska-komora-nasilje-i-agresija-nemaju-nacionalno-obiljezje-vec-predstavljaju-iskljucivo-individualni-cin\\\/#primaryimage\",\"url\":\"https:\\\/\\\/dmcsrb.com\\\/wp-content\\\/uploads\\\/2026\\\/01\\\/1566994288-ljk-1.jpg.webp\",\"contentUrl\":\"https:\\\/\\\/dmcsrb.com\\\/wp-content\\\/uploads\\\/2026\\\/01\\\/1566994288-ljk-1.jpg.webp\",\"width\":700,\"height\":350},{\"@type\":\"BreadcrumbList\",\"@id\":\"https:\\\/\\\/dmcsrb.com\\\/drustvo\\\/ljekarska-komora-nasilje-i-agresija-nemaju-nacionalno-obiljezje-vec-predstavljaju-iskljucivo-individualni-cin\\\/#breadcrumb\",\"itemListElement\":[{\"@type\":\"ListItem\",\"position\":1,\"name\":\"Home\",\"item\":\"https:\\\/\\\/dmcsrb.com\\\/\"},{\"@type\":\"ListItem\",\"position\":2,\"name\":\"Ljekarska komora: Nasilje i agresija nemaju nacionalno obilje\u017eje ve\u0107 predstavljaju isklju\u010divo individualni \u010din\"}]},{\"@type\":\"WebSite\",\"@id\":\"https:\\\/\\\/dmcsrb.com\\\/#website\",\"url\":\"https:\\\/\\\/dmcsrb.com\\\/\",\"name\":\"dmcsrb.com\",\"description\":\"\",\"potentialAction\":[{\"@type\":\"SearchAction\",\"target\":{\"@type\":\"EntryPoint\",\"urlTemplate\":\"https:\\\/\\\/dmcsrb.com\\\/?s={search_term_string}\"},\"query-input\":{\"@type\":\"PropertyValueSpecification\",\"valueRequired\":true,\"valueName\":\"search_term_string\"}}],\"inLanguage\":\"en-GB\"},{\"@type\":\"Person\",\"@id\":\"https:\\\/\\\/dmcsrb.com\\\/#\\\/schema\\\/person\\\/5c39170f12db1b8b457732d0b5c854e2\",\"name\":\"dmcsrbija.com@gmail.com\",\"image\":{\"@type\":\"ImageObject\",\"inLanguage\":\"en-GB\",\"@id\":\"https:\\\/\\\/secure.gravatar.com\\\/avatar\\\/68592660ad6347fad0fb587f8d5d8f1a7b44961362f56e4f2cd524feb87e9069?s=96&d=mm&r=g\",\"url\":\"https:\\\/\\\/secure.gravatar.com\\\/avatar\\\/68592660ad6347fad0fb587f8d5d8f1a7b44961362f56e4f2cd524feb87e9069?s=96&d=mm&r=g\",\"contentUrl\":\"https:\\\/\\\/secure.gravatar.com\\\/avatar\\\/68592660ad6347fad0fb587f8d5d8f1a7b44961362f56e4f2cd524feb87e9069?s=96&d=mm&r=g\",\"caption\":\"dmcsrbija.com@gmail.com\"},\"sameAs\":[\"https:\\\/\\\/dmcsrb.com\"],\"url\":\"https:\\\/\\\/dmcsrb.com\\\/en\\\/author\\\/dmcsrbija-comgmail-com\\\/\"}]}<\/script>\n<!-- \/ Yoast SEO plugin. -->","yoast_head_json":{"title":"Ljekarska komora: Nasilje i agresija nemaju nacionalno obilje\u017eje ve\u0107 predstavljaju isklju\u010divo individualni \u010din - dmcsrb.com","robots":{"index":"index","follow":"follow","max-snippet":"max-snippet:-1","max-image-preview":"max-image-preview:large","max-video-preview":"max-video-preview:-1"},"canonical":"https:\/\/dmcsrb.com\/en\/drustvo\/ljekarska-komora-nasilje-i-agresija-nemaju-nacionalno-obiljezje-vec-predstavljaju-iskljucivo-individualni-cin\/","og_locale":"en_GB","og_type":"article","og_title":"Ljekarska komora: Nasilje i agresija nemaju nacionalno obilje\u017eje ve\u0107 predstavljaju isklju\u010divo individualni \u010din - dmcsrb.com","og_description":"Ljekarska komora Crne Gore sna\u017eno isti\u010de da nasilje nikada ne smije biti odgovor na nasilje, jer takav pristup ne donosi civilizacijski napredak niti doprinosi ve\u0107oj sigurnosti dru\u0161tva.","og_url":"https:\/\/dmcsrb.com\/en\/drustvo\/ljekarska-komora-nasilje-i-agresija-nemaju-nacionalno-obiljezje-vec-predstavljaju-iskljucivo-individualni-cin\/","og_site_name":"dmcsrb.com","article_published_time":"2025-10-28T08:01:00+00:00","og_image":[{"width":700,"height":350,"url":"https:\/\/dmcsrb.com\/wp-content\/uploads\/2026\/01\/1566994288-ljk-1.jpg.webp","type":"image\/webp"}],"author":"dmcsrbija.com@gmail.com","twitter_card":"summary_large_image","twitter_misc":{"Written by":"dmcsrbija.com@gmail.com","Estimated reading time":"2 minutes"},"schema":{"@context":"https:\/\/schema.org","@graph":[{"@type":"Article","@id":"https:\/\/dmcsrb.com\/drustvo\/ljekarska-komora-nasilje-i-agresija-nemaju-nacionalno-obiljezje-vec-predstavljaju-iskljucivo-individualni-cin\/#article","isPartOf":{"@id":"https:\/\/dmcsrb.com\/drustvo\/ljekarska-komora-nasilje-i-agresija-nemaju-nacionalno-obiljezje-vec-predstavljaju-iskljucivo-individualni-cin\/"},"author":{"name":"dmcsrbija.com@gmail.com","@id":"https:\/\/dmcsrb.com\/#\/schema\/person\/5c39170f12db1b8b457732d0b5c854e2"},"headline":"Ljekarska komora: Nasilje i agresija nemaju nacionalno obilje\u017eje ve\u0107 predstavljaju isklju\u010divo individualni \u010din","datePublished":"2025-10-28T08:01:00+00:00","mainEntityOfPage":{"@id":"https:\/\/dmcsrb.com\/drustvo\/ljekarska-komora-nasilje-i-agresija-nemaju-nacionalno-obiljezje-vec-predstavljaju-iskljucivo-individualni-cin\/"},"wordCount":476,"commentCount":0,"image":{"@id":"https:\/\/dmcsrb.com\/drustvo\/ljekarska-komora-nasilje-i-agresija-nemaju-nacionalno-obiljezje-vec-predstavljaju-iskljucivo-individualni-cin\/#primaryimage"},"thumbnailUrl":"https:\/\/dmcsrb.com\/wp-content\/uploads\/2026\/01\/1566994288-ljk-1.jpg.webp","keywords":["ljeklarska komora","nasilje","osuda"],"articleSection":["Dru\u0161tvo"],"inLanguage":"en-GB","potentialAction":[{"@type":"CommentAction","name":"Comment","target":["https:\/\/dmcsrb.com\/drustvo\/ljekarska-komora-nasilje-i-agresija-nemaju-nacionalno-obiljezje-vec-predstavljaju-iskljucivo-individualni-cin\/#respond"]}]},{"@type":"WebPage","@id":"https:\/\/dmcsrb.com\/drustvo\/ljekarska-komora-nasilje-i-agresija-nemaju-nacionalno-obiljezje-vec-predstavljaju-iskljucivo-individualni-cin\/","url":"https:\/\/dmcsrb.com\/drustvo\/ljekarska-komora-nasilje-i-agresija-nemaju-nacionalno-obiljezje-vec-predstavljaju-iskljucivo-individualni-cin\/","name":"Ljekarska komora: Nasilje i agresija nemaju nacionalno obilje\u017eje ve\u0107 predstavljaju isklju\u010divo individualni \u010din - dmcsrb.com","isPartOf":{"@id":"https:\/\/dmcsrb.com\/#website"},"primaryImageOfPage":{"@id":"https:\/\/dmcsrb.com\/drustvo\/ljekarska-komora-nasilje-i-agresija-nemaju-nacionalno-obiljezje-vec-predstavljaju-iskljucivo-individualni-cin\/#primaryimage"},"image":{"@id":"https:\/\/dmcsrb.com\/drustvo\/ljekarska-komora-nasilje-i-agresija-nemaju-nacionalno-obiljezje-vec-predstavljaju-iskljucivo-individualni-cin\/#primaryimage"},"thumbnailUrl":"https:\/\/dmcsrb.com\/wp-content\/uploads\/2026\/01\/1566994288-ljk-1.jpg.webp","datePublished":"2025-10-28T08:01:00+00:00","author":{"@id":"https:\/\/dmcsrb.com\/#\/schema\/person\/5c39170f12db1b8b457732d0b5c854e2"},"breadcrumb":{"@id":"https:\/\/dmcsrb.com\/drustvo\/ljekarska-komora-nasilje-i-agresija-nemaju-nacionalno-obiljezje-vec-predstavljaju-iskljucivo-individualni-cin\/#breadcrumb"},"inLanguage":"en-GB","potentialAction":[{"@type":"ReadAction","target":["https:\/\/dmcsrb.com\/drustvo\/ljekarska-komora-nasilje-i-agresija-nemaju-nacionalno-obiljezje-vec-predstavljaju-iskljucivo-individualni-cin\/"]}]},{"@type":"ImageObject","inLanguage":"en-GB","@id":"https:\/\/dmcsrb.com\/drustvo\/ljekarska-komora-nasilje-i-agresija-nemaju-nacionalno-obiljezje-vec-predstavljaju-iskljucivo-individualni-cin\/#primaryimage","url":"https:\/\/dmcsrb.com\/wp-content\/uploads\/2026\/01\/1566994288-ljk-1.jpg.webp","contentUrl":"https:\/\/dmcsrb.com\/wp-content\/uploads\/2026\/01\/1566994288-ljk-1.jpg.webp","width":700,"height":350},{"@type":"BreadcrumbList","@id":"https:\/\/dmcsrb.com\/drustvo\/ljekarska-komora-nasilje-i-agresija-nemaju-nacionalno-obiljezje-vec-predstavljaju-iskljucivo-individualni-cin\/#breadcrumb","itemListElement":[{"@type":"ListItem","position":1,"name":"Home","item":"https:\/\/dmcsrb.com\/"},{"@type":"ListItem","position":2,"name":"Ljekarska komora: Nasilje i agresija nemaju nacionalno obilje\u017eje ve\u0107 predstavljaju isklju\u010divo individualni \u010din"}]},{"@type":"WebSite","@id":"https:\/\/dmcsrb.com\/#website","url":"https:\/\/dmcsrb.com\/","name":"dmcsrb.com","description":"","potentialAction":[{"@type":"SearchAction","target":{"@type":"EntryPoint","urlTemplate":"https:\/\/dmcsrb.com\/?s={search_term_string}"},"query-input":{"@type":"PropertyValueSpecification","valueRequired":true,"valueName":"search_term_string"}}],"inLanguage":"en-GB"},{"@type":"Person","@id":"https:\/\/dmcsrb.com\/#\/schema\/person\/5c39170f12db1b8b457732d0b5c854e2","name":"dmcsrbija.com@gmail.com","image":{"@type":"ImageObject","inLanguage":"en-GB","@id":"https:\/\/secure.gravatar.com\/avatar\/68592660ad6347fad0fb587f8d5d8f1a7b44961362f56e4f2cd524feb87e9069?s=96&d=mm&r=g","url":"https:\/\/secure.gravatar.com\/avatar\/68592660ad6347fad0fb587f8d5d8f1a7b44961362f56e4f2cd524feb87e9069?s=96&d=mm&r=g","contentUrl":"https:\/\/secure.gravatar.com\/avatar\/68592660ad6347fad0fb587f8d5d8f1a7b44961362f56e4f2cd524feb87e9069?s=96&d=mm&r=g","caption":"dmcsrbija.com@gmail.com"},"sameAs":["https:\/\/dmcsrb.com"],"url":"https:\/\/dmcsrb.com\/en\/author\/dmcsrbija-comgmail-com\/"}]}},"_links":{"self":[{"href":"https:\/\/dmcsrb.com\/en\/wp-json\/wp\/v2\/posts\/960443","targetHints":{"allow":["GET"]}}],"collection":[{"href":"https:\/\/dmcsrb.com\/en\/wp-json\/wp\/v2\/posts"}],"about":[{"href":"https:\/\/dmcsrb.com\/en\/wp-json\/wp\/v2\/types\/post"}],"author":[{"embeddable":true,"href":"https:\/\/dmcsrb.com\/en\/wp-json\/wp\/v2\/users\/1"}],"replies":[{"embeddable":true,"href":"https:\/\/dmcsrb.com\/en\/wp-json\/wp\/v2\/comments?post=960443"}],"version-history":[{"count":0,"href":"https:\/\/dmcsrb.com\/en\/wp-json\/wp\/v2\/posts\/960443\/revisions"}],"wp:featuredmedia":[{"embeddable":true,"href":"https:\/\/dmcsrb.com\/en\/wp-json\/wp\/v2\/media\/956317"}],"wp:attachment":[{"href":"https:\/\/dmcsrb.com\/en\/wp-json\/wp\/v2\/media?parent=960443"}],"wp:term":[{"taxonomy":"category","embeddable":true,"href":"https:\/\/dmcsrb.com\/en\/wp-json\/wp\/v2\/categories?post=960443"},{"taxonomy":"post_tag","embeddable":true,"href":"https:\/\/dmcsrb.com\/en\/wp-json\/wp\/v2\/tags?post=960443"},{"taxonomy":"naslovna","embeddable":true,"href":"https:\/\/dmcsrb.com\/en\/wp-json\/wp\/v2\/naslovna?post=960443"}],"curies":[{"name":"wp","href":"https:\/\/api.w.org\/{rel}","templated":true}]}}