{"id":960433,"date":"2025-10-28T07:59:00","date_gmt":"2025-10-28T06:59:00","guid":{"rendered":"https:\/\/dmcsrb.com\/uncategorized\/glavni-grad-za-dvije-i-po-godine-vratio-119-miliona\/"},"modified":"2025-10-28T07:59:00","modified_gmt":"2025-10-28T06:59:00","slug":"glavni-grad-za-dvije-i-po-godine-vratio-119-miliona","status":"publish","type":"post","link":"https:\/\/dmcsrb.com\/en\/podgorica\/glavni-grad-za-dvije-i-po-godine-vratio-119-miliona\/","title":{"rendered":"Glavni grad za dvije i po godine vratio 11,9 miliona"},"content":{"rendered":"<p><br><\/p>\n\n\n\n<p>Iz Sekretarijata za finansijske poslove i analizu bud\u017eeta \u201eDanu&#8221; je saop\u0161teno da su dugove vra\u0107ali po osnovu kredita koji su uzeli za gradnju Jugozapadne obilaznice, deponije, kupovine asfaltne baze, autobusa, kao i za postrojenje za pre\u010di\u0161\u0107avanje otpadnih voda.<\/p>\n\n\n\n<p>\u2013Rate po osnovu kredita uredno izmirujemo, nemamo ka\u0161njenja po tom osnovu. Sve obaveze izmirujemo bez dodatnih kreditnih zadu\u017eenja \u2013 saop\u0161teno je iz Sekretarijata za finansijske poslove.<\/p>\n\n\n\n<p>Iz Sekretarijata obja\u0161njavaju da je zadu\u017eenost Glavnog grada na 1. januar 2023. godine iznosila 28.974.624 eura, od \u010dega se 4.282.015 eura odnosilo na izdate garancije privrednim dru\u0161tvima \u010diji je osniva\u010d Glavni grad.<\/p>\n\n\n\n<p>\u2013 U toku 2023. godine, Glavni grad je otplatio kredite u ukupnom iznosu od 4.226.016 eura, odnosno privredna dru\u0161tva otplatu kredita po osnovu izdatih garancija u iznosu od 1.119.504 eura. Zadu\u017eenost Glavnog grada na 31. decembar 2023. godine iznosila je 23.629.104 eura od \u010dega se 3.162.511 eur odnosi na izdate garancije \u2013 navode iz Sekretarijata.<\/p>\n\n\n\n<p>U toku 2024. godine, kako navode iz Sekretarijata, Glavni grad je otplatio 2.777.619 eura odnosno 963.732 eura po osnovu garancija.<\/p>\n\n\n\n<p>\u2013 Stanje duga po osnovu kreditne zadu\u017eenosti Glavnog grada na 31. decembra 2024. godine iznosila je 19.887.752 eura, od \u010dega su garancije u iznosu od 2.198.752 eura. U toku 2025. godine Glavni grad je do 27.10.2025. godine, izvr\u0161io otplatu duga po osnovu kredita u ukupnom iznosu od 1.848.081 eura odnosno po osnovu garancija u iznosu od 1.062.262 eura. Stanje duga po ovom osnovu na 27. oktobar iznosi 16.977.407 eura, od \u010dega se 1.136.515 eura odnosi na izdate garancije \u2013 navode iz Sekretarijata.<\/p>","protected":false},"excerpt":{"rendered":"<p>Od 1. januara 2023. godine do 27. oktobra ove godine Glavni grad je vratio 11.997.217 eura po osnovu kredita i garancija izdatih privrednim dru\u0161tima, a preostalo je da izmire jo\u0161 16.977.407 eura.<\/p>","protected":false},"author":1,"featured_media":960434,"comment_status":"open","ping_status":"open","sticky":false,"template":"","format":"standard","meta":{"_acf_changed":false,"footnotes":""},"categories":[56],"tags":[8831,405,12750],"naslovna":[],"class_list":["post-960433","post","type-post","status-publish","format-standard","has-post-thumbnail","hentry","category-podgorica","tag-dug","tag-glavni-grad","tag-vracen"],"acf":[],"yoast_head":"<!-- This site is optimized with the Yoast SEO plugin v27.0 - https:\/\/yoast.com\/product\/yoast-seo-wordpress\/ -->\n<title>Glavni grad za dvije i po godine vratio 11,9 miliona - dmcsrb.com<\/title>\n<meta name=\"robots\" content=\"index, follow, max-snippet:-1, max-image-preview:large, max-video-preview:-1\" \/>\n<link rel=\"canonical\" href=\"https:\/\/dmcsrb.com\/en\/podgorica\/glavni-grad-za-dvije-i-po-godine-vratio-119-miliona\/\" \/>\n<meta property=\"og:locale\" content=\"en_GB\" \/>\n<meta property=\"og:type\" content=\"article\" \/>\n<meta property=\"og:title\" content=\"Glavni grad za dvije i po godine vratio 11,9 miliona - dmcsrb.com\" \/>\n<meta property=\"og:description\" content=\"Od 1. januara 2023. godine do 27. oktobra ove godine Glavni grad je vratio 11.997.217 eura po osnovu kredita i garancija izdatih privrednim dru\u0161tima, a preostalo je da izmire jo\u0161 16.977.407 eura.\" \/>\n<meta property=\"og:url\" content=\"https:\/\/dmcsrb.com\/en\/podgorica\/glavni-grad-za-dvije-i-po-godine-vratio-119-miliona\/\" \/>\n<meta property=\"og:site_name\" content=\"dmcsrb.com\" \/>\n<meta property=\"article:published_time\" content=\"2025-10-28T06:59:00+00:00\" \/>\n<meta property=\"og:image\" content=\"https:\/\/dmcsrb.com\/wp-content\/uploads\/2026\/01\/Arhiva_podgorica-foto-glavni-grad.webp\" \/>\n\t<meta property=\"og:image:width\" content=\"1317\" \/>\n\t<meta property=\"og:image:height\" content=\"982\" \/>\n\t<meta property=\"og:image:type\" content=\"image\/jpeg\" \/>\n<meta name=\"author\" content=\"dmcsrbija.com@gmail.com\" \/>\n<meta name=\"twitter:card\" content=\"summary_large_image\" \/>\n<meta name=\"twitter:label1\" content=\"Written by\" \/>\n\t<meta name=\"twitter:data1\" content=\"dmcsrbija.com@gmail.com\" \/>\n\t<meta name=\"twitter:label2\" content=\"Estimated reading time\" \/>\n\t<meta name=\"twitter:data2\" content=\"1 minute\" \/>\n<script type=\"application\/ld+json\" class=\"yoast-schema-graph\">{\"@context\":\"https:\/\/schema.org\",\"@graph\":[{\"@type\":\"Article\",\"@id\":\"https:\/\/dmcsrb.com\/podgorica\/glavni-grad-za-dvije-i-po-godine-vratio-119-miliona\/#article\",\"isPartOf\":{\"@id\":\"https:\/\/dmcsrb.com\/podgorica\/glavni-grad-za-dvije-i-po-godine-vratio-119-miliona\/\"},\"author\":{\"name\":\"dmcsrbija.com@gmail.com\",\"@id\":\"https:\/\/dmcsrb.com\/#\/schema\/person\/5c39170f12db1b8b457732d0b5c854e2\"},\"headline\":\"Glavni grad za dvije i po godine vratio 11,9 miliona\",\"datePublished\":\"2025-10-28T06:59:00+00:00\",\"mainEntityOfPage\":{\"@id\":\"https:\/\/dmcsrb.com\/podgorica\/glavni-grad-za-dvije-i-po-godine-vratio-119-miliona\/\"},\"wordCount\":247,\"commentCount\":0,\"image\":{\"@id\":\"https:\/\/dmcsrb.com\/podgorica\/glavni-grad-za-dvije-i-po-godine-vratio-119-miliona\/#primaryimage\"},\"thumbnailUrl\":\"https:\/\/dmcsrb.com\/wp-content\/uploads\/2026\/01\/Arhiva_podgorica-foto-glavni-grad.webp\",\"keywords\":[\"dug\",\"glavni grad\",\"vra\u0107en\"],\"articleSection\":[\"Podgorica\"],\"inLanguage\":\"en-GB\",\"potentialAction\":[{\"@type\":\"CommentAction\",\"name\":\"Comment\",\"target\":[\"https:\/\/dmcsrb.com\/podgorica\/glavni-grad-za-dvije-i-po-godine-vratio-119-miliona\/#respond\"]}]},{\"@type\":\"WebPage\",\"@id\":\"https:\/\/dmcsrb.com\/podgorica\/glavni-grad-za-dvije-i-po-godine-vratio-119-miliona\/\",\"url\":\"https:\/\/dmcsrb.com\/podgorica\/glavni-grad-za-dvije-i-po-godine-vratio-119-miliona\/\",\"name\":\"Glavni grad za dvije i po godine vratio 11,9 miliona - dmcsrb.com\",\"isPartOf\":{\"@id\":\"https:\/\/dmcsrb.com\/#website\"},\"primaryImageOfPage\":{\"@id\":\"https:\/\/dmcsrb.com\/podgorica\/glavni-grad-za-dvije-i-po-godine-vratio-119-miliona\/#primaryimage\"},\"image\":{\"@id\":\"https:\/\/dmcsrb.com\/podgorica\/glavni-grad-za-dvije-i-po-godine-vratio-119-miliona\/#primaryimage\"},\"thumbnailUrl\":\"https:\/\/dmcsrb.com\/wp-content\/uploads\/2026\/01\/Arhiva_podgorica-foto-glavni-grad.webp\",\"datePublished\":\"2025-10-28T06:59:00+00:00\",\"author\":{\"@id\":\"https:\/\/dmcsrb.com\/#\/schema\/person\/5c39170f12db1b8b457732d0b5c854e2\"},\"breadcrumb\":{\"@id\":\"https:\/\/dmcsrb.com\/podgorica\/glavni-grad-za-dvije-i-po-godine-vratio-119-miliona\/#breadcrumb\"},\"inLanguage\":\"en-GB\",\"potentialAction\":[{\"@type\":\"ReadAction\",\"target\":[\"https:\/\/dmcsrb.com\/podgorica\/glavni-grad-za-dvije-i-po-godine-vratio-119-miliona\/\"]}]},{\"@type\":\"ImageObject\",\"inLanguage\":\"en-GB\",\"@id\":\"https:\/\/dmcsrb.com\/podgorica\/glavni-grad-za-dvije-i-po-godine-vratio-119-miliona\/#primaryimage\",\"url\":\"https:\/\/dmcsrb.com\/wp-content\/uploads\/2026\/01\/Arhiva_podgorica-foto-glavni-grad.webp\",\"contentUrl\":\"https:\/\/dmcsrb.com\/wp-content\/uploads\/2026\/01\/Arhiva_podgorica-foto-glavni-grad.webp\",\"width\":1317,\"height\":982},{\"@type\":\"BreadcrumbList\",\"@id\":\"https:\/\/dmcsrb.com\/podgorica\/glavni-grad-za-dvije-i-po-godine-vratio-119-miliona\/#breadcrumb\",\"itemListElement\":[{\"@type\":\"ListItem\",\"position\":1,\"name\":\"Home\",\"item\":\"https:\/\/dmcsrb.com\/\"},{\"@type\":\"ListItem\",\"position\":2,\"name\":\"Glavni grad za dvije i po godine vratio 11,9 miliona\"}]},{\"@type\":\"WebSite\",\"@id\":\"https:\/\/dmcsrb.com\/#website\",\"url\":\"https:\/\/dmcsrb.com\/\",\"name\":\"dmcsrb.com\",\"description\":\"\",\"potentialAction\":[{\"@type\":\"SearchAction\",\"target\":{\"@type\":\"EntryPoint\",\"urlTemplate\":\"https:\/\/dmcsrb.com\/?s={search_term_string}\"},\"query-input\":{\"@type\":\"PropertyValueSpecification\",\"valueRequired\":true,\"valueName\":\"search_term_string\"}}],\"inLanguage\":\"en-GB\"},{\"@type\":\"Person\",\"@id\":\"https:\/\/dmcsrb.com\/#\/schema\/person\/5c39170f12db1b8b457732d0b5c854e2\",\"name\":\"dmcsrbija.com@gmail.com\",\"image\":{\"@type\":\"ImageObject\",\"inLanguage\":\"en-GB\",\"@id\":\"https:\/\/dmcsrb.com\/#\/schema\/person\/image\/\",\"url\":\"https:\/\/secure.gravatar.com\/avatar\/68592660ad6347fad0fb587f8d5d8f1a7b44961362f56e4f2cd524feb87e9069?s=96&d=mm&r=g\",\"contentUrl\":\"https:\/\/secure.gravatar.com\/avatar\/68592660ad6347fad0fb587f8d5d8f1a7b44961362f56e4f2cd524feb87e9069?s=96&d=mm&r=g\",\"caption\":\"dmcsrbija.com@gmail.com\"},\"sameAs\":[\"https:\/\/dmcsrb.com\"],\"url\":\"https:\/\/dmcsrb.com\/en\/author\/dmcsrbija-comgmail-com\/\"}]}<\/script>\n<!-- \/ Yoast SEO plugin. -->","yoast_head_json":{"title":"Glavni grad za dvije i po godine vratio 11,9 miliona - dmcsrb.com","robots":{"index":"index","follow":"follow","max-snippet":"max-snippet:-1","max-image-preview":"max-image-preview:large","max-video-preview":"max-video-preview:-1"},"canonical":"https:\/\/dmcsrb.com\/en\/podgorica\/glavni-grad-za-dvije-i-po-godine-vratio-119-miliona\/","og_locale":"en_GB","og_type":"article","og_title":"Glavni grad za dvije i po godine vratio 11,9 miliona - dmcsrb.com","og_description":"Od 1. januara 2023. godine do 27. oktobra ove godine Glavni grad je vratio 11.997.217 eura po osnovu kredita i garancija izdatih privrednim dru\u0161tima, a preostalo je da izmire jo\u0161 16.977.407 eura.","og_url":"https:\/\/dmcsrb.com\/en\/podgorica\/glavni-grad-za-dvije-i-po-godine-vratio-119-miliona\/","og_site_name":"dmcsrb.com","article_published_time":"2025-10-28T06:59:00+00:00","og_image":[{"width":1317,"height":982,"url":"https:\/\/dmcsrb.com\/wp-content\/uploads\/2026\/01\/Arhiva_podgorica-foto-glavni-grad.webp","type":"image\/jpeg"}],"author":"dmcsrbija.com@gmail.com","twitter_card":"summary_large_image","twitter_misc":{"Written by":"dmcsrbija.com@gmail.com","Estimated reading time":"1 minute"},"schema":{"@context":"https:\/\/schema.org","@graph":[{"@type":"Article","@id":"https:\/\/dmcsrb.com\/podgorica\/glavni-grad-za-dvije-i-po-godine-vratio-119-miliona\/#article","isPartOf":{"@id":"https:\/\/dmcsrb.com\/podgorica\/glavni-grad-za-dvije-i-po-godine-vratio-119-miliona\/"},"author":{"name":"dmcsrbija.com@gmail.com","@id":"https:\/\/dmcsrb.com\/#\/schema\/person\/5c39170f12db1b8b457732d0b5c854e2"},"headline":"Glavni grad za dvije i po godine vratio 11,9 miliona","datePublished":"2025-10-28T06:59:00+00:00","mainEntityOfPage":{"@id":"https:\/\/dmcsrb.com\/podgorica\/glavni-grad-za-dvije-i-po-godine-vratio-119-miliona\/"},"wordCount":247,"commentCount":0,"image":{"@id":"https:\/\/dmcsrb.com\/podgorica\/glavni-grad-za-dvije-i-po-godine-vratio-119-miliona\/#primaryimage"},"thumbnailUrl":"https:\/\/dmcsrb.com\/wp-content\/uploads\/2026\/01\/Arhiva_podgorica-foto-glavni-grad.webp","keywords":["dug","glavni grad","vra\u0107en"],"articleSection":["Podgorica"],"inLanguage":"en-GB","potentialAction":[{"@type":"CommentAction","name":"Comment","target":["https:\/\/dmcsrb.com\/podgorica\/glavni-grad-za-dvije-i-po-godine-vratio-119-miliona\/#respond"]}]},{"@type":"WebPage","@id":"https:\/\/dmcsrb.com\/podgorica\/glavni-grad-za-dvije-i-po-godine-vratio-119-miliona\/","url":"https:\/\/dmcsrb.com\/podgorica\/glavni-grad-za-dvije-i-po-godine-vratio-119-miliona\/","name":"Glavni grad za dvije i po godine vratio 11,9 miliona - dmcsrb.com","isPartOf":{"@id":"https:\/\/dmcsrb.com\/#website"},"primaryImageOfPage":{"@id":"https:\/\/dmcsrb.com\/podgorica\/glavni-grad-za-dvije-i-po-godine-vratio-119-miliona\/#primaryimage"},"image":{"@id":"https:\/\/dmcsrb.com\/podgorica\/glavni-grad-za-dvije-i-po-godine-vratio-119-miliona\/#primaryimage"},"thumbnailUrl":"https:\/\/dmcsrb.com\/wp-content\/uploads\/2026\/01\/Arhiva_podgorica-foto-glavni-grad.webp","datePublished":"2025-10-28T06:59:00+00:00","author":{"@id":"https:\/\/dmcsrb.com\/#\/schema\/person\/5c39170f12db1b8b457732d0b5c854e2"},"breadcrumb":{"@id":"https:\/\/dmcsrb.com\/podgorica\/glavni-grad-za-dvije-i-po-godine-vratio-119-miliona\/#breadcrumb"},"inLanguage":"en-GB","potentialAction":[{"@type":"ReadAction","target":["https:\/\/dmcsrb.com\/podgorica\/glavni-grad-za-dvije-i-po-godine-vratio-119-miliona\/"]}]},{"@type":"ImageObject","inLanguage":"en-GB","@id":"https:\/\/dmcsrb.com\/podgorica\/glavni-grad-za-dvije-i-po-godine-vratio-119-miliona\/#primaryimage","url":"https:\/\/dmcsrb.com\/wp-content\/uploads\/2026\/01\/Arhiva_podgorica-foto-glavni-grad.webp","contentUrl":"https:\/\/dmcsrb.com\/wp-content\/uploads\/2026\/01\/Arhiva_podgorica-foto-glavni-grad.webp","width":1317,"height":982},{"@type":"BreadcrumbList","@id":"https:\/\/dmcsrb.com\/podgorica\/glavni-grad-za-dvije-i-po-godine-vratio-119-miliona\/#breadcrumb","itemListElement":[{"@type":"ListItem","position":1,"name":"Home","item":"https:\/\/dmcsrb.com\/"},{"@type":"ListItem","position":2,"name":"Glavni grad za dvije i po godine vratio 11,9 miliona"}]},{"@type":"WebSite","@id":"https:\/\/dmcsrb.com\/#website","url":"https:\/\/dmcsrb.com\/","name":"dmcsrb.com","description":"","potentialAction":[{"@type":"SearchAction","target":{"@type":"EntryPoint","urlTemplate":"https:\/\/dmcsrb.com\/?s={search_term_string}"},"query-input":{"@type":"PropertyValueSpecification","valueRequired":true,"valueName":"search_term_string"}}],"inLanguage":"en-GB"},{"@type":"Person","@id":"https:\/\/dmcsrb.com\/#\/schema\/person\/5c39170f12db1b8b457732d0b5c854e2","name":"dmcsrbija.com@gmail.com","image":{"@type":"ImageObject","inLanguage":"en-GB","@id":"https:\/\/dmcsrb.com\/#\/schema\/person\/image\/","url":"https:\/\/secure.gravatar.com\/avatar\/68592660ad6347fad0fb587f8d5d8f1a7b44961362f56e4f2cd524feb87e9069?s=96&d=mm&r=g","contentUrl":"https:\/\/secure.gravatar.com\/avatar\/68592660ad6347fad0fb587f8d5d8f1a7b44961362f56e4f2cd524feb87e9069?s=96&d=mm&r=g","caption":"dmcsrbija.com@gmail.com"},"sameAs":["https:\/\/dmcsrb.com"],"url":"https:\/\/dmcsrb.com\/en\/author\/dmcsrbija-comgmail-com\/"}]}},"_links":{"self":[{"href":"https:\/\/dmcsrb.com\/en\/wp-json\/wp\/v2\/posts\/960433","targetHints":{"allow":["GET"]}}],"collection":[{"href":"https:\/\/dmcsrb.com\/en\/wp-json\/wp\/v2\/posts"}],"about":[{"href":"https:\/\/dmcsrb.com\/en\/wp-json\/wp\/v2\/types\/post"}],"author":[{"embeddable":true,"href":"https:\/\/dmcsrb.com\/en\/wp-json\/wp\/v2\/users\/1"}],"replies":[{"embeddable":true,"href":"https:\/\/dmcsrb.com\/en\/wp-json\/wp\/v2\/comments?post=960433"}],"version-history":[{"count":0,"href":"https:\/\/dmcsrb.com\/en\/wp-json\/wp\/v2\/posts\/960433\/revisions"}],"wp:featuredmedia":[{"embeddable":true,"href":"https:\/\/dmcsrb.com\/en\/wp-json\/wp\/v2\/media\/960434"}],"wp:attachment":[{"href":"https:\/\/dmcsrb.com\/en\/wp-json\/wp\/v2\/media?parent=960433"}],"wp:term":[{"taxonomy":"category","embeddable":true,"href":"https:\/\/dmcsrb.com\/en\/wp-json\/wp\/v2\/categories?post=960433"},{"taxonomy":"post_tag","embeddable":true,"href":"https:\/\/dmcsrb.com\/en\/wp-json\/wp\/v2\/tags?post=960433"},{"taxonomy":"naslovna","embeddable":true,"href":"https:\/\/dmcsrb.com\/en\/wp-json\/wp\/v2\/naslovna?post=960433"}],"curies":[{"name":"wp","href":"https:\/\/api.w.org\/{rel}","templated":true}]}}