{"id":960416,"date":"2025-10-27T20:44:02","date_gmt":"2025-10-27T19:44:02","guid":{"rendered":"https:\/\/dmcsrb.com\/uncategorized\/ubovicu-i-kovacevicu-odredjeno-zadrzavanje-do-72-sata\/"},"modified":"2025-10-27T20:44:02","modified_gmt":"2025-10-27T19:44:02","slug":"ubovicu-i-kovacevicu-odredjeno-zadrzavanje-do-72-sata","status":"publish","type":"post","link":"https:\/\/dmcsrb.com\/en\/hronika\/ubovicu-i-kovacevicu-odredjeno-zadrzavanje-do-72-sata\/","title":{"rendered":"Ubovi\u0107u i Kova\u010devi\u0107u odre\u0111eno zadr\u017eavanje do 72 sata"},"content":{"rendered":"<p><\/p>\n\n\n\n<p>Kako je advokat Zoran Piperovi\u0107 nakon saslu\u0161anja rekao medijima, Ubovi\u0107a terete za isto krivi\u010dno djelo za koje su teretili nedavno uhap\u0161enog Vladana Ivanovi\u0107a. Ivanovi\u0107 se sumnji\u010di da je njegova kompanija godinama skrivala da je pet stanova u \u201cMaster kvartu\u201d kupio odbjegli \u0161ef kava\u010dkog klana Radoje Zvicer.<\/p>\n\n\n\n<p>Piperovi\u0107 ka\u017ee da Ubovi\u0107 nije ni upitan da se izjasni na navode iz krivi\u010dne prijave.<\/p>\n\n\n\n<p>&#8220;Uhap\u0161en je za ne\u0161to za \u010dem je ve\u0107 hap\u0161en Vlado Ivanovi\u0107. Dakle, sad nije Vlado uzeo pare od Zvicera za pet stanova, nego ih je uzeo Ranko Ubovi\u0107. Ja sam kazao, s obzirom da niste ni za Ivanovi\u0107a kazali, na osnovu \u010dega to tvrdite, ho\u0107ete li pomo\u0107i da mi ka\u017eete na osnovu \u010dega tvrdite da je Uubovi\u0107 uzeo pare. To je ostalo bez odgovora&#8221;, ka\u017ee Ubovi\u0107.<a href=\"https:\/\/rtcg.me\/hronika\/765336\/steze-se-obruc-oko-nicije-kuce.html\"><\/a><\/p>\n\n\n\n<p>Ka\u017ee da je bilo rije\u010di o pranju novca, i da se pominjalo i pet stanova &#8220;koje smo raspravili u Perli u Budvi&#8221;.<\/p>\n\n\n\n<p>&#8220;&#8230;Gdje je uzeo on za sebe jedan, jedan Vesko Kova\u010devi\u0107, jedan Zoran Lazovi\u0107, jedan Zoran Tom\u010di\u0107, jedan Aco Mijajlovi\u0107&#8230;Obja\u0161njeno je da su to stanovi Bemaksa,&nbsp;koje Bemax daje prijateljima, koriste ih kad su slobodni, vrate klju\u010d na recepciju i to je to&#8221;, rekao je Piperovi\u0107.<\/p>\n\n\n\n<p>Tu\u017eila\u0161tvo je interesovalo i zbog \u010dega je nadimak Ubovi\u0107a u SKY prepiskama &#8220;tigar&#8221;, da li se sastajao sa Zvicerom na Grahovu i u jednom restoranu u Podgorici.<\/p>\n\n\n\n<p>Piperovi\u0107 ka\u017ee, da ako je ovo sve \u0161to dr\u017eava zna o Ranku&nbsp; Ubovi\u0107u,&nbsp; on je onda &#8220;najsre\u0107niji Crnogorac&#8221;.<\/p>\n\n\n\n<p>&#8220;Samo ne znam ho\u0107e li praviti Dritan Abazovi\u0107 baklave, po\u0161to nema ni cigara, ni kokaina, ni heroina, ni ubistava. Ne znam da li \u0107e tu baklavu da&nbsp; podijeli sa Borisom&nbsp; Bogdanovi\u0107em&#8221;, rekao je Piperovi\u0107.<\/p>\n\n\n\n<p>Ka\u017ee da se ne treba radovati ni\u010dijoj nesre\u0107i i hap\u0161enju.<\/p>\n\n\n\n<p>Podsjetimo, danas ranije oglasio se SDT i saop\u0161tilo da se Ubovi\u0107 i&nbsp; Kova\u010devi\u0107 terete za pranje novca.<\/p>\n\n\n\n<p>&#8220;Po nalogu Specijalnog dr\u017eavnog tu\u017eila\u0161tva, Specijalno policijsko odjeljenje je li\u0161ilo slobode R.U. i V.K., zbog postojanja osnova sumnje da su u\u010dinili vi\u0161e krivi\u010dnih djela pranje novca i nastavlja da, po nalogu specijalnih tu\u017eilaca i u skladu sa odlukama nadle\u017enog suda, u Podgorici, izvr\u0161ava hitne dokazne radnje sa ciljem prikupljanja dokaza i tragova o krivi\u010dnim djelima&#8221;, navodi se u saop\u0161tenju.<\/p>\n\n\n\n<p>Kako je saop\u0161teno iz SDT-a osumnji\u010deni \u0107e biti sprovodeni u radi saslu\u0161anja u Specijalno dr\u017eavno tu\u017eila\u0161tvu u zakonskom roku, a nakon njihovog saslu\u0161anja i zavr\u0161etka dokaznih radnji koje se preduzimaju, javnost \u0107e biti obavije\u0161tena o pokrenutom postupku.&nbsp;<\/p>\n\n\n\n<p>Pripadnici SPO uhapsili su Ubovi\u0107a ispred Prve banke u Siti kvartu.<\/p>\n\n\n\n<p>U prostorije SPO-a stigao je Ubovi\u0107ev advokat Zoran Piperovi\u0107.<\/p>\n\n\n\n<p>Priveden je i dugogodi\u0161nji direktor kompanije Bemax Veselin Kova\u010devi\u0107.<\/p>\n\n\n\n<p>Ubovi\u0107 je godinama bio na meti optu\u017ebi za zloupotrebe i korupciju, ali nikad ni\u0161ta nije procesuirano.<\/p>\n\n\n\n<p>Prije desetak dana, uhap\u0161en je i biznismen Aleksandar Mijajlovi\u0107, koji se tako\u0111e povezivao sa kompanijom Bemax.\u00a0<a href=\"https:\/\/play.google.com\/store\/apps\/details?id=me.rtcg\" target=\"_blank\" rel=\"noreferrer noopener\"><\/a><a href=\"https:\/\/apps.apple.com\/us\/app\/rtcg\/id1400067551\" target=\"_blank\" rel=\"noreferrer noopener\"><\/a><\/p>\n\n\n\n<p><a target=\"_blank\" href=\"https:\/\/play.google.com\/store\/apps\/details?id=me.rtcg\" rel=\"noreferrer noopener\"><\/a><a target=\"_blank\" href=\"https:\/\/apps.apple.com\/us\/app\/rtcg\/id1400067551\" rel=\"noreferrer noopener\"><\/a><\/p>","protected":false},"excerpt":{"rendered":"<p>Biznismenima Ranku Ubovi\u0107u i Veselinu Kova\u010devi\u0107u nakon saslu\u0161anja u Specijalnom dr\u017eavnom tu\u017eila\u0161tvu (SDT) odre\u0111eno je zadr\u017eavanje do 72 sata. Iz Specijalnog dr\u017eavnog tu\u017eila\u0161tva saop\u0161teno je da se ova dva lica sumnji\u010de za pranje novca.<\/p>","protected":false},"author":1,"featured_media":960417,"comment_status":"open","ping_status":"open","sticky":false,"template":"","format":"standard","meta":{"_acf_changed":false,"footnotes":""},"categories":[17],"tags":[12745,1321,1322],"naslovna":[],"class_list":["post-960416","post","type-post","status-publish","format-standard","has-post-thumbnail","hentry","category-hronika","tag-odredjeno-zadrzavanje","tag-ranko-ubovic","tag-veselin-kovacevic"],"acf":[],"yoast_head":"<!-- This site is optimized with the Yoast SEO plugin v27.4 - https:\/\/yoast.com\/product\/yoast-seo-wordpress\/ -->\n<title>Ubovi\u0107u i Kova\u010devi\u0107u odre\u0111eno zadr\u017eavanje do 72 sata - dmcsrb.com<\/title>\n<meta name=\"robots\" content=\"index, follow, max-snippet:-1, max-image-preview:large, max-video-preview:-1\" \/>\n<link rel=\"canonical\" href=\"https:\/\/dmcsrb.com\/en\/hronika\/ubovicu-i-kovacevicu-odredjeno-zadrzavanje-do-72-sata\/\" \/>\n<meta property=\"og:locale\" content=\"en_GB\" \/>\n<meta property=\"og:type\" content=\"article\" \/>\n<meta property=\"og:title\" content=\"Ubovi\u0107u i Kova\u010devi\u0107u odre\u0111eno zadr\u017eavanje do 72 sata - dmcsrb.com\" \/>\n<meta property=\"og:description\" content=\"Biznismenima Ranku Ubovi\u0107u i Veselinu Kova\u010devi\u0107u nakon saslu\u0161anja u Specijalnom dr\u017eavnom tu\u017eila\u0161tvu (SDT) odre\u0111eno je zadr\u017eavanje do 72 sata. Iz Specijalnog dr\u017eavnog tu\u017eila\u0161tva saop\u0161teno je da se ova dva lica sumnji\u010de za pranje novca.\" \/>\n<meta property=\"og:url\" content=\"https:\/\/dmcsrb.com\/en\/hronika\/ubovicu-i-kovacevicu-odredjeno-zadrzavanje-do-72-sata\/\" \/>\n<meta property=\"og:site_name\" content=\"dmcsrb.com\" \/>\n<meta property=\"article:published_time\" content=\"2025-10-27T19:44:02+00:00\" \/>\n<meta property=\"og:image\" content=\"https:\/\/dmcsrb.com\/wp-content\/uploads\/2026\/01\/Capture-82-1.webp\" \/>\n\t<meta property=\"og:image:width\" content=\"940\" \/>\n\t<meta property=\"og:image:height\" content=\"531\" \/>\n\t<meta property=\"og:image:type\" content=\"image\/jpeg\" \/>\n<meta name=\"author\" content=\"dmcsrbija.com@gmail.com\" \/>\n<meta name=\"twitter:card\" content=\"summary_large_image\" \/>\n<meta name=\"twitter:label1\" content=\"Written by\" \/>\n\t<meta name=\"twitter:data1\" content=\"dmcsrbija.com@gmail.com\" \/>\n\t<meta name=\"twitter:label2\" content=\"Estimated reading time\" \/>\n\t<meta name=\"twitter:data2\" content=\"3 minutes\" \/>\n<script type=\"application\/ld+json\" class=\"yoast-schema-graph\">{\"@context\":\"https:\\\/\\\/schema.org\",\"@graph\":[{\"@type\":\"Article\",\"@id\":\"https:\\\/\\\/dmcsrb.com\\\/hronika\\\/ubovicu-i-kovacevicu-odredjeno-zadrzavanje-do-72-sata\\\/#article\",\"isPartOf\":{\"@id\":\"https:\\\/\\\/dmcsrb.com\\\/hronika\\\/ubovicu-i-kovacevicu-odredjeno-zadrzavanje-do-72-sata\\\/\"},\"author\":{\"name\":\"dmcsrbija.com@gmail.com\",\"@id\":\"https:\\\/\\\/dmcsrb.com\\\/#\\\/schema\\\/person\\\/5c39170f12db1b8b457732d0b5c854e2\"},\"headline\":\"Ubovi\u0107u i Kova\u010devi\u0107u odre\u0111eno zadr\u017eavanje do 72 sata\",\"datePublished\":\"2025-10-27T19:44:02+00:00\",\"mainEntityOfPage\":{\"@id\":\"https:\\\/\\\/dmcsrb.com\\\/hronika\\\/ubovicu-i-kovacevicu-odredjeno-zadrzavanje-do-72-sata\\\/\"},\"wordCount\":546,\"commentCount\":0,\"image\":{\"@id\":\"https:\\\/\\\/dmcsrb.com\\\/hronika\\\/ubovicu-i-kovacevicu-odredjeno-zadrzavanje-do-72-sata\\\/#primaryimage\"},\"thumbnailUrl\":\"https:\\\/\\\/dmcsrb.com\\\/wp-content\\\/uploads\\\/2026\\\/01\\\/Capture-82-1.webp\",\"keywords\":[\"Odre\u0111eno zadr\u017eavanje\",\"Ranko Ubovi\u0107\",\"Veselin Kova\u010devi\u0107\"],\"articleSection\":[\"Hronika\"],\"inLanguage\":\"en-GB\",\"potentialAction\":[{\"@type\":\"CommentAction\",\"name\":\"Comment\",\"target\":[\"https:\\\/\\\/dmcsrb.com\\\/hronika\\\/ubovicu-i-kovacevicu-odredjeno-zadrzavanje-do-72-sata\\\/#respond\"]}]},{\"@type\":\"WebPage\",\"@id\":\"https:\\\/\\\/dmcsrb.com\\\/hronika\\\/ubovicu-i-kovacevicu-odredjeno-zadrzavanje-do-72-sata\\\/\",\"url\":\"https:\\\/\\\/dmcsrb.com\\\/hronika\\\/ubovicu-i-kovacevicu-odredjeno-zadrzavanje-do-72-sata\\\/\",\"name\":\"Ubovi\u0107u i Kova\u010devi\u0107u odre\u0111eno zadr\u017eavanje do 72 sata - dmcsrb.com\",\"isPartOf\":{\"@id\":\"https:\\\/\\\/dmcsrb.com\\\/#website\"},\"primaryImageOfPage\":{\"@id\":\"https:\\\/\\\/dmcsrb.com\\\/hronika\\\/ubovicu-i-kovacevicu-odredjeno-zadrzavanje-do-72-sata\\\/#primaryimage\"},\"image\":{\"@id\":\"https:\\\/\\\/dmcsrb.com\\\/hronika\\\/ubovicu-i-kovacevicu-odredjeno-zadrzavanje-do-72-sata\\\/#primaryimage\"},\"thumbnailUrl\":\"https:\\\/\\\/dmcsrb.com\\\/wp-content\\\/uploads\\\/2026\\\/01\\\/Capture-82-1.webp\",\"datePublished\":\"2025-10-27T19:44:02+00:00\",\"author\":{\"@id\":\"https:\\\/\\\/dmcsrb.com\\\/#\\\/schema\\\/person\\\/5c39170f12db1b8b457732d0b5c854e2\"},\"breadcrumb\":{\"@id\":\"https:\\\/\\\/dmcsrb.com\\\/hronika\\\/ubovicu-i-kovacevicu-odredjeno-zadrzavanje-do-72-sata\\\/#breadcrumb\"},\"inLanguage\":\"en-GB\",\"potentialAction\":[{\"@type\":\"ReadAction\",\"target\":[\"https:\\\/\\\/dmcsrb.com\\\/hronika\\\/ubovicu-i-kovacevicu-odredjeno-zadrzavanje-do-72-sata\\\/\"]}]},{\"@type\":\"ImageObject\",\"inLanguage\":\"en-GB\",\"@id\":\"https:\\\/\\\/dmcsrb.com\\\/hronika\\\/ubovicu-i-kovacevicu-odredjeno-zadrzavanje-do-72-sata\\\/#primaryimage\",\"url\":\"https:\\\/\\\/dmcsrb.com\\\/wp-content\\\/uploads\\\/2026\\\/01\\\/Capture-82-1.webp\",\"contentUrl\":\"https:\\\/\\\/dmcsrb.com\\\/wp-content\\\/uploads\\\/2026\\\/01\\\/Capture-82-1.webp\",\"width\":940,\"height\":531},{\"@type\":\"BreadcrumbList\",\"@id\":\"https:\\\/\\\/dmcsrb.com\\\/hronika\\\/ubovicu-i-kovacevicu-odredjeno-zadrzavanje-do-72-sata\\\/#breadcrumb\",\"itemListElement\":[{\"@type\":\"ListItem\",\"position\":1,\"name\":\"Home\",\"item\":\"https:\\\/\\\/dmcsrb.com\\\/\"},{\"@type\":\"ListItem\",\"position\":2,\"name\":\"Ubovi\u0107u i Kova\u010devi\u0107u odre\u0111eno zadr\u017eavanje do 72 sata\"}]},{\"@type\":\"WebSite\",\"@id\":\"https:\\\/\\\/dmcsrb.com\\\/#website\",\"url\":\"https:\\\/\\\/dmcsrb.com\\\/\",\"name\":\"dmcsrb.com\",\"description\":\"\",\"potentialAction\":[{\"@type\":\"SearchAction\",\"target\":{\"@type\":\"EntryPoint\",\"urlTemplate\":\"https:\\\/\\\/dmcsrb.com\\\/?s={search_term_string}\"},\"query-input\":{\"@type\":\"PropertyValueSpecification\",\"valueRequired\":true,\"valueName\":\"search_term_string\"}}],\"inLanguage\":\"en-GB\"},{\"@type\":\"Person\",\"@id\":\"https:\\\/\\\/dmcsrb.com\\\/#\\\/schema\\\/person\\\/5c39170f12db1b8b457732d0b5c854e2\",\"name\":\"dmcsrbija.com@gmail.com\",\"image\":{\"@type\":\"ImageObject\",\"inLanguage\":\"en-GB\",\"@id\":\"https:\\\/\\\/secure.gravatar.com\\\/avatar\\\/68592660ad6347fad0fb587f8d5d8f1a7b44961362f56e4f2cd524feb87e9069?s=96&d=mm&r=g\",\"url\":\"https:\\\/\\\/secure.gravatar.com\\\/avatar\\\/68592660ad6347fad0fb587f8d5d8f1a7b44961362f56e4f2cd524feb87e9069?s=96&d=mm&r=g\",\"contentUrl\":\"https:\\\/\\\/secure.gravatar.com\\\/avatar\\\/68592660ad6347fad0fb587f8d5d8f1a7b44961362f56e4f2cd524feb87e9069?s=96&d=mm&r=g\",\"caption\":\"dmcsrbija.com@gmail.com\"},\"sameAs\":[\"https:\\\/\\\/dmcsrb.com\"],\"url\":\"https:\\\/\\\/dmcsrb.com\\\/en\\\/author\\\/dmcsrbija-comgmail-com\\\/\"}]}<\/script>\n<!-- \/ Yoast SEO plugin. -->","yoast_head_json":{"title":"Ubovi\u0107u i Kova\u010devi\u0107u odre\u0111eno zadr\u017eavanje do 72 sata - dmcsrb.com","robots":{"index":"index","follow":"follow","max-snippet":"max-snippet:-1","max-image-preview":"max-image-preview:large","max-video-preview":"max-video-preview:-1"},"canonical":"https:\/\/dmcsrb.com\/en\/hronika\/ubovicu-i-kovacevicu-odredjeno-zadrzavanje-do-72-sata\/","og_locale":"en_GB","og_type":"article","og_title":"Ubovi\u0107u i Kova\u010devi\u0107u odre\u0111eno zadr\u017eavanje do 72 sata - dmcsrb.com","og_description":"Biznismenima Ranku Ubovi\u0107u i Veselinu Kova\u010devi\u0107u nakon saslu\u0161anja u Specijalnom dr\u017eavnom tu\u017eila\u0161tvu (SDT) odre\u0111eno je zadr\u017eavanje do 72 sata. Iz Specijalnog dr\u017eavnog tu\u017eila\u0161tva saop\u0161teno je da se ova dva lica sumnji\u010de za pranje novca.","og_url":"https:\/\/dmcsrb.com\/en\/hronika\/ubovicu-i-kovacevicu-odredjeno-zadrzavanje-do-72-sata\/","og_site_name":"dmcsrb.com","article_published_time":"2025-10-27T19:44:02+00:00","og_image":[{"width":940,"height":531,"url":"https:\/\/dmcsrb.com\/wp-content\/uploads\/2026\/01\/Capture-82-1.webp","type":"image\/jpeg"}],"author":"dmcsrbija.com@gmail.com","twitter_card":"summary_large_image","twitter_misc":{"Written by":"dmcsrbija.com@gmail.com","Estimated reading time":"3 minutes"},"schema":{"@context":"https:\/\/schema.org","@graph":[{"@type":"Article","@id":"https:\/\/dmcsrb.com\/hronika\/ubovicu-i-kovacevicu-odredjeno-zadrzavanje-do-72-sata\/#article","isPartOf":{"@id":"https:\/\/dmcsrb.com\/hronika\/ubovicu-i-kovacevicu-odredjeno-zadrzavanje-do-72-sata\/"},"author":{"name":"dmcsrbija.com@gmail.com","@id":"https:\/\/dmcsrb.com\/#\/schema\/person\/5c39170f12db1b8b457732d0b5c854e2"},"headline":"Ubovi\u0107u i Kova\u010devi\u0107u odre\u0111eno zadr\u017eavanje do 72 sata","datePublished":"2025-10-27T19:44:02+00:00","mainEntityOfPage":{"@id":"https:\/\/dmcsrb.com\/hronika\/ubovicu-i-kovacevicu-odredjeno-zadrzavanje-do-72-sata\/"},"wordCount":546,"commentCount":0,"image":{"@id":"https:\/\/dmcsrb.com\/hronika\/ubovicu-i-kovacevicu-odredjeno-zadrzavanje-do-72-sata\/#primaryimage"},"thumbnailUrl":"https:\/\/dmcsrb.com\/wp-content\/uploads\/2026\/01\/Capture-82-1.webp","keywords":["Odre\u0111eno zadr\u017eavanje","Ranko Ubovi\u0107","Veselin Kova\u010devi\u0107"],"articleSection":["Hronika"],"inLanguage":"en-GB","potentialAction":[{"@type":"CommentAction","name":"Comment","target":["https:\/\/dmcsrb.com\/hronika\/ubovicu-i-kovacevicu-odredjeno-zadrzavanje-do-72-sata\/#respond"]}]},{"@type":"WebPage","@id":"https:\/\/dmcsrb.com\/hronika\/ubovicu-i-kovacevicu-odredjeno-zadrzavanje-do-72-sata\/","url":"https:\/\/dmcsrb.com\/hronika\/ubovicu-i-kovacevicu-odredjeno-zadrzavanje-do-72-sata\/","name":"Ubovi\u0107u i Kova\u010devi\u0107u odre\u0111eno zadr\u017eavanje do 72 sata - dmcsrb.com","isPartOf":{"@id":"https:\/\/dmcsrb.com\/#website"},"primaryImageOfPage":{"@id":"https:\/\/dmcsrb.com\/hronika\/ubovicu-i-kovacevicu-odredjeno-zadrzavanje-do-72-sata\/#primaryimage"},"image":{"@id":"https:\/\/dmcsrb.com\/hronika\/ubovicu-i-kovacevicu-odredjeno-zadrzavanje-do-72-sata\/#primaryimage"},"thumbnailUrl":"https:\/\/dmcsrb.com\/wp-content\/uploads\/2026\/01\/Capture-82-1.webp","datePublished":"2025-10-27T19:44:02+00:00","author":{"@id":"https:\/\/dmcsrb.com\/#\/schema\/person\/5c39170f12db1b8b457732d0b5c854e2"},"breadcrumb":{"@id":"https:\/\/dmcsrb.com\/hronika\/ubovicu-i-kovacevicu-odredjeno-zadrzavanje-do-72-sata\/#breadcrumb"},"inLanguage":"en-GB","potentialAction":[{"@type":"ReadAction","target":["https:\/\/dmcsrb.com\/hronika\/ubovicu-i-kovacevicu-odredjeno-zadrzavanje-do-72-sata\/"]}]},{"@type":"ImageObject","inLanguage":"en-GB","@id":"https:\/\/dmcsrb.com\/hronika\/ubovicu-i-kovacevicu-odredjeno-zadrzavanje-do-72-sata\/#primaryimage","url":"https:\/\/dmcsrb.com\/wp-content\/uploads\/2026\/01\/Capture-82-1.webp","contentUrl":"https:\/\/dmcsrb.com\/wp-content\/uploads\/2026\/01\/Capture-82-1.webp","width":940,"height":531},{"@type":"BreadcrumbList","@id":"https:\/\/dmcsrb.com\/hronika\/ubovicu-i-kovacevicu-odredjeno-zadrzavanje-do-72-sata\/#breadcrumb","itemListElement":[{"@type":"ListItem","position":1,"name":"Home","item":"https:\/\/dmcsrb.com\/"},{"@type":"ListItem","position":2,"name":"Ubovi\u0107u i Kova\u010devi\u0107u odre\u0111eno zadr\u017eavanje do 72 sata"}]},{"@type":"WebSite","@id":"https:\/\/dmcsrb.com\/#website","url":"https:\/\/dmcsrb.com\/","name":"dmcsrb.com","description":"","potentialAction":[{"@type":"SearchAction","target":{"@type":"EntryPoint","urlTemplate":"https:\/\/dmcsrb.com\/?s={search_term_string}"},"query-input":{"@type":"PropertyValueSpecification","valueRequired":true,"valueName":"search_term_string"}}],"inLanguage":"en-GB"},{"@type":"Person","@id":"https:\/\/dmcsrb.com\/#\/schema\/person\/5c39170f12db1b8b457732d0b5c854e2","name":"dmcsrbija.com@gmail.com","image":{"@type":"ImageObject","inLanguage":"en-GB","@id":"https:\/\/secure.gravatar.com\/avatar\/68592660ad6347fad0fb587f8d5d8f1a7b44961362f56e4f2cd524feb87e9069?s=96&d=mm&r=g","url":"https:\/\/secure.gravatar.com\/avatar\/68592660ad6347fad0fb587f8d5d8f1a7b44961362f56e4f2cd524feb87e9069?s=96&d=mm&r=g","contentUrl":"https:\/\/secure.gravatar.com\/avatar\/68592660ad6347fad0fb587f8d5d8f1a7b44961362f56e4f2cd524feb87e9069?s=96&d=mm&r=g","caption":"dmcsrbija.com@gmail.com"},"sameAs":["https:\/\/dmcsrb.com"],"url":"https:\/\/dmcsrb.com\/en\/author\/dmcsrbija-comgmail-com\/"}]}},"_links":{"self":[{"href":"https:\/\/dmcsrb.com\/en\/wp-json\/wp\/v2\/posts\/960416","targetHints":{"allow":["GET"]}}],"collection":[{"href":"https:\/\/dmcsrb.com\/en\/wp-json\/wp\/v2\/posts"}],"about":[{"href":"https:\/\/dmcsrb.com\/en\/wp-json\/wp\/v2\/types\/post"}],"author":[{"embeddable":true,"href":"https:\/\/dmcsrb.com\/en\/wp-json\/wp\/v2\/users\/1"}],"replies":[{"embeddable":true,"href":"https:\/\/dmcsrb.com\/en\/wp-json\/wp\/v2\/comments?post=960416"}],"version-history":[{"count":0,"href":"https:\/\/dmcsrb.com\/en\/wp-json\/wp\/v2\/posts\/960416\/revisions"}],"wp:featuredmedia":[{"embeddable":true,"href":"https:\/\/dmcsrb.com\/en\/wp-json\/wp\/v2\/media\/960417"}],"wp:attachment":[{"href":"https:\/\/dmcsrb.com\/en\/wp-json\/wp\/v2\/media?parent=960416"}],"wp:term":[{"taxonomy":"category","embeddable":true,"href":"https:\/\/dmcsrb.com\/en\/wp-json\/wp\/v2\/categories?post=960416"},{"taxonomy":"post_tag","embeddable":true,"href":"https:\/\/dmcsrb.com\/en\/wp-json\/wp\/v2\/tags?post=960416"},{"taxonomy":"naslovna","embeddable":true,"href":"https:\/\/dmcsrb.com\/en\/wp-json\/wp\/v2\/naslovna?post=960416"}],"curies":[{"name":"wp","href":"https:\/\/api.w.org\/{rel}","templated":true}]}}