{"id":960334,"date":"2025-10-27T15:41:00","date_gmt":"2025-10-27T14:41:00","guid":{"rendered":"https:\/\/dmcsrb.com\/uncategorized\/cedem-hitno-zaustaviti-napade-i-smiriti-retoriku-koja-produbljuje-podjele\/"},"modified":"2025-10-27T15:41:00","modified_gmt":"2025-10-27T14:41:00","slug":"cedem-hitno-zaustaviti-napade-i-smiriti-retoriku-koja-produbljuje-podjele","status":"publish","type":"post","link":"https:\/\/dmcsrb.com\/en\/drustvo\/cedem-hitno-zaustaviti-napade-i-smiriti-retoriku-koja-produbljuje-podjele\/","title":{"rendered":"CEDEM: Hitno zaustaviti napade i smiriti retoriku koja produbljuje podjele"},"content":{"rendered":"<p><br><br><\/p>\n\n\n\n<p>\u201cUpu\u0107ujemo \u017eelje za brzo ozdravljenje povrije\u0111enom sugra\u0111aninu i o\u010dekujemo da nadle\u017eni organi u potpunosti rasvijetle okolnosti incidenta\u201d, saop\u0161teno je iz CEDEM-a.<\/p>\n\n\n\n<p>Kako su istakli, pojedina\u010dni incident ne smije postati izgovor za preno\u0161enje kolektivne krivice niti za podsticanje institucionalne ksenofobije prema stranim dr\u017eavljanima koji \u017eive i rade u Crnoj Gori.<\/p>\n\n\n\n<p>\u201cNajve\u0107i broj stranaca u Crnoj Gori \u017eivi mirno, po\u0161tuje zakone i doprinosi razvoju na\u0161e zajednice. Neprihvatljivo je da zbog pojedina\u010dnih incidenata bude naru\u0161en njihov osje\u0107aj sigurnosti. CEDEM poziva dr\u017eavne organe da reagovanjem na terenu, ali i na\u010dinom komunikacije, doprinesu smirivanju situacije, a ne njenom daljem zao\u0161travanju\u201d, kazali su u saop\u0161tenju.<\/p>\n\n\n\n<p>Podsje\u0107aju da se strate\u0161ke odluke, poput promjena viznog re\u017eima ili pravila poslovanja, ne mogu donositi pod pritiskom trenutnih doga\u0111aja, ve\u0107 isklju\u010divo kroz odgovorne procese i u skladu s me\u0111unarodnim standardima.<\/p>\n\n\n\n<p>\u201cPozivamo nadle\u017ene institucije i dr\u017eavne zvani\u010dnike da obi\u0111u o\u0161te\u0107ene turske dr\u017eavljane, pru\u017ee im podr\u0161ku i jasno stave do znanja da u Crnoj Gori nema mjesta nasilju, diskriminaciji i kolektivnom etiketiranju bilo koje nacije\u201d, dodaju u saop\u0161tenju.<\/p>\n\n\n\n<p>Crna Gora, zaklju\u010duju, mora ostati prostor u kojem se njeguje po\u0161tovanje, dijalog i zajedni\u010dki \u017eivot svih ljudi koji u njoj borave.<\/p>\n\n\n\n<p><\/p>","protected":false},"excerpt":{"rendered":"<p>Centar za demokratiju i ljudska prava (CEDEM) izra\u017eava duboku zabrinutost zbog sino\u0107njih doga\u0111aja u Podgorici i na\u010dina na koji se o njima govori u javnom prostoru i koji mo\u017ee doprinijeti dru\u0161tvenim podjelama i atmosferi lin\u010da.<\/p>","protected":false},"author":1,"featured_media":952350,"comment_status":"open","ping_status":"open","sticky":false,"template":"","format":"standard","meta":{"_acf_changed":false,"footnotes":""},"categories":[2],"tags":[5480,3141],"naslovna":[],"class_list":["post-960334","post","type-post","status-publish","format-standard","has-post-thumbnail","hentry","category-drustvo","tag-cedem","tag-napad"],"acf":[],"yoast_head":"<!-- This site is optimized with the Yoast SEO plugin v27.4 - https:\/\/yoast.com\/product\/yoast-seo-wordpress\/ -->\n<title>CEDEM: Hitno zaustaviti napade i smiriti retoriku koja produbljuje podjele - dmcsrb.com<\/title>\n<meta name=\"robots\" content=\"index, follow, max-snippet:-1, max-image-preview:large, max-video-preview:-1\" \/>\n<link rel=\"canonical\" href=\"https:\/\/dmcsrb.com\/en\/drustvo\/cedem-hitno-zaustaviti-napade-i-smiriti-retoriku-koja-produbljuje-podjele\/\" \/>\n<meta property=\"og:locale\" content=\"en_GB\" \/>\n<meta property=\"og:type\" content=\"article\" \/>\n<meta property=\"og:title\" content=\"CEDEM: Hitno zaustaviti napade i smiriti retoriku koja produbljuje podjele - dmcsrb.com\" \/>\n<meta property=\"og:description\" content=\"Centar za demokratiju i ljudska prava (CEDEM) izra\u017eava duboku zabrinutost zbog sino\u0107njih doga\u0111aja u Podgorici i na\u010dina na koji se o njima govori u javnom prostoru i koji mo\u017ee doprinijeti dru\u0161tvenim podjelama i atmosferi lin\u010da.\" \/>\n<meta property=\"og:url\" content=\"https:\/\/dmcsrb.com\/en\/drustvo\/cedem-hitno-zaustaviti-napade-i-smiriti-retoriku-koja-produbljuje-podjele\/\" \/>\n<meta property=\"og:site_name\" content=\"dmcsrb.com\" \/>\n<meta property=\"article:published_time\" content=\"2025-10-27T14:41:00+00:00\" \/>\n<meta property=\"og:image\" content=\"https:\/\/dmcsrb.com\/wp-content\/uploads\/2026\/01\/cedemmm_394x900.jpg.webp\" \/>\n\t<meta property=\"og:image:width\" content=\"899\" \/>\n\t<meta property=\"og:image:height\" content=\"394\" \/>\n\t<meta property=\"og:image:type\" content=\"image\/webp\" \/>\n<meta name=\"author\" content=\"dmcsrbija.com@gmail.com\" \/>\n<meta name=\"twitter:card\" content=\"summary_large_image\" \/>\n<meta name=\"twitter:label1\" content=\"Written by\" \/>\n\t<meta name=\"twitter:data1\" content=\"dmcsrbija.com@gmail.com\" \/>\n\t<meta name=\"twitter:label2\" content=\"Estimated reading time\" \/>\n\t<meta name=\"twitter:data2\" content=\"1 minute\" \/>\n<script type=\"application\/ld+json\" class=\"yoast-schema-graph\">{\"@context\":\"https:\\\/\\\/schema.org\",\"@graph\":[{\"@type\":\"Article\",\"@id\":\"https:\\\/\\\/dmcsrb.com\\\/en\\\/drustvo\\\/cedem-hitno-zaustaviti-napade-i-smiriti-retoriku-koja-produbljuje-podjele\\\/#article\",\"isPartOf\":{\"@id\":\"https:\\\/\\\/dmcsrb.com\\\/en\\\/drustvo\\\/cedem-hitno-zaustaviti-napade-i-smiriti-retoriku-koja-produbljuje-podjele\\\/\"},\"author\":{\"name\":\"dmcsrbija.com@gmail.com\",\"@id\":\"https:\\\/\\\/dmcsrb.com\\\/#\\\/schema\\\/person\\\/5c39170f12db1b8b457732d0b5c854e2\"},\"headline\":\"CEDEM: Hitno zaustaviti napade i smiriti retoriku koja produbljuje podjele\",\"datePublished\":\"2025-10-27T14:41:00+00:00\",\"mainEntityOfPage\":{\"@id\":\"https:\\\/\\\/dmcsrb.com\\\/en\\\/drustvo\\\/cedem-hitno-zaustaviti-napade-i-smiriti-retoriku-koja-produbljuje-podjele\\\/\"},\"wordCount\":234,\"commentCount\":0,\"image\":{\"@id\":\"https:\\\/\\\/dmcsrb.com\\\/en\\\/drustvo\\\/cedem-hitno-zaustaviti-napade-i-smiriti-retoriku-koja-produbljuje-podjele\\\/#primaryimage\"},\"thumbnailUrl\":\"https:\\\/\\\/dmcsrb.com\\\/wp-content\\\/uploads\\\/2026\\\/01\\\/cedemmm_394x900.jpg.webp\",\"keywords\":[\"CEDEM\",\"napad\"],\"articleSection\":[\"Dru\u0161tvo\"],\"inLanguage\":\"en-GB\",\"potentialAction\":[{\"@type\":\"CommentAction\",\"name\":\"Comment\",\"target\":[\"https:\\\/\\\/dmcsrb.com\\\/en\\\/drustvo\\\/cedem-hitno-zaustaviti-napade-i-smiriti-retoriku-koja-produbljuje-podjele\\\/#respond\"]}]},{\"@type\":\"WebPage\",\"@id\":\"https:\\\/\\\/dmcsrb.com\\\/en\\\/drustvo\\\/cedem-hitno-zaustaviti-napade-i-smiriti-retoriku-koja-produbljuje-podjele\\\/\",\"url\":\"https:\\\/\\\/dmcsrb.com\\\/en\\\/drustvo\\\/cedem-hitno-zaustaviti-napade-i-smiriti-retoriku-koja-produbljuje-podjele\\\/\",\"name\":\"CEDEM: Hitno zaustaviti napade i smiriti retoriku koja produbljuje podjele - dmcsrb.com\",\"isPartOf\":{\"@id\":\"https:\\\/\\\/dmcsrb.com\\\/#website\"},\"primaryImageOfPage\":{\"@id\":\"https:\\\/\\\/dmcsrb.com\\\/en\\\/drustvo\\\/cedem-hitno-zaustaviti-napade-i-smiriti-retoriku-koja-produbljuje-podjele\\\/#primaryimage\"},\"image\":{\"@id\":\"https:\\\/\\\/dmcsrb.com\\\/en\\\/drustvo\\\/cedem-hitno-zaustaviti-napade-i-smiriti-retoriku-koja-produbljuje-podjele\\\/#primaryimage\"},\"thumbnailUrl\":\"https:\\\/\\\/dmcsrb.com\\\/wp-content\\\/uploads\\\/2026\\\/01\\\/cedemmm_394x900.jpg.webp\",\"datePublished\":\"2025-10-27T14:41:00+00:00\",\"author\":{\"@id\":\"https:\\\/\\\/dmcsrb.com\\\/#\\\/schema\\\/person\\\/5c39170f12db1b8b457732d0b5c854e2\"},\"breadcrumb\":{\"@id\":\"https:\\\/\\\/dmcsrb.com\\\/en\\\/drustvo\\\/cedem-hitno-zaustaviti-napade-i-smiriti-retoriku-koja-produbljuje-podjele\\\/#breadcrumb\"},\"inLanguage\":\"en-GB\",\"potentialAction\":[{\"@type\":\"ReadAction\",\"target\":[\"https:\\\/\\\/dmcsrb.com\\\/en\\\/drustvo\\\/cedem-hitno-zaustaviti-napade-i-smiriti-retoriku-koja-produbljuje-podjele\\\/\"]}]},{\"@type\":\"ImageObject\",\"inLanguage\":\"en-GB\",\"@id\":\"https:\\\/\\\/dmcsrb.com\\\/en\\\/drustvo\\\/cedem-hitno-zaustaviti-napade-i-smiriti-retoriku-koja-produbljuje-podjele\\\/#primaryimage\",\"url\":\"https:\\\/\\\/dmcsrb.com\\\/wp-content\\\/uploads\\\/2026\\\/01\\\/cedemmm_394x900.jpg.webp\",\"contentUrl\":\"https:\\\/\\\/dmcsrb.com\\\/wp-content\\\/uploads\\\/2026\\\/01\\\/cedemmm_394x900.jpg.webp\",\"width\":899,\"height\":394},{\"@type\":\"BreadcrumbList\",\"@id\":\"https:\\\/\\\/dmcsrb.com\\\/en\\\/drustvo\\\/cedem-hitno-zaustaviti-napade-i-smiriti-retoriku-koja-produbljuje-podjele\\\/#breadcrumb\",\"itemListElement\":[{\"@type\":\"ListItem\",\"position\":1,\"name\":\"Home\",\"item\":\"https:\\\/\\\/dmcsrb.com\\\/\"},{\"@type\":\"ListItem\",\"position\":2,\"name\":\"CEDEM: Hitno zaustaviti napade i smiriti retoriku koja produbljuje podjele\"}]},{\"@type\":\"WebSite\",\"@id\":\"https:\\\/\\\/dmcsrb.com\\\/#website\",\"url\":\"https:\\\/\\\/dmcsrb.com\\\/\",\"name\":\"dmcsrb.com\",\"description\":\"\",\"potentialAction\":[{\"@type\":\"SearchAction\",\"target\":{\"@type\":\"EntryPoint\",\"urlTemplate\":\"https:\\\/\\\/dmcsrb.com\\\/?s={search_term_string}\"},\"query-input\":{\"@type\":\"PropertyValueSpecification\",\"valueRequired\":true,\"valueName\":\"search_term_string\"}}],\"inLanguage\":\"en-GB\"},{\"@type\":\"Person\",\"@id\":\"https:\\\/\\\/dmcsrb.com\\\/#\\\/schema\\\/person\\\/5c39170f12db1b8b457732d0b5c854e2\",\"name\":\"dmcsrbija.com@gmail.com\",\"image\":{\"@type\":\"ImageObject\",\"inLanguage\":\"en-GB\",\"@id\":\"https:\\\/\\\/secure.gravatar.com\\\/avatar\\\/68592660ad6347fad0fb587f8d5d8f1a7b44961362f56e4f2cd524feb87e9069?s=96&d=mm&r=g\",\"url\":\"https:\\\/\\\/secure.gravatar.com\\\/avatar\\\/68592660ad6347fad0fb587f8d5d8f1a7b44961362f56e4f2cd524feb87e9069?s=96&d=mm&r=g\",\"contentUrl\":\"https:\\\/\\\/secure.gravatar.com\\\/avatar\\\/68592660ad6347fad0fb587f8d5d8f1a7b44961362f56e4f2cd524feb87e9069?s=96&d=mm&r=g\",\"caption\":\"dmcsrbija.com@gmail.com\"},\"sameAs\":[\"https:\\\/\\\/dmcsrb.com\"],\"url\":\"https:\\\/\\\/dmcsrb.com\\\/en\\\/author\\\/dmcsrbija-comgmail-com\\\/\"}]}<\/script>\n<!-- \/ Yoast SEO plugin. -->","yoast_head_json":{"title":"CEDEM: Hitno zaustaviti napade i smiriti retoriku koja produbljuje podjele - dmcsrb.com","robots":{"index":"index","follow":"follow","max-snippet":"max-snippet:-1","max-image-preview":"max-image-preview:large","max-video-preview":"max-video-preview:-1"},"canonical":"https:\/\/dmcsrb.com\/en\/drustvo\/cedem-hitno-zaustaviti-napade-i-smiriti-retoriku-koja-produbljuje-podjele\/","og_locale":"en_GB","og_type":"article","og_title":"CEDEM: Hitno zaustaviti napade i smiriti retoriku koja produbljuje podjele - dmcsrb.com","og_description":"Centar za demokratiju i ljudska prava (CEDEM) izra\u017eava duboku zabrinutost zbog sino\u0107njih doga\u0111aja u Podgorici i na\u010dina na koji se o njima govori u javnom prostoru i koji mo\u017ee doprinijeti dru\u0161tvenim podjelama i atmosferi lin\u010da.","og_url":"https:\/\/dmcsrb.com\/en\/drustvo\/cedem-hitno-zaustaviti-napade-i-smiriti-retoriku-koja-produbljuje-podjele\/","og_site_name":"dmcsrb.com","article_published_time":"2025-10-27T14:41:00+00:00","og_image":[{"width":899,"height":394,"url":"https:\/\/dmcsrb.com\/wp-content\/uploads\/2026\/01\/cedemmm_394x900.jpg.webp","type":"image\/webp"}],"author":"dmcsrbija.com@gmail.com","twitter_card":"summary_large_image","twitter_misc":{"Written by":"dmcsrbija.com@gmail.com","Estimated reading time":"1 minute"},"schema":{"@context":"https:\/\/schema.org","@graph":[{"@type":"Article","@id":"https:\/\/dmcsrb.com\/en\/drustvo\/cedem-hitno-zaustaviti-napade-i-smiriti-retoriku-koja-produbljuje-podjele\/#article","isPartOf":{"@id":"https:\/\/dmcsrb.com\/en\/drustvo\/cedem-hitno-zaustaviti-napade-i-smiriti-retoriku-koja-produbljuje-podjele\/"},"author":{"name":"dmcsrbija.com@gmail.com","@id":"https:\/\/dmcsrb.com\/#\/schema\/person\/5c39170f12db1b8b457732d0b5c854e2"},"headline":"CEDEM: Hitno zaustaviti napade i smiriti retoriku koja produbljuje podjele","datePublished":"2025-10-27T14:41:00+00:00","mainEntityOfPage":{"@id":"https:\/\/dmcsrb.com\/en\/drustvo\/cedem-hitno-zaustaviti-napade-i-smiriti-retoriku-koja-produbljuje-podjele\/"},"wordCount":234,"commentCount":0,"image":{"@id":"https:\/\/dmcsrb.com\/en\/drustvo\/cedem-hitno-zaustaviti-napade-i-smiriti-retoriku-koja-produbljuje-podjele\/#primaryimage"},"thumbnailUrl":"https:\/\/dmcsrb.com\/wp-content\/uploads\/2026\/01\/cedemmm_394x900.jpg.webp","keywords":["CEDEM","napad"],"articleSection":["Dru\u0161tvo"],"inLanguage":"en-GB","potentialAction":[{"@type":"CommentAction","name":"Comment","target":["https:\/\/dmcsrb.com\/en\/drustvo\/cedem-hitno-zaustaviti-napade-i-smiriti-retoriku-koja-produbljuje-podjele\/#respond"]}]},{"@type":"WebPage","@id":"https:\/\/dmcsrb.com\/en\/drustvo\/cedem-hitno-zaustaviti-napade-i-smiriti-retoriku-koja-produbljuje-podjele\/","url":"https:\/\/dmcsrb.com\/en\/drustvo\/cedem-hitno-zaustaviti-napade-i-smiriti-retoriku-koja-produbljuje-podjele\/","name":"CEDEM: Hitno zaustaviti napade i smiriti retoriku koja produbljuje podjele - dmcsrb.com","isPartOf":{"@id":"https:\/\/dmcsrb.com\/#website"},"primaryImageOfPage":{"@id":"https:\/\/dmcsrb.com\/en\/drustvo\/cedem-hitno-zaustaviti-napade-i-smiriti-retoriku-koja-produbljuje-podjele\/#primaryimage"},"image":{"@id":"https:\/\/dmcsrb.com\/en\/drustvo\/cedem-hitno-zaustaviti-napade-i-smiriti-retoriku-koja-produbljuje-podjele\/#primaryimage"},"thumbnailUrl":"https:\/\/dmcsrb.com\/wp-content\/uploads\/2026\/01\/cedemmm_394x900.jpg.webp","datePublished":"2025-10-27T14:41:00+00:00","author":{"@id":"https:\/\/dmcsrb.com\/#\/schema\/person\/5c39170f12db1b8b457732d0b5c854e2"},"breadcrumb":{"@id":"https:\/\/dmcsrb.com\/en\/drustvo\/cedem-hitno-zaustaviti-napade-i-smiriti-retoriku-koja-produbljuje-podjele\/#breadcrumb"},"inLanguage":"en-GB","potentialAction":[{"@type":"ReadAction","target":["https:\/\/dmcsrb.com\/en\/drustvo\/cedem-hitno-zaustaviti-napade-i-smiriti-retoriku-koja-produbljuje-podjele\/"]}]},{"@type":"ImageObject","inLanguage":"en-GB","@id":"https:\/\/dmcsrb.com\/en\/drustvo\/cedem-hitno-zaustaviti-napade-i-smiriti-retoriku-koja-produbljuje-podjele\/#primaryimage","url":"https:\/\/dmcsrb.com\/wp-content\/uploads\/2026\/01\/cedemmm_394x900.jpg.webp","contentUrl":"https:\/\/dmcsrb.com\/wp-content\/uploads\/2026\/01\/cedemmm_394x900.jpg.webp","width":899,"height":394},{"@type":"BreadcrumbList","@id":"https:\/\/dmcsrb.com\/en\/drustvo\/cedem-hitno-zaustaviti-napade-i-smiriti-retoriku-koja-produbljuje-podjele\/#breadcrumb","itemListElement":[{"@type":"ListItem","position":1,"name":"Home","item":"https:\/\/dmcsrb.com\/"},{"@type":"ListItem","position":2,"name":"CEDEM: Hitno zaustaviti napade i smiriti retoriku koja produbljuje podjele"}]},{"@type":"WebSite","@id":"https:\/\/dmcsrb.com\/#website","url":"https:\/\/dmcsrb.com\/","name":"dmcsrb.com","description":"","potentialAction":[{"@type":"SearchAction","target":{"@type":"EntryPoint","urlTemplate":"https:\/\/dmcsrb.com\/?s={search_term_string}"},"query-input":{"@type":"PropertyValueSpecification","valueRequired":true,"valueName":"search_term_string"}}],"inLanguage":"en-GB"},{"@type":"Person","@id":"https:\/\/dmcsrb.com\/#\/schema\/person\/5c39170f12db1b8b457732d0b5c854e2","name":"dmcsrbija.com@gmail.com","image":{"@type":"ImageObject","inLanguage":"en-GB","@id":"https:\/\/secure.gravatar.com\/avatar\/68592660ad6347fad0fb587f8d5d8f1a7b44961362f56e4f2cd524feb87e9069?s=96&d=mm&r=g","url":"https:\/\/secure.gravatar.com\/avatar\/68592660ad6347fad0fb587f8d5d8f1a7b44961362f56e4f2cd524feb87e9069?s=96&d=mm&r=g","contentUrl":"https:\/\/secure.gravatar.com\/avatar\/68592660ad6347fad0fb587f8d5d8f1a7b44961362f56e4f2cd524feb87e9069?s=96&d=mm&r=g","caption":"dmcsrbija.com@gmail.com"},"sameAs":["https:\/\/dmcsrb.com"],"url":"https:\/\/dmcsrb.com\/en\/author\/dmcsrbija-comgmail-com\/"}]}},"_links":{"self":[{"href":"https:\/\/dmcsrb.com\/en\/wp-json\/wp\/v2\/posts\/960334","targetHints":{"allow":["GET"]}}],"collection":[{"href":"https:\/\/dmcsrb.com\/en\/wp-json\/wp\/v2\/posts"}],"about":[{"href":"https:\/\/dmcsrb.com\/en\/wp-json\/wp\/v2\/types\/post"}],"author":[{"embeddable":true,"href":"https:\/\/dmcsrb.com\/en\/wp-json\/wp\/v2\/users\/1"}],"replies":[{"embeddable":true,"href":"https:\/\/dmcsrb.com\/en\/wp-json\/wp\/v2\/comments?post=960334"}],"version-history":[{"count":0,"href":"https:\/\/dmcsrb.com\/en\/wp-json\/wp\/v2\/posts\/960334\/revisions"}],"wp:featuredmedia":[{"embeddable":true,"href":"https:\/\/dmcsrb.com\/en\/wp-json\/wp\/v2\/media\/952350"}],"wp:attachment":[{"href":"https:\/\/dmcsrb.com\/en\/wp-json\/wp\/v2\/media?parent=960334"}],"wp:term":[{"taxonomy":"category","embeddable":true,"href":"https:\/\/dmcsrb.com\/en\/wp-json\/wp\/v2\/categories?post=960334"},{"taxonomy":"post_tag","embeddable":true,"href":"https:\/\/dmcsrb.com\/en\/wp-json\/wp\/v2\/tags?post=960334"},{"taxonomy":"naslovna","embeddable":true,"href":"https:\/\/dmcsrb.com\/en\/wp-json\/wp\/v2\/naslovna?post=960334"}],"curies":[{"name":"wp","href":"https:\/\/api.w.org\/{rel}","templated":true}]}}