{"id":960313,"date":"2025-10-27T12:16:41","date_gmt":"2025-10-27T11:16:41","guid":{"rendered":"https:\/\/dmcsrb.com\/uncategorized\/mvp-turske-preduzete-mjere-u-cilju-obezbjedjivanja-sigurnosti-turskih-drzavljana\/"},"modified":"2025-10-27T12:16:41","modified_gmt":"2025-10-27T11:16:41","slug":"mvp-turske-preduzete-mjere-u-cilju-obezbjedjivanja-sigurnosti-turskih-drzavljana","status":"publish","type":"post","link":"https:\/\/dmcsrb.com\/en\/politika\/mvp-turske-preduzete-mjere-u-cilju-obezbjedjivanja-sigurnosti-turskih-drzavljana\/","title":{"rendered":"MVP Turske: Preduzete mjere u cilju obezbje\u0111ivanja sigurnosti turskih dr\u017eavljana"},"content":{"rendered":"<p>Na sajtu turskog MVP-a navodi se da su se tokom proteklog vikenda u Crnoj Gori dogodili &#8220;neki mu\u010dni doga\u0111aji koji su uticali i na na\u0161e dr\u017eavljane&#8221;.&nbsp;<\/p>\n\n\n\n<p>&#8220;Odmah po po\u010detku de\u0161avanja uspostavljen je kontakt sa crnogorskim vlastima, te su preduzete potrebne mjere s ciljem obezbje\u0111ivanja sigurnosti na\u0161ih dr\u017eavljana&#8221;, kazali su iz MVP-a.<\/p>\n\n\n\n<p>Oni su naveli da pomno prate razvoj situacije.<\/p>\n\n\n\n<p>&#8220;Razvoj situacije se pomno prati u svim aspektima, a kontakti i koordinacija sa crnogorskim vlastima se kontinuirano odr\u017eavaju&#8221;, rekli su iz MVP-a Turske.<\/p>\n\n\n\n<p><\/p>","protected":false},"excerpt":{"rendered":"<p>Ministarstvo vanjskih poslova Turske saop\u0161tilo je da su, povodom de\u0161avanja u Crnoj Gori, preduzete mjere u cilju obezbje\u0111ivanja sigurnosti turskih dr\u017eavljana i da kontinuirano odr\u017eavaju kontakte sa crnogorskim vlastima.<\/p>","protected":false},"author":1,"featured_media":910307,"comment_status":"open","ping_status":"open","sticky":false,"template":"","format":"standard","meta":{"_acf_changed":false,"footnotes":""},"categories":[12],"tags":[95,2610,595,1066],"naslovna":[],"class_list":["post-960313","post","type-post","status-publish","format-standard","has-post-thumbnail","hentry","category-politika","tag-crna-gora","tag-komunikacija","tag-mvp","tag-turska"],"acf":[],"yoast_head":"<!-- This site is optimized with the Yoast SEO plugin v27.4 - https:\/\/yoast.com\/product\/yoast-seo-wordpress\/ -->\n<title>MVP Turske: Preduzete mjere u cilju obezbje\u0111ivanja sigurnosti turskih dr\u017eavljana - dmcsrb.com<\/title>\n<meta name=\"robots\" content=\"index, follow, max-snippet:-1, max-image-preview:large, max-video-preview:-1\" \/>\n<link rel=\"canonical\" href=\"https:\/\/dmcsrb.com\/en\/politika\/mvp-turske-preduzete-mjere-u-cilju-obezbjedjivanja-sigurnosti-turskih-drzavljana\/\" \/>\n<meta property=\"og:locale\" content=\"en_GB\" \/>\n<meta property=\"og:type\" content=\"article\" \/>\n<meta property=\"og:title\" content=\"MVP Turske: Preduzete mjere u cilju obezbje\u0111ivanja sigurnosti turskih dr\u017eavljana - dmcsrb.com\" \/>\n<meta property=\"og:description\" content=\"Ministarstvo vanjskih poslova Turske saop\u0161tilo je da su, povodom de\u0161avanja u Crnoj Gori, preduzete mjere u cilju obezbje\u0111ivanja sigurnosti turskih dr\u017eavljana i da kontinuirano odr\u017eavaju kontakte sa crnogorskim vlastima.\" \/>\n<meta property=\"og:url\" content=\"https:\/\/dmcsrb.com\/en\/politika\/mvp-turske-preduzete-mjere-u-cilju-obezbjedjivanja-sigurnosti-turskih-drzavljana\/\" \/>\n<meta property=\"og:site_name\" content=\"dmcsrb.com\" \/>\n<meta property=\"article:published_time\" content=\"2025-10-27T11:16:41+00:00\" \/>\n<meta property=\"og:image\" content=\"https:\/\/dmcsrb.com\/wp-content\/uploads\/2026\/01\/Turska-more.webp\" \/>\n\t<meta property=\"og:image:width\" content=\"696\" \/>\n\t<meta property=\"og:image:height\" content=\"462\" \/>\n\t<meta property=\"og:image:type\" content=\"image\/webp\" \/>\n<meta name=\"author\" content=\"dmcsrbija.com@gmail.com\" \/>\n<meta name=\"twitter:card\" content=\"summary_large_image\" \/>\n<meta name=\"twitter:label1\" content=\"Written by\" \/>\n\t<meta name=\"twitter:data1\" content=\"dmcsrbija.com@gmail.com\" \/>\n<script type=\"application\/ld+json\" class=\"yoast-schema-graph\">{\"@context\":\"https:\\\/\\\/schema.org\",\"@graph\":[{\"@type\":\"Article\",\"@id\":\"https:\\\/\\\/dmcsrb.com\\\/politika\\\/mvp-turske-preduzete-mjere-u-cilju-obezbjedjivanja-sigurnosti-turskih-drzavljana\\\/#article\",\"isPartOf\":{\"@id\":\"https:\\\/\\\/dmcsrb.com\\\/politika\\\/mvp-turske-preduzete-mjere-u-cilju-obezbjedjivanja-sigurnosti-turskih-drzavljana\\\/\"},\"author\":{\"name\":\"dmcsrbija.com@gmail.com\",\"@id\":\"https:\\\/\\\/dmcsrb.com\\\/#\\\/schema\\\/person\\\/5c39170f12db1b8b457732d0b5c854e2\"},\"headline\":\"MVP Turske: Preduzete mjere u cilju obezbje\u0111ivanja sigurnosti turskih dr\u017eavljana\",\"datePublished\":\"2025-10-27T11:16:41+00:00\",\"mainEntityOfPage\":{\"@id\":\"https:\\\/\\\/dmcsrb.com\\\/politika\\\/mvp-turske-preduzete-mjere-u-cilju-obezbjedjivanja-sigurnosti-turskih-drzavljana\\\/\"},\"wordCount\":105,\"commentCount\":0,\"image\":{\"@id\":\"https:\\\/\\\/dmcsrb.com\\\/politika\\\/mvp-turske-preduzete-mjere-u-cilju-obezbjedjivanja-sigurnosti-turskih-drzavljana\\\/#primaryimage\"},\"thumbnailUrl\":\"https:\\\/\\\/dmcsrb.com\\\/wp-content\\\/uploads\\\/2026\\\/01\\\/Turska-more.webp\",\"keywords\":[\"Crna Gora\",\"komunikacija\",\"MVP\",\"Turska\"],\"articleSection\":[\"Politika\"],\"inLanguage\":\"en-GB\",\"potentialAction\":[{\"@type\":\"CommentAction\",\"name\":\"Comment\",\"target\":[\"https:\\\/\\\/dmcsrb.com\\\/politika\\\/mvp-turske-preduzete-mjere-u-cilju-obezbjedjivanja-sigurnosti-turskih-drzavljana\\\/#respond\"]}]},{\"@type\":\"WebPage\",\"@id\":\"https:\\\/\\\/dmcsrb.com\\\/politika\\\/mvp-turske-preduzete-mjere-u-cilju-obezbjedjivanja-sigurnosti-turskih-drzavljana\\\/\",\"url\":\"https:\\\/\\\/dmcsrb.com\\\/politika\\\/mvp-turske-preduzete-mjere-u-cilju-obezbjedjivanja-sigurnosti-turskih-drzavljana\\\/\",\"name\":\"MVP Turske: Preduzete mjere u cilju obezbje\u0111ivanja sigurnosti turskih dr\u017eavljana - dmcsrb.com\",\"isPartOf\":{\"@id\":\"https:\\\/\\\/dmcsrb.com\\\/#website\"},\"primaryImageOfPage\":{\"@id\":\"https:\\\/\\\/dmcsrb.com\\\/politika\\\/mvp-turske-preduzete-mjere-u-cilju-obezbjedjivanja-sigurnosti-turskih-drzavljana\\\/#primaryimage\"},\"image\":{\"@id\":\"https:\\\/\\\/dmcsrb.com\\\/politika\\\/mvp-turske-preduzete-mjere-u-cilju-obezbjedjivanja-sigurnosti-turskih-drzavljana\\\/#primaryimage\"},\"thumbnailUrl\":\"https:\\\/\\\/dmcsrb.com\\\/wp-content\\\/uploads\\\/2026\\\/01\\\/Turska-more.webp\",\"datePublished\":\"2025-10-27T11:16:41+00:00\",\"author\":{\"@id\":\"https:\\\/\\\/dmcsrb.com\\\/#\\\/schema\\\/person\\\/5c39170f12db1b8b457732d0b5c854e2\"},\"breadcrumb\":{\"@id\":\"https:\\\/\\\/dmcsrb.com\\\/politika\\\/mvp-turske-preduzete-mjere-u-cilju-obezbjedjivanja-sigurnosti-turskih-drzavljana\\\/#breadcrumb\"},\"inLanguage\":\"en-GB\",\"potentialAction\":[{\"@type\":\"ReadAction\",\"target\":[\"https:\\\/\\\/dmcsrb.com\\\/politika\\\/mvp-turske-preduzete-mjere-u-cilju-obezbjedjivanja-sigurnosti-turskih-drzavljana\\\/\"]}]},{\"@type\":\"ImageObject\",\"inLanguage\":\"en-GB\",\"@id\":\"https:\\\/\\\/dmcsrb.com\\\/politika\\\/mvp-turske-preduzete-mjere-u-cilju-obezbjedjivanja-sigurnosti-turskih-drzavljana\\\/#primaryimage\",\"url\":\"https:\\\/\\\/dmcsrb.com\\\/wp-content\\\/uploads\\\/2026\\\/01\\\/Turska-more.webp\",\"contentUrl\":\"https:\\\/\\\/dmcsrb.com\\\/wp-content\\\/uploads\\\/2026\\\/01\\\/Turska-more.webp\",\"width\":696,\"height\":462},{\"@type\":\"BreadcrumbList\",\"@id\":\"https:\\\/\\\/dmcsrb.com\\\/politika\\\/mvp-turske-preduzete-mjere-u-cilju-obezbjedjivanja-sigurnosti-turskih-drzavljana\\\/#breadcrumb\",\"itemListElement\":[{\"@type\":\"ListItem\",\"position\":1,\"name\":\"Home\",\"item\":\"https:\\\/\\\/dmcsrb.com\\\/\"},{\"@type\":\"ListItem\",\"position\":2,\"name\":\"MVP Turske: Preduzete mjere u cilju obezbje\u0111ivanja sigurnosti turskih dr\u017eavljana\"}]},{\"@type\":\"WebSite\",\"@id\":\"https:\\\/\\\/dmcsrb.com\\\/#website\",\"url\":\"https:\\\/\\\/dmcsrb.com\\\/\",\"name\":\"dmcsrb.com\",\"description\":\"\",\"potentialAction\":[{\"@type\":\"SearchAction\",\"target\":{\"@type\":\"EntryPoint\",\"urlTemplate\":\"https:\\\/\\\/dmcsrb.com\\\/?s={search_term_string}\"},\"query-input\":{\"@type\":\"PropertyValueSpecification\",\"valueRequired\":true,\"valueName\":\"search_term_string\"}}],\"inLanguage\":\"en-GB\"},{\"@type\":\"Person\",\"@id\":\"https:\\\/\\\/dmcsrb.com\\\/#\\\/schema\\\/person\\\/5c39170f12db1b8b457732d0b5c854e2\",\"name\":\"dmcsrbija.com@gmail.com\",\"image\":{\"@type\":\"ImageObject\",\"inLanguage\":\"en-GB\",\"@id\":\"https:\\\/\\\/secure.gravatar.com\\\/avatar\\\/68592660ad6347fad0fb587f8d5d8f1a7b44961362f56e4f2cd524feb87e9069?s=96&d=mm&r=g\",\"url\":\"https:\\\/\\\/secure.gravatar.com\\\/avatar\\\/68592660ad6347fad0fb587f8d5d8f1a7b44961362f56e4f2cd524feb87e9069?s=96&d=mm&r=g\",\"contentUrl\":\"https:\\\/\\\/secure.gravatar.com\\\/avatar\\\/68592660ad6347fad0fb587f8d5d8f1a7b44961362f56e4f2cd524feb87e9069?s=96&d=mm&r=g\",\"caption\":\"dmcsrbija.com@gmail.com\"},\"sameAs\":[\"https:\\\/\\\/dmcsrb.com\"],\"url\":\"https:\\\/\\\/dmcsrb.com\\\/en\\\/author\\\/dmcsrbija-comgmail-com\\\/\"}]}<\/script>\n<!-- \/ Yoast SEO plugin. -->","yoast_head_json":{"title":"MVP Turske: Preduzete mjere u cilju obezbje\u0111ivanja sigurnosti turskih dr\u017eavljana - dmcsrb.com","robots":{"index":"index","follow":"follow","max-snippet":"max-snippet:-1","max-image-preview":"max-image-preview:large","max-video-preview":"max-video-preview:-1"},"canonical":"https:\/\/dmcsrb.com\/en\/politika\/mvp-turske-preduzete-mjere-u-cilju-obezbjedjivanja-sigurnosti-turskih-drzavljana\/","og_locale":"en_GB","og_type":"article","og_title":"MVP Turske: Preduzete mjere u cilju obezbje\u0111ivanja sigurnosti turskih dr\u017eavljana - dmcsrb.com","og_description":"Ministarstvo vanjskih poslova Turske saop\u0161tilo je da su, povodom de\u0161avanja u Crnoj Gori, preduzete mjere u cilju obezbje\u0111ivanja sigurnosti turskih dr\u017eavljana i da kontinuirano odr\u017eavaju kontakte sa crnogorskim vlastima.","og_url":"https:\/\/dmcsrb.com\/en\/politika\/mvp-turske-preduzete-mjere-u-cilju-obezbjedjivanja-sigurnosti-turskih-drzavljana\/","og_site_name":"dmcsrb.com","article_published_time":"2025-10-27T11:16:41+00:00","og_image":[{"width":696,"height":462,"url":"https:\/\/dmcsrb.com\/wp-content\/uploads\/2026\/01\/Turska-more.webp","type":"image\/webp"}],"author":"dmcsrbija.com@gmail.com","twitter_card":"summary_large_image","twitter_misc":{"Written by":"dmcsrbija.com@gmail.com"},"schema":{"@context":"https:\/\/schema.org","@graph":[{"@type":"Article","@id":"https:\/\/dmcsrb.com\/politika\/mvp-turske-preduzete-mjere-u-cilju-obezbjedjivanja-sigurnosti-turskih-drzavljana\/#article","isPartOf":{"@id":"https:\/\/dmcsrb.com\/politika\/mvp-turske-preduzete-mjere-u-cilju-obezbjedjivanja-sigurnosti-turskih-drzavljana\/"},"author":{"name":"dmcsrbija.com@gmail.com","@id":"https:\/\/dmcsrb.com\/#\/schema\/person\/5c39170f12db1b8b457732d0b5c854e2"},"headline":"MVP Turske: Preduzete mjere u cilju obezbje\u0111ivanja sigurnosti turskih dr\u017eavljana","datePublished":"2025-10-27T11:16:41+00:00","mainEntityOfPage":{"@id":"https:\/\/dmcsrb.com\/politika\/mvp-turske-preduzete-mjere-u-cilju-obezbjedjivanja-sigurnosti-turskih-drzavljana\/"},"wordCount":105,"commentCount":0,"image":{"@id":"https:\/\/dmcsrb.com\/politika\/mvp-turske-preduzete-mjere-u-cilju-obezbjedjivanja-sigurnosti-turskih-drzavljana\/#primaryimage"},"thumbnailUrl":"https:\/\/dmcsrb.com\/wp-content\/uploads\/2026\/01\/Turska-more.webp","keywords":["Crna Gora","komunikacija","MVP","Turska"],"articleSection":["Politika"],"inLanguage":"en-GB","potentialAction":[{"@type":"CommentAction","name":"Comment","target":["https:\/\/dmcsrb.com\/politika\/mvp-turske-preduzete-mjere-u-cilju-obezbjedjivanja-sigurnosti-turskih-drzavljana\/#respond"]}]},{"@type":"WebPage","@id":"https:\/\/dmcsrb.com\/politika\/mvp-turske-preduzete-mjere-u-cilju-obezbjedjivanja-sigurnosti-turskih-drzavljana\/","url":"https:\/\/dmcsrb.com\/politika\/mvp-turske-preduzete-mjere-u-cilju-obezbjedjivanja-sigurnosti-turskih-drzavljana\/","name":"MVP Turske: Preduzete mjere u cilju obezbje\u0111ivanja sigurnosti turskih dr\u017eavljana - dmcsrb.com","isPartOf":{"@id":"https:\/\/dmcsrb.com\/#website"},"primaryImageOfPage":{"@id":"https:\/\/dmcsrb.com\/politika\/mvp-turske-preduzete-mjere-u-cilju-obezbjedjivanja-sigurnosti-turskih-drzavljana\/#primaryimage"},"image":{"@id":"https:\/\/dmcsrb.com\/politika\/mvp-turske-preduzete-mjere-u-cilju-obezbjedjivanja-sigurnosti-turskih-drzavljana\/#primaryimage"},"thumbnailUrl":"https:\/\/dmcsrb.com\/wp-content\/uploads\/2026\/01\/Turska-more.webp","datePublished":"2025-10-27T11:16:41+00:00","author":{"@id":"https:\/\/dmcsrb.com\/#\/schema\/person\/5c39170f12db1b8b457732d0b5c854e2"},"breadcrumb":{"@id":"https:\/\/dmcsrb.com\/politika\/mvp-turske-preduzete-mjere-u-cilju-obezbjedjivanja-sigurnosti-turskih-drzavljana\/#breadcrumb"},"inLanguage":"en-GB","potentialAction":[{"@type":"ReadAction","target":["https:\/\/dmcsrb.com\/politika\/mvp-turske-preduzete-mjere-u-cilju-obezbjedjivanja-sigurnosti-turskih-drzavljana\/"]}]},{"@type":"ImageObject","inLanguage":"en-GB","@id":"https:\/\/dmcsrb.com\/politika\/mvp-turske-preduzete-mjere-u-cilju-obezbjedjivanja-sigurnosti-turskih-drzavljana\/#primaryimage","url":"https:\/\/dmcsrb.com\/wp-content\/uploads\/2026\/01\/Turska-more.webp","contentUrl":"https:\/\/dmcsrb.com\/wp-content\/uploads\/2026\/01\/Turska-more.webp","width":696,"height":462},{"@type":"BreadcrumbList","@id":"https:\/\/dmcsrb.com\/politika\/mvp-turske-preduzete-mjere-u-cilju-obezbjedjivanja-sigurnosti-turskih-drzavljana\/#breadcrumb","itemListElement":[{"@type":"ListItem","position":1,"name":"Home","item":"https:\/\/dmcsrb.com\/"},{"@type":"ListItem","position":2,"name":"MVP Turske: Preduzete mjere u cilju obezbje\u0111ivanja sigurnosti turskih dr\u017eavljana"}]},{"@type":"WebSite","@id":"https:\/\/dmcsrb.com\/#website","url":"https:\/\/dmcsrb.com\/","name":"dmcsrb.com","description":"","potentialAction":[{"@type":"SearchAction","target":{"@type":"EntryPoint","urlTemplate":"https:\/\/dmcsrb.com\/?s={search_term_string}"},"query-input":{"@type":"PropertyValueSpecification","valueRequired":true,"valueName":"search_term_string"}}],"inLanguage":"en-GB"},{"@type":"Person","@id":"https:\/\/dmcsrb.com\/#\/schema\/person\/5c39170f12db1b8b457732d0b5c854e2","name":"dmcsrbija.com@gmail.com","image":{"@type":"ImageObject","inLanguage":"en-GB","@id":"https:\/\/secure.gravatar.com\/avatar\/68592660ad6347fad0fb587f8d5d8f1a7b44961362f56e4f2cd524feb87e9069?s=96&d=mm&r=g","url":"https:\/\/secure.gravatar.com\/avatar\/68592660ad6347fad0fb587f8d5d8f1a7b44961362f56e4f2cd524feb87e9069?s=96&d=mm&r=g","contentUrl":"https:\/\/secure.gravatar.com\/avatar\/68592660ad6347fad0fb587f8d5d8f1a7b44961362f56e4f2cd524feb87e9069?s=96&d=mm&r=g","caption":"dmcsrbija.com@gmail.com"},"sameAs":["https:\/\/dmcsrb.com"],"url":"https:\/\/dmcsrb.com\/en\/author\/dmcsrbija-comgmail-com\/"}]}},"_links":{"self":[{"href":"https:\/\/dmcsrb.com\/en\/wp-json\/wp\/v2\/posts\/960313","targetHints":{"allow":["GET"]}}],"collection":[{"href":"https:\/\/dmcsrb.com\/en\/wp-json\/wp\/v2\/posts"}],"about":[{"href":"https:\/\/dmcsrb.com\/en\/wp-json\/wp\/v2\/types\/post"}],"author":[{"embeddable":true,"href":"https:\/\/dmcsrb.com\/en\/wp-json\/wp\/v2\/users\/1"}],"replies":[{"embeddable":true,"href":"https:\/\/dmcsrb.com\/en\/wp-json\/wp\/v2\/comments?post=960313"}],"version-history":[{"count":0,"href":"https:\/\/dmcsrb.com\/en\/wp-json\/wp\/v2\/posts\/960313\/revisions"}],"wp:featuredmedia":[{"embeddable":true,"href":"https:\/\/dmcsrb.com\/en\/wp-json\/wp\/v2\/media\/910307"}],"wp:attachment":[{"href":"https:\/\/dmcsrb.com\/en\/wp-json\/wp\/v2\/media?parent=960313"}],"wp:term":[{"taxonomy":"category","embeddable":true,"href":"https:\/\/dmcsrb.com\/en\/wp-json\/wp\/v2\/categories?post=960313"},{"taxonomy":"post_tag","embeddable":true,"href":"https:\/\/dmcsrb.com\/en\/wp-json\/wp\/v2\/tags?post=960313"},{"taxonomy":"naslovna","embeddable":true,"href":"https:\/\/dmcsrb.com\/en\/wp-json\/wp\/v2\/naslovna?post=960313"}],"curies":[{"name":"wp","href":"https:\/\/api.w.org\/{rel}","templated":true}]}}