{"id":960309,"date":"2025-10-27T13:20:00","date_gmt":"2025-10-27T12:20:00","guid":{"rendered":"https:\/\/dmcsrb.com\/uncategorized\/nvo-juventas-u-crnoj-gori-ne-smije-biti-mjesta-za-ksenofobiju-islamofobiju-nasilje-i-politiku-straha\/"},"modified":"2025-10-27T13:20:00","modified_gmt":"2025-10-27T12:20:00","slug":"nvo-juventas-u-crnoj-gori-ne-smije-biti-mjesta-za-ksenofobiju-islamofobiju-nasilje-i-politiku-straha","status":"publish","type":"post","link":"https:\/\/dmcsrb.com\/en\/drustvo\/nvo-juventas-u-crnoj-gori-ne-smije-biti-mjesta-za-ksenofobiju-islamofobiju-nasilje-i-politiku-straha\/","title":{"rendered":"NVO Juventas: U Crnoj Gori ne smije biti mjesta za ksenofobiju, islamofobiju, nasilje i politiku straha"},"content":{"rendered":"<p><\/p>\n\n\n\n<p><\/p>\n\n\n\n<p>Kako su kazali, bez obzira na pojedina\u010dne nedopustive slu\u010dajeve nasilja, nijedan incident ne smije biti kori\u0161\u0107en da se \u010ditave zajednice etiketiraju, stigmatizuju ili kolektivno okrive.<\/p>\n\n\n\n<p>Dodaju da upotreba nacionalnih oznaka u izvje\u0161tavanju, javnim istupima i politi\u010dkim reakcijama u cilju stvaranja kolektivne krivice stvara opasnu klimu nepovjerenja, podjela i netrpeljivosti, \u0161to je suprotno osnovnim vrijednostima gra\u0111anskog dru\u0161tva, ustavnim principima Crne Gore i me\u0111unarodnim standardima ljudskih prava.<\/p>\n\n\n\n<p>\u201cZabrinjavaju izjave i najave mjera koje sugeri\u0161u ad hoc restriktivniji pristup prema strancima i migrantima. Crnoj Gori jeste potrebna bolja demografska strategija i unaprije\u0111en pravni okvir koji se odnosi na strance, ali nikako odluke donesene pod pritiskom emocija i pritiskom javnosti, koje nisu prethodno jasno promi\u0161ljene, Takve odluke ne doprinose ni bezbjednosti ni stabilnosti, ve\u0107 \u0161alju poruku odbacivanja i zatvaranja. Crna Gora je dru\u0161tvo koje se ponosi svojom multietni\u010dkom, multikonfesionalnom i otvorenom tradicijom\u201d, saop\u0161tili su.<\/p>\n\n\n\n<p>Isti\u010du da u ovom momentu, zvani\u010dno u Crnoj Gori boravi oko 100.000 stranaca. Dakle, svaki sedmi stanovnik na\u0161e zemlje je stranac i on doprinosi njenom razvoju, ekonomski i na mnoge druge na\u010dine.<\/p>\n\n\n\n<p>\u201cCrna Gora se suo\u010dava sa zna\u010dajnim demografskim kretanjima: depopulacijom dijelova zemlje, odlaskom mladih i dolaskom stranaca. Na ta kretanja treba odgovoriti zrelo i strate\u0161ki, u cilju op\u0161te dobrobiti, a nikako populisti\u010dki. Politika mr\u017enje i nasilja prema strancima, ovih dana prisutna i u virtuelnom i u fizi\u010dkom prostoru, ne smije imati upori\u0161te i mora se prevenirati\u201d, dodali su.<\/p>\n\n\n\n<p>Istovremeno, kako su kazali, pozivaju institucije sistema da obezbijede punu i nepristrasnu istragu svih okolnosti nedavnih incidenata, \u017ertvama pru\u017ee podr\u0161ku, ali i da oja\u010daju ukupnu bezbjednosnu situaciju u zemlji kroz profesionalan rad policije, sprje\u010davanje lin\u010da i govora mr\u017enje, te dosljednu za\u0161titu svih crnogorskih dr\u017eavljana i svih stranaca koji \u017eive u Crnoj Gori.<\/p>\n\n\n\n<p>Naglasili su da zabrinjava i sve vidljivije prisustvo ekstremno desni\u010darskih, nacionalisti\u010dkih i klerikalnih narativa u javnom prostoru, koji, kako su kazali, dodatno potpiruju netrpeljivost i ugro\u017eavaju mirno i demokratsko dru\u0161tvo. Crnoj Gori su potrebni solidarnost, empatija i institucionalna odgovornost, a ne politi\u010dki populizam i hu\u0161kanje.<\/p>\n\n\n\n<p>\u201cPozivamo medije, javne li\u010dnosti i predstavnike vlasti da u svojim istupima poka\u017eu odgovornost, smirenost i po\u0161tovanje prema \u010dinjenicama, jer svaka rije\u010d u ovakvim okolnostima ima te\u017einu i mo\u017ee ili gasiti ili raspirivati sukob\u201d, zaklju\u010dili su.<\/p>","protected":false},"excerpt":{"rendered":"<p>U svjetlu nedavnih incidenata u Podgorici, koji su u dijelu javnosti i medijskog prostora predstavljeni kroz prizmu nacionalne i vjerske pripadnosti, izra\u017eavamo duboku zabrinutost zbog napada u kom je mladi\u0107 u Podgorici kao i duboku zabrinutost zbog porasta islamofobi\u010dnih i antiimigrantskih narativa i njim motivisanih izliva nasilja u na\u0161em dru\u0161tvu. Mladi\u0107u koji je \u017ertva napada i\u017eelimo da se on i njegova porodica \u0161to prije u potpunosti oporave od psihi\u010dke i fizi\u010de traume koji su im nanijeti, saop\u0161tili su iz NVO Juventas.<\/p>","protected":false},"author":1,"featured_media":960310,"comment_status":"open","ping_status":"open","sticky":false,"template":"","format":"standard","meta":{"_acf_changed":false,"footnotes":""},"categories":[2],"tags":[12685,2443],"naslovna":[],"class_list":["post-960309","post","type-post","status-publish","format-standard","has-post-thumbnail","hentry","category-drustvo","tag-ksenofobija","tag-nvo-juventas"],"acf":[],"yoast_head":"<!-- This site is optimized with the Yoast SEO plugin v27.4 - https:\/\/yoast.com\/product\/yoast-seo-wordpress\/ -->\n<title>NVO Juventas: U Crnoj Gori ne smije biti mjesta za ksenofobiju, islamofobiju, nasilje i politiku straha - dmcsrb.com<\/title>\n<meta name=\"robots\" content=\"index, follow, max-snippet:-1, max-image-preview:large, max-video-preview:-1\" \/>\n<link rel=\"canonical\" href=\"https:\/\/dmcsrb.com\/en\/drustvo\/nvo-juventas-u-crnoj-gori-ne-smije-biti-mjesta-za-ksenofobiju-islamofobiju-nasilje-i-politiku-straha\/\" \/>\n<meta property=\"og:locale\" content=\"en_GB\" \/>\n<meta property=\"og:type\" content=\"article\" \/>\n<meta property=\"og:title\" content=\"NVO Juventas: U Crnoj Gori ne smije biti mjesta za ksenofobiju, islamofobiju, nasilje i politiku straha - dmcsrb.com\" \/>\n<meta property=\"og:description\" content=\"U svjetlu nedavnih incidenata u Podgorici, koji su u dijelu javnosti i medijskog prostora predstavljeni kroz prizmu nacionalne i vjerske pripadnosti, izra\u017eavamo duboku zabrinutost zbog napada u kom je mladi\u0107 u Podgorici kao i duboku zabrinutost zbog porasta islamofobi\u010dnih i antiimigrantskih narativa i njim motivisanih izliva nasilja u na\u0161em dru\u0161tvu. Mladi\u0107u koji je \u017ertva napada i\u017eelimo da se on i njegova porodica \u0161to prije u potpunosti oporave od psihi\u010dke i fizi\u010de traume koji su im nanijeti, saop\u0161tili su iz NVO Juventas.\" \/>\n<meta property=\"og:url\" content=\"https:\/\/dmcsrb.com\/en\/drustvo\/nvo-juventas-u-crnoj-gori-ne-smije-biti-mjesta-za-ksenofobiju-islamofobiju-nasilje-i-politiku-straha\/\" \/>\n<meta property=\"og:site_name\" content=\"dmcsrb.com\" \/>\n<meta property=\"article:published_time\" content=\"2025-10-27T12:20:00+00:00\" \/>\n<meta property=\"og:image\" content=\"https:\/\/dmcsrb.com\/wp-content\/uploads\/2026\/01\/juventas.webp\" \/>\n\t<meta property=\"og:image:width\" content=\"960\" \/>\n\t<meta property=\"og:image:height\" content=\"600\" \/>\n\t<meta property=\"og:image:type\" content=\"image\/jpeg\" \/>\n<meta name=\"author\" content=\"dmcsrbija.com@gmail.com\" \/>\n<meta name=\"twitter:card\" content=\"summary_large_image\" \/>\n<meta name=\"twitter:label1\" content=\"Written by\" \/>\n\t<meta name=\"twitter:data1\" content=\"dmcsrbija.com@gmail.com\" \/>\n\t<meta name=\"twitter:label2\" content=\"Estimated reading time\" \/>\n\t<meta name=\"twitter:data2\" content=\"2 minutes\" \/>\n<script type=\"application\/ld+json\" class=\"yoast-schema-graph\">{\"@context\":\"https:\\\/\\\/schema.org\",\"@graph\":[{\"@type\":\"Article\",\"@id\":\"https:\\\/\\\/dmcsrb.com\\\/drustvo\\\/nvo-juventas-u-crnoj-gori-ne-smije-biti-mjesta-za-ksenofobiju-islamofobiju-nasilje-i-politiku-straha\\\/#article\",\"isPartOf\":{\"@id\":\"https:\\\/\\\/dmcsrb.com\\\/drustvo\\\/nvo-juventas-u-crnoj-gori-ne-smije-biti-mjesta-za-ksenofobiju-islamofobiju-nasilje-i-politiku-straha\\\/\"},\"author\":{\"name\":\"dmcsrbija.com@gmail.com\",\"@id\":\"https:\\\/\\\/dmcsrb.com\\\/#\\\/schema\\\/person\\\/5c39170f12db1b8b457732d0b5c854e2\"},\"headline\":\"NVO Juventas: U Crnoj Gori ne smije biti mjesta za ksenofobiju, islamofobiju, nasilje i politiku straha\",\"datePublished\":\"2025-10-27T12:20:00+00:00\",\"mainEntityOfPage\":{\"@id\":\"https:\\\/\\\/dmcsrb.com\\\/drustvo\\\/nvo-juventas-u-crnoj-gori-ne-smije-biti-mjesta-za-ksenofobiju-islamofobiju-nasilje-i-politiku-straha\\\/\"},\"wordCount\":422,\"commentCount\":0,\"image\":{\"@id\":\"https:\\\/\\\/dmcsrb.com\\\/drustvo\\\/nvo-juventas-u-crnoj-gori-ne-smije-biti-mjesta-za-ksenofobiju-islamofobiju-nasilje-i-politiku-straha\\\/#primaryimage\"},\"thumbnailUrl\":\"https:\\\/\\\/dmcsrb.com\\\/wp-content\\\/uploads\\\/2026\\\/01\\\/juventas.webp\",\"keywords\":[\"ksenofobija\",\"NVO Juventas\"],\"articleSection\":[\"Dru\u0161tvo\"],\"inLanguage\":\"en-GB\",\"potentialAction\":[{\"@type\":\"CommentAction\",\"name\":\"Comment\",\"target\":[\"https:\\\/\\\/dmcsrb.com\\\/drustvo\\\/nvo-juventas-u-crnoj-gori-ne-smije-biti-mjesta-za-ksenofobiju-islamofobiju-nasilje-i-politiku-straha\\\/#respond\"]}]},{\"@type\":\"WebPage\",\"@id\":\"https:\\\/\\\/dmcsrb.com\\\/drustvo\\\/nvo-juventas-u-crnoj-gori-ne-smije-biti-mjesta-za-ksenofobiju-islamofobiju-nasilje-i-politiku-straha\\\/\",\"url\":\"https:\\\/\\\/dmcsrb.com\\\/drustvo\\\/nvo-juventas-u-crnoj-gori-ne-smije-biti-mjesta-za-ksenofobiju-islamofobiju-nasilje-i-politiku-straha\\\/\",\"name\":\"NVO Juventas: U Crnoj Gori ne smije biti mjesta za ksenofobiju, islamofobiju, nasilje i politiku straha - dmcsrb.com\",\"isPartOf\":{\"@id\":\"https:\\\/\\\/dmcsrb.com\\\/#website\"},\"primaryImageOfPage\":{\"@id\":\"https:\\\/\\\/dmcsrb.com\\\/drustvo\\\/nvo-juventas-u-crnoj-gori-ne-smije-biti-mjesta-za-ksenofobiju-islamofobiju-nasilje-i-politiku-straha\\\/#primaryimage\"},\"image\":{\"@id\":\"https:\\\/\\\/dmcsrb.com\\\/drustvo\\\/nvo-juventas-u-crnoj-gori-ne-smije-biti-mjesta-za-ksenofobiju-islamofobiju-nasilje-i-politiku-straha\\\/#primaryimage\"},\"thumbnailUrl\":\"https:\\\/\\\/dmcsrb.com\\\/wp-content\\\/uploads\\\/2026\\\/01\\\/juventas.webp\",\"datePublished\":\"2025-10-27T12:20:00+00:00\",\"author\":{\"@id\":\"https:\\\/\\\/dmcsrb.com\\\/#\\\/schema\\\/person\\\/5c39170f12db1b8b457732d0b5c854e2\"},\"breadcrumb\":{\"@id\":\"https:\\\/\\\/dmcsrb.com\\\/drustvo\\\/nvo-juventas-u-crnoj-gori-ne-smije-biti-mjesta-za-ksenofobiju-islamofobiju-nasilje-i-politiku-straha\\\/#breadcrumb\"},\"inLanguage\":\"en-GB\",\"potentialAction\":[{\"@type\":\"ReadAction\",\"target\":[\"https:\\\/\\\/dmcsrb.com\\\/drustvo\\\/nvo-juventas-u-crnoj-gori-ne-smije-biti-mjesta-za-ksenofobiju-islamofobiju-nasilje-i-politiku-straha\\\/\"]}]},{\"@type\":\"ImageObject\",\"inLanguage\":\"en-GB\",\"@id\":\"https:\\\/\\\/dmcsrb.com\\\/drustvo\\\/nvo-juventas-u-crnoj-gori-ne-smije-biti-mjesta-za-ksenofobiju-islamofobiju-nasilje-i-politiku-straha\\\/#primaryimage\",\"url\":\"https:\\\/\\\/dmcsrb.com\\\/wp-content\\\/uploads\\\/2026\\\/01\\\/juventas.webp\",\"contentUrl\":\"https:\\\/\\\/dmcsrb.com\\\/wp-content\\\/uploads\\\/2026\\\/01\\\/juventas.webp\",\"width\":960,\"height\":600},{\"@type\":\"BreadcrumbList\",\"@id\":\"https:\\\/\\\/dmcsrb.com\\\/drustvo\\\/nvo-juventas-u-crnoj-gori-ne-smije-biti-mjesta-za-ksenofobiju-islamofobiju-nasilje-i-politiku-straha\\\/#breadcrumb\",\"itemListElement\":[{\"@type\":\"ListItem\",\"position\":1,\"name\":\"Home\",\"item\":\"https:\\\/\\\/dmcsrb.com\\\/\"},{\"@type\":\"ListItem\",\"position\":2,\"name\":\"NVO Juventas: U Crnoj Gori ne smije biti mjesta za ksenofobiju, islamofobiju, nasilje i politiku straha\"}]},{\"@type\":\"WebSite\",\"@id\":\"https:\\\/\\\/dmcsrb.com\\\/#website\",\"url\":\"https:\\\/\\\/dmcsrb.com\\\/\",\"name\":\"dmcsrb.com\",\"description\":\"\",\"potentialAction\":[{\"@type\":\"SearchAction\",\"target\":{\"@type\":\"EntryPoint\",\"urlTemplate\":\"https:\\\/\\\/dmcsrb.com\\\/?s={search_term_string}\"},\"query-input\":{\"@type\":\"PropertyValueSpecification\",\"valueRequired\":true,\"valueName\":\"search_term_string\"}}],\"inLanguage\":\"en-GB\"},{\"@type\":\"Person\",\"@id\":\"https:\\\/\\\/dmcsrb.com\\\/#\\\/schema\\\/person\\\/5c39170f12db1b8b457732d0b5c854e2\",\"name\":\"dmcsrbija.com@gmail.com\",\"image\":{\"@type\":\"ImageObject\",\"inLanguage\":\"en-GB\",\"@id\":\"https:\\\/\\\/secure.gravatar.com\\\/avatar\\\/68592660ad6347fad0fb587f8d5d8f1a7b44961362f56e4f2cd524feb87e9069?s=96&d=mm&r=g\",\"url\":\"https:\\\/\\\/secure.gravatar.com\\\/avatar\\\/68592660ad6347fad0fb587f8d5d8f1a7b44961362f56e4f2cd524feb87e9069?s=96&d=mm&r=g\",\"contentUrl\":\"https:\\\/\\\/secure.gravatar.com\\\/avatar\\\/68592660ad6347fad0fb587f8d5d8f1a7b44961362f56e4f2cd524feb87e9069?s=96&d=mm&r=g\",\"caption\":\"dmcsrbija.com@gmail.com\"},\"sameAs\":[\"https:\\\/\\\/dmcsrb.com\"],\"url\":\"https:\\\/\\\/dmcsrb.com\\\/en\\\/author\\\/dmcsrbija-comgmail-com\\\/\"}]}<\/script>\n<!-- \/ Yoast SEO plugin. -->","yoast_head_json":{"title":"NVO Juventas: U Crnoj Gori ne smije biti mjesta za ksenofobiju, islamofobiju, nasilje i politiku straha - dmcsrb.com","robots":{"index":"index","follow":"follow","max-snippet":"max-snippet:-1","max-image-preview":"max-image-preview:large","max-video-preview":"max-video-preview:-1"},"canonical":"https:\/\/dmcsrb.com\/en\/drustvo\/nvo-juventas-u-crnoj-gori-ne-smije-biti-mjesta-za-ksenofobiju-islamofobiju-nasilje-i-politiku-straha\/","og_locale":"en_GB","og_type":"article","og_title":"NVO Juventas: U Crnoj Gori ne smije biti mjesta za ksenofobiju, islamofobiju, nasilje i politiku straha - dmcsrb.com","og_description":"U svjetlu nedavnih incidenata u Podgorici, koji su u dijelu javnosti i medijskog prostora predstavljeni kroz prizmu nacionalne i vjerske pripadnosti, izra\u017eavamo duboku zabrinutost zbog napada u kom je mladi\u0107 u Podgorici kao i duboku zabrinutost zbog porasta islamofobi\u010dnih i antiimigrantskih narativa i njim motivisanih izliva nasilja u na\u0161em dru\u0161tvu. Mladi\u0107u koji je \u017ertva napada i\u017eelimo da se on i njegova porodica \u0161to prije u potpunosti oporave od psihi\u010dke i fizi\u010de traume koji su im nanijeti, saop\u0161tili su iz NVO Juventas.","og_url":"https:\/\/dmcsrb.com\/en\/drustvo\/nvo-juventas-u-crnoj-gori-ne-smije-biti-mjesta-za-ksenofobiju-islamofobiju-nasilje-i-politiku-straha\/","og_site_name":"dmcsrb.com","article_published_time":"2025-10-27T12:20:00+00:00","og_image":[{"width":960,"height":600,"url":"https:\/\/dmcsrb.com\/wp-content\/uploads\/2026\/01\/juventas.webp","type":"image\/jpeg"}],"author":"dmcsrbija.com@gmail.com","twitter_card":"summary_large_image","twitter_misc":{"Written by":"dmcsrbija.com@gmail.com","Estimated reading time":"2 minutes"},"schema":{"@context":"https:\/\/schema.org","@graph":[{"@type":"Article","@id":"https:\/\/dmcsrb.com\/drustvo\/nvo-juventas-u-crnoj-gori-ne-smije-biti-mjesta-za-ksenofobiju-islamofobiju-nasilje-i-politiku-straha\/#article","isPartOf":{"@id":"https:\/\/dmcsrb.com\/drustvo\/nvo-juventas-u-crnoj-gori-ne-smije-biti-mjesta-za-ksenofobiju-islamofobiju-nasilje-i-politiku-straha\/"},"author":{"name":"dmcsrbija.com@gmail.com","@id":"https:\/\/dmcsrb.com\/#\/schema\/person\/5c39170f12db1b8b457732d0b5c854e2"},"headline":"NVO Juventas: U Crnoj Gori ne smije biti mjesta za ksenofobiju, islamofobiju, nasilje i politiku straha","datePublished":"2025-10-27T12:20:00+00:00","mainEntityOfPage":{"@id":"https:\/\/dmcsrb.com\/drustvo\/nvo-juventas-u-crnoj-gori-ne-smije-biti-mjesta-za-ksenofobiju-islamofobiju-nasilje-i-politiku-straha\/"},"wordCount":422,"commentCount":0,"image":{"@id":"https:\/\/dmcsrb.com\/drustvo\/nvo-juventas-u-crnoj-gori-ne-smije-biti-mjesta-za-ksenofobiju-islamofobiju-nasilje-i-politiku-straha\/#primaryimage"},"thumbnailUrl":"https:\/\/dmcsrb.com\/wp-content\/uploads\/2026\/01\/juventas.webp","keywords":["ksenofobija","NVO Juventas"],"articleSection":["Dru\u0161tvo"],"inLanguage":"en-GB","potentialAction":[{"@type":"CommentAction","name":"Comment","target":["https:\/\/dmcsrb.com\/drustvo\/nvo-juventas-u-crnoj-gori-ne-smije-biti-mjesta-za-ksenofobiju-islamofobiju-nasilje-i-politiku-straha\/#respond"]}]},{"@type":"WebPage","@id":"https:\/\/dmcsrb.com\/drustvo\/nvo-juventas-u-crnoj-gori-ne-smije-biti-mjesta-za-ksenofobiju-islamofobiju-nasilje-i-politiku-straha\/","url":"https:\/\/dmcsrb.com\/drustvo\/nvo-juventas-u-crnoj-gori-ne-smije-biti-mjesta-za-ksenofobiju-islamofobiju-nasilje-i-politiku-straha\/","name":"NVO Juventas: U Crnoj Gori ne smije biti mjesta za ksenofobiju, islamofobiju, nasilje i politiku straha - dmcsrb.com","isPartOf":{"@id":"https:\/\/dmcsrb.com\/#website"},"primaryImageOfPage":{"@id":"https:\/\/dmcsrb.com\/drustvo\/nvo-juventas-u-crnoj-gori-ne-smije-biti-mjesta-za-ksenofobiju-islamofobiju-nasilje-i-politiku-straha\/#primaryimage"},"image":{"@id":"https:\/\/dmcsrb.com\/drustvo\/nvo-juventas-u-crnoj-gori-ne-smije-biti-mjesta-za-ksenofobiju-islamofobiju-nasilje-i-politiku-straha\/#primaryimage"},"thumbnailUrl":"https:\/\/dmcsrb.com\/wp-content\/uploads\/2026\/01\/juventas.webp","datePublished":"2025-10-27T12:20:00+00:00","author":{"@id":"https:\/\/dmcsrb.com\/#\/schema\/person\/5c39170f12db1b8b457732d0b5c854e2"},"breadcrumb":{"@id":"https:\/\/dmcsrb.com\/drustvo\/nvo-juventas-u-crnoj-gori-ne-smije-biti-mjesta-za-ksenofobiju-islamofobiju-nasilje-i-politiku-straha\/#breadcrumb"},"inLanguage":"en-GB","potentialAction":[{"@type":"ReadAction","target":["https:\/\/dmcsrb.com\/drustvo\/nvo-juventas-u-crnoj-gori-ne-smije-biti-mjesta-za-ksenofobiju-islamofobiju-nasilje-i-politiku-straha\/"]}]},{"@type":"ImageObject","inLanguage":"en-GB","@id":"https:\/\/dmcsrb.com\/drustvo\/nvo-juventas-u-crnoj-gori-ne-smije-biti-mjesta-za-ksenofobiju-islamofobiju-nasilje-i-politiku-straha\/#primaryimage","url":"https:\/\/dmcsrb.com\/wp-content\/uploads\/2026\/01\/juventas.webp","contentUrl":"https:\/\/dmcsrb.com\/wp-content\/uploads\/2026\/01\/juventas.webp","width":960,"height":600},{"@type":"BreadcrumbList","@id":"https:\/\/dmcsrb.com\/drustvo\/nvo-juventas-u-crnoj-gori-ne-smije-biti-mjesta-za-ksenofobiju-islamofobiju-nasilje-i-politiku-straha\/#breadcrumb","itemListElement":[{"@type":"ListItem","position":1,"name":"Home","item":"https:\/\/dmcsrb.com\/"},{"@type":"ListItem","position":2,"name":"NVO Juventas: U Crnoj Gori ne smije biti mjesta za ksenofobiju, islamofobiju, nasilje i politiku straha"}]},{"@type":"WebSite","@id":"https:\/\/dmcsrb.com\/#website","url":"https:\/\/dmcsrb.com\/","name":"dmcsrb.com","description":"","potentialAction":[{"@type":"SearchAction","target":{"@type":"EntryPoint","urlTemplate":"https:\/\/dmcsrb.com\/?s={search_term_string}"},"query-input":{"@type":"PropertyValueSpecification","valueRequired":true,"valueName":"search_term_string"}}],"inLanguage":"en-GB"},{"@type":"Person","@id":"https:\/\/dmcsrb.com\/#\/schema\/person\/5c39170f12db1b8b457732d0b5c854e2","name":"dmcsrbija.com@gmail.com","image":{"@type":"ImageObject","inLanguage":"en-GB","@id":"https:\/\/secure.gravatar.com\/avatar\/68592660ad6347fad0fb587f8d5d8f1a7b44961362f56e4f2cd524feb87e9069?s=96&d=mm&r=g","url":"https:\/\/secure.gravatar.com\/avatar\/68592660ad6347fad0fb587f8d5d8f1a7b44961362f56e4f2cd524feb87e9069?s=96&d=mm&r=g","contentUrl":"https:\/\/secure.gravatar.com\/avatar\/68592660ad6347fad0fb587f8d5d8f1a7b44961362f56e4f2cd524feb87e9069?s=96&d=mm&r=g","caption":"dmcsrbija.com@gmail.com"},"sameAs":["https:\/\/dmcsrb.com"],"url":"https:\/\/dmcsrb.com\/en\/author\/dmcsrbija-comgmail-com\/"}]}},"_links":{"self":[{"href":"https:\/\/dmcsrb.com\/en\/wp-json\/wp\/v2\/posts\/960309","targetHints":{"allow":["GET"]}}],"collection":[{"href":"https:\/\/dmcsrb.com\/en\/wp-json\/wp\/v2\/posts"}],"about":[{"href":"https:\/\/dmcsrb.com\/en\/wp-json\/wp\/v2\/types\/post"}],"author":[{"embeddable":true,"href":"https:\/\/dmcsrb.com\/en\/wp-json\/wp\/v2\/users\/1"}],"replies":[{"embeddable":true,"href":"https:\/\/dmcsrb.com\/en\/wp-json\/wp\/v2\/comments?post=960309"}],"version-history":[{"count":0,"href":"https:\/\/dmcsrb.com\/en\/wp-json\/wp\/v2\/posts\/960309\/revisions"}],"wp:featuredmedia":[{"embeddable":true,"href":"https:\/\/dmcsrb.com\/en\/wp-json\/wp\/v2\/media\/960310"}],"wp:attachment":[{"href":"https:\/\/dmcsrb.com\/en\/wp-json\/wp\/v2\/media?parent=960309"}],"wp:term":[{"taxonomy":"category","embeddable":true,"href":"https:\/\/dmcsrb.com\/en\/wp-json\/wp\/v2\/categories?post=960309"},{"taxonomy":"post_tag","embeddable":true,"href":"https:\/\/dmcsrb.com\/en\/wp-json\/wp\/v2\/tags?post=960309"},{"taxonomy":"naslovna","embeddable":true,"href":"https:\/\/dmcsrb.com\/en\/wp-json\/wp\/v2\/naslovna?post=960309"}],"curies":[{"name":"wp","href":"https:\/\/api.w.org\/{rel}","templated":true}]}}