{"id":960305,"date":"2025-10-27T11:21:48","date_gmt":"2025-10-27T10:21:48","guid":{"rendered":"https:\/\/dmcsrb.com\/uncategorized\/pes-u-crnoj-gori-ne-smije-biti-mjesta-ksenofobiji-drzava-nece-dozvoliti-slucajeve-poput-napada-na-zabjelu\/"},"modified":"2025-10-27T11:21:48","modified_gmt":"2025-10-27T10:21:48","slug":"pes-u-crnoj-gori-ne-smije-biti-mjesta-ksenofobiji-drzava-nece-dozvoliti-slucajeve-poput-napada-na-zabjelu","status":"publish","type":"post","link":"https:\/\/dmcsrb.com\/en\/politika\/pes-u-crnoj-gori-ne-smije-biti-mjesta-ksenofobiji-drzava-nece-dozvoliti-slucajeve-poput-napada-na-zabjelu\/","title":{"rendered":"PES: U Crnoj Gori ne smije biti mjesta ksenofobiji, dr\u017eava ne\u0107e dozvoliti slu\u010dajeve poput napada na Zabjelu"},"content":{"rendered":"<p>&#8220;Posebno ukazujemo na neprihvatljivost uzvikivanja nacionalisti\u010dkih i ksenofobnih parola, koje ne doprinose smirivanju situacije, i osu\u0111ujemo napade na objekte u vlasni\u0161tvu dr\u017eavljana Turske. Krivica za po\u010dinjena djela uvijek je individualna \u2013 snose je pojedinci, a ne etni\u010dke zajednice. Crna Gora je oduvijek bila prepoznata kao oaza mira i sigurnosti za sve njene gra\u0111ane i posjetioce, i u njoj ne smije biti mjesta ksenofobiji&#8221;, kazali su iz te partije.<\/p>\n\n\n\n<p>Navode da Crna Gora i Turska dugi niz godina njeguju dobre i partnerske odnose koje treba dodatno unapre\u0111ivati, a turski dr\u017eavljani su dobrodo\u0161li u na\u0161u zemlju. <\/p>\n\n\n\n<p>&#8220;Bezbjednosne\u00a0slu\u017ebe evidentirale su da odre\u0111eni broj lica koja borave u Crnoj Gori mogu predstavljati bezbjednosnu\u00a0prijetnju; ta lica naj\u010de\u0161\u0107e ve\u0107 potra\u017euju turski organi, i upravo se ona, kao i s njima povezana lica, sumnji\u010de da su uklju\u010dena u krivi\u010dna djela i prekr\u0161aje. Stoga je predsjednik Vlade Spaji\u0107 inicirao ukidanje bezviznog\u00a0re\u017eima kao jedan od na\u010dina za adresiranje ove situacije&#8221;, stoji u saop\u0161tenju.<\/p>\n\n\n\n<p>PES \u0107e, kako ka\u017eu, &#8220;usmjeriti fokus vlasti na smirivanje tenzija i obezbje\u0111ivanje\u00a0sigurnosti svakom gra\u0111aninu i posjetiocu Crne Gore i njihovoj imovini, bez stigmatizacije bilo koje dru\u0161tvene, nacionalne ili vjerske zajednice&#8221;.<\/p>\n\n\n\n<p><\/p>","protected":false},"excerpt":{"rendered":"<p>Crna Gora ne\u0107e dozvoliti da se ponove slu\u010dajevi poput napada koji se dogodio u kasnim ve\u010dernjim satima u subotu na Zabjelu, kada su privedeni dr\u017eavljani Turske, ranili jedno lice. Iako razumijemo negativna osje\u0107anja koja ovakav \u010din mo\u017ee izazvati, preuzimanje uloge organa za sprovo\u0111enje zakona od strane gra\u0111ana je nedopustivo, saop\u0161teno je iz Pokreta Evropa sad.<\/p>","protected":false},"author":1,"featured_media":909819,"comment_status":"open","ping_status":"open","sticky":false,"template":"","format":"standard","meta":{"_acf_changed":false,"footnotes":""},"categories":[12],"tags":[95,12685,984],"naslovna":[],"class_list":["post-960305","post","type-post","status-publish","format-standard","has-post-thumbnail","hentry","category-politika","tag-crna-gora","tag-ksenofobija","tag-pes"],"acf":[],"yoast_head":"<!-- This site is optimized with the Yoast SEO plugin v27.4 - https:\/\/yoast.com\/product\/yoast-seo-wordpress\/ -->\n<title>PES: U Crnoj Gori ne smije biti mjesta ksenofobiji, dr\u017eava ne\u0107e dozvoliti slu\u010dajeve poput napada na Zabjelu - dmcsrb.com<\/title>\n<meta name=\"robots\" content=\"index, follow, max-snippet:-1, max-image-preview:large, max-video-preview:-1\" \/>\n<link rel=\"canonical\" href=\"https:\/\/dmcsrb.com\/en\/politika\/pes-u-crnoj-gori-ne-smije-biti-mjesta-ksenofobiji-drzava-nece-dozvoliti-slucajeve-poput-napada-na-zabjelu\/\" \/>\n<meta property=\"og:locale\" content=\"en_GB\" \/>\n<meta property=\"og:type\" content=\"article\" \/>\n<meta property=\"og:title\" content=\"PES: U Crnoj Gori ne smije biti mjesta ksenofobiji, dr\u017eava ne\u0107e dozvoliti slu\u010dajeve poput napada na Zabjelu - dmcsrb.com\" \/>\n<meta property=\"og:description\" content=\"Crna Gora ne\u0107e dozvoliti da se ponove slu\u010dajevi poput napada koji se dogodio u kasnim ve\u010dernjim satima u subotu na Zabjelu, kada su privedeni dr\u017eavljani Turske, ranili jedno lice. Iako razumijemo negativna osje\u0107anja koja ovakav \u010din mo\u017ee izazvati, preuzimanje uloge organa za sprovo\u0111enje zakona od strane gra\u0111ana je nedopustivo, saop\u0161teno je iz Pokreta Evropa sad.\" \/>\n<meta property=\"og:url\" content=\"https:\/\/dmcsrb.com\/en\/politika\/pes-u-crnoj-gori-ne-smije-biti-mjesta-ksenofobiji-drzava-nece-dozvoliti-slucajeve-poput-napada-na-zabjelu\/\" \/>\n<meta property=\"og:site_name\" content=\"dmcsrb.com\" \/>\n<meta property=\"article:published_time\" content=\"2025-10-27T10:21:48+00:00\" \/>\n<meta property=\"og:image\" content=\"https:\/\/dmcsrb.com\/wp-content\/uploads\/2026\/01\/pes1.jpg\" \/>\n\t<meta property=\"og:image:width\" content=\"900\" \/>\n\t<meta property=\"og:image:height\" content=\"507\" \/>\n\t<meta property=\"og:image:type\" content=\"image\/jpeg\" \/>\n<meta name=\"author\" content=\"dmcsrbija.com@gmail.com\" \/>\n<meta name=\"twitter:card\" content=\"summary_large_image\" \/>\n<meta name=\"twitter:label1\" content=\"Written by\" \/>\n\t<meta name=\"twitter:data1\" content=\"dmcsrbija.com@gmail.com\" \/>\n\t<meta name=\"twitter:label2\" content=\"Estimated reading time\" \/>\n\t<meta name=\"twitter:data2\" content=\"1 minute\" \/>\n<script type=\"application\/ld+json\" class=\"yoast-schema-graph\">{\"@context\":\"https:\\\/\\\/schema.org\",\"@graph\":[{\"@type\":\"Article\",\"@id\":\"https:\\\/\\\/dmcsrb.com\\\/politika\\\/pes-u-crnoj-gori-ne-smije-biti-mjesta-ksenofobiji-drzava-nece-dozvoliti-slucajeve-poput-napada-na-zabjelu\\\/#article\",\"isPartOf\":{\"@id\":\"https:\\\/\\\/dmcsrb.com\\\/politika\\\/pes-u-crnoj-gori-ne-smije-biti-mjesta-ksenofobiji-drzava-nece-dozvoliti-slucajeve-poput-napada-na-zabjelu\\\/\"},\"author\":{\"name\":\"dmcsrbija.com@gmail.com\",\"@id\":\"https:\\\/\\\/dmcsrb.com\\\/#\\\/schema\\\/person\\\/5c39170f12db1b8b457732d0b5c854e2\"},\"headline\":\"PES: U Crnoj Gori ne smije biti mjesta ksenofobiji, dr\u017eava ne\u0107e dozvoliti slu\u010dajeve poput napada na Zabjelu\",\"datePublished\":\"2025-10-27T10:21:48+00:00\",\"mainEntityOfPage\":{\"@id\":\"https:\\\/\\\/dmcsrb.com\\\/politika\\\/pes-u-crnoj-gori-ne-smije-biti-mjesta-ksenofobiji-drzava-nece-dozvoliti-slucajeve-poput-napada-na-zabjelu\\\/\"},\"wordCount\":234,\"commentCount\":0,\"image\":{\"@id\":\"https:\\\/\\\/dmcsrb.com\\\/politika\\\/pes-u-crnoj-gori-ne-smije-biti-mjesta-ksenofobiji-drzava-nece-dozvoliti-slucajeve-poput-napada-na-zabjelu\\\/#primaryimage\"},\"thumbnailUrl\":\"https:\\\/\\\/dmcsrb.com\\\/wp-content\\\/uploads\\\/2026\\\/01\\\/pes1.jpg\",\"keywords\":[\"Crna Gora\",\"ksenofobija\",\"PES\"],\"articleSection\":[\"Politika\"],\"inLanguage\":\"en-GB\",\"potentialAction\":[{\"@type\":\"CommentAction\",\"name\":\"Comment\",\"target\":[\"https:\\\/\\\/dmcsrb.com\\\/politika\\\/pes-u-crnoj-gori-ne-smije-biti-mjesta-ksenofobiji-drzava-nece-dozvoliti-slucajeve-poput-napada-na-zabjelu\\\/#respond\"]}]},{\"@type\":\"WebPage\",\"@id\":\"https:\\\/\\\/dmcsrb.com\\\/politika\\\/pes-u-crnoj-gori-ne-smije-biti-mjesta-ksenofobiji-drzava-nece-dozvoliti-slucajeve-poput-napada-na-zabjelu\\\/\",\"url\":\"https:\\\/\\\/dmcsrb.com\\\/politika\\\/pes-u-crnoj-gori-ne-smije-biti-mjesta-ksenofobiji-drzava-nece-dozvoliti-slucajeve-poput-napada-na-zabjelu\\\/\",\"name\":\"PES: U Crnoj Gori ne smije biti mjesta ksenofobiji, dr\u017eava ne\u0107e dozvoliti slu\u010dajeve poput napada na Zabjelu - dmcsrb.com\",\"isPartOf\":{\"@id\":\"https:\\\/\\\/dmcsrb.com\\\/#website\"},\"primaryImageOfPage\":{\"@id\":\"https:\\\/\\\/dmcsrb.com\\\/politika\\\/pes-u-crnoj-gori-ne-smije-biti-mjesta-ksenofobiji-drzava-nece-dozvoliti-slucajeve-poput-napada-na-zabjelu\\\/#primaryimage\"},\"image\":{\"@id\":\"https:\\\/\\\/dmcsrb.com\\\/politika\\\/pes-u-crnoj-gori-ne-smije-biti-mjesta-ksenofobiji-drzava-nece-dozvoliti-slucajeve-poput-napada-na-zabjelu\\\/#primaryimage\"},\"thumbnailUrl\":\"https:\\\/\\\/dmcsrb.com\\\/wp-content\\\/uploads\\\/2026\\\/01\\\/pes1.jpg\",\"datePublished\":\"2025-10-27T10:21:48+00:00\",\"author\":{\"@id\":\"https:\\\/\\\/dmcsrb.com\\\/#\\\/schema\\\/person\\\/5c39170f12db1b8b457732d0b5c854e2\"},\"breadcrumb\":{\"@id\":\"https:\\\/\\\/dmcsrb.com\\\/politika\\\/pes-u-crnoj-gori-ne-smije-biti-mjesta-ksenofobiji-drzava-nece-dozvoliti-slucajeve-poput-napada-na-zabjelu\\\/#breadcrumb\"},\"inLanguage\":\"en-GB\",\"potentialAction\":[{\"@type\":\"ReadAction\",\"target\":[\"https:\\\/\\\/dmcsrb.com\\\/politika\\\/pes-u-crnoj-gori-ne-smije-biti-mjesta-ksenofobiji-drzava-nece-dozvoliti-slucajeve-poput-napada-na-zabjelu\\\/\"]}]},{\"@type\":\"ImageObject\",\"inLanguage\":\"en-GB\",\"@id\":\"https:\\\/\\\/dmcsrb.com\\\/politika\\\/pes-u-crnoj-gori-ne-smije-biti-mjesta-ksenofobiji-drzava-nece-dozvoliti-slucajeve-poput-napada-na-zabjelu\\\/#primaryimage\",\"url\":\"https:\\\/\\\/dmcsrb.com\\\/wp-content\\\/uploads\\\/2026\\\/01\\\/pes1.jpg\",\"contentUrl\":\"https:\\\/\\\/dmcsrb.com\\\/wp-content\\\/uploads\\\/2026\\\/01\\\/pes1.jpg\",\"width\":900,\"height\":507},{\"@type\":\"BreadcrumbList\",\"@id\":\"https:\\\/\\\/dmcsrb.com\\\/politika\\\/pes-u-crnoj-gori-ne-smije-biti-mjesta-ksenofobiji-drzava-nece-dozvoliti-slucajeve-poput-napada-na-zabjelu\\\/#breadcrumb\",\"itemListElement\":[{\"@type\":\"ListItem\",\"position\":1,\"name\":\"Home\",\"item\":\"https:\\\/\\\/dmcsrb.com\\\/\"},{\"@type\":\"ListItem\",\"position\":2,\"name\":\"PES: U Crnoj Gori ne smije biti mjesta ksenofobiji, dr\u017eava ne\u0107e dozvoliti slu\u010dajeve poput napada na Zabjelu\"}]},{\"@type\":\"WebSite\",\"@id\":\"https:\\\/\\\/dmcsrb.com\\\/#website\",\"url\":\"https:\\\/\\\/dmcsrb.com\\\/\",\"name\":\"dmcsrb.com\",\"description\":\"\",\"potentialAction\":[{\"@type\":\"SearchAction\",\"target\":{\"@type\":\"EntryPoint\",\"urlTemplate\":\"https:\\\/\\\/dmcsrb.com\\\/?s={search_term_string}\"},\"query-input\":{\"@type\":\"PropertyValueSpecification\",\"valueRequired\":true,\"valueName\":\"search_term_string\"}}],\"inLanguage\":\"en-GB\"},{\"@type\":\"Person\",\"@id\":\"https:\\\/\\\/dmcsrb.com\\\/#\\\/schema\\\/person\\\/5c39170f12db1b8b457732d0b5c854e2\",\"name\":\"dmcsrbija.com@gmail.com\",\"image\":{\"@type\":\"ImageObject\",\"inLanguage\":\"en-GB\",\"@id\":\"https:\\\/\\\/secure.gravatar.com\\\/avatar\\\/68592660ad6347fad0fb587f8d5d8f1a7b44961362f56e4f2cd524feb87e9069?s=96&d=mm&r=g\",\"url\":\"https:\\\/\\\/secure.gravatar.com\\\/avatar\\\/68592660ad6347fad0fb587f8d5d8f1a7b44961362f56e4f2cd524feb87e9069?s=96&d=mm&r=g\",\"contentUrl\":\"https:\\\/\\\/secure.gravatar.com\\\/avatar\\\/68592660ad6347fad0fb587f8d5d8f1a7b44961362f56e4f2cd524feb87e9069?s=96&d=mm&r=g\",\"caption\":\"dmcsrbija.com@gmail.com\"},\"sameAs\":[\"https:\\\/\\\/dmcsrb.com\"],\"url\":\"https:\\\/\\\/dmcsrb.com\\\/en\\\/author\\\/dmcsrbija-comgmail-com\\\/\"}]}<\/script>\n<!-- \/ Yoast SEO plugin. -->","yoast_head_json":{"title":"PES: U Crnoj Gori ne smije biti mjesta ksenofobiji, dr\u017eava ne\u0107e dozvoliti slu\u010dajeve poput napada na Zabjelu - dmcsrb.com","robots":{"index":"index","follow":"follow","max-snippet":"max-snippet:-1","max-image-preview":"max-image-preview:large","max-video-preview":"max-video-preview:-1"},"canonical":"https:\/\/dmcsrb.com\/en\/politika\/pes-u-crnoj-gori-ne-smije-biti-mjesta-ksenofobiji-drzava-nece-dozvoliti-slucajeve-poput-napada-na-zabjelu\/","og_locale":"en_GB","og_type":"article","og_title":"PES: U Crnoj Gori ne smije biti mjesta ksenofobiji, dr\u017eava ne\u0107e dozvoliti slu\u010dajeve poput napada na Zabjelu - dmcsrb.com","og_description":"Crna Gora ne\u0107e dozvoliti da se ponove slu\u010dajevi poput napada koji se dogodio u kasnim ve\u010dernjim satima u subotu na Zabjelu, kada su privedeni dr\u017eavljani Turske, ranili jedno lice. Iako razumijemo negativna osje\u0107anja koja ovakav \u010din mo\u017ee izazvati, preuzimanje uloge organa za sprovo\u0111enje zakona od strane gra\u0111ana je nedopustivo, saop\u0161teno je iz Pokreta Evropa sad.","og_url":"https:\/\/dmcsrb.com\/en\/politika\/pes-u-crnoj-gori-ne-smije-biti-mjesta-ksenofobiji-drzava-nece-dozvoliti-slucajeve-poput-napada-na-zabjelu\/","og_site_name":"dmcsrb.com","article_published_time":"2025-10-27T10:21:48+00:00","og_image":[{"width":900,"height":507,"url":"https:\/\/dmcsrb.com\/wp-content\/uploads\/2026\/01\/pes1.jpg","type":"image\/jpeg"}],"author":"dmcsrbija.com@gmail.com","twitter_card":"summary_large_image","twitter_misc":{"Written by":"dmcsrbija.com@gmail.com","Estimated reading time":"1 minute"},"schema":{"@context":"https:\/\/schema.org","@graph":[{"@type":"Article","@id":"https:\/\/dmcsrb.com\/politika\/pes-u-crnoj-gori-ne-smije-biti-mjesta-ksenofobiji-drzava-nece-dozvoliti-slucajeve-poput-napada-na-zabjelu\/#article","isPartOf":{"@id":"https:\/\/dmcsrb.com\/politika\/pes-u-crnoj-gori-ne-smije-biti-mjesta-ksenofobiji-drzava-nece-dozvoliti-slucajeve-poput-napada-na-zabjelu\/"},"author":{"name":"dmcsrbija.com@gmail.com","@id":"https:\/\/dmcsrb.com\/#\/schema\/person\/5c39170f12db1b8b457732d0b5c854e2"},"headline":"PES: U Crnoj Gori ne smije biti mjesta ksenofobiji, dr\u017eava ne\u0107e dozvoliti slu\u010dajeve poput napada na Zabjelu","datePublished":"2025-10-27T10:21:48+00:00","mainEntityOfPage":{"@id":"https:\/\/dmcsrb.com\/politika\/pes-u-crnoj-gori-ne-smije-biti-mjesta-ksenofobiji-drzava-nece-dozvoliti-slucajeve-poput-napada-na-zabjelu\/"},"wordCount":234,"commentCount":0,"image":{"@id":"https:\/\/dmcsrb.com\/politika\/pes-u-crnoj-gori-ne-smije-biti-mjesta-ksenofobiji-drzava-nece-dozvoliti-slucajeve-poput-napada-na-zabjelu\/#primaryimage"},"thumbnailUrl":"https:\/\/dmcsrb.com\/wp-content\/uploads\/2026\/01\/pes1.jpg","keywords":["Crna Gora","ksenofobija","PES"],"articleSection":["Politika"],"inLanguage":"en-GB","potentialAction":[{"@type":"CommentAction","name":"Comment","target":["https:\/\/dmcsrb.com\/politika\/pes-u-crnoj-gori-ne-smije-biti-mjesta-ksenofobiji-drzava-nece-dozvoliti-slucajeve-poput-napada-na-zabjelu\/#respond"]}]},{"@type":"WebPage","@id":"https:\/\/dmcsrb.com\/politika\/pes-u-crnoj-gori-ne-smije-biti-mjesta-ksenofobiji-drzava-nece-dozvoliti-slucajeve-poput-napada-na-zabjelu\/","url":"https:\/\/dmcsrb.com\/politika\/pes-u-crnoj-gori-ne-smije-biti-mjesta-ksenofobiji-drzava-nece-dozvoliti-slucajeve-poput-napada-na-zabjelu\/","name":"PES: U Crnoj Gori ne smije biti mjesta ksenofobiji, dr\u017eava ne\u0107e dozvoliti slu\u010dajeve poput napada na Zabjelu - dmcsrb.com","isPartOf":{"@id":"https:\/\/dmcsrb.com\/#website"},"primaryImageOfPage":{"@id":"https:\/\/dmcsrb.com\/politika\/pes-u-crnoj-gori-ne-smije-biti-mjesta-ksenofobiji-drzava-nece-dozvoliti-slucajeve-poput-napada-na-zabjelu\/#primaryimage"},"image":{"@id":"https:\/\/dmcsrb.com\/politika\/pes-u-crnoj-gori-ne-smije-biti-mjesta-ksenofobiji-drzava-nece-dozvoliti-slucajeve-poput-napada-na-zabjelu\/#primaryimage"},"thumbnailUrl":"https:\/\/dmcsrb.com\/wp-content\/uploads\/2026\/01\/pes1.jpg","datePublished":"2025-10-27T10:21:48+00:00","author":{"@id":"https:\/\/dmcsrb.com\/#\/schema\/person\/5c39170f12db1b8b457732d0b5c854e2"},"breadcrumb":{"@id":"https:\/\/dmcsrb.com\/politika\/pes-u-crnoj-gori-ne-smije-biti-mjesta-ksenofobiji-drzava-nece-dozvoliti-slucajeve-poput-napada-na-zabjelu\/#breadcrumb"},"inLanguage":"en-GB","potentialAction":[{"@type":"ReadAction","target":["https:\/\/dmcsrb.com\/politika\/pes-u-crnoj-gori-ne-smije-biti-mjesta-ksenofobiji-drzava-nece-dozvoliti-slucajeve-poput-napada-na-zabjelu\/"]}]},{"@type":"ImageObject","inLanguage":"en-GB","@id":"https:\/\/dmcsrb.com\/politika\/pes-u-crnoj-gori-ne-smije-biti-mjesta-ksenofobiji-drzava-nece-dozvoliti-slucajeve-poput-napada-na-zabjelu\/#primaryimage","url":"https:\/\/dmcsrb.com\/wp-content\/uploads\/2026\/01\/pes1.jpg","contentUrl":"https:\/\/dmcsrb.com\/wp-content\/uploads\/2026\/01\/pes1.jpg","width":900,"height":507},{"@type":"BreadcrumbList","@id":"https:\/\/dmcsrb.com\/politika\/pes-u-crnoj-gori-ne-smije-biti-mjesta-ksenofobiji-drzava-nece-dozvoliti-slucajeve-poput-napada-na-zabjelu\/#breadcrumb","itemListElement":[{"@type":"ListItem","position":1,"name":"Home","item":"https:\/\/dmcsrb.com\/"},{"@type":"ListItem","position":2,"name":"PES: U Crnoj Gori ne smije biti mjesta ksenofobiji, dr\u017eava ne\u0107e dozvoliti slu\u010dajeve poput napada na Zabjelu"}]},{"@type":"WebSite","@id":"https:\/\/dmcsrb.com\/#website","url":"https:\/\/dmcsrb.com\/","name":"dmcsrb.com","description":"","potentialAction":[{"@type":"SearchAction","target":{"@type":"EntryPoint","urlTemplate":"https:\/\/dmcsrb.com\/?s={search_term_string}"},"query-input":{"@type":"PropertyValueSpecification","valueRequired":true,"valueName":"search_term_string"}}],"inLanguage":"en-GB"},{"@type":"Person","@id":"https:\/\/dmcsrb.com\/#\/schema\/person\/5c39170f12db1b8b457732d0b5c854e2","name":"dmcsrbija.com@gmail.com","image":{"@type":"ImageObject","inLanguage":"en-GB","@id":"https:\/\/secure.gravatar.com\/avatar\/68592660ad6347fad0fb587f8d5d8f1a7b44961362f56e4f2cd524feb87e9069?s=96&d=mm&r=g","url":"https:\/\/secure.gravatar.com\/avatar\/68592660ad6347fad0fb587f8d5d8f1a7b44961362f56e4f2cd524feb87e9069?s=96&d=mm&r=g","contentUrl":"https:\/\/secure.gravatar.com\/avatar\/68592660ad6347fad0fb587f8d5d8f1a7b44961362f56e4f2cd524feb87e9069?s=96&d=mm&r=g","caption":"dmcsrbija.com@gmail.com"},"sameAs":["https:\/\/dmcsrb.com"],"url":"https:\/\/dmcsrb.com\/en\/author\/dmcsrbija-comgmail-com\/"}]}},"_links":{"self":[{"href":"https:\/\/dmcsrb.com\/en\/wp-json\/wp\/v2\/posts\/960305","targetHints":{"allow":["GET"]}}],"collection":[{"href":"https:\/\/dmcsrb.com\/en\/wp-json\/wp\/v2\/posts"}],"about":[{"href":"https:\/\/dmcsrb.com\/en\/wp-json\/wp\/v2\/types\/post"}],"author":[{"embeddable":true,"href":"https:\/\/dmcsrb.com\/en\/wp-json\/wp\/v2\/users\/1"}],"replies":[{"embeddable":true,"href":"https:\/\/dmcsrb.com\/en\/wp-json\/wp\/v2\/comments?post=960305"}],"version-history":[{"count":0,"href":"https:\/\/dmcsrb.com\/en\/wp-json\/wp\/v2\/posts\/960305\/revisions"}],"wp:featuredmedia":[{"embeddable":true,"href":"https:\/\/dmcsrb.com\/en\/wp-json\/wp\/v2\/media\/909819"}],"wp:attachment":[{"href":"https:\/\/dmcsrb.com\/en\/wp-json\/wp\/v2\/media?parent=960305"}],"wp:term":[{"taxonomy":"category","embeddable":true,"href":"https:\/\/dmcsrb.com\/en\/wp-json\/wp\/v2\/categories?post=960305"},{"taxonomy":"post_tag","embeddable":true,"href":"https:\/\/dmcsrb.com\/en\/wp-json\/wp\/v2\/tags?post=960305"},{"taxonomy":"naslovna","embeddable":true,"href":"https:\/\/dmcsrb.com\/en\/wp-json\/wp\/v2\/naslovna?post=960305"}],"curies":[{"name":"wp","href":"https:\/\/api.w.org\/{rel}","templated":true}]}}