{"id":960291,"date":"2025-10-27T10:31:00","date_gmt":"2025-10-27T09:31:00","guid":{"rendered":"https:\/\/dmcsrb.com\/uncategorized\/nvo-serdar-premijerova-odluka-o-bezviznom-rezimu-zasluzuje-podrsku\/"},"modified":"2025-10-27T10:31:00","modified_gmt":"2025-10-27T09:31:00","slug":"nvo-serdar-premijerova-odluka-o-bezviznom-rezimu-zasluzuje-podrsku","status":"publish","type":"post","link":"https:\/\/dmcsrb.com\/en\/drustvo\/nvo-serdar-premijerova-odluka-o-bezviznom-rezimu-zasluzuje-podrsku\/","title":{"rendered":"NVO Serdar: Premijerova odluka o bezviznom re\u017eimu zaslu\u017euje podr\u0161ku"},"content":{"rendered":"<p>&#8220;Na\u017ealost, u poslednje vrijeme smo bili svjedoci neprihvatljivog pona\u0161anja koje je izazvalo nezadovoljstvo i revolt kod na\u0161eg naroda. Ovi incidenti ne samo da ugro\u017eavaju bezbjednost lokalnog stanovni\u0161tva, ve\u0107 i naru\u0161avaju tradicionalnu sliku na\u0161e zemlje kao prijateljske i gostoprimljive destinacije. Zbog toga, odluka premijera Spaji\u0107a dolazi u pravom trenutku i pokazuje svijest na\u0161e izvr\u0161ne vlasti o va\u017enosti obezbe\u0111ivanja bezbjednosti svih gra\u0111ana&#8221;, navodi se u saop\u0161tenju.<\/p>\n\n\n\n<p>Smatraju da je ovo va\u017ean korak u pravcu o\u010duvanja na\u0161eg tradicionalnog gostoprimstva.<\/p>\n\n\n\n<p>&#8220;Ali i u pravcu za\u0161tite interesa i bezbjednosti na\u0161eg naroda. Iako cijenimo kulturnu raznolikost i ekonomske prednosti koje turski turisti donose, va\u017eno je da se bezbjednost i red stavljaju na prvo mjesto&#8221;, navode iz te NVO.<\/p>\n\n\n\n<p>Pozivali su sve nadle\u017ene institucije da nastave da rade na unapre\u0111enju bezbjednosti i reda u na\u0161oj zemlji. <\/p>\n\n\n\n<p>&#8220;Tako\u0111e, smatramo da je neophodno razvijati strategije za edukaciju i informisanje gra\u0111ana o pravima i obavezama turista, kao i o tome kako da se postupa u slu\u010daju neprihvatljivog pona\u0161anja. Samo tako mo\u017eemo osigurati da Crna Gora ostane sigurna i prijatna destinacija za sve koji je pose\u0107uju, a istovremeno po\u0161tovati i za\u0161tititi interese na\u0161ih gra\u0111ana&#8221;, zaklju\u010dak je saop\u0161tenja.<\/p>","protected":false},"excerpt":{"rendered":"<p>U ime Udru\u017eenja &#8220;Serdar&#8221;, \u017eelimo da izrazimo na\u0161e pozitivno mi\u0161ljenje o odluci premijera Milojka Spaji\u0107a o privremenom suspendovanju bezviznog re\u017eima za dr\u017eavljane Turske. Incidenti koji su se dogodili u nedavnom periodu, a koji su dostigli svoj vrhunac na Zabjelu, ukazuju na potrebu za \u010dvr\u0161\u0107im kontrolama prilikom ulaska turskih gra\u0111ana u Crnu Goru, saop\u0161teno je iz te NVO.<\/p>","protected":false},"author":1,"featured_media":951869,"comment_status":"open","ping_status":"open","sticky":false,"template":"","format":"standard","meta":{"_acf_changed":false,"footnotes":""},"categories":[2],"tags":[3780,166,1815],"naslovna":[],"class_list":["post-960291","post","type-post","status-publish","format-standard","has-post-thumbnail","hentry","category-drustvo","tag-bezvizni-rezim","tag-milojko-spajic","tag-nvo-serdar"],"acf":[],"yoast_head":"<!-- This site is optimized with the Yoast SEO plugin v27.4 - https:\/\/yoast.com\/product\/yoast-seo-wordpress\/ -->\n<title>NVO Serdar: Premijerova odluka o bezviznom re\u017eimu zaslu\u017euje podr\u0161ku - dmcsrb.com<\/title>\n<meta name=\"robots\" content=\"index, follow, max-snippet:-1, max-image-preview:large, max-video-preview:-1\" \/>\n<link rel=\"canonical\" href=\"https:\/\/dmcsrb.com\/en\/drustvo\/nvo-serdar-premijerova-odluka-o-bezviznom-rezimu-zasluzuje-podrsku\/\" \/>\n<meta property=\"og:locale\" content=\"en_GB\" \/>\n<meta property=\"og:type\" content=\"article\" \/>\n<meta property=\"og:title\" content=\"NVO Serdar: Premijerova odluka o bezviznom re\u017eimu zaslu\u017euje podr\u0161ku - dmcsrb.com\" \/>\n<meta property=\"og:description\" content=\"U ime Udru\u017eenja &quot;Serdar&quot;, \u017eelimo da izrazimo na\u0161e pozitivno mi\u0161ljenje o odluci premijera Milojka Spaji\u0107a o privremenom suspendovanju bezviznog re\u017eima za dr\u017eavljane Turske. Incidenti koji su se dogodili u nedavnom periodu, a koji su dostigli svoj vrhunac na Zabjelu, ukazuju na potrebu za \u010dvr\u0161\u0107im kontrolama prilikom ulaska turskih gra\u0111ana u Crnu Goru, saop\u0161teno je iz te NVO.\" \/>\n<meta property=\"og:url\" content=\"https:\/\/dmcsrb.com\/en\/drustvo\/nvo-serdar-premijerova-odluka-o-bezviznom-rezimu-zasluzuje-podrsku\/\" \/>\n<meta property=\"og:site_name\" content=\"dmcsrb.com\" \/>\n<meta property=\"article:published_time\" content=\"2025-10-27T09:31:00+00:00\" \/>\n<meta property=\"og:image\" content=\"https:\/\/dmcsrb.com\/wp-content\/uploads\/2026\/01\/download-8.webp\" \/>\n\t<meta property=\"og:image:width\" content=\"204\" \/>\n\t<meta property=\"og:image:height\" content=\"192\" \/>\n\t<meta property=\"og:image:type\" content=\"image\/jpeg\" \/>\n<meta name=\"author\" content=\"dmcsrbija.com@gmail.com\" \/>\n<meta name=\"twitter:card\" content=\"summary_large_image\" \/>\n<meta name=\"twitter:label1\" content=\"Written by\" \/>\n\t<meta name=\"twitter:data1\" content=\"dmcsrbija.com@gmail.com\" \/>\n\t<meta name=\"twitter:label2\" content=\"Estimated reading time\" \/>\n\t<meta name=\"twitter:data2\" content=\"1 minute\" \/>\n<script type=\"application\/ld+json\" class=\"yoast-schema-graph\">{\"@context\":\"https:\\\/\\\/schema.org\",\"@graph\":[{\"@type\":\"Article\",\"@id\":\"https:\\\/\\\/dmcsrb.com\\\/drustvo\\\/nvo-serdar-premijerova-odluka-o-bezviznom-rezimu-zasluzuje-podrsku\\\/#article\",\"isPartOf\":{\"@id\":\"https:\\\/\\\/dmcsrb.com\\\/drustvo\\\/nvo-serdar-premijerova-odluka-o-bezviznom-rezimu-zasluzuje-podrsku\\\/\"},\"author\":{\"name\":\"dmcsrbija.com@gmail.com\",\"@id\":\"https:\\\/\\\/dmcsrb.com\\\/#\\\/schema\\\/person\\\/5c39170f12db1b8b457732d0b5c854e2\"},\"headline\":\"NVO Serdar: Premijerova odluka o bezviznom re\u017eimu zaslu\u017euje podr\u0161ku\",\"datePublished\":\"2025-10-27T09:31:00+00:00\",\"mainEntityOfPage\":{\"@id\":\"https:\\\/\\\/dmcsrb.com\\\/drustvo\\\/nvo-serdar-premijerova-odluka-o-bezviznom-rezimu-zasluzuje-podrsku\\\/\"},\"wordCount\":233,\"commentCount\":0,\"image\":{\"@id\":\"https:\\\/\\\/dmcsrb.com\\\/drustvo\\\/nvo-serdar-premijerova-odluka-o-bezviznom-rezimu-zasluzuje-podrsku\\\/#primaryimage\"},\"thumbnailUrl\":\"https:\\\/\\\/dmcsrb.com\\\/wp-content\\\/uploads\\\/2026\\\/01\\\/download-8.webp\",\"keywords\":[\"bezvizni re\u017eim\",\"Milojko Spaji\u0107\",\"nvo serdar\"],\"articleSection\":[\"Dru\u0161tvo\"],\"inLanguage\":\"en-GB\",\"potentialAction\":[{\"@type\":\"CommentAction\",\"name\":\"Comment\",\"target\":[\"https:\\\/\\\/dmcsrb.com\\\/drustvo\\\/nvo-serdar-premijerova-odluka-o-bezviznom-rezimu-zasluzuje-podrsku\\\/#respond\"]}]},{\"@type\":\"WebPage\",\"@id\":\"https:\\\/\\\/dmcsrb.com\\\/drustvo\\\/nvo-serdar-premijerova-odluka-o-bezviznom-rezimu-zasluzuje-podrsku\\\/\",\"url\":\"https:\\\/\\\/dmcsrb.com\\\/drustvo\\\/nvo-serdar-premijerova-odluka-o-bezviznom-rezimu-zasluzuje-podrsku\\\/\",\"name\":\"NVO Serdar: Premijerova odluka o bezviznom re\u017eimu zaslu\u017euje podr\u0161ku - dmcsrb.com\",\"isPartOf\":{\"@id\":\"https:\\\/\\\/dmcsrb.com\\\/#website\"},\"primaryImageOfPage\":{\"@id\":\"https:\\\/\\\/dmcsrb.com\\\/drustvo\\\/nvo-serdar-premijerova-odluka-o-bezviznom-rezimu-zasluzuje-podrsku\\\/#primaryimage\"},\"image\":{\"@id\":\"https:\\\/\\\/dmcsrb.com\\\/drustvo\\\/nvo-serdar-premijerova-odluka-o-bezviznom-rezimu-zasluzuje-podrsku\\\/#primaryimage\"},\"thumbnailUrl\":\"https:\\\/\\\/dmcsrb.com\\\/wp-content\\\/uploads\\\/2026\\\/01\\\/download-8.webp\",\"datePublished\":\"2025-10-27T09:31:00+00:00\",\"author\":{\"@id\":\"https:\\\/\\\/dmcsrb.com\\\/#\\\/schema\\\/person\\\/5c39170f12db1b8b457732d0b5c854e2\"},\"breadcrumb\":{\"@id\":\"https:\\\/\\\/dmcsrb.com\\\/drustvo\\\/nvo-serdar-premijerova-odluka-o-bezviznom-rezimu-zasluzuje-podrsku\\\/#breadcrumb\"},\"inLanguage\":\"en-GB\",\"potentialAction\":[{\"@type\":\"ReadAction\",\"target\":[\"https:\\\/\\\/dmcsrb.com\\\/drustvo\\\/nvo-serdar-premijerova-odluka-o-bezviznom-rezimu-zasluzuje-podrsku\\\/\"]}]},{\"@type\":\"ImageObject\",\"inLanguage\":\"en-GB\",\"@id\":\"https:\\\/\\\/dmcsrb.com\\\/drustvo\\\/nvo-serdar-premijerova-odluka-o-bezviznom-rezimu-zasluzuje-podrsku\\\/#primaryimage\",\"url\":\"https:\\\/\\\/dmcsrb.com\\\/wp-content\\\/uploads\\\/2026\\\/01\\\/download-8.webp\",\"contentUrl\":\"https:\\\/\\\/dmcsrb.com\\\/wp-content\\\/uploads\\\/2026\\\/01\\\/download-8.webp\",\"width\":204,\"height\":192},{\"@type\":\"BreadcrumbList\",\"@id\":\"https:\\\/\\\/dmcsrb.com\\\/drustvo\\\/nvo-serdar-premijerova-odluka-o-bezviznom-rezimu-zasluzuje-podrsku\\\/#breadcrumb\",\"itemListElement\":[{\"@type\":\"ListItem\",\"position\":1,\"name\":\"Home\",\"item\":\"https:\\\/\\\/dmcsrb.com\\\/\"},{\"@type\":\"ListItem\",\"position\":2,\"name\":\"NVO Serdar: Premijerova odluka o bezviznom re\u017eimu zaslu\u017euje podr\u0161ku\"}]},{\"@type\":\"WebSite\",\"@id\":\"https:\\\/\\\/dmcsrb.com\\\/#website\",\"url\":\"https:\\\/\\\/dmcsrb.com\\\/\",\"name\":\"dmcsrb.com\",\"description\":\"\",\"potentialAction\":[{\"@type\":\"SearchAction\",\"target\":{\"@type\":\"EntryPoint\",\"urlTemplate\":\"https:\\\/\\\/dmcsrb.com\\\/?s={search_term_string}\"},\"query-input\":{\"@type\":\"PropertyValueSpecification\",\"valueRequired\":true,\"valueName\":\"search_term_string\"}}],\"inLanguage\":\"en-GB\"},{\"@type\":\"Person\",\"@id\":\"https:\\\/\\\/dmcsrb.com\\\/#\\\/schema\\\/person\\\/5c39170f12db1b8b457732d0b5c854e2\",\"name\":\"dmcsrbija.com@gmail.com\",\"image\":{\"@type\":\"ImageObject\",\"inLanguage\":\"en-GB\",\"@id\":\"https:\\\/\\\/secure.gravatar.com\\\/avatar\\\/68592660ad6347fad0fb587f8d5d8f1a7b44961362f56e4f2cd524feb87e9069?s=96&d=mm&r=g\",\"url\":\"https:\\\/\\\/secure.gravatar.com\\\/avatar\\\/68592660ad6347fad0fb587f8d5d8f1a7b44961362f56e4f2cd524feb87e9069?s=96&d=mm&r=g\",\"contentUrl\":\"https:\\\/\\\/secure.gravatar.com\\\/avatar\\\/68592660ad6347fad0fb587f8d5d8f1a7b44961362f56e4f2cd524feb87e9069?s=96&d=mm&r=g\",\"caption\":\"dmcsrbija.com@gmail.com\"},\"sameAs\":[\"https:\\\/\\\/dmcsrb.com\"],\"url\":\"https:\\\/\\\/dmcsrb.com\\\/en\\\/author\\\/dmcsrbija-comgmail-com\\\/\"}]}<\/script>\n<!-- \/ Yoast SEO plugin. -->","yoast_head_json":{"title":"NVO Serdar: Premijerova odluka o bezviznom re\u017eimu zaslu\u017euje podr\u0161ku - dmcsrb.com","robots":{"index":"index","follow":"follow","max-snippet":"max-snippet:-1","max-image-preview":"max-image-preview:large","max-video-preview":"max-video-preview:-1"},"canonical":"https:\/\/dmcsrb.com\/en\/drustvo\/nvo-serdar-premijerova-odluka-o-bezviznom-rezimu-zasluzuje-podrsku\/","og_locale":"en_GB","og_type":"article","og_title":"NVO Serdar: Premijerova odluka o bezviznom re\u017eimu zaslu\u017euje podr\u0161ku - dmcsrb.com","og_description":"U ime Udru\u017eenja \"Serdar\", \u017eelimo da izrazimo na\u0161e pozitivno mi\u0161ljenje o odluci premijera Milojka Spaji\u0107a o privremenom suspendovanju bezviznog re\u017eima za dr\u017eavljane Turske. Incidenti koji su se dogodili u nedavnom periodu, a koji su dostigli svoj vrhunac na Zabjelu, ukazuju na potrebu za \u010dvr\u0161\u0107im kontrolama prilikom ulaska turskih gra\u0111ana u Crnu Goru, saop\u0161teno je iz te NVO.","og_url":"https:\/\/dmcsrb.com\/en\/drustvo\/nvo-serdar-premijerova-odluka-o-bezviznom-rezimu-zasluzuje-podrsku\/","og_site_name":"dmcsrb.com","article_published_time":"2025-10-27T09:31:00+00:00","og_image":[{"width":204,"height":192,"url":"https:\/\/dmcsrb.com\/wp-content\/uploads\/2026\/01\/download-8.webp","type":"image\/jpeg"}],"author":"dmcsrbija.com@gmail.com","twitter_card":"summary_large_image","twitter_misc":{"Written by":"dmcsrbija.com@gmail.com","Estimated reading time":"1 minute"},"schema":{"@context":"https:\/\/schema.org","@graph":[{"@type":"Article","@id":"https:\/\/dmcsrb.com\/drustvo\/nvo-serdar-premijerova-odluka-o-bezviznom-rezimu-zasluzuje-podrsku\/#article","isPartOf":{"@id":"https:\/\/dmcsrb.com\/drustvo\/nvo-serdar-premijerova-odluka-o-bezviznom-rezimu-zasluzuje-podrsku\/"},"author":{"name":"dmcsrbija.com@gmail.com","@id":"https:\/\/dmcsrb.com\/#\/schema\/person\/5c39170f12db1b8b457732d0b5c854e2"},"headline":"NVO Serdar: Premijerova odluka o bezviznom re\u017eimu zaslu\u017euje podr\u0161ku","datePublished":"2025-10-27T09:31:00+00:00","mainEntityOfPage":{"@id":"https:\/\/dmcsrb.com\/drustvo\/nvo-serdar-premijerova-odluka-o-bezviznom-rezimu-zasluzuje-podrsku\/"},"wordCount":233,"commentCount":0,"image":{"@id":"https:\/\/dmcsrb.com\/drustvo\/nvo-serdar-premijerova-odluka-o-bezviznom-rezimu-zasluzuje-podrsku\/#primaryimage"},"thumbnailUrl":"https:\/\/dmcsrb.com\/wp-content\/uploads\/2026\/01\/download-8.webp","keywords":["bezvizni re\u017eim","Milojko Spaji\u0107","nvo serdar"],"articleSection":["Dru\u0161tvo"],"inLanguage":"en-GB","potentialAction":[{"@type":"CommentAction","name":"Comment","target":["https:\/\/dmcsrb.com\/drustvo\/nvo-serdar-premijerova-odluka-o-bezviznom-rezimu-zasluzuje-podrsku\/#respond"]}]},{"@type":"WebPage","@id":"https:\/\/dmcsrb.com\/drustvo\/nvo-serdar-premijerova-odluka-o-bezviznom-rezimu-zasluzuje-podrsku\/","url":"https:\/\/dmcsrb.com\/drustvo\/nvo-serdar-premijerova-odluka-o-bezviznom-rezimu-zasluzuje-podrsku\/","name":"NVO Serdar: Premijerova odluka o bezviznom re\u017eimu zaslu\u017euje podr\u0161ku - dmcsrb.com","isPartOf":{"@id":"https:\/\/dmcsrb.com\/#website"},"primaryImageOfPage":{"@id":"https:\/\/dmcsrb.com\/drustvo\/nvo-serdar-premijerova-odluka-o-bezviznom-rezimu-zasluzuje-podrsku\/#primaryimage"},"image":{"@id":"https:\/\/dmcsrb.com\/drustvo\/nvo-serdar-premijerova-odluka-o-bezviznom-rezimu-zasluzuje-podrsku\/#primaryimage"},"thumbnailUrl":"https:\/\/dmcsrb.com\/wp-content\/uploads\/2026\/01\/download-8.webp","datePublished":"2025-10-27T09:31:00+00:00","author":{"@id":"https:\/\/dmcsrb.com\/#\/schema\/person\/5c39170f12db1b8b457732d0b5c854e2"},"breadcrumb":{"@id":"https:\/\/dmcsrb.com\/drustvo\/nvo-serdar-premijerova-odluka-o-bezviznom-rezimu-zasluzuje-podrsku\/#breadcrumb"},"inLanguage":"en-GB","potentialAction":[{"@type":"ReadAction","target":["https:\/\/dmcsrb.com\/drustvo\/nvo-serdar-premijerova-odluka-o-bezviznom-rezimu-zasluzuje-podrsku\/"]}]},{"@type":"ImageObject","inLanguage":"en-GB","@id":"https:\/\/dmcsrb.com\/drustvo\/nvo-serdar-premijerova-odluka-o-bezviznom-rezimu-zasluzuje-podrsku\/#primaryimage","url":"https:\/\/dmcsrb.com\/wp-content\/uploads\/2026\/01\/download-8.webp","contentUrl":"https:\/\/dmcsrb.com\/wp-content\/uploads\/2026\/01\/download-8.webp","width":204,"height":192},{"@type":"BreadcrumbList","@id":"https:\/\/dmcsrb.com\/drustvo\/nvo-serdar-premijerova-odluka-o-bezviznom-rezimu-zasluzuje-podrsku\/#breadcrumb","itemListElement":[{"@type":"ListItem","position":1,"name":"Home","item":"https:\/\/dmcsrb.com\/"},{"@type":"ListItem","position":2,"name":"NVO Serdar: Premijerova odluka o bezviznom re\u017eimu zaslu\u017euje podr\u0161ku"}]},{"@type":"WebSite","@id":"https:\/\/dmcsrb.com\/#website","url":"https:\/\/dmcsrb.com\/","name":"dmcsrb.com","description":"","potentialAction":[{"@type":"SearchAction","target":{"@type":"EntryPoint","urlTemplate":"https:\/\/dmcsrb.com\/?s={search_term_string}"},"query-input":{"@type":"PropertyValueSpecification","valueRequired":true,"valueName":"search_term_string"}}],"inLanguage":"en-GB"},{"@type":"Person","@id":"https:\/\/dmcsrb.com\/#\/schema\/person\/5c39170f12db1b8b457732d0b5c854e2","name":"dmcsrbija.com@gmail.com","image":{"@type":"ImageObject","inLanguage":"en-GB","@id":"https:\/\/secure.gravatar.com\/avatar\/68592660ad6347fad0fb587f8d5d8f1a7b44961362f56e4f2cd524feb87e9069?s=96&d=mm&r=g","url":"https:\/\/secure.gravatar.com\/avatar\/68592660ad6347fad0fb587f8d5d8f1a7b44961362f56e4f2cd524feb87e9069?s=96&d=mm&r=g","contentUrl":"https:\/\/secure.gravatar.com\/avatar\/68592660ad6347fad0fb587f8d5d8f1a7b44961362f56e4f2cd524feb87e9069?s=96&d=mm&r=g","caption":"dmcsrbija.com@gmail.com"},"sameAs":["https:\/\/dmcsrb.com"],"url":"https:\/\/dmcsrb.com\/en\/author\/dmcsrbija-comgmail-com\/"}]}},"_links":{"self":[{"href":"https:\/\/dmcsrb.com\/en\/wp-json\/wp\/v2\/posts\/960291","targetHints":{"allow":["GET"]}}],"collection":[{"href":"https:\/\/dmcsrb.com\/en\/wp-json\/wp\/v2\/posts"}],"about":[{"href":"https:\/\/dmcsrb.com\/en\/wp-json\/wp\/v2\/types\/post"}],"author":[{"embeddable":true,"href":"https:\/\/dmcsrb.com\/en\/wp-json\/wp\/v2\/users\/1"}],"replies":[{"embeddable":true,"href":"https:\/\/dmcsrb.com\/en\/wp-json\/wp\/v2\/comments?post=960291"}],"version-history":[{"count":0,"href":"https:\/\/dmcsrb.com\/en\/wp-json\/wp\/v2\/posts\/960291\/revisions"}],"wp:featuredmedia":[{"embeddable":true,"href":"https:\/\/dmcsrb.com\/en\/wp-json\/wp\/v2\/media\/951869"}],"wp:attachment":[{"href":"https:\/\/dmcsrb.com\/en\/wp-json\/wp\/v2\/media?parent=960291"}],"wp:term":[{"taxonomy":"category","embeddable":true,"href":"https:\/\/dmcsrb.com\/en\/wp-json\/wp\/v2\/categories?post=960291"},{"taxonomy":"post_tag","embeddable":true,"href":"https:\/\/dmcsrb.com\/en\/wp-json\/wp\/v2\/tags?post=960291"},{"taxonomy":"naslovna","embeddable":true,"href":"https:\/\/dmcsrb.com\/en\/wp-json\/wp\/v2\/naslovna?post=960291"}],"curies":[{"name":"wp","href":"https:\/\/api.w.org\/{rel}","templated":true}]}}