{"id":960214,"date":"2025-10-26T18:59:00","date_gmt":"2025-10-26T17:59:00","guid":{"rendered":"https:\/\/dmcsrb.com\/uncategorized\/povratak-wizz-air-jeftiniji-aranzmani-nova-radna-mjesta\/"},"modified":"2025-10-26T18:59:00","modified_gmt":"2025-10-26T17:59:00","slug":"povratak-wizz-air-jeftiniji-aranzmani-nova-radna-mjesta","status":"publish","type":"post","link":"https:\/\/dmcsrb.com\/en\/ekonomija\/povratak-wizz-air-jeftiniji-aranzmani-nova-radna-mjesta\/","title":{"rendered":"Povratak &#8220;Wizz Air&#8221;: Jeftiniji aran\u017emani, nova radna mjesta"},"content":{"rendered":"<p><\/p>\n\n\n\n<p><\/p>\n\n\n\n<p>Vijest da \u0107e ma\u0111arska nisko bud\u017eetna kompanija Wizer od prolje\u0107a naredne godine uvesti 14 novih avio linija ka gradovima u Francuskoj, Italiji, Poljskoj, \u0160vedskoj i Njema\u010dkoj obradovala je gra\u0111ane.<\/p>\n\n\n\n<p>Osim u\u0161tede vremena i novca za prevoz do aerodroma u regionu, kako najavljuju iz agencija gra\u0111ani sada mogu o\u010dekivati i povoljnije aran\u017emane za putovanja iz Glavnog grada.<\/p>\n\n\n\n<p>Kako je rekao turisti\u010dki radnik Milan Koprivica, sada su u fazi priprmanja aran\u017emana za prolje\u0107e, ljeto \u010dak i jesen 2026. godine.<\/p>\n\n\n\n<p>&#8220;Tako da smo uzeli u obzir i te nove letove. To mo\u017ee uticati na cjenovnu politiku i mo\u017ee uticati na to da ti aran\u017emani budu donekle jeftiniji&#8221;, naglasio je Koprivica.<\/p>\n\n\n\n<p>Pored povoljnosti za crnogorske gra\u0111ane nove linije dove\u0161\u0107e u na\u0161u dr\u017eavu i ve\u0107i broj gostiju. Sve te putnike treba ispratiti i do\u010dekati, pa podgori\u010dkom aerodromu predstoji unapredjenje infrastrukture, produ\u017eenje radnog vremena i nova zapo\u0161ljavanja.<\/p>\n\n\n\n<p>Direktor Aerodroma Crne Gore Roko Toli\u0107 rekao je da je 80-ak ljudi vezano operativno za ova dva aviona.<\/p>\n\n\n\n<p>&#8220;Dakle, u samokabinskom osoblju, a posredno gotovo 700 radnih mjesta, s obzirom posebno na promet kojeg oni namjeravaju da ostvare, a to je izme\u0111u 400-500 hiljada odlaze\u0107ih putnika, koji je, razume\u0107ete, zaista jedna jako, jako velika brojka. Ona \u0107e imati implikacije na \u010ditav niz i drugih biznisa i drugih privrednih grana&#8221;, rekao je Toli\u0107.<\/p>\n\n\n\n<p>Koliko \u0107e za novine u radu pogori\u010dke vazdu\u0161ne luke biti potrebno novca u Aerdormima tek prave ra\u010dunicu, a jo\u0161 ne znaju ni kako bi se to moglo odraziti na proces koncesije koji je u toku.<\/p>\n\n\n\n<p>S druge strane, u turisti\u010dkim agencijama smatraju da \u0107e nove linije biti atraktnivnije za dolazak turista nego za odlazak crnogorskih gra\u0111ana.<\/p>\n\n\n\n<p>Koprivica ka\u017ee da su Pariz, Rim i Barselona jedni od najpopularnijih gradova u Evropi i sigurno da \u0107e tu biti najve\u0107a zainteresovanost crnogorskih dr\u017eavljana.<\/p>\n\n\n\n<p>&#8220;Jedan veliki broj ovih destinacija, na\u017ealost, nije toliko atraktivan. Vidje\u0107emo koliko \u0107e to biti pozitivan pomak u smislu odlazaka, to jest putovanja ka inostranim destinacijama&#8221;, dodao je.<\/p>\n\n\n\n<p>Izbor trenutnih destinacija ali i uvodjenje novih rezultat je pregovora, ka\u017eu u Aerodromima ,a dosada\u0161nji razgovori sa niskobud\u017eetnim avioprevoznikom ohrabruju\u0107i su.<\/p>\n\n\n\n<p>Toli\u0107 ka\u017ee da su zaista vrlo otvoreno i vrlo partnerski potvrdili to &#8220;kroz razgovore koje smo imali pro\u0161lu sedmicu pri samoj objavi linija&#8221;.<\/p>\n\n\n\n<p>&#8220;Gdje su rekli &#8216;stojimo sada na raspolaganju, stojimo kao servis crnogorskoj privredi i voljni smo saslu\u0161ati mo\u017eda neka tr\u017ei\u0161ta koje mi sada u ovom prvom mahu nismo prepoznali&#8217;,. A vi vjerujete da imaju potencijal, voljni smo to podr\u017eati i to je zapravo najvrednija vijest&#8221;, kazao je Toli\u0107.<\/p>\n\n\n\n<p>Vijest da Wizz Air uvodi vi\u0161e linija iz Podgorice ve\u0107 su podstakle i konkurente. Tako je Rajaner prije nekoliko dana najavio da \u0107e od maja naredne godine dva puta sedmi\u010dno letjeti izme\u0111u Poznanja i Podgorice. I to, kako o\u010dekuju u Aerodromima ne\u0107e biti kraj<\/p>\n\n\n\n<p>.Vjeruju da \u0107e vazdu\u0161ne luke u Podgorici i Tivtu postati sve atraktivniji za avioprevoznike.<\/p>","protected":false},"excerpt":{"rendered":"<p>Crna Gora ima ambicije i kada je u pitanju razvoj aerodromske infrastrukture, potv\u0111uju iz Aerodroma Crne Gore. Otvaranje gotovo 800 radnih mjesta zbog povratka Wizz Air odrazi\u0107e se na ostale privredne grane, tvrdi izvr\u0161ni direktor Aerodroma Roko Toli\u0107. Koliko \u0107e novca za pobolj\u0161anje kapaciteta biti potrebno jo\u0161 se ne zna, kao ni to kako \u0107e se to odraziti na proces koncesije koji je u toku.<\/p>","protected":false},"author":1,"featured_media":942957,"comment_status":"open","ping_status":"open","sticky":false,"template":"","format":"standard","meta":{"_acf_changed":false,"footnotes":""},"categories":[27],"tags":[719,31,460],"naslovna":[],"class_list":["post-960214","post","type-post","status-publish","format-standard","has-post-thumbnail","hentry","category-ekonomija","tag-aerodromi","tag-podgorica","tag-tivat"],"acf":[],"yoast_head":"<!-- This site is optimized with the Yoast SEO plugin v27.0 - https:\/\/yoast.com\/product\/yoast-seo-wordpress\/ -->\n<title>Povratak &quot;Wizz Air&quot;: Jeftiniji aran\u017emani, nova radna mjesta - dmcsrb.com<\/title>\n<meta name=\"robots\" content=\"index, follow, max-snippet:-1, max-image-preview:large, max-video-preview:-1\" \/>\n<link rel=\"canonical\" href=\"https:\/\/dmcsrb.com\/en\/ekonomija\/povratak-wizz-air-jeftiniji-aranzmani-nova-radna-mjesta\/\" \/>\n<meta property=\"og:locale\" content=\"en_GB\" \/>\n<meta property=\"og:type\" content=\"article\" \/>\n<meta property=\"og:title\" content=\"Povratak &quot;Wizz Air&quot;: Jeftiniji aran\u017emani, nova radna mjesta - dmcsrb.com\" \/>\n<meta property=\"og:description\" content=\"Crna Gora ima ambicije i kada je u pitanju razvoj aerodromske infrastrukture, potv\u0111uju iz Aerodroma Crne Gore. Otvaranje gotovo 800 radnih mjesta zbog povratka Wizz Air odrazi\u0107e se na ostale privredne grane, tvrdi izvr\u0161ni direktor Aerodroma Roko Toli\u0107. Koliko \u0107e novca za pobolj\u0161anje kapaciteta biti potrebno jo\u0161 se ne zna, kao ni to kako \u0107e se to odraziti na proces koncesije koji je u toku.\" \/>\n<meta property=\"og:url\" content=\"https:\/\/dmcsrb.com\/en\/ekonomija\/povratak-wizz-air-jeftiniji-aranzmani-nova-radna-mjesta\/\" \/>\n<meta property=\"og:site_name\" content=\"dmcsrb.com\" \/>\n<meta property=\"article:published_time\" content=\"2025-10-26T17:59:00+00:00\" \/>\n<meta property=\"og:image\" content=\"https:\/\/dmcsrb.com\/wp-content\/uploads\/2026\/01\/aerodrom.webp\" \/>\n\t<meta property=\"og:image:width\" content=\"1797\" \/>\n\t<meta property=\"og:image:height\" content=\"866\" \/>\n\t<meta property=\"og:image:type\" content=\"image\/jpeg\" \/>\n<meta name=\"author\" content=\"dmcsrbija.com@gmail.com\" \/>\n<meta name=\"twitter:card\" content=\"summary_large_image\" \/>\n<meta name=\"twitter:label1\" content=\"Written by\" \/>\n\t<meta name=\"twitter:data1\" content=\"dmcsrbija.com@gmail.com\" \/>\n\t<meta name=\"twitter:label2\" content=\"Estimated reading time\" \/>\n\t<meta name=\"twitter:data2\" content=\"3 minutes\" \/>\n<script type=\"application\/ld+json\" class=\"yoast-schema-graph\">{\"@context\":\"https:\/\/schema.org\",\"@graph\":[{\"@type\":\"Article\",\"@id\":\"https:\/\/dmcsrb.com\/ekonomija\/povratak-wizz-air-jeftiniji-aranzmani-nova-radna-mjesta\/#article\",\"isPartOf\":{\"@id\":\"https:\/\/dmcsrb.com\/ekonomija\/povratak-wizz-air-jeftiniji-aranzmani-nova-radna-mjesta\/\"},\"author\":{\"name\":\"dmcsrbija.com@gmail.com\",\"@id\":\"https:\/\/dmcsrb.com\/#\/schema\/person\/5c39170f12db1b8b457732d0b5c854e2\"},\"headline\":\"Povratak &#8220;Wizz Air&#8221;: Jeftiniji aran\u017emani, nova radna mjesta\",\"datePublished\":\"2025-10-26T17:59:00+00:00\",\"mainEntityOfPage\":{\"@id\":\"https:\/\/dmcsrb.com\/ekonomija\/povratak-wizz-air-jeftiniji-aranzmani-nova-radna-mjesta\/\"},\"wordCount\":529,\"commentCount\":0,\"image\":{\"@id\":\"https:\/\/dmcsrb.com\/ekonomija\/povratak-wizz-air-jeftiniji-aranzmani-nova-radna-mjesta\/#primaryimage\"},\"thumbnailUrl\":\"https:\/\/dmcsrb.com\/wp-content\/uploads\/2026\/01\/aerodrom.webp\",\"keywords\":[\"Aerodromi\",\"Podgorica\",\"Tivat\"],\"articleSection\":[\"Ekonomija\"],\"inLanguage\":\"en-GB\",\"potentialAction\":[{\"@type\":\"CommentAction\",\"name\":\"Comment\",\"target\":[\"https:\/\/dmcsrb.com\/ekonomija\/povratak-wizz-air-jeftiniji-aranzmani-nova-radna-mjesta\/#respond\"]}]},{\"@type\":\"WebPage\",\"@id\":\"https:\/\/dmcsrb.com\/ekonomija\/povratak-wizz-air-jeftiniji-aranzmani-nova-radna-mjesta\/\",\"url\":\"https:\/\/dmcsrb.com\/ekonomija\/povratak-wizz-air-jeftiniji-aranzmani-nova-radna-mjesta\/\",\"name\":\"Povratak \\\"Wizz Air\\\": Jeftiniji aran\u017emani, nova radna mjesta - dmcsrb.com\",\"isPartOf\":{\"@id\":\"https:\/\/dmcsrb.com\/#website\"},\"primaryImageOfPage\":{\"@id\":\"https:\/\/dmcsrb.com\/ekonomija\/povratak-wizz-air-jeftiniji-aranzmani-nova-radna-mjesta\/#primaryimage\"},\"image\":{\"@id\":\"https:\/\/dmcsrb.com\/ekonomija\/povratak-wizz-air-jeftiniji-aranzmani-nova-radna-mjesta\/#primaryimage\"},\"thumbnailUrl\":\"https:\/\/dmcsrb.com\/wp-content\/uploads\/2026\/01\/aerodrom.webp\",\"datePublished\":\"2025-10-26T17:59:00+00:00\",\"author\":{\"@id\":\"https:\/\/dmcsrb.com\/#\/schema\/person\/5c39170f12db1b8b457732d0b5c854e2\"},\"breadcrumb\":{\"@id\":\"https:\/\/dmcsrb.com\/ekonomija\/povratak-wizz-air-jeftiniji-aranzmani-nova-radna-mjesta\/#breadcrumb\"},\"inLanguage\":\"en-GB\",\"potentialAction\":[{\"@type\":\"ReadAction\",\"target\":[\"https:\/\/dmcsrb.com\/ekonomija\/povratak-wizz-air-jeftiniji-aranzmani-nova-radna-mjesta\/\"]}]},{\"@type\":\"ImageObject\",\"inLanguage\":\"en-GB\",\"@id\":\"https:\/\/dmcsrb.com\/ekonomija\/povratak-wizz-air-jeftiniji-aranzmani-nova-radna-mjesta\/#primaryimage\",\"url\":\"https:\/\/dmcsrb.com\/wp-content\/uploads\/2026\/01\/aerodrom.webp\",\"contentUrl\":\"https:\/\/dmcsrb.com\/wp-content\/uploads\/2026\/01\/aerodrom.webp\",\"width\":1797,\"height\":866},{\"@type\":\"BreadcrumbList\",\"@id\":\"https:\/\/dmcsrb.com\/ekonomija\/povratak-wizz-air-jeftiniji-aranzmani-nova-radna-mjesta\/#breadcrumb\",\"itemListElement\":[{\"@type\":\"ListItem\",\"position\":1,\"name\":\"Home\",\"item\":\"https:\/\/dmcsrb.com\/\"},{\"@type\":\"ListItem\",\"position\":2,\"name\":\"Povratak &#8220;Wizz Air&#8221;: Jeftiniji aran\u017emani, nova radna mjesta\"}]},{\"@type\":\"WebSite\",\"@id\":\"https:\/\/dmcsrb.com\/#website\",\"url\":\"https:\/\/dmcsrb.com\/\",\"name\":\"dmcsrb.com\",\"description\":\"\",\"potentialAction\":[{\"@type\":\"SearchAction\",\"target\":{\"@type\":\"EntryPoint\",\"urlTemplate\":\"https:\/\/dmcsrb.com\/?s={search_term_string}\"},\"query-input\":{\"@type\":\"PropertyValueSpecification\",\"valueRequired\":true,\"valueName\":\"search_term_string\"}}],\"inLanguage\":\"en-GB\"},{\"@type\":\"Person\",\"@id\":\"https:\/\/dmcsrb.com\/#\/schema\/person\/5c39170f12db1b8b457732d0b5c854e2\",\"name\":\"dmcsrbija.com@gmail.com\",\"image\":{\"@type\":\"ImageObject\",\"inLanguage\":\"en-GB\",\"@id\":\"https:\/\/dmcsrb.com\/#\/schema\/person\/image\/\",\"url\":\"https:\/\/secure.gravatar.com\/avatar\/68592660ad6347fad0fb587f8d5d8f1a7b44961362f56e4f2cd524feb87e9069?s=96&d=mm&r=g\",\"contentUrl\":\"https:\/\/secure.gravatar.com\/avatar\/68592660ad6347fad0fb587f8d5d8f1a7b44961362f56e4f2cd524feb87e9069?s=96&d=mm&r=g\",\"caption\":\"dmcsrbija.com@gmail.com\"},\"sameAs\":[\"https:\/\/dmcsrb.com\"],\"url\":\"https:\/\/dmcsrb.com\/en\/author\/dmcsrbija-comgmail-com\/\"}]}<\/script>\n<!-- \/ Yoast SEO plugin. -->","yoast_head_json":{"title":"Povratak \"Wizz Air\": Jeftiniji aran\u017emani, nova radna mjesta - dmcsrb.com","robots":{"index":"index","follow":"follow","max-snippet":"max-snippet:-1","max-image-preview":"max-image-preview:large","max-video-preview":"max-video-preview:-1"},"canonical":"https:\/\/dmcsrb.com\/en\/ekonomija\/povratak-wizz-air-jeftiniji-aranzmani-nova-radna-mjesta\/","og_locale":"en_GB","og_type":"article","og_title":"Povratak \"Wizz Air\": Jeftiniji aran\u017emani, nova radna mjesta - dmcsrb.com","og_description":"Crna Gora ima ambicije i kada je u pitanju razvoj aerodromske infrastrukture, potv\u0111uju iz Aerodroma Crne Gore. Otvaranje gotovo 800 radnih mjesta zbog povratka Wizz Air odrazi\u0107e se na ostale privredne grane, tvrdi izvr\u0161ni direktor Aerodroma Roko Toli\u0107. Koliko \u0107e novca za pobolj\u0161anje kapaciteta biti potrebno jo\u0161 se ne zna, kao ni to kako \u0107e se to odraziti na proces koncesije koji je u toku.","og_url":"https:\/\/dmcsrb.com\/en\/ekonomija\/povratak-wizz-air-jeftiniji-aranzmani-nova-radna-mjesta\/","og_site_name":"dmcsrb.com","article_published_time":"2025-10-26T17:59:00+00:00","og_image":[{"width":1797,"height":866,"url":"https:\/\/dmcsrb.com\/wp-content\/uploads\/2026\/01\/aerodrom.webp","type":"image\/jpeg"}],"author":"dmcsrbija.com@gmail.com","twitter_card":"summary_large_image","twitter_misc":{"Written by":"dmcsrbija.com@gmail.com","Estimated reading time":"3 minutes"},"schema":{"@context":"https:\/\/schema.org","@graph":[{"@type":"Article","@id":"https:\/\/dmcsrb.com\/ekonomija\/povratak-wizz-air-jeftiniji-aranzmani-nova-radna-mjesta\/#article","isPartOf":{"@id":"https:\/\/dmcsrb.com\/ekonomija\/povratak-wizz-air-jeftiniji-aranzmani-nova-radna-mjesta\/"},"author":{"name":"dmcsrbija.com@gmail.com","@id":"https:\/\/dmcsrb.com\/#\/schema\/person\/5c39170f12db1b8b457732d0b5c854e2"},"headline":"Povratak &#8220;Wizz Air&#8221;: Jeftiniji aran\u017emani, nova radna mjesta","datePublished":"2025-10-26T17:59:00+00:00","mainEntityOfPage":{"@id":"https:\/\/dmcsrb.com\/ekonomija\/povratak-wizz-air-jeftiniji-aranzmani-nova-radna-mjesta\/"},"wordCount":529,"commentCount":0,"image":{"@id":"https:\/\/dmcsrb.com\/ekonomija\/povratak-wizz-air-jeftiniji-aranzmani-nova-radna-mjesta\/#primaryimage"},"thumbnailUrl":"https:\/\/dmcsrb.com\/wp-content\/uploads\/2026\/01\/aerodrom.webp","keywords":["Aerodromi","Podgorica","Tivat"],"articleSection":["Ekonomija"],"inLanguage":"en-GB","potentialAction":[{"@type":"CommentAction","name":"Comment","target":["https:\/\/dmcsrb.com\/ekonomija\/povratak-wizz-air-jeftiniji-aranzmani-nova-radna-mjesta\/#respond"]}]},{"@type":"WebPage","@id":"https:\/\/dmcsrb.com\/ekonomija\/povratak-wizz-air-jeftiniji-aranzmani-nova-radna-mjesta\/","url":"https:\/\/dmcsrb.com\/ekonomija\/povratak-wizz-air-jeftiniji-aranzmani-nova-radna-mjesta\/","name":"Povratak \"Wizz Air\": Jeftiniji aran\u017emani, nova radna mjesta - dmcsrb.com","isPartOf":{"@id":"https:\/\/dmcsrb.com\/#website"},"primaryImageOfPage":{"@id":"https:\/\/dmcsrb.com\/ekonomija\/povratak-wizz-air-jeftiniji-aranzmani-nova-radna-mjesta\/#primaryimage"},"image":{"@id":"https:\/\/dmcsrb.com\/ekonomija\/povratak-wizz-air-jeftiniji-aranzmani-nova-radna-mjesta\/#primaryimage"},"thumbnailUrl":"https:\/\/dmcsrb.com\/wp-content\/uploads\/2026\/01\/aerodrom.webp","datePublished":"2025-10-26T17:59:00+00:00","author":{"@id":"https:\/\/dmcsrb.com\/#\/schema\/person\/5c39170f12db1b8b457732d0b5c854e2"},"breadcrumb":{"@id":"https:\/\/dmcsrb.com\/ekonomija\/povratak-wizz-air-jeftiniji-aranzmani-nova-radna-mjesta\/#breadcrumb"},"inLanguage":"en-GB","potentialAction":[{"@type":"ReadAction","target":["https:\/\/dmcsrb.com\/ekonomija\/povratak-wizz-air-jeftiniji-aranzmani-nova-radna-mjesta\/"]}]},{"@type":"ImageObject","inLanguage":"en-GB","@id":"https:\/\/dmcsrb.com\/ekonomija\/povratak-wizz-air-jeftiniji-aranzmani-nova-radna-mjesta\/#primaryimage","url":"https:\/\/dmcsrb.com\/wp-content\/uploads\/2026\/01\/aerodrom.webp","contentUrl":"https:\/\/dmcsrb.com\/wp-content\/uploads\/2026\/01\/aerodrom.webp","width":1797,"height":866},{"@type":"BreadcrumbList","@id":"https:\/\/dmcsrb.com\/ekonomija\/povratak-wizz-air-jeftiniji-aranzmani-nova-radna-mjesta\/#breadcrumb","itemListElement":[{"@type":"ListItem","position":1,"name":"Home","item":"https:\/\/dmcsrb.com\/"},{"@type":"ListItem","position":2,"name":"Povratak &#8220;Wizz Air&#8221;: Jeftiniji aran\u017emani, nova radna mjesta"}]},{"@type":"WebSite","@id":"https:\/\/dmcsrb.com\/#website","url":"https:\/\/dmcsrb.com\/","name":"dmcsrb.com","description":"","potentialAction":[{"@type":"SearchAction","target":{"@type":"EntryPoint","urlTemplate":"https:\/\/dmcsrb.com\/?s={search_term_string}"},"query-input":{"@type":"PropertyValueSpecification","valueRequired":true,"valueName":"search_term_string"}}],"inLanguage":"en-GB"},{"@type":"Person","@id":"https:\/\/dmcsrb.com\/#\/schema\/person\/5c39170f12db1b8b457732d0b5c854e2","name":"dmcsrbija.com@gmail.com","image":{"@type":"ImageObject","inLanguage":"en-GB","@id":"https:\/\/dmcsrb.com\/#\/schema\/person\/image\/","url":"https:\/\/secure.gravatar.com\/avatar\/68592660ad6347fad0fb587f8d5d8f1a7b44961362f56e4f2cd524feb87e9069?s=96&d=mm&r=g","contentUrl":"https:\/\/secure.gravatar.com\/avatar\/68592660ad6347fad0fb587f8d5d8f1a7b44961362f56e4f2cd524feb87e9069?s=96&d=mm&r=g","caption":"dmcsrbija.com@gmail.com"},"sameAs":["https:\/\/dmcsrb.com"],"url":"https:\/\/dmcsrb.com\/en\/author\/dmcsrbija-comgmail-com\/"}]}},"_links":{"self":[{"href":"https:\/\/dmcsrb.com\/en\/wp-json\/wp\/v2\/posts\/960214","targetHints":{"allow":["GET"]}}],"collection":[{"href":"https:\/\/dmcsrb.com\/en\/wp-json\/wp\/v2\/posts"}],"about":[{"href":"https:\/\/dmcsrb.com\/en\/wp-json\/wp\/v2\/types\/post"}],"author":[{"embeddable":true,"href":"https:\/\/dmcsrb.com\/en\/wp-json\/wp\/v2\/users\/1"}],"replies":[{"embeddable":true,"href":"https:\/\/dmcsrb.com\/en\/wp-json\/wp\/v2\/comments?post=960214"}],"version-history":[{"count":0,"href":"https:\/\/dmcsrb.com\/en\/wp-json\/wp\/v2\/posts\/960214\/revisions"}],"wp:featuredmedia":[{"embeddable":true,"href":"https:\/\/dmcsrb.com\/en\/wp-json\/wp\/v2\/media\/942957"}],"wp:attachment":[{"href":"https:\/\/dmcsrb.com\/en\/wp-json\/wp\/v2\/media?parent=960214"}],"wp:term":[{"taxonomy":"category","embeddable":true,"href":"https:\/\/dmcsrb.com\/en\/wp-json\/wp\/v2\/categories?post=960214"},{"taxonomy":"post_tag","embeddable":true,"href":"https:\/\/dmcsrb.com\/en\/wp-json\/wp\/v2\/tags?post=960214"},{"taxonomy":"naslovna","embeddable":true,"href":"https:\/\/dmcsrb.com\/en\/wp-json\/wp\/v2\/naslovna?post=960214"}],"curies":[{"name":"wp","href":"https:\/\/api.w.org\/{rel}","templated":true}]}}