{"id":960203,"date":"2025-10-26T18:17:00","date_gmt":"2025-10-26T17:17:00","guid":{"rendered":"https:\/\/dmcsrb.com\/uncategorized\/micunovic-zbog-vjestacke-inteligencije-niko-nije-dobio-otkaz-u-gradskim-sluzbama\/"},"modified":"2025-10-26T18:17:00","modified_gmt":"2025-10-26T17:17:00","slug":"micunovic-zbog-vjestacke-inteligencije-niko-nije-dobio-otkaz-u-gradskim-sluzbama","status":"publish","type":"post","link":"https:\/\/dmcsrb.com\/en\/podgorica\/micunovic-zbog-vjestacke-inteligencije-niko-nije-dobio-otkaz-u-gradskim-sluzbama\/","title":{"rendered":"Mi\u0107unovi\u0107: Zbog vje\u0161ta\u010dke inteligencije niko nije dobio otkaz u gradskim slu\u017ebama"},"content":{"rendered":"<p><\/p>\n\n\n\n<p><br>Sve u\u010destalija upotreba vje\u0161ta\u010dke inteligencije zabrinula je milione ljudi \u0161irom svijeta pa se ovih dana postavlja pitanje \u2013 Da li \u0107e mi AI uzeti radno mjesto? Me\u0111u prvima koji su na ovu temu govorili je izvr\u0161ni direktor Amazona Endi D\u017eesi koji je najavio da \u0107e njegova kompanija smanjiti broj zaposlenih, jer je vje\u0161ta\u010dka inteligencija efikasnija. <\/p>\n\n\n\n<p>Procjenjuje se da \u0107e u susjednoj Srbiji zbog razvoja vje\u0161ta\u010dke inteligencije nestati 70.000 radnih mjesta, a da li vje\u0161ta\u010dka inteligencija i njeni botovi, predstavljaju prijetnju zaposlenima u Glavnom gradu?<br><br>\u201eOno \u0161to sa sigurno\u0161\u0107u mogu da tvrdim jeste da u Slu\u017ebi za informacioni sistem niko nije dobio otkaz zbog vje\u0161ta\u010dke inteligencije. Vjerujem da je sli\u010dna situacija u Glavnom gradu, da niko nije direktno zbog vje\u0161ta\u010dke inteligencije dobio raskid radnog odnosa\u201c, ka\u017ee rukovodilac Nikola Mi\u0107unovi\u0107 Slu\u017ebe za informacioni sistem u Glavnom gradu.<\/p>\n\n\n\n<p> Istra\u017eivanje sprovedeno na globalnom nivou, Measuring the performance of our models on real-world tasks, nabrojalo je 44 profesije koje \u0107e, uslovno re\u010deno, nestati jer ih ne\u0107e obavljati obu\u010dene i obrazovane osobe, ve\u0107 AI. Na listi su se na\u0161li, pored ostalih, medicinske sestre, socijalni radnici, recepcioneri, ma\u0161inski in\u017eenjeri i reditelji. Ipak, u Crnoj Gori, \u0161ira javnost jo\u0161 nije prihvatila vje\u0161ta\u010dku inteligenciju.<br><br>\u201eMeni se \u010dini da, iskreno, vje\u0161ta\u010dka inteligencija, \u0161to se ti\u010de oduzimanja radnih mjesta, ne\u0107e toliko mo\u0107i da ih oduzme koliko ljudi misle. To je alat koji se koristi poput digitrona. Samo \u0107e da ubrzava rad ljudima, i uvijek \u0107e ljudi koji znaju da koriste AI, da zapravo zamijene one ljude koji ne znaju da koriste AI. Ne\u0107e sama vje\u0161ta\u010dka inteligencija ba\u0161 zamijeniti generalno ljude. Ako bih morao da pri\u010dam o poslovima, to bi bili mo\u017eda bili vi\u0161e neki automatizovani poslovi, manuelni u smislu da neko ko treba da odgovara na neka pitanja poput \u010det botova koji se pojavljuju za hotele ili institucije\u201c, ka\u017ee David Pantovi\u0107, programer.<br>Iz Glavnog grada isti\u010du da su pojedine usluge gradskih resora bazirane na vje\u0161ta\u010dkoj inteligenciji. <\/p>\n\n\n\n<p>\u201eSuper slu\u017ebenik \u2013 tu smo bili pioniri u primjeni vje\u0161ta\u010dke inteligencije. On je ustvari virtuelni asistent koji u pozadini posjeduje bazu znanja koja je bazirana na onome \u0161to su procedure Glavnog grada, odnosno registar, vodi\u010d kroz administraciju. To je po\u010detak gdje jedan servis u sebi posjeduje AI koji koriste gra\u0111ani\u201c, ka\u017ee Mi\u0107unovi\u0107. .<br>Iz Slu\u017ebe za informacioni sistem nagla\u0161avaju da je AI, bar za sada, partner, a nikako prijetnja, a Pantovi\u0107 poru\u010duje da poslovi koji rastom i razvojem vje\u0161ta\u010dke inteligencije nijesu ugro\u017eeni, jesu zanatski.<\/p>\n\n\n\n<figure class=\"wp-block-embed is-type-video is-provider-youtube wp-block-embed-youtube wp-embed-aspect-16-9 wp-has-aspect-ratio\"><div class=\"wp-block-embed__wrapper\">\n<iframe loading=\"lazy\" title=\"Mi\u0107unovi\u0107: Zbog vje\u0161ta\u010dke inteligencije niko nije dobio otkaz u gradskim slu\u017ebama\" width=\"500\" height=\"281\" src=\"https:\/\/www.youtube.com\/embed\/ZN8OxGw6nnQ?feature=oembed\" frameborder=\"0\" allow=\"accelerometer; autoplay; clipboard-write; encrypted-media; gyroscope; picture-in-picture; web-share\" referrerpolicy=\"strict-origin-when-cross-origin\" allowfullscreen><\/iframe>\n<\/div><\/figure>","protected":false},"excerpt":{"rendered":"<p>Dok se u svijetu otvaraju rasprave o nestanku radnih mjesta zbog porasta upotrebe vje\u0161ta\u010dke inteligencije, u Glavnom gradu ona se za sada koristi kao podr\u0161ka, a ne zamjena. Ipak, kako poru\u010duju sagovornici RTV Podgorica, izvjesno je da \u0107emo uskoro vi\u0161e komunicirati sa \u010det botovima umjesto sa zaposlenima u hotelima ili institucijama.<\/p>","protected":false},"author":1,"featured_media":960204,"comment_status":"open","ping_status":"open","sticky":false,"template":"","format":"standard","meta":{"_acf_changed":false,"footnotes":""},"categories":[56],"tags":[405,5402],"naslovna":[],"class_list":["post-960203","post","type-post","status-publish","format-standard","has-post-thumbnail","hentry","category-podgorica","tag-glavni-grad","tag-vjestacka-inteligencija"],"acf":[],"yoast_head":"<!-- This site is optimized with the Yoast SEO plugin v27.4 - https:\/\/yoast.com\/product\/yoast-seo-wordpress\/ -->\n<title>Mi\u0107unovi\u0107: Zbog vje\u0161ta\u010dke inteligencije niko nije dobio otkaz u gradskim slu\u017ebama - dmcsrb.com<\/title>\n<meta name=\"robots\" content=\"index, follow, max-snippet:-1, max-image-preview:large, max-video-preview:-1\" \/>\n<link rel=\"canonical\" href=\"https:\/\/dmcsrb.com\/en\/podgorica\/micunovic-zbog-vjestacke-inteligencije-niko-nije-dobio-otkaz-u-gradskim-sluzbama\/\" \/>\n<meta property=\"og:locale\" content=\"en_GB\" \/>\n<meta property=\"og:type\" content=\"article\" \/>\n<meta property=\"og:title\" content=\"Mi\u0107unovi\u0107: Zbog vje\u0161ta\u010dke inteligencije niko nije dobio otkaz u gradskim slu\u017ebama - dmcsrb.com\" \/>\n<meta property=\"og:description\" content=\"Dok se u svijetu otvaraju rasprave o nestanku radnih mjesta zbog porasta upotrebe vje\u0161ta\u010dke inteligencije, u Glavnom gradu ona se za sada koristi kao podr\u0161ka, a ne zamjena. Ipak, kako poru\u010duju sagovornici RTV Podgorica, izvjesno je da \u0107emo uskoro vi\u0161e komunicirati sa \u010det botovima umjesto sa zaposlenima u hotelima ili institucijama.\" \/>\n<meta property=\"og:url\" content=\"https:\/\/dmcsrb.com\/en\/podgorica\/micunovic-zbog-vjestacke-inteligencije-niko-nije-dobio-otkaz-u-gradskim-sluzbama\/\" \/>\n<meta property=\"og:site_name\" content=\"dmcsrb.com\" \/>\n<meta property=\"article:published_time\" content=\"2025-10-26T17:17:00+00:00\" \/>\n<meta property=\"og:image\" content=\"https:\/\/dmcsrb.com\/wp-content\/uploads\/2026\/01\/robot2.webp\" \/>\n\t<meta property=\"og:image:width\" content=\"1716\" \/>\n\t<meta property=\"og:image:height\" content=\"853\" \/>\n\t<meta property=\"og:image:type\" content=\"image\/jpeg\" \/>\n<meta name=\"author\" content=\"dmcsrbija.com@gmail.com\" \/>\n<meta name=\"twitter:card\" content=\"summary_large_image\" \/>\n<meta name=\"twitter:label1\" content=\"Written by\" \/>\n\t<meta name=\"twitter:data1\" content=\"dmcsrbija.com@gmail.com\" \/>\n\t<meta name=\"twitter:label2\" content=\"Estimated reading time\" \/>\n\t<meta name=\"twitter:data2\" content=\"2 minutes\" \/>\n<script type=\"application\/ld+json\" class=\"yoast-schema-graph\">{\"@context\":\"https:\\\/\\\/schema.org\",\"@graph\":[{\"@type\":\"Article\",\"@id\":\"https:\\\/\\\/dmcsrb.com\\\/podgorica\\\/micunovic-zbog-vjestacke-inteligencije-niko-nije-dobio-otkaz-u-gradskim-sluzbama\\\/#article\",\"isPartOf\":{\"@id\":\"https:\\\/\\\/dmcsrb.com\\\/podgorica\\\/micunovic-zbog-vjestacke-inteligencije-niko-nije-dobio-otkaz-u-gradskim-sluzbama\\\/\"},\"author\":{\"name\":\"dmcsrbija.com@gmail.com\",\"@id\":\"https:\\\/\\\/dmcsrb.com\\\/#\\\/schema\\\/person\\\/5c39170f12db1b8b457732d0b5c854e2\"},\"headline\":\"Mi\u0107unovi\u0107: Zbog vje\u0161ta\u010dke inteligencije niko nije dobio otkaz u gradskim slu\u017ebama\",\"datePublished\":\"2025-10-26T17:17:00+00:00\",\"mainEntityOfPage\":{\"@id\":\"https:\\\/\\\/dmcsrb.com\\\/podgorica\\\/micunovic-zbog-vjestacke-inteligencije-niko-nije-dobio-otkaz-u-gradskim-sluzbama\\\/\"},\"wordCount\":477,\"commentCount\":0,\"image\":{\"@id\":\"https:\\\/\\\/dmcsrb.com\\\/podgorica\\\/micunovic-zbog-vjestacke-inteligencije-niko-nije-dobio-otkaz-u-gradskim-sluzbama\\\/#primaryimage\"},\"thumbnailUrl\":\"https:\\\/\\\/dmcsrb.com\\\/wp-content\\\/uploads\\\/2026\\\/01\\\/robot2.webp\",\"keywords\":[\"glavni grad\",\"Vje\u0161ta\u010dka inteligencija\"],\"articleSection\":[\"Podgorica\"],\"inLanguage\":\"en-GB\",\"potentialAction\":[{\"@type\":\"CommentAction\",\"name\":\"Comment\",\"target\":[\"https:\\\/\\\/dmcsrb.com\\\/podgorica\\\/micunovic-zbog-vjestacke-inteligencije-niko-nije-dobio-otkaz-u-gradskim-sluzbama\\\/#respond\"]}]},{\"@type\":\"WebPage\",\"@id\":\"https:\\\/\\\/dmcsrb.com\\\/podgorica\\\/micunovic-zbog-vjestacke-inteligencije-niko-nije-dobio-otkaz-u-gradskim-sluzbama\\\/\",\"url\":\"https:\\\/\\\/dmcsrb.com\\\/podgorica\\\/micunovic-zbog-vjestacke-inteligencije-niko-nije-dobio-otkaz-u-gradskim-sluzbama\\\/\",\"name\":\"Mi\u0107unovi\u0107: Zbog vje\u0161ta\u010dke inteligencije niko nije dobio otkaz u gradskim slu\u017ebama - dmcsrb.com\",\"isPartOf\":{\"@id\":\"https:\\\/\\\/dmcsrb.com\\\/#website\"},\"primaryImageOfPage\":{\"@id\":\"https:\\\/\\\/dmcsrb.com\\\/podgorica\\\/micunovic-zbog-vjestacke-inteligencije-niko-nije-dobio-otkaz-u-gradskim-sluzbama\\\/#primaryimage\"},\"image\":{\"@id\":\"https:\\\/\\\/dmcsrb.com\\\/podgorica\\\/micunovic-zbog-vjestacke-inteligencije-niko-nije-dobio-otkaz-u-gradskim-sluzbama\\\/#primaryimage\"},\"thumbnailUrl\":\"https:\\\/\\\/dmcsrb.com\\\/wp-content\\\/uploads\\\/2026\\\/01\\\/robot2.webp\",\"datePublished\":\"2025-10-26T17:17:00+00:00\",\"author\":{\"@id\":\"https:\\\/\\\/dmcsrb.com\\\/#\\\/schema\\\/person\\\/5c39170f12db1b8b457732d0b5c854e2\"},\"breadcrumb\":{\"@id\":\"https:\\\/\\\/dmcsrb.com\\\/podgorica\\\/micunovic-zbog-vjestacke-inteligencije-niko-nije-dobio-otkaz-u-gradskim-sluzbama\\\/#breadcrumb\"},\"inLanguage\":\"en-GB\",\"potentialAction\":[{\"@type\":\"ReadAction\",\"target\":[\"https:\\\/\\\/dmcsrb.com\\\/podgorica\\\/micunovic-zbog-vjestacke-inteligencije-niko-nije-dobio-otkaz-u-gradskim-sluzbama\\\/\"]}]},{\"@type\":\"ImageObject\",\"inLanguage\":\"en-GB\",\"@id\":\"https:\\\/\\\/dmcsrb.com\\\/podgorica\\\/micunovic-zbog-vjestacke-inteligencije-niko-nije-dobio-otkaz-u-gradskim-sluzbama\\\/#primaryimage\",\"url\":\"https:\\\/\\\/dmcsrb.com\\\/wp-content\\\/uploads\\\/2026\\\/01\\\/robot2.webp\",\"contentUrl\":\"https:\\\/\\\/dmcsrb.com\\\/wp-content\\\/uploads\\\/2026\\\/01\\\/robot2.webp\",\"width\":1716,\"height\":853},{\"@type\":\"BreadcrumbList\",\"@id\":\"https:\\\/\\\/dmcsrb.com\\\/podgorica\\\/micunovic-zbog-vjestacke-inteligencije-niko-nije-dobio-otkaz-u-gradskim-sluzbama\\\/#breadcrumb\",\"itemListElement\":[{\"@type\":\"ListItem\",\"position\":1,\"name\":\"Home\",\"item\":\"https:\\\/\\\/dmcsrb.com\\\/\"},{\"@type\":\"ListItem\",\"position\":2,\"name\":\"Mi\u0107unovi\u0107: Zbog vje\u0161ta\u010dke inteligencije niko nije dobio otkaz u gradskim slu\u017ebama\"}]},{\"@type\":\"WebSite\",\"@id\":\"https:\\\/\\\/dmcsrb.com\\\/#website\",\"url\":\"https:\\\/\\\/dmcsrb.com\\\/\",\"name\":\"dmcsrb.com\",\"description\":\"\",\"potentialAction\":[{\"@type\":\"SearchAction\",\"target\":{\"@type\":\"EntryPoint\",\"urlTemplate\":\"https:\\\/\\\/dmcsrb.com\\\/?s={search_term_string}\"},\"query-input\":{\"@type\":\"PropertyValueSpecification\",\"valueRequired\":true,\"valueName\":\"search_term_string\"}}],\"inLanguage\":\"en-GB\"},{\"@type\":\"Person\",\"@id\":\"https:\\\/\\\/dmcsrb.com\\\/#\\\/schema\\\/person\\\/5c39170f12db1b8b457732d0b5c854e2\",\"name\":\"dmcsrbija.com@gmail.com\",\"image\":{\"@type\":\"ImageObject\",\"inLanguage\":\"en-GB\",\"@id\":\"https:\\\/\\\/secure.gravatar.com\\\/avatar\\\/68592660ad6347fad0fb587f8d5d8f1a7b44961362f56e4f2cd524feb87e9069?s=96&d=mm&r=g\",\"url\":\"https:\\\/\\\/secure.gravatar.com\\\/avatar\\\/68592660ad6347fad0fb587f8d5d8f1a7b44961362f56e4f2cd524feb87e9069?s=96&d=mm&r=g\",\"contentUrl\":\"https:\\\/\\\/secure.gravatar.com\\\/avatar\\\/68592660ad6347fad0fb587f8d5d8f1a7b44961362f56e4f2cd524feb87e9069?s=96&d=mm&r=g\",\"caption\":\"dmcsrbija.com@gmail.com\"},\"sameAs\":[\"https:\\\/\\\/dmcsrb.com\"],\"url\":\"https:\\\/\\\/dmcsrb.com\\\/en\\\/author\\\/dmcsrbija-comgmail-com\\\/\"}]}<\/script>\n<!-- \/ Yoast SEO plugin. -->","yoast_head_json":{"title":"Mi\u0107unovi\u0107: Zbog vje\u0161ta\u010dke inteligencije niko nije dobio otkaz u gradskim slu\u017ebama - dmcsrb.com","robots":{"index":"index","follow":"follow","max-snippet":"max-snippet:-1","max-image-preview":"max-image-preview:large","max-video-preview":"max-video-preview:-1"},"canonical":"https:\/\/dmcsrb.com\/en\/podgorica\/micunovic-zbog-vjestacke-inteligencije-niko-nije-dobio-otkaz-u-gradskim-sluzbama\/","og_locale":"en_GB","og_type":"article","og_title":"Mi\u0107unovi\u0107: Zbog vje\u0161ta\u010dke inteligencije niko nije dobio otkaz u gradskim slu\u017ebama - dmcsrb.com","og_description":"Dok se u svijetu otvaraju rasprave o nestanku radnih mjesta zbog porasta upotrebe vje\u0161ta\u010dke inteligencije, u Glavnom gradu ona se za sada koristi kao podr\u0161ka, a ne zamjena. Ipak, kako poru\u010duju sagovornici RTV Podgorica, izvjesno je da \u0107emo uskoro vi\u0161e komunicirati sa \u010det botovima umjesto sa zaposlenima u hotelima ili institucijama.","og_url":"https:\/\/dmcsrb.com\/en\/podgorica\/micunovic-zbog-vjestacke-inteligencije-niko-nije-dobio-otkaz-u-gradskim-sluzbama\/","og_site_name":"dmcsrb.com","article_published_time":"2025-10-26T17:17:00+00:00","og_image":[{"width":1716,"height":853,"url":"https:\/\/dmcsrb.com\/wp-content\/uploads\/2026\/01\/robot2.webp","type":"image\/jpeg"}],"author":"dmcsrbija.com@gmail.com","twitter_card":"summary_large_image","twitter_misc":{"Written by":"dmcsrbija.com@gmail.com","Estimated reading time":"2 minutes"},"schema":{"@context":"https:\/\/schema.org","@graph":[{"@type":"Article","@id":"https:\/\/dmcsrb.com\/podgorica\/micunovic-zbog-vjestacke-inteligencije-niko-nije-dobio-otkaz-u-gradskim-sluzbama\/#article","isPartOf":{"@id":"https:\/\/dmcsrb.com\/podgorica\/micunovic-zbog-vjestacke-inteligencije-niko-nije-dobio-otkaz-u-gradskim-sluzbama\/"},"author":{"name":"dmcsrbija.com@gmail.com","@id":"https:\/\/dmcsrb.com\/#\/schema\/person\/5c39170f12db1b8b457732d0b5c854e2"},"headline":"Mi\u0107unovi\u0107: Zbog vje\u0161ta\u010dke inteligencije niko nije dobio otkaz u gradskim slu\u017ebama","datePublished":"2025-10-26T17:17:00+00:00","mainEntityOfPage":{"@id":"https:\/\/dmcsrb.com\/podgorica\/micunovic-zbog-vjestacke-inteligencije-niko-nije-dobio-otkaz-u-gradskim-sluzbama\/"},"wordCount":477,"commentCount":0,"image":{"@id":"https:\/\/dmcsrb.com\/podgorica\/micunovic-zbog-vjestacke-inteligencije-niko-nije-dobio-otkaz-u-gradskim-sluzbama\/#primaryimage"},"thumbnailUrl":"https:\/\/dmcsrb.com\/wp-content\/uploads\/2026\/01\/robot2.webp","keywords":["glavni grad","Vje\u0161ta\u010dka inteligencija"],"articleSection":["Podgorica"],"inLanguage":"en-GB","potentialAction":[{"@type":"CommentAction","name":"Comment","target":["https:\/\/dmcsrb.com\/podgorica\/micunovic-zbog-vjestacke-inteligencije-niko-nije-dobio-otkaz-u-gradskim-sluzbama\/#respond"]}]},{"@type":"WebPage","@id":"https:\/\/dmcsrb.com\/podgorica\/micunovic-zbog-vjestacke-inteligencije-niko-nije-dobio-otkaz-u-gradskim-sluzbama\/","url":"https:\/\/dmcsrb.com\/podgorica\/micunovic-zbog-vjestacke-inteligencije-niko-nije-dobio-otkaz-u-gradskim-sluzbama\/","name":"Mi\u0107unovi\u0107: Zbog vje\u0161ta\u010dke inteligencije niko nije dobio otkaz u gradskim slu\u017ebama - dmcsrb.com","isPartOf":{"@id":"https:\/\/dmcsrb.com\/#website"},"primaryImageOfPage":{"@id":"https:\/\/dmcsrb.com\/podgorica\/micunovic-zbog-vjestacke-inteligencije-niko-nije-dobio-otkaz-u-gradskim-sluzbama\/#primaryimage"},"image":{"@id":"https:\/\/dmcsrb.com\/podgorica\/micunovic-zbog-vjestacke-inteligencije-niko-nije-dobio-otkaz-u-gradskim-sluzbama\/#primaryimage"},"thumbnailUrl":"https:\/\/dmcsrb.com\/wp-content\/uploads\/2026\/01\/robot2.webp","datePublished":"2025-10-26T17:17:00+00:00","author":{"@id":"https:\/\/dmcsrb.com\/#\/schema\/person\/5c39170f12db1b8b457732d0b5c854e2"},"breadcrumb":{"@id":"https:\/\/dmcsrb.com\/podgorica\/micunovic-zbog-vjestacke-inteligencije-niko-nije-dobio-otkaz-u-gradskim-sluzbama\/#breadcrumb"},"inLanguage":"en-GB","potentialAction":[{"@type":"ReadAction","target":["https:\/\/dmcsrb.com\/podgorica\/micunovic-zbog-vjestacke-inteligencije-niko-nije-dobio-otkaz-u-gradskim-sluzbama\/"]}]},{"@type":"ImageObject","inLanguage":"en-GB","@id":"https:\/\/dmcsrb.com\/podgorica\/micunovic-zbog-vjestacke-inteligencije-niko-nije-dobio-otkaz-u-gradskim-sluzbama\/#primaryimage","url":"https:\/\/dmcsrb.com\/wp-content\/uploads\/2026\/01\/robot2.webp","contentUrl":"https:\/\/dmcsrb.com\/wp-content\/uploads\/2026\/01\/robot2.webp","width":1716,"height":853},{"@type":"BreadcrumbList","@id":"https:\/\/dmcsrb.com\/podgorica\/micunovic-zbog-vjestacke-inteligencije-niko-nije-dobio-otkaz-u-gradskim-sluzbama\/#breadcrumb","itemListElement":[{"@type":"ListItem","position":1,"name":"Home","item":"https:\/\/dmcsrb.com\/"},{"@type":"ListItem","position":2,"name":"Mi\u0107unovi\u0107: Zbog vje\u0161ta\u010dke inteligencije niko nije dobio otkaz u gradskim slu\u017ebama"}]},{"@type":"WebSite","@id":"https:\/\/dmcsrb.com\/#website","url":"https:\/\/dmcsrb.com\/","name":"dmcsrb.com","description":"","potentialAction":[{"@type":"SearchAction","target":{"@type":"EntryPoint","urlTemplate":"https:\/\/dmcsrb.com\/?s={search_term_string}"},"query-input":{"@type":"PropertyValueSpecification","valueRequired":true,"valueName":"search_term_string"}}],"inLanguage":"en-GB"},{"@type":"Person","@id":"https:\/\/dmcsrb.com\/#\/schema\/person\/5c39170f12db1b8b457732d0b5c854e2","name":"dmcsrbija.com@gmail.com","image":{"@type":"ImageObject","inLanguage":"en-GB","@id":"https:\/\/secure.gravatar.com\/avatar\/68592660ad6347fad0fb587f8d5d8f1a7b44961362f56e4f2cd524feb87e9069?s=96&d=mm&r=g","url":"https:\/\/secure.gravatar.com\/avatar\/68592660ad6347fad0fb587f8d5d8f1a7b44961362f56e4f2cd524feb87e9069?s=96&d=mm&r=g","contentUrl":"https:\/\/secure.gravatar.com\/avatar\/68592660ad6347fad0fb587f8d5d8f1a7b44961362f56e4f2cd524feb87e9069?s=96&d=mm&r=g","caption":"dmcsrbija.com@gmail.com"},"sameAs":["https:\/\/dmcsrb.com"],"url":"https:\/\/dmcsrb.com\/en\/author\/dmcsrbija-comgmail-com\/"}]}},"_links":{"self":[{"href":"https:\/\/dmcsrb.com\/en\/wp-json\/wp\/v2\/posts\/960203","targetHints":{"allow":["GET"]}}],"collection":[{"href":"https:\/\/dmcsrb.com\/en\/wp-json\/wp\/v2\/posts"}],"about":[{"href":"https:\/\/dmcsrb.com\/en\/wp-json\/wp\/v2\/types\/post"}],"author":[{"embeddable":true,"href":"https:\/\/dmcsrb.com\/en\/wp-json\/wp\/v2\/users\/1"}],"replies":[{"embeddable":true,"href":"https:\/\/dmcsrb.com\/en\/wp-json\/wp\/v2\/comments?post=960203"}],"version-history":[{"count":0,"href":"https:\/\/dmcsrb.com\/en\/wp-json\/wp\/v2\/posts\/960203\/revisions"}],"wp:featuredmedia":[{"embeddable":true,"href":"https:\/\/dmcsrb.com\/en\/wp-json\/wp\/v2\/media\/960204"}],"wp:attachment":[{"href":"https:\/\/dmcsrb.com\/en\/wp-json\/wp\/v2\/media?parent=960203"}],"wp:term":[{"taxonomy":"category","embeddable":true,"href":"https:\/\/dmcsrb.com\/en\/wp-json\/wp\/v2\/categories?post=960203"},{"taxonomy":"post_tag","embeddable":true,"href":"https:\/\/dmcsrb.com\/en\/wp-json\/wp\/v2\/tags?post=960203"},{"taxonomy":"naslovna","embeddable":true,"href":"https:\/\/dmcsrb.com\/en\/wp-json\/wp\/v2\/naslovna?post=960203"}],"curies":[{"name":"wp","href":"https:\/\/api.w.org\/{rel}","templated":true}]}}