{"id":960119,"date":"2025-10-26T10:12:00","date_gmt":"2025-10-26T09:12:00","guid":{"rendered":"https:\/\/dmcsrb.com\/uncategorized\/u-ulcinju-uhapsene-cetiri-osobe-zbog-tuce-povrijedjena-jedna-osoba\/"},"modified":"2025-10-26T10:12:00","modified_gmt":"2025-10-26T09:12:00","slug":"u-ulcinju-uhapsene-cetiri-osobe-zbog-tuce-povrijedjena-jedna-osoba","status":"publish","type":"post","link":"https:\/\/dmcsrb.com\/en\/hronika\/u-ulcinju-uhapsene-cetiri-osobe-zbog-tuce-povrijedjena-jedna-osoba\/","title":{"rendered":"U Ulcinju uhap\u0161ene \u010detiri osobe zbog tu\u010de, povrije\u0111ena jedna osoba"},"content":{"rendered":"<p><\/p>\n\n\n\n<p>Kako je saop\u0161teno iz policije, de\u017eurna slu\u017eba Odjeljenja bezbjednosti Ucinj je oko 00.40 \u010dasova, obavije\u0161tena da je ispred jednog ugostiteljskog objekta do\u0161lo do sva\u0111e i tu\u010de izme\u0111u vi\u0161e lica. <\/p>\n\n\n\n<p>&#8220;Na lice mjesta je odmah upu\u0107ena policijska patrola, zajedno sa de\u017eurnim starje\u0161inom. Policijski slu\u017ebenici su prona\u0161li i u policijske prostorije doveli navedena \u010detiri lica. Na osnovu preduzetih mjera i radnji, sumnja se da je prvo do\u0161lo do verbalnog a potom i fizi\u010dkog sukoga izme\u0111u I.P. i I.I. sa jedne i J.M. i V.M. sa druga strane, u kojem su izme\u0111u sebe razmijenili vi\u0161e udaraca&#8221;, kazali su iz Uprave policije.<\/p>\n\n\n\n<p>O doga\u0111aju je obavije\u0161ten dr\u017eavni tu\u017eilac u Osnovnom dr\u017eavnom tu\u017eila\u0161tvu u Ulcinju, koji se izjasnio da se u radnjama J.M. sti\u010du elementi bi\u0107a krivi\u010dnog djela laka tjelesna povreda, na \u0161tetu I.P. kojem je nanio povredu udarcem u predjelu glave, dok se V.M, I.P. i I.I. terete da su u doga\u0111aju po\u010dinili prekr\u0161aj iz \u010dl. 10 Zakona o javnom redu i miru \u2013 fizi\u010dki napad.<\/p>\n\n\n\n<p>&#8220;Osumnji\u010deni J.M. je, uz krivi\u010dnu prijavu, priveden nadle\u017enom dr\u017eavnom tu\u017eiocu u Osnovnom dr\u017eavnom tu\u017eila\u0161tvu u Ulcinju, dok su ostala tri lica privedena Sudu za prekr\u0161aje u Budvi \u2013 Odjeljenje u Ulcinju&#8221;, saop\u0161teno je iz policije.<\/p>","protected":false},"excerpt":{"rendered":"<p>Ulcinjska policija uhapsila je \u010detiri osobe &#8211; J.M (29) i V.M (22) iz Ulcinja, kao i I.P. (27) iz Ulcinja i I.I (24) iz Beograda, zbog tu\u010de u kojoj su u\u010destvovali a koja se dogodila na javnom mjestu u Ulcinju.<\/p>","protected":false},"author":1,"featured_media":908771,"comment_status":"open","ping_status":"open","sticky":false,"template":"","format":"standard","meta":{"_acf_changed":false,"footnotes":""},"categories":[17],"tags":[45,4045,1838],"naslovna":[],"class_list":["post-960119","post","type-post","status-publish","format-standard","has-post-thumbnail","hentry","category-hronika","tag-policija","tag-tuca","tag-ulcinj"],"acf":[],"yoast_head":"<!-- This site is optimized with the Yoast SEO plugin v27.4 - https:\/\/yoast.com\/product\/yoast-seo-wordpress\/ -->\n<title>U Ulcinju uhap\u0161ene \u010detiri osobe zbog tu\u010de, povrije\u0111ena jedna osoba - dmcsrb.com<\/title>\n<meta name=\"robots\" content=\"index, follow, max-snippet:-1, max-image-preview:large, max-video-preview:-1\" \/>\n<link rel=\"canonical\" href=\"https:\/\/dmcsrb.com\/en\/hronika\/u-ulcinju-uhapsene-cetiri-osobe-zbog-tuce-povrijedjena-jedna-osoba\/\" \/>\n<meta property=\"og:locale\" content=\"en_GB\" \/>\n<meta property=\"og:type\" content=\"article\" \/>\n<meta property=\"og:title\" content=\"U Ulcinju uhap\u0161ene \u010detiri osobe zbog tu\u010de, povrije\u0111ena jedna osoba - dmcsrb.com\" \/>\n<meta property=\"og:description\" content=\"Ulcinjska policija uhapsila je \u010detiri osobe - J.M (29) i V.M (22) iz Ulcinja, kao i I.P. (27) iz Ulcinja i I.I (24) iz Beograda, zbog tu\u010de u kojoj su u\u010destvovali a koja se dogodila na javnom mjestu u Ulcinju.\" \/>\n<meta property=\"og:url\" content=\"https:\/\/dmcsrb.com\/en\/hronika\/u-ulcinju-uhapsene-cetiri-osobe-zbog-tuce-povrijedjena-jedna-osoba\/\" \/>\n<meta property=\"og:site_name\" content=\"dmcsrb.com\" \/>\n<meta property=\"article:published_time\" content=\"2025-10-26T09:12:00+00:00\" \/>\n<meta property=\"og:image\" content=\"https:\/\/dmcsrb.com\/wp-content\/uploads\/2026\/01\/Policija-ilustracija-foto-Gradski.jpg\" \/>\n\t<meta property=\"og:image:width\" content=\"828\" \/>\n\t<meta property=\"og:image:height\" content=\"465\" \/>\n\t<meta property=\"og:image:type\" content=\"image\/jpeg\" \/>\n<meta name=\"author\" content=\"dmcsrbija.com@gmail.com\" \/>\n<meta name=\"twitter:card\" content=\"summary_large_image\" \/>\n<meta name=\"twitter:label1\" content=\"Written by\" \/>\n\t<meta name=\"twitter:data1\" content=\"dmcsrbija.com@gmail.com\" \/>\n\t<meta name=\"twitter:label2\" content=\"Estimated reading time\" \/>\n\t<meta name=\"twitter:data2\" content=\"1 minute\" \/>\n<script type=\"application\/ld+json\" class=\"yoast-schema-graph\">{\"@context\":\"https:\\\/\\\/schema.org\",\"@graph\":[{\"@type\":\"Article\",\"@id\":\"https:\\\/\\\/dmcsrb.com\\\/hronika\\\/u-ulcinju-uhapsene-cetiri-osobe-zbog-tuce-povrijedjena-jedna-osoba\\\/#article\",\"isPartOf\":{\"@id\":\"https:\\\/\\\/dmcsrb.com\\\/hronika\\\/u-ulcinju-uhapsene-cetiri-osobe-zbog-tuce-povrijedjena-jedna-osoba\\\/\"},\"author\":{\"name\":\"dmcsrbija.com@gmail.com\",\"@id\":\"https:\\\/\\\/dmcsrb.com\\\/#\\\/schema\\\/person\\\/5c39170f12db1b8b457732d0b5c854e2\"},\"headline\":\"U Ulcinju uhap\u0161ene \u010detiri osobe zbog tu\u010de, povrije\u0111ena jedna osoba\",\"datePublished\":\"2025-10-26T09:12:00+00:00\",\"mainEntityOfPage\":{\"@id\":\"https:\\\/\\\/dmcsrb.com\\\/hronika\\\/u-ulcinju-uhapsene-cetiri-osobe-zbog-tuce-povrijedjena-jedna-osoba\\\/\"},\"wordCount\":259,\"commentCount\":0,\"image\":{\"@id\":\"https:\\\/\\\/dmcsrb.com\\\/hronika\\\/u-ulcinju-uhapsene-cetiri-osobe-zbog-tuce-povrijedjena-jedna-osoba\\\/#primaryimage\"},\"thumbnailUrl\":\"https:\\\/\\\/dmcsrb.com\\\/wp-content\\\/uploads\\\/2026\\\/01\\\/Policija-ilustracija-foto-Gradski.jpg\",\"keywords\":[\"policija\",\"tu\u010da\",\"Ulcinj\"],\"articleSection\":[\"Hronika\"],\"inLanguage\":\"en-GB\",\"potentialAction\":[{\"@type\":\"CommentAction\",\"name\":\"Comment\",\"target\":[\"https:\\\/\\\/dmcsrb.com\\\/hronika\\\/u-ulcinju-uhapsene-cetiri-osobe-zbog-tuce-povrijedjena-jedna-osoba\\\/#respond\"]}]},{\"@type\":\"WebPage\",\"@id\":\"https:\\\/\\\/dmcsrb.com\\\/hronika\\\/u-ulcinju-uhapsene-cetiri-osobe-zbog-tuce-povrijedjena-jedna-osoba\\\/\",\"url\":\"https:\\\/\\\/dmcsrb.com\\\/hronika\\\/u-ulcinju-uhapsene-cetiri-osobe-zbog-tuce-povrijedjena-jedna-osoba\\\/\",\"name\":\"U Ulcinju uhap\u0161ene \u010detiri osobe zbog tu\u010de, povrije\u0111ena jedna osoba - dmcsrb.com\",\"isPartOf\":{\"@id\":\"https:\\\/\\\/dmcsrb.com\\\/#website\"},\"primaryImageOfPage\":{\"@id\":\"https:\\\/\\\/dmcsrb.com\\\/hronika\\\/u-ulcinju-uhapsene-cetiri-osobe-zbog-tuce-povrijedjena-jedna-osoba\\\/#primaryimage\"},\"image\":{\"@id\":\"https:\\\/\\\/dmcsrb.com\\\/hronika\\\/u-ulcinju-uhapsene-cetiri-osobe-zbog-tuce-povrijedjena-jedna-osoba\\\/#primaryimage\"},\"thumbnailUrl\":\"https:\\\/\\\/dmcsrb.com\\\/wp-content\\\/uploads\\\/2026\\\/01\\\/Policija-ilustracija-foto-Gradski.jpg\",\"datePublished\":\"2025-10-26T09:12:00+00:00\",\"author\":{\"@id\":\"https:\\\/\\\/dmcsrb.com\\\/#\\\/schema\\\/person\\\/5c39170f12db1b8b457732d0b5c854e2\"},\"breadcrumb\":{\"@id\":\"https:\\\/\\\/dmcsrb.com\\\/hronika\\\/u-ulcinju-uhapsene-cetiri-osobe-zbog-tuce-povrijedjena-jedna-osoba\\\/#breadcrumb\"},\"inLanguage\":\"en-GB\",\"potentialAction\":[{\"@type\":\"ReadAction\",\"target\":[\"https:\\\/\\\/dmcsrb.com\\\/hronika\\\/u-ulcinju-uhapsene-cetiri-osobe-zbog-tuce-povrijedjena-jedna-osoba\\\/\"]}]},{\"@type\":\"ImageObject\",\"inLanguage\":\"en-GB\",\"@id\":\"https:\\\/\\\/dmcsrb.com\\\/hronika\\\/u-ulcinju-uhapsene-cetiri-osobe-zbog-tuce-povrijedjena-jedna-osoba\\\/#primaryimage\",\"url\":\"https:\\\/\\\/dmcsrb.com\\\/wp-content\\\/uploads\\\/2026\\\/01\\\/Policija-ilustracija-foto-Gradski.jpg\",\"contentUrl\":\"https:\\\/\\\/dmcsrb.com\\\/wp-content\\\/uploads\\\/2026\\\/01\\\/Policija-ilustracija-foto-Gradski.jpg\",\"width\":828,\"height\":465},{\"@type\":\"BreadcrumbList\",\"@id\":\"https:\\\/\\\/dmcsrb.com\\\/hronika\\\/u-ulcinju-uhapsene-cetiri-osobe-zbog-tuce-povrijedjena-jedna-osoba\\\/#breadcrumb\",\"itemListElement\":[{\"@type\":\"ListItem\",\"position\":1,\"name\":\"Home\",\"item\":\"https:\\\/\\\/dmcsrb.com\\\/\"},{\"@type\":\"ListItem\",\"position\":2,\"name\":\"U Ulcinju uhap\u0161ene \u010detiri osobe zbog tu\u010de, povrije\u0111ena jedna osoba\"}]},{\"@type\":\"WebSite\",\"@id\":\"https:\\\/\\\/dmcsrb.com\\\/#website\",\"url\":\"https:\\\/\\\/dmcsrb.com\\\/\",\"name\":\"dmcsrb.com\",\"description\":\"\",\"potentialAction\":[{\"@type\":\"SearchAction\",\"target\":{\"@type\":\"EntryPoint\",\"urlTemplate\":\"https:\\\/\\\/dmcsrb.com\\\/?s={search_term_string}\"},\"query-input\":{\"@type\":\"PropertyValueSpecification\",\"valueRequired\":true,\"valueName\":\"search_term_string\"}}],\"inLanguage\":\"en-GB\"},{\"@type\":\"Person\",\"@id\":\"https:\\\/\\\/dmcsrb.com\\\/#\\\/schema\\\/person\\\/5c39170f12db1b8b457732d0b5c854e2\",\"name\":\"dmcsrbija.com@gmail.com\",\"image\":{\"@type\":\"ImageObject\",\"inLanguage\":\"en-GB\",\"@id\":\"https:\\\/\\\/secure.gravatar.com\\\/avatar\\\/68592660ad6347fad0fb587f8d5d8f1a7b44961362f56e4f2cd524feb87e9069?s=96&d=mm&r=g\",\"url\":\"https:\\\/\\\/secure.gravatar.com\\\/avatar\\\/68592660ad6347fad0fb587f8d5d8f1a7b44961362f56e4f2cd524feb87e9069?s=96&d=mm&r=g\",\"contentUrl\":\"https:\\\/\\\/secure.gravatar.com\\\/avatar\\\/68592660ad6347fad0fb587f8d5d8f1a7b44961362f56e4f2cd524feb87e9069?s=96&d=mm&r=g\",\"caption\":\"dmcsrbija.com@gmail.com\"},\"sameAs\":[\"https:\\\/\\\/dmcsrb.com\"],\"url\":\"https:\\\/\\\/dmcsrb.com\\\/en\\\/author\\\/dmcsrbija-comgmail-com\\\/\"}]}<\/script>\n<!-- \/ Yoast SEO plugin. -->","yoast_head_json":{"title":"U Ulcinju uhap\u0161ene \u010detiri osobe zbog tu\u010de, povrije\u0111ena jedna osoba - dmcsrb.com","robots":{"index":"index","follow":"follow","max-snippet":"max-snippet:-1","max-image-preview":"max-image-preview:large","max-video-preview":"max-video-preview:-1"},"canonical":"https:\/\/dmcsrb.com\/en\/hronika\/u-ulcinju-uhapsene-cetiri-osobe-zbog-tuce-povrijedjena-jedna-osoba\/","og_locale":"en_GB","og_type":"article","og_title":"U Ulcinju uhap\u0161ene \u010detiri osobe zbog tu\u010de, povrije\u0111ena jedna osoba - dmcsrb.com","og_description":"Ulcinjska policija uhapsila je \u010detiri osobe - J.M (29) i V.M (22) iz Ulcinja, kao i I.P. (27) iz Ulcinja i I.I (24) iz Beograda, zbog tu\u010de u kojoj su u\u010destvovali a koja se dogodila na javnom mjestu u Ulcinju.","og_url":"https:\/\/dmcsrb.com\/en\/hronika\/u-ulcinju-uhapsene-cetiri-osobe-zbog-tuce-povrijedjena-jedna-osoba\/","og_site_name":"dmcsrb.com","article_published_time":"2025-10-26T09:12:00+00:00","og_image":[{"width":828,"height":465,"url":"https:\/\/dmcsrb.com\/wp-content\/uploads\/2026\/01\/Policija-ilustracija-foto-Gradski.jpg","type":"image\/jpeg"}],"author":"dmcsrbija.com@gmail.com","twitter_card":"summary_large_image","twitter_misc":{"Written by":"dmcsrbija.com@gmail.com","Estimated reading time":"1 minute"},"schema":{"@context":"https:\/\/schema.org","@graph":[{"@type":"Article","@id":"https:\/\/dmcsrb.com\/hronika\/u-ulcinju-uhapsene-cetiri-osobe-zbog-tuce-povrijedjena-jedna-osoba\/#article","isPartOf":{"@id":"https:\/\/dmcsrb.com\/hronika\/u-ulcinju-uhapsene-cetiri-osobe-zbog-tuce-povrijedjena-jedna-osoba\/"},"author":{"name":"dmcsrbija.com@gmail.com","@id":"https:\/\/dmcsrb.com\/#\/schema\/person\/5c39170f12db1b8b457732d0b5c854e2"},"headline":"U Ulcinju uhap\u0161ene \u010detiri osobe zbog tu\u010de, povrije\u0111ena jedna osoba","datePublished":"2025-10-26T09:12:00+00:00","mainEntityOfPage":{"@id":"https:\/\/dmcsrb.com\/hronika\/u-ulcinju-uhapsene-cetiri-osobe-zbog-tuce-povrijedjena-jedna-osoba\/"},"wordCount":259,"commentCount":0,"image":{"@id":"https:\/\/dmcsrb.com\/hronika\/u-ulcinju-uhapsene-cetiri-osobe-zbog-tuce-povrijedjena-jedna-osoba\/#primaryimage"},"thumbnailUrl":"https:\/\/dmcsrb.com\/wp-content\/uploads\/2026\/01\/Policija-ilustracija-foto-Gradski.jpg","keywords":["policija","tu\u010da","Ulcinj"],"articleSection":["Hronika"],"inLanguage":"en-GB","potentialAction":[{"@type":"CommentAction","name":"Comment","target":["https:\/\/dmcsrb.com\/hronika\/u-ulcinju-uhapsene-cetiri-osobe-zbog-tuce-povrijedjena-jedna-osoba\/#respond"]}]},{"@type":"WebPage","@id":"https:\/\/dmcsrb.com\/hronika\/u-ulcinju-uhapsene-cetiri-osobe-zbog-tuce-povrijedjena-jedna-osoba\/","url":"https:\/\/dmcsrb.com\/hronika\/u-ulcinju-uhapsene-cetiri-osobe-zbog-tuce-povrijedjena-jedna-osoba\/","name":"U Ulcinju uhap\u0161ene \u010detiri osobe zbog tu\u010de, povrije\u0111ena jedna osoba - dmcsrb.com","isPartOf":{"@id":"https:\/\/dmcsrb.com\/#website"},"primaryImageOfPage":{"@id":"https:\/\/dmcsrb.com\/hronika\/u-ulcinju-uhapsene-cetiri-osobe-zbog-tuce-povrijedjena-jedna-osoba\/#primaryimage"},"image":{"@id":"https:\/\/dmcsrb.com\/hronika\/u-ulcinju-uhapsene-cetiri-osobe-zbog-tuce-povrijedjena-jedna-osoba\/#primaryimage"},"thumbnailUrl":"https:\/\/dmcsrb.com\/wp-content\/uploads\/2026\/01\/Policija-ilustracija-foto-Gradski.jpg","datePublished":"2025-10-26T09:12:00+00:00","author":{"@id":"https:\/\/dmcsrb.com\/#\/schema\/person\/5c39170f12db1b8b457732d0b5c854e2"},"breadcrumb":{"@id":"https:\/\/dmcsrb.com\/hronika\/u-ulcinju-uhapsene-cetiri-osobe-zbog-tuce-povrijedjena-jedna-osoba\/#breadcrumb"},"inLanguage":"en-GB","potentialAction":[{"@type":"ReadAction","target":["https:\/\/dmcsrb.com\/hronika\/u-ulcinju-uhapsene-cetiri-osobe-zbog-tuce-povrijedjena-jedna-osoba\/"]}]},{"@type":"ImageObject","inLanguage":"en-GB","@id":"https:\/\/dmcsrb.com\/hronika\/u-ulcinju-uhapsene-cetiri-osobe-zbog-tuce-povrijedjena-jedna-osoba\/#primaryimage","url":"https:\/\/dmcsrb.com\/wp-content\/uploads\/2026\/01\/Policija-ilustracija-foto-Gradski.jpg","contentUrl":"https:\/\/dmcsrb.com\/wp-content\/uploads\/2026\/01\/Policija-ilustracija-foto-Gradski.jpg","width":828,"height":465},{"@type":"BreadcrumbList","@id":"https:\/\/dmcsrb.com\/hronika\/u-ulcinju-uhapsene-cetiri-osobe-zbog-tuce-povrijedjena-jedna-osoba\/#breadcrumb","itemListElement":[{"@type":"ListItem","position":1,"name":"Home","item":"https:\/\/dmcsrb.com\/"},{"@type":"ListItem","position":2,"name":"U Ulcinju uhap\u0161ene \u010detiri osobe zbog tu\u010de, povrije\u0111ena jedna osoba"}]},{"@type":"WebSite","@id":"https:\/\/dmcsrb.com\/#website","url":"https:\/\/dmcsrb.com\/","name":"dmcsrb.com","description":"","potentialAction":[{"@type":"SearchAction","target":{"@type":"EntryPoint","urlTemplate":"https:\/\/dmcsrb.com\/?s={search_term_string}"},"query-input":{"@type":"PropertyValueSpecification","valueRequired":true,"valueName":"search_term_string"}}],"inLanguage":"en-GB"},{"@type":"Person","@id":"https:\/\/dmcsrb.com\/#\/schema\/person\/5c39170f12db1b8b457732d0b5c854e2","name":"dmcsrbija.com@gmail.com","image":{"@type":"ImageObject","inLanguage":"en-GB","@id":"https:\/\/secure.gravatar.com\/avatar\/68592660ad6347fad0fb587f8d5d8f1a7b44961362f56e4f2cd524feb87e9069?s=96&d=mm&r=g","url":"https:\/\/secure.gravatar.com\/avatar\/68592660ad6347fad0fb587f8d5d8f1a7b44961362f56e4f2cd524feb87e9069?s=96&d=mm&r=g","contentUrl":"https:\/\/secure.gravatar.com\/avatar\/68592660ad6347fad0fb587f8d5d8f1a7b44961362f56e4f2cd524feb87e9069?s=96&d=mm&r=g","caption":"dmcsrbija.com@gmail.com"},"sameAs":["https:\/\/dmcsrb.com"],"url":"https:\/\/dmcsrb.com\/en\/author\/dmcsrbija-comgmail-com\/"}]}},"_links":{"self":[{"href":"https:\/\/dmcsrb.com\/en\/wp-json\/wp\/v2\/posts\/960119","targetHints":{"allow":["GET"]}}],"collection":[{"href":"https:\/\/dmcsrb.com\/en\/wp-json\/wp\/v2\/posts"}],"about":[{"href":"https:\/\/dmcsrb.com\/en\/wp-json\/wp\/v2\/types\/post"}],"author":[{"embeddable":true,"href":"https:\/\/dmcsrb.com\/en\/wp-json\/wp\/v2\/users\/1"}],"replies":[{"embeddable":true,"href":"https:\/\/dmcsrb.com\/en\/wp-json\/wp\/v2\/comments?post=960119"}],"version-history":[{"count":0,"href":"https:\/\/dmcsrb.com\/en\/wp-json\/wp\/v2\/posts\/960119\/revisions"}],"wp:featuredmedia":[{"embeddable":true,"href":"https:\/\/dmcsrb.com\/en\/wp-json\/wp\/v2\/media\/908771"}],"wp:attachment":[{"href":"https:\/\/dmcsrb.com\/en\/wp-json\/wp\/v2\/media?parent=960119"}],"wp:term":[{"taxonomy":"category","embeddable":true,"href":"https:\/\/dmcsrb.com\/en\/wp-json\/wp\/v2\/categories?post=960119"},{"taxonomy":"post_tag","embeddable":true,"href":"https:\/\/dmcsrb.com\/en\/wp-json\/wp\/v2\/tags?post=960119"},{"taxonomy":"naslovna","embeddable":true,"href":"https:\/\/dmcsrb.com\/en\/wp-json\/wp\/v2\/naslovna?post=960119"}],"curies":[{"name":"wp","href":"https:\/\/api.w.org\/{rel}","templated":true}]}}