{"id":960102,"date":"2025-10-26T08:56:00","date_gmt":"2025-10-26T07:56:00","guid":{"rendered":"https:\/\/dmcsrb.com\/uncategorized\/matica-crnogorska-odbranu-crnogorske-ustavnosti-moramo-sami-organizovati\/"},"modified":"2025-10-26T08:56:00","modified_gmt":"2025-10-26T07:56:00","slug":"matica-crnogorska-odbranu-crnogorske-ustavnosti-moramo-sami-organizovati","status":"publish","type":"post","link":"https:\/\/dmcsrb.com\/en\/politika\/matica-crnogorska-odbranu-crnogorske-ustavnosti-moramo-sami-organizovati\/","title":{"rendered":"Matica crnogorska: Odbranu crnogorske ustavnosti moramo sami organizovati"},"content":{"rendered":"<p><\/p>\n\n\n\n<p><\/p>\n\n\n\n<p>Oba datuma treba sagledati u datom vremenskom kontekstu, s obzirom da njihovo zna\u010denje nosi obavezu kulture sje\u0107anja odnosno trajnog pijeteta, rekao je u svom izlaganju predsjednik Matice crnogorske Ivan Jovovi\u0107.<\/p>\n\n\n\n<p>&#8220;Obilje\u017eavanje jeste civilizacijska obaveza dana\u0161njih generacija jer takvi krupni istorijski doga\u0111aji jesu markeri identiteta koji nam mogu biti putokaz u vremenu koje je danas puno izazova za crnogorski narod i opstanak Crne Gore kao, suverene dr\u017eave, gdje se uvijek u takvim prelomnim trenucima mo\u017eemo pozvati i prepoznati u iskustvima na\u0161ih predaka&#8221;, rekao je on.<\/p>\n\n\n\n<p>Dono\u0161enje Ustava iz 1905. godine za Knja\u017eevinu Crnu Goru, kako je rekao, predstavlja mnogo vi\u0161e od pravnog akta, s obzirom da je njegovim usvajanjem crnogorski narod i de iure zaokru\u017eio dug proces transformacije iz jednog arhai\u010dnog u moderno dru\u0161tvo, \u0161to je stvorilo pretpostavke za nastanak parlamentarne demokratije i razvoj dr\u017eavnih institucija.<\/p>\n\n\n\n<p>&#8220;Ustav iz 1905. godine podijelio je istorijsku sudbinu Kraljevine Crne Gore, \u010dije odredbe su zga\u017eene nasilnom aneksijom koja je formalno imala verifikaciju u odlukama nelegalne i nelegitimne Podgori\u010dke skup\u0161tine iz 1918. godine. Iako je nezahvalno praviti neke istorijske paralele izme\u0111u prvog i va\u017ee\u0107eg Ustava Crne Gore iz 2007. godine, jasno se prepoznaju tendencije posljednjih godina koje su usmjerene prvenstveno na promjenu karaktera Crne Gore, kao gra\u0111anske i sekularne dr\u017eave, gdje se politi\u010dkim me\u0161etarenjem derogira krovna institucija pravosudnog sistema \u2013 Ustavni sud, \u0161to sve ukupno dovodi u pitanje kredibilnost Crne Gore u evropskim integracijama. Kao \u0161to je pokojni akademik Mijat \u0160ukovi\u0107 jasno utvrdio da je prvi Ustav Crne Gore bio izraz duha crnogorskog dr\u017eavnog, kulturnog i ukupnog integriteta i subjektiviteta u crnogorskoj istorijskoj vertikali, tako se i danas od politi\u010dkih i intelektualnih krugova zahtijeva odbrana proklamovanih vrijednosti utemeljenih obnovom crnogorske nezavisnosti na referendumu 2006. godine, \u010diji je duh materijalizovan u Ustavu Crne Gore iz 2007. godine&#8221;, rekao je Jovovi\u0107.<\/p>\n\n\n\n<p>Odbranu crnogorske ustavnosti, istakao je, pored svih preporuka Venecijanske komisije i inih me\u0111unarodnih organizacija, moramo organizovati mi sami, kao \u0161to su na\u0161i preci bez bilo kakve pomo\u0107i sa strane podigli prvi antifa\u0161isti\u010dki ustanak 13. jula 1941. godine u porobljenoj Evropi.<\/p>\n\n\n\n<p>Crnogorske partizanske brigade bile su okosnica otpora okupatoru i doma\u0107im kolaborantima, koje su zajedno sa ostalim partizanskim jedinicama sa prostora biv\u0161e Jugoslavije oslobodile zemlju od fa\u0161isti\u010dkog terora, ali su i svojom pobjedom istovremeno stvorili uslove za ravnopravnost naroda i ru\u0161enje unitarnog koncepta Jugoslavije, \u0161to potvr\u0111uju, izme\u0111u ostalog i odluke AVNOJ-a koje su bile osnov za me\u0111unarodno priznanje granica svih dr\u017eava nastalim na neuspje\u0161noj jugoslovenskoj konstrukciji \u2013 podsjetio je Jovovi\u0107 i dodado da je uprkos navedenom, antifa\u0161izam civilizacijska tekovina koja je ugra\u0111ena u temelje savremene Evrope i \u010dini neizostavnu odrednicu savremenog crnogorskog identiteta, te svaki poku\u0161aji nenau\u010dnog revizionizma ugro\u017eavaju dru\u0161tvenu koheziju, bespotrebno bude atavizme iz pro\u0161losti, \u0161to je u krajnjem usmjereno protiv progresa svake dru\u0161tvene zajednice, odnosno dr\u017eave.<\/p>\n\n\n\n<p>&#8220;Jubilej 80 \u2013 godi\u0161njice pobjede nad fa\u0161izmom istovremeno trebamo posmatrati i kao opomenu, s obzirom da fa\u0161izam, odnosno njegova ideologija i pokreti bez obzira \u0161to su vojno pora\u017eeni 1945. godine u prethodnim godinama i decenijama pokazuju vitalnost u destruktivnim procesima, zbog \u010dega smo okru\u017eeni raznim spomen obilje\u017ejima i nazivima ulica ratnih zlo\u010dinaca&#8221;, rekao je Jovovi\u0107.<\/p>\n\n\n\n<p>Posljednjih godina je i Crna Gora i postala popri\u0161te takvog revizionizma, mada jo\u0161 uvijek postoje jaki nukleusi koji \u010duvaju tekovine antifa\u0161isti\u010dkog naslje\u0111a Crne Gore, a jedna od takvih organizacija je Matica crnogorska, podsjetio je Jovovi\u0107.<\/p>\n\n\n\n<p>&#8220;Prisje\u0107aju\u0107i se slavnih datuma crnogorske istorije s po\u010detka i sredine XX vijeka potvr\u0111ujemo i na ovom mjestu da po\u0161tujemo i njegujemo tradiciju i cijenimo \u017ertve koje su date za slobodu Crne Gore, jer krupni moralni kapital koji su nam ostavili u zaostav\u0161tinu na\u0161i preci, obavezuje nas da budemo vjerni sinovi i \u0161\u0107eri na\u0161e Crne Gore&#8221;, zaklju\u010dio je predsjednik Matice crnogorske.<\/p>\n\n\n\n<p>Lu\u010dindanske susrete organizuju Nacionalna zajednica Crnogoraca Hrvatske i Dru\u0161tvo Crnogoraca i prijatelja Crne Gore \u201eMontenegro\u201c iz Zagreba posljednje subote u oktobru. Ovogodi\u0161njoj proslavi prisustvovali su brojni predstavnici javnog i kulturnog \u017eivota, predstavnici dijaspore, predstavnici lokalne vlasti iz Zagreba koja je finansijski podr\u017eala okupljanje, kao i ambasador Crne Gore u Hrvatskoj Dejan Vukovi\u0107. Grad-gost 26. Lu\u010dindanskih susreta je bio Bar \u010dije je KUD \u201eJedinstvo\u201c uveli\u010dalo proslavu.<\/p>","protected":false},"excerpt":{"rendered":"<p>Predstavnici Matice crnogorske Ivan Jovovi\u0107, predsjednik i Ivan Ivanovi\u0107, generalni sekretar, tradicionalno su bili gosti 26. Lu\u010dindanskih susreta u Zagrebu koji su ove godineorganizovan u znaku obilje\u017eavanja dva velika istorijska datuma, 120 godina od dono\u0161enja prvog crnogorskog Ustava i 80 godina od pobjede nad fa\u0161izmom.<\/p>","protected":false},"author":1,"featured_media":960103,"comment_status":"open","ping_status":"open","sticky":false,"template":"","format":"standard","meta":{"_acf_changed":false,"footnotes":""},"categories":[12],"tags":[12618,3362,1226],"naslovna":[],"class_list":["post-960102","post","type-post","status-publish","format-standard","has-post-thumbnail","hentry","category-politika","tag-ivan-ivanovic","tag-ivan-jovovic","tag-matica-crnogorska"],"acf":[],"yoast_head":"<!-- This site is optimized with the Yoast SEO plugin v27.4 - https:\/\/yoast.com\/product\/yoast-seo-wordpress\/ -->\n<title>Matica crnogorska: Odbranu crnogorske ustavnosti moramo sami organizovati - dmcsrb.com<\/title>\n<meta name=\"robots\" content=\"index, follow, max-snippet:-1, max-image-preview:large, max-video-preview:-1\" \/>\n<link rel=\"canonical\" href=\"https:\/\/dmcsrb.com\/en\/politika\/matica-crnogorska-odbranu-crnogorske-ustavnosti-moramo-sami-organizovati\/\" \/>\n<meta property=\"og:locale\" content=\"en_GB\" \/>\n<meta property=\"og:type\" content=\"article\" \/>\n<meta property=\"og:title\" content=\"Matica crnogorska: Odbranu crnogorske ustavnosti moramo sami organizovati - dmcsrb.com\" \/>\n<meta property=\"og:description\" content=\"Predstavnici Matice crnogorske Ivan Jovovi\u0107, predsjednik i Ivan Ivanovi\u0107, generalni sekretar, tradicionalno su bili gosti 26. Lu\u010dindanskih susreta u Zagrebu koji su ove godineorganizovan u znaku obilje\u017eavanja dva velika istorijska datuma, 120 godina od dono\u0161enja prvog crnogorskog Ustava i 80 godina od pobjede nad fa\u0161izmom.\" \/>\n<meta property=\"og:url\" content=\"https:\/\/dmcsrb.com\/en\/politika\/matica-crnogorska-odbranu-crnogorske-ustavnosti-moramo-sami-organizovati\/\" \/>\n<meta property=\"og:site_name\" content=\"dmcsrb.com\" \/>\n<meta property=\"article:published_time\" content=\"2025-10-26T07:56:00+00:00\" \/>\n<meta property=\"og:image\" content=\"https:\/\/dmcsrb.com\/wp-content\/uploads\/2026\/01\/Lucidanski-susreti-u-Zagrebu-foto-matica-cg.webp\" \/>\n\t<meta property=\"og:image:width\" content=\"745\" \/>\n\t<meta property=\"og:image:height\" content=\"463\" \/>\n\t<meta property=\"og:image:type\" content=\"image\/jpeg\" \/>\n<meta name=\"author\" content=\"dmcsrbija.com@gmail.com\" \/>\n<meta name=\"twitter:card\" content=\"summary_large_image\" \/>\n<meta name=\"twitter:label1\" content=\"Written by\" \/>\n\t<meta name=\"twitter:data1\" content=\"dmcsrbija.com@gmail.com\" \/>\n\t<meta name=\"twitter:label2\" content=\"Estimated reading time\" \/>\n\t<meta name=\"twitter:data2\" content=\"4 minutes\" \/>\n<script type=\"application\/ld+json\" class=\"yoast-schema-graph\">{\"@context\":\"https:\\\/\\\/schema.org\",\"@graph\":[{\"@type\":\"Article\",\"@id\":\"https:\\\/\\\/dmcsrb.com\\\/politika\\\/matica-crnogorska-odbranu-crnogorske-ustavnosti-moramo-sami-organizovati\\\/#article\",\"isPartOf\":{\"@id\":\"https:\\\/\\\/dmcsrb.com\\\/politika\\\/matica-crnogorska-odbranu-crnogorske-ustavnosti-moramo-sami-organizovati\\\/\"},\"author\":{\"name\":\"dmcsrbija.com@gmail.com\",\"@id\":\"https:\\\/\\\/dmcsrb.com\\\/#\\\/schema\\\/person\\\/5c39170f12db1b8b457732d0b5c854e2\"},\"headline\":\"Matica crnogorska: Odbranu crnogorske ustavnosti moramo sami organizovati\",\"datePublished\":\"2025-10-26T07:56:00+00:00\",\"mainEntityOfPage\":{\"@id\":\"https:\\\/\\\/dmcsrb.com\\\/politika\\\/matica-crnogorska-odbranu-crnogorske-ustavnosti-moramo-sami-organizovati\\\/\"},\"wordCount\":736,\"commentCount\":0,\"image\":{\"@id\":\"https:\\\/\\\/dmcsrb.com\\\/politika\\\/matica-crnogorska-odbranu-crnogorske-ustavnosti-moramo-sami-organizovati\\\/#primaryimage\"},\"thumbnailUrl\":\"https:\\\/\\\/dmcsrb.com\\\/wp-content\\\/uploads\\\/2026\\\/01\\\/Lucidanski-susreti-u-Zagrebu-foto-matica-cg.webp\",\"keywords\":[\"Ivan Ivanovi\u0107\",\"Ivan Jovovi\u0107\",\"Matica Crnogorska\"],\"articleSection\":[\"Politika\"],\"inLanguage\":\"en-GB\",\"potentialAction\":[{\"@type\":\"CommentAction\",\"name\":\"Comment\",\"target\":[\"https:\\\/\\\/dmcsrb.com\\\/politika\\\/matica-crnogorska-odbranu-crnogorske-ustavnosti-moramo-sami-organizovati\\\/#respond\"]}]},{\"@type\":\"WebPage\",\"@id\":\"https:\\\/\\\/dmcsrb.com\\\/politika\\\/matica-crnogorska-odbranu-crnogorske-ustavnosti-moramo-sami-organizovati\\\/\",\"url\":\"https:\\\/\\\/dmcsrb.com\\\/politika\\\/matica-crnogorska-odbranu-crnogorske-ustavnosti-moramo-sami-organizovati\\\/\",\"name\":\"Matica crnogorska: Odbranu crnogorske ustavnosti moramo sami organizovati - dmcsrb.com\",\"isPartOf\":{\"@id\":\"https:\\\/\\\/dmcsrb.com\\\/#website\"},\"primaryImageOfPage\":{\"@id\":\"https:\\\/\\\/dmcsrb.com\\\/politika\\\/matica-crnogorska-odbranu-crnogorske-ustavnosti-moramo-sami-organizovati\\\/#primaryimage\"},\"image\":{\"@id\":\"https:\\\/\\\/dmcsrb.com\\\/politika\\\/matica-crnogorska-odbranu-crnogorske-ustavnosti-moramo-sami-organizovati\\\/#primaryimage\"},\"thumbnailUrl\":\"https:\\\/\\\/dmcsrb.com\\\/wp-content\\\/uploads\\\/2026\\\/01\\\/Lucidanski-susreti-u-Zagrebu-foto-matica-cg.webp\",\"datePublished\":\"2025-10-26T07:56:00+00:00\",\"author\":{\"@id\":\"https:\\\/\\\/dmcsrb.com\\\/#\\\/schema\\\/person\\\/5c39170f12db1b8b457732d0b5c854e2\"},\"breadcrumb\":{\"@id\":\"https:\\\/\\\/dmcsrb.com\\\/politika\\\/matica-crnogorska-odbranu-crnogorske-ustavnosti-moramo-sami-organizovati\\\/#breadcrumb\"},\"inLanguage\":\"en-GB\",\"potentialAction\":[{\"@type\":\"ReadAction\",\"target\":[\"https:\\\/\\\/dmcsrb.com\\\/politika\\\/matica-crnogorska-odbranu-crnogorske-ustavnosti-moramo-sami-organizovati\\\/\"]}]},{\"@type\":\"ImageObject\",\"inLanguage\":\"en-GB\",\"@id\":\"https:\\\/\\\/dmcsrb.com\\\/politika\\\/matica-crnogorska-odbranu-crnogorske-ustavnosti-moramo-sami-organizovati\\\/#primaryimage\",\"url\":\"https:\\\/\\\/dmcsrb.com\\\/wp-content\\\/uploads\\\/2026\\\/01\\\/Lucidanski-susreti-u-Zagrebu-foto-matica-cg.webp\",\"contentUrl\":\"https:\\\/\\\/dmcsrb.com\\\/wp-content\\\/uploads\\\/2026\\\/01\\\/Lucidanski-susreti-u-Zagrebu-foto-matica-cg.webp\",\"width\":745,\"height\":463},{\"@type\":\"BreadcrumbList\",\"@id\":\"https:\\\/\\\/dmcsrb.com\\\/politika\\\/matica-crnogorska-odbranu-crnogorske-ustavnosti-moramo-sami-organizovati\\\/#breadcrumb\",\"itemListElement\":[{\"@type\":\"ListItem\",\"position\":1,\"name\":\"Home\",\"item\":\"https:\\\/\\\/dmcsrb.com\\\/\"},{\"@type\":\"ListItem\",\"position\":2,\"name\":\"Matica crnogorska: Odbranu crnogorske ustavnosti moramo sami organizovati\"}]},{\"@type\":\"WebSite\",\"@id\":\"https:\\\/\\\/dmcsrb.com\\\/#website\",\"url\":\"https:\\\/\\\/dmcsrb.com\\\/\",\"name\":\"dmcsrb.com\",\"description\":\"\",\"potentialAction\":[{\"@type\":\"SearchAction\",\"target\":{\"@type\":\"EntryPoint\",\"urlTemplate\":\"https:\\\/\\\/dmcsrb.com\\\/?s={search_term_string}\"},\"query-input\":{\"@type\":\"PropertyValueSpecification\",\"valueRequired\":true,\"valueName\":\"search_term_string\"}}],\"inLanguage\":\"en-GB\"},{\"@type\":\"Person\",\"@id\":\"https:\\\/\\\/dmcsrb.com\\\/#\\\/schema\\\/person\\\/5c39170f12db1b8b457732d0b5c854e2\",\"name\":\"dmcsrbija.com@gmail.com\",\"image\":{\"@type\":\"ImageObject\",\"inLanguage\":\"en-GB\",\"@id\":\"https:\\\/\\\/secure.gravatar.com\\\/avatar\\\/68592660ad6347fad0fb587f8d5d8f1a7b44961362f56e4f2cd524feb87e9069?s=96&d=mm&r=g\",\"url\":\"https:\\\/\\\/secure.gravatar.com\\\/avatar\\\/68592660ad6347fad0fb587f8d5d8f1a7b44961362f56e4f2cd524feb87e9069?s=96&d=mm&r=g\",\"contentUrl\":\"https:\\\/\\\/secure.gravatar.com\\\/avatar\\\/68592660ad6347fad0fb587f8d5d8f1a7b44961362f56e4f2cd524feb87e9069?s=96&d=mm&r=g\",\"caption\":\"dmcsrbija.com@gmail.com\"},\"sameAs\":[\"https:\\\/\\\/dmcsrb.com\"],\"url\":\"https:\\\/\\\/dmcsrb.com\\\/en\\\/author\\\/dmcsrbija-comgmail-com\\\/\"}]}<\/script>\n<!-- \/ Yoast SEO plugin. -->","yoast_head_json":{"title":"Matica crnogorska: Odbranu crnogorske ustavnosti moramo sami organizovati - dmcsrb.com","robots":{"index":"index","follow":"follow","max-snippet":"max-snippet:-1","max-image-preview":"max-image-preview:large","max-video-preview":"max-video-preview:-1"},"canonical":"https:\/\/dmcsrb.com\/en\/politika\/matica-crnogorska-odbranu-crnogorske-ustavnosti-moramo-sami-organizovati\/","og_locale":"en_GB","og_type":"article","og_title":"Matica crnogorska: Odbranu crnogorske ustavnosti moramo sami organizovati - dmcsrb.com","og_description":"Predstavnici Matice crnogorske Ivan Jovovi\u0107, predsjednik i Ivan Ivanovi\u0107, generalni sekretar, tradicionalno su bili gosti 26. Lu\u010dindanskih susreta u Zagrebu koji su ove godineorganizovan u znaku obilje\u017eavanja dva velika istorijska datuma, 120 godina od dono\u0161enja prvog crnogorskog Ustava i 80 godina od pobjede nad fa\u0161izmom.","og_url":"https:\/\/dmcsrb.com\/en\/politika\/matica-crnogorska-odbranu-crnogorske-ustavnosti-moramo-sami-organizovati\/","og_site_name":"dmcsrb.com","article_published_time":"2025-10-26T07:56:00+00:00","og_image":[{"width":745,"height":463,"url":"https:\/\/dmcsrb.com\/wp-content\/uploads\/2026\/01\/Lucidanski-susreti-u-Zagrebu-foto-matica-cg.webp","type":"image\/jpeg"}],"author":"dmcsrbija.com@gmail.com","twitter_card":"summary_large_image","twitter_misc":{"Written by":"dmcsrbija.com@gmail.com","Estimated reading time":"4 minutes"},"schema":{"@context":"https:\/\/schema.org","@graph":[{"@type":"Article","@id":"https:\/\/dmcsrb.com\/politika\/matica-crnogorska-odbranu-crnogorske-ustavnosti-moramo-sami-organizovati\/#article","isPartOf":{"@id":"https:\/\/dmcsrb.com\/politika\/matica-crnogorska-odbranu-crnogorske-ustavnosti-moramo-sami-organizovati\/"},"author":{"name":"dmcsrbija.com@gmail.com","@id":"https:\/\/dmcsrb.com\/#\/schema\/person\/5c39170f12db1b8b457732d0b5c854e2"},"headline":"Matica crnogorska: Odbranu crnogorske ustavnosti moramo sami organizovati","datePublished":"2025-10-26T07:56:00+00:00","mainEntityOfPage":{"@id":"https:\/\/dmcsrb.com\/politika\/matica-crnogorska-odbranu-crnogorske-ustavnosti-moramo-sami-organizovati\/"},"wordCount":736,"commentCount":0,"image":{"@id":"https:\/\/dmcsrb.com\/politika\/matica-crnogorska-odbranu-crnogorske-ustavnosti-moramo-sami-organizovati\/#primaryimage"},"thumbnailUrl":"https:\/\/dmcsrb.com\/wp-content\/uploads\/2026\/01\/Lucidanski-susreti-u-Zagrebu-foto-matica-cg.webp","keywords":["Ivan Ivanovi\u0107","Ivan Jovovi\u0107","Matica Crnogorska"],"articleSection":["Politika"],"inLanguage":"en-GB","potentialAction":[{"@type":"CommentAction","name":"Comment","target":["https:\/\/dmcsrb.com\/politika\/matica-crnogorska-odbranu-crnogorske-ustavnosti-moramo-sami-organizovati\/#respond"]}]},{"@type":"WebPage","@id":"https:\/\/dmcsrb.com\/politika\/matica-crnogorska-odbranu-crnogorske-ustavnosti-moramo-sami-organizovati\/","url":"https:\/\/dmcsrb.com\/politika\/matica-crnogorska-odbranu-crnogorske-ustavnosti-moramo-sami-organizovati\/","name":"Matica crnogorska: Odbranu crnogorske ustavnosti moramo sami organizovati - dmcsrb.com","isPartOf":{"@id":"https:\/\/dmcsrb.com\/#website"},"primaryImageOfPage":{"@id":"https:\/\/dmcsrb.com\/politika\/matica-crnogorska-odbranu-crnogorske-ustavnosti-moramo-sami-organizovati\/#primaryimage"},"image":{"@id":"https:\/\/dmcsrb.com\/politika\/matica-crnogorska-odbranu-crnogorske-ustavnosti-moramo-sami-organizovati\/#primaryimage"},"thumbnailUrl":"https:\/\/dmcsrb.com\/wp-content\/uploads\/2026\/01\/Lucidanski-susreti-u-Zagrebu-foto-matica-cg.webp","datePublished":"2025-10-26T07:56:00+00:00","author":{"@id":"https:\/\/dmcsrb.com\/#\/schema\/person\/5c39170f12db1b8b457732d0b5c854e2"},"breadcrumb":{"@id":"https:\/\/dmcsrb.com\/politika\/matica-crnogorska-odbranu-crnogorske-ustavnosti-moramo-sami-organizovati\/#breadcrumb"},"inLanguage":"en-GB","potentialAction":[{"@type":"ReadAction","target":["https:\/\/dmcsrb.com\/politika\/matica-crnogorska-odbranu-crnogorske-ustavnosti-moramo-sami-organizovati\/"]}]},{"@type":"ImageObject","inLanguage":"en-GB","@id":"https:\/\/dmcsrb.com\/politika\/matica-crnogorska-odbranu-crnogorske-ustavnosti-moramo-sami-organizovati\/#primaryimage","url":"https:\/\/dmcsrb.com\/wp-content\/uploads\/2026\/01\/Lucidanski-susreti-u-Zagrebu-foto-matica-cg.webp","contentUrl":"https:\/\/dmcsrb.com\/wp-content\/uploads\/2026\/01\/Lucidanski-susreti-u-Zagrebu-foto-matica-cg.webp","width":745,"height":463},{"@type":"BreadcrumbList","@id":"https:\/\/dmcsrb.com\/politika\/matica-crnogorska-odbranu-crnogorske-ustavnosti-moramo-sami-organizovati\/#breadcrumb","itemListElement":[{"@type":"ListItem","position":1,"name":"Home","item":"https:\/\/dmcsrb.com\/"},{"@type":"ListItem","position":2,"name":"Matica crnogorska: Odbranu crnogorske ustavnosti moramo sami organizovati"}]},{"@type":"WebSite","@id":"https:\/\/dmcsrb.com\/#website","url":"https:\/\/dmcsrb.com\/","name":"dmcsrb.com","description":"","potentialAction":[{"@type":"SearchAction","target":{"@type":"EntryPoint","urlTemplate":"https:\/\/dmcsrb.com\/?s={search_term_string}"},"query-input":{"@type":"PropertyValueSpecification","valueRequired":true,"valueName":"search_term_string"}}],"inLanguage":"en-GB"},{"@type":"Person","@id":"https:\/\/dmcsrb.com\/#\/schema\/person\/5c39170f12db1b8b457732d0b5c854e2","name":"dmcsrbija.com@gmail.com","image":{"@type":"ImageObject","inLanguage":"en-GB","@id":"https:\/\/secure.gravatar.com\/avatar\/68592660ad6347fad0fb587f8d5d8f1a7b44961362f56e4f2cd524feb87e9069?s=96&d=mm&r=g","url":"https:\/\/secure.gravatar.com\/avatar\/68592660ad6347fad0fb587f8d5d8f1a7b44961362f56e4f2cd524feb87e9069?s=96&d=mm&r=g","contentUrl":"https:\/\/secure.gravatar.com\/avatar\/68592660ad6347fad0fb587f8d5d8f1a7b44961362f56e4f2cd524feb87e9069?s=96&d=mm&r=g","caption":"dmcsrbija.com@gmail.com"},"sameAs":["https:\/\/dmcsrb.com"],"url":"https:\/\/dmcsrb.com\/en\/author\/dmcsrbija-comgmail-com\/"}]}},"_links":{"self":[{"href":"https:\/\/dmcsrb.com\/en\/wp-json\/wp\/v2\/posts\/960102","targetHints":{"allow":["GET"]}}],"collection":[{"href":"https:\/\/dmcsrb.com\/en\/wp-json\/wp\/v2\/posts"}],"about":[{"href":"https:\/\/dmcsrb.com\/en\/wp-json\/wp\/v2\/types\/post"}],"author":[{"embeddable":true,"href":"https:\/\/dmcsrb.com\/en\/wp-json\/wp\/v2\/users\/1"}],"replies":[{"embeddable":true,"href":"https:\/\/dmcsrb.com\/en\/wp-json\/wp\/v2\/comments?post=960102"}],"version-history":[{"count":0,"href":"https:\/\/dmcsrb.com\/en\/wp-json\/wp\/v2\/posts\/960102\/revisions"}],"wp:featuredmedia":[{"embeddable":true,"href":"https:\/\/dmcsrb.com\/en\/wp-json\/wp\/v2\/media\/960103"}],"wp:attachment":[{"href":"https:\/\/dmcsrb.com\/en\/wp-json\/wp\/v2\/media?parent=960102"}],"wp:term":[{"taxonomy":"category","embeddable":true,"href":"https:\/\/dmcsrb.com\/en\/wp-json\/wp\/v2\/categories?post=960102"},{"taxonomy":"post_tag","embeddable":true,"href":"https:\/\/dmcsrb.com\/en\/wp-json\/wp\/v2\/tags?post=960102"},{"taxonomy":"naslovna","embeddable":true,"href":"https:\/\/dmcsrb.com\/en\/wp-json\/wp\/v2\/naslovna?post=960102"}],"curies":[{"name":"wp","href":"https:\/\/api.w.org\/{rel}","templated":true}]}}