{"id":960090,"date":"2025-10-26T07:42:00","date_gmt":"2025-10-26T06:42:00","guid":{"rendered":"https:\/\/dmcsrb.com\/uncategorized\/nove-avio-linije-ce-produziti-sezonu-i-privuci-turiste\/"},"modified":"2025-10-26T07:42:00","modified_gmt":"2025-10-26T06:42:00","slug":"nove-avio-linije-ce-produziti-sezonu-i-privuci-turiste","status":"publish","type":"post","link":"https:\/\/dmcsrb.com\/en\/ekonomija\/nove-avio-linije-ce-produziti-sezonu-i-privuci-turiste\/","title":{"rendered":"Nove avio-linije \u0107e produ\u017eiti sezonu i privu\u0107i turiste"},"content":{"rendered":"<p><\/p>\n\n\n\n<p>On isti\u010de da je ovo dokaz da Crna Gora ima dovoljno znanja, kapaciteta i stru\u010dnosti da samostalno organizuje i razvija svoje avio-povezanosti bez potrebe za koncesionim modelom upravljanja.<\/p>\n\n\n\n<p><strong>Aerodrome ne smijemo prepustiti drugima<\/strong><\/p>\n\n\n\n<p>Ivan\u010devi\u0107 nagla\u0161ava da je sada\u0161nji menad\u017ement Aerodroma Crne Gore dokazao kako dr\u017eava, uz podr\u0161ku evropskih fondova i uz racionalno kori\u0161\u0107enje sopstvenih finansijskih resursa, mo\u017ee samostalno da izgradi i modernizuje dva savremena, standardizovana aerodroma koji \u0107e u potpunosti slu\u017eiti razvoju crnogorske privrede i turizma.<\/p>\n\n\n\n<p>&#8220;To su klju\u010dne saobra\u0107ajne ta\u010dke koje ne smijemo prepustiti drugima, jer one ne predstavljaju samo infrastrukturne objekte, ve\u0107 strate\u0161ke kapije dr\u017eave \u2013 prvi i posljednji utisak svakog putnika koji dolazi ili odlazi iz Crne Gore&#8221;, isti\u010de Ivan\u010devi\u0107.<\/p>\n\n\n\n<p>Prema njegovim rije\u010dima, Aerodromi moraju ostati pod dr\u017eavnom kontrolom, jer su neraskidivo vezani za javni interes, planiranje turisti\u010dke politike i dugoro\u010dnu ekonomsku stabilnost zemlje.<\/p>\n\n\n\n<p>&#8220;Nema nikakve logike da ulazne kapije dr\u017eave, zemlje koja \u017eivi od turizma, predajemo drugima na upravljanje u cilju ostvarivanja njihovog profita, dok bi se javni interes \u2013 koji bi morao biti temelj svake odluke \u2013 gurao u drugi plan. Takvi modeli mo\u017eda kratkoro\u010dno izgledaju privla\u010dno, ali dugoro\u010dno zna\u010de gubitak suvereniteta nad sopstvenim razvojnim potencijalima&#8221;, upozorava on.<\/p>\n\n\n\n<p>Ivan\u010devi\u0107 smatra da se na primjeru Aerodroma Crne Gore pokazalo kako doma\u0107e znanje, stru\u010dnost i posve\u0107enost mogu biti jednako vrijedni kao bilo koji strani menad\u017ement.<\/p>\n\n\n\n<p>&#8220;Imamo ljude, iskustvo i resurse da sami gradimo i upravljamo infrastrukturom od nacionalnog zna\u010daja. To je pitanje ponosa, ali i odgovornosti prema budu\u0107im generacijama \u2013 da im ostavimo sistem koji funkcioni\u0161e u interesu dr\u017eave, a ne pojedinaca&#8221;, poru\u010dio je Ivan\u010devi\u0107 dodaju\u0107i da svaka nova mogu\u0107nost povezivanja Crne Gore sa tr\u017ei\u0161tima zna\u010di isto \u0161to i vazduh i voda za \u010dovjeka koji \u017eivi.<\/p>\n\n\n\n<p>&#8220;Za crnogorski turizam to su novi kontakti, nove \u0161anse za animiranje novih tr\u017ei\u0161ta, ali i za pove\u0107anje frekvencija na ve\u0107 postoje\u0107im, rastu\u0107im tr\u017ei\u0161tima&#8221;, kazao je Ivan\u010devi\u0107.<\/p>\n\n\n\n<p>Dodao je da je sada\u0161nji menad\u017ement Aerodroma dokazao da, uz finansijsku podr\u0161ku dr\u017eave i uz pomo\u0107 fondova Evropske unije, mo\u017ee da izgradi dva kvalitetna, standardizovana aerodroma, koji \u0107e slu\u017eiti crnogorskoj privredi i turizmu.<\/p>\n\n\n\n<p>&#8220;Nema potrebe da ih dajemo u koncesiju, kako bi koncesionari vodili sopstvenu politiku usmjerenu isklju\u010divo na pove\u0107anje profita, a ne na ostvarivanje javnog interesa. Javni interes i profit se ponekad prepli\u0107u, ali ne uvijek&#8221;, poru\u010dio je Ivan\u010devi\u0107.<\/p>\n\n\n\n<p>Po njegovim rije\u010dima mo\u017eemo izgraditi i organizovati na\u0161a dva aerodroma \u2013 dakle, dva glavna ulaza u Crnu Goru i crnogorski turizam \u2013 kako u saobra\u0107ajnom, tako i u organizacionom smislu, sa postoje\u0107im kadrom.<\/p>\n\n\n\n<p>&#8220;Nama za to ne treba niko sa strane. Ono \u0161to nam sada treba jeste novac. A novca ima \u2013 i u Crnoj Gori i u fondovima Evropske unije, koji \u0107e sa zadovoljstvom pomo\u0107i Crnoj Gori da obezbijedi bolju povezanost, da napravi prijemne kapacitete po najvi\u0161im standardima, i da obezbijedi da prvi i posljednji utisak svakog ko do\u0111e u Crnu Goru bude mnogo ljep\u0161i i bolji nego do sada&#8221;, kazao je Ivan\u010devi\u0107 dodaju\u0107i da otvaranje baze Wizz Air zna\u010di mnogo za turizam.<\/p>\n\n\n\n<p>&#8220;To zna\u010di dobro i za gra\u0111ane, koji \u0107e imati vi\u0161e mogu\u0107nosti da razvijaju svoju ekonomiju, da putuju, a naro\u010dito da otvaraju nova turisti\u010dka tr\u017ei\u0161ta za Crnu Goru. Otvaranjem ovolikog broja novih linija, zaista se stvara mogu\u0107nost produ\u017eenja sezone, privla\u010denja kvalitetnijih turista, ali istovremeno i obaveza da se \u0161to prije organizuje, rekonstrui\u0161e i izgradi nova infrastruktura na aerodromima, kao podr\u0161ka crnogorskom turizmu&#8221;, kazao je Ivan\u010devi\u0107.<\/p>\n\n\n\n<p>Po njegovim rije\u010dima mo\u017eemo, svojom pame\u0107u, iskustvom i postoje\u0107im sistemima, da zadr\u017eimo pod svojom kontrolom i u okviru javnog interesa ove dr\u017eave \u2013 ta dva glavna ulaza u zemlju.<br>Kapija Crne Gore<\/p>\n\n\n\n<p>&#8220;Aerodromi nijesu samo piste i terminali, to su kapije Crne Gore, prva i posljednja slika koju svaki gost ponese iz na\u0161e zemlje. Nema nikakve logike da te ulazne kapije dr\u017eave, zemlje koja \u017eivi od turizma, predajemo nekome drugome i da mu prepustimo upravljanje javnim interesom, koji je sr\u017e na\u0161e ekonomske i turisti\u010dke budu\u0107nosti&#8221;, kazao je Ivan\u010devi\u0107.<\/p>\n\n\n\n<p>On dodaje da su aerodromi strate\u0161ki resurs koji mora ostati u rukama dr\u017eave \u2013 ne samo kao infrastrukturni objekti, ve\u0107 i kao va\u017ean instrument planiranja razvoja turizma, privrede i saobra\u0107aja.<\/p>\n\n\n\n<p>&#8220;Ako jednom predate te poluge privatnom koncesionaru, te\u0161ko ih je vratiti. Onda politika razvoja ne zavisi od vizije dr\u017eave, ve\u0107 od interesa profita, a to je put kojim Crna Gora ne treba da ide&#8221;, smatra Ivan\u010devi\u0107.<\/p>\n\n\n\n<p>Prema njegovim rije\u010dima, sada\u0161nji menad\u017ement Aerodroma Crne Gore dokazao je da zna, mo\u017ee i ho\u0107e da u\u0111e u taj \u201ering\u201c i da se nadme\u0107e sa velikim igra\u010dima.<\/p>\n\n\n\n<p>2Treba im dati podr\u0161ku da nastave tim putem \u2013 ne samo da obezbijede bolje povezivanje i funkcionalnost aerodroma, ve\u0107 i da poka\u017eu da smo u arhitektonskom, tehni\u010dkom i svakom drugom smislu sposobni da dostignemo najvi\u0161e me\u0111unarodne standarde. To je pitanje samopouzdanja jedne dr\u017eave koja zna da mo\u017ee i da ima \u010dime da ponudi svijetu&#8221;, zaklju\u010dio je Ivan\u010devi\u0107.<\/p>","protected":false},"excerpt":{"rendered":"<p>Otvaranje baze avio-kompanije Wizz Air u Crnoj Gori, uz nove linije koje \u0107e povezati zemlju sa brojnim evropskim destinacijama, predstavlja \u201evazduh i vodu za crnogorski turizam\u201c, poru\u010dio je \u010dlan Odbora udru\u017eenja turizma i ugostiteljstva Privredne komore Crne Gore Dragan Purko Ivan\u010devi\u0107.<\/p>","protected":false},"author":1,"featured_media":960091,"comment_status":"open","ping_status":"open","sticky":false,"template":"","format":"standard","meta":{"_acf_changed":false,"footnotes":""},"categories":[27],"tags":[2408,12614,12615,5395],"naslovna":[],"class_list":["post-960090","post","type-post","status-publish","format-standard","has-post-thumbnail","hentry","category-ekonomija","tag-aerodromi-crne-gore","tag-avio-linije","tag-dragan-purko-ivancevic","tag-wizz-air"],"acf":[],"yoast_head":"<!-- This site is optimized with the Yoast SEO plugin v27.0 - https:\/\/yoast.com\/product\/yoast-seo-wordpress\/ -->\n<title>Nove avio-linije \u0107e produ\u017eiti sezonu i privu\u0107i turiste - dmcsrb.com<\/title>\n<meta name=\"robots\" content=\"index, follow, max-snippet:-1, max-image-preview:large, max-video-preview:-1\" \/>\n<link rel=\"canonical\" href=\"https:\/\/dmcsrb.com\/en\/ekonomija\/nove-avio-linije-ce-produziti-sezonu-i-privuci-turiste\/\" \/>\n<meta property=\"og:locale\" content=\"en_GB\" \/>\n<meta property=\"og:type\" content=\"article\" \/>\n<meta property=\"og:title\" content=\"Nove avio-linije \u0107e produ\u017eiti sezonu i privu\u0107i turiste - dmcsrb.com\" \/>\n<meta property=\"og:description\" content=\"Otvaranje baze avio-kompanije Wizz Air u Crnoj Gori, uz nove linije koje \u0107e povezati zemlju sa brojnim evropskim destinacijama, predstavlja \u201evazduh i vodu za crnogorski turizam\u201c, poru\u010dio je \u010dlan Odbora udru\u017eenja turizma i ugostiteljstva Privredne komore Crne Gore Dragan Purko Ivan\u010devi\u0107.\" \/>\n<meta property=\"og:url\" content=\"https:\/\/dmcsrb.com\/en\/ekonomija\/nove-avio-linije-ce-produziti-sezonu-i-privuci-turiste\/\" \/>\n<meta property=\"og:site_name\" content=\"dmcsrb.com\" \/>\n<meta property=\"article:published_time\" content=\"2025-10-26T06:42:00+00:00\" \/>\n<meta property=\"og:image\" content=\"https:\/\/dmcsrb.com\/wp-content\/uploads\/2026\/01\/wizz-air-avion-foto-aerodromi-cg.webp\" \/>\n\t<meta property=\"og:image:width\" content=\"945\" \/>\n\t<meta property=\"og:image:height\" content=\"556\" \/>\n\t<meta property=\"og:image:type\" content=\"image\/jpeg\" \/>\n<meta name=\"author\" content=\"dmcsrbija.com@gmail.com\" \/>\n<meta name=\"twitter:card\" content=\"summary_large_image\" \/>\n<meta name=\"twitter:label1\" content=\"Written by\" \/>\n\t<meta name=\"twitter:data1\" content=\"dmcsrbija.com@gmail.com\" \/>\n\t<meta name=\"twitter:label2\" content=\"Estimated reading time\" \/>\n\t<meta name=\"twitter:data2\" content=\"5 minutes\" \/>\n<script type=\"application\/ld+json\" class=\"yoast-schema-graph\">{\"@context\":\"https:\/\/schema.org\",\"@graph\":[{\"@type\":\"Article\",\"@id\":\"https:\/\/dmcsrb.com\/ekonomija\/nove-avio-linije-ce-produziti-sezonu-i-privuci-turiste\/#article\",\"isPartOf\":{\"@id\":\"https:\/\/dmcsrb.com\/ekonomija\/nove-avio-linije-ce-produziti-sezonu-i-privuci-turiste\/\"},\"author\":{\"name\":\"dmcsrbija.com@gmail.com\",\"@id\":\"https:\/\/dmcsrb.com\/#\/schema\/person\/5c39170f12db1b8b457732d0b5c854e2\"},\"headline\":\"Nove avio-linije \u0107e produ\u017eiti sezonu i privu\u0107i turiste\",\"datePublished\":\"2025-10-26T06:42:00+00:00\",\"mainEntityOfPage\":{\"@id\":\"https:\/\/dmcsrb.com\/ekonomija\/nove-avio-linije-ce-produziti-sezonu-i-privuci-turiste\/\"},\"wordCount\":916,\"commentCount\":0,\"image\":{\"@id\":\"https:\/\/dmcsrb.com\/ekonomija\/nove-avio-linije-ce-produziti-sezonu-i-privuci-turiste\/#primaryimage\"},\"thumbnailUrl\":\"https:\/\/dmcsrb.com\/wp-content\/uploads\/2026\/01\/wizz-air-avion-foto-aerodromi-cg.webp\",\"keywords\":[\"Aerodromi Crne Gore\",\"Avio-linije\",\"Dragan Purko Ivan\u010devi\u0107\",\"Wizz Air\"],\"articleSection\":[\"Ekonomija\"],\"inLanguage\":\"en-GB\",\"potentialAction\":[{\"@type\":\"CommentAction\",\"name\":\"Comment\",\"target\":[\"https:\/\/dmcsrb.com\/ekonomija\/nove-avio-linije-ce-produziti-sezonu-i-privuci-turiste\/#respond\"]}]},{\"@type\":\"WebPage\",\"@id\":\"https:\/\/dmcsrb.com\/ekonomija\/nove-avio-linije-ce-produziti-sezonu-i-privuci-turiste\/\",\"url\":\"https:\/\/dmcsrb.com\/ekonomija\/nove-avio-linije-ce-produziti-sezonu-i-privuci-turiste\/\",\"name\":\"Nove avio-linije \u0107e produ\u017eiti sezonu i privu\u0107i turiste - dmcsrb.com\",\"isPartOf\":{\"@id\":\"https:\/\/dmcsrb.com\/#website\"},\"primaryImageOfPage\":{\"@id\":\"https:\/\/dmcsrb.com\/ekonomija\/nove-avio-linije-ce-produziti-sezonu-i-privuci-turiste\/#primaryimage\"},\"image\":{\"@id\":\"https:\/\/dmcsrb.com\/ekonomija\/nove-avio-linije-ce-produziti-sezonu-i-privuci-turiste\/#primaryimage\"},\"thumbnailUrl\":\"https:\/\/dmcsrb.com\/wp-content\/uploads\/2026\/01\/wizz-air-avion-foto-aerodromi-cg.webp\",\"datePublished\":\"2025-10-26T06:42:00+00:00\",\"author\":{\"@id\":\"https:\/\/dmcsrb.com\/#\/schema\/person\/5c39170f12db1b8b457732d0b5c854e2\"},\"breadcrumb\":{\"@id\":\"https:\/\/dmcsrb.com\/ekonomija\/nove-avio-linije-ce-produziti-sezonu-i-privuci-turiste\/#breadcrumb\"},\"inLanguage\":\"en-GB\",\"potentialAction\":[{\"@type\":\"ReadAction\",\"target\":[\"https:\/\/dmcsrb.com\/ekonomija\/nove-avio-linije-ce-produziti-sezonu-i-privuci-turiste\/\"]}]},{\"@type\":\"ImageObject\",\"inLanguage\":\"en-GB\",\"@id\":\"https:\/\/dmcsrb.com\/ekonomija\/nove-avio-linije-ce-produziti-sezonu-i-privuci-turiste\/#primaryimage\",\"url\":\"https:\/\/dmcsrb.com\/wp-content\/uploads\/2026\/01\/wizz-air-avion-foto-aerodromi-cg.webp\",\"contentUrl\":\"https:\/\/dmcsrb.com\/wp-content\/uploads\/2026\/01\/wizz-air-avion-foto-aerodromi-cg.webp\",\"width\":945,\"height\":556},{\"@type\":\"BreadcrumbList\",\"@id\":\"https:\/\/dmcsrb.com\/ekonomija\/nove-avio-linije-ce-produziti-sezonu-i-privuci-turiste\/#breadcrumb\",\"itemListElement\":[{\"@type\":\"ListItem\",\"position\":1,\"name\":\"Home\",\"item\":\"https:\/\/dmcsrb.com\/\"},{\"@type\":\"ListItem\",\"position\":2,\"name\":\"Nove avio-linije \u0107e produ\u017eiti sezonu i privu\u0107i turiste\"}]},{\"@type\":\"WebSite\",\"@id\":\"https:\/\/dmcsrb.com\/#website\",\"url\":\"https:\/\/dmcsrb.com\/\",\"name\":\"dmcsrb.com\",\"description\":\"\",\"potentialAction\":[{\"@type\":\"SearchAction\",\"target\":{\"@type\":\"EntryPoint\",\"urlTemplate\":\"https:\/\/dmcsrb.com\/?s={search_term_string}\"},\"query-input\":{\"@type\":\"PropertyValueSpecification\",\"valueRequired\":true,\"valueName\":\"search_term_string\"}}],\"inLanguage\":\"en-GB\"},{\"@type\":\"Person\",\"@id\":\"https:\/\/dmcsrb.com\/#\/schema\/person\/5c39170f12db1b8b457732d0b5c854e2\",\"name\":\"dmcsrbija.com@gmail.com\",\"image\":{\"@type\":\"ImageObject\",\"inLanguage\":\"en-GB\",\"@id\":\"https:\/\/dmcsrb.com\/#\/schema\/person\/image\/\",\"url\":\"https:\/\/secure.gravatar.com\/avatar\/68592660ad6347fad0fb587f8d5d8f1a7b44961362f56e4f2cd524feb87e9069?s=96&d=mm&r=g\",\"contentUrl\":\"https:\/\/secure.gravatar.com\/avatar\/68592660ad6347fad0fb587f8d5d8f1a7b44961362f56e4f2cd524feb87e9069?s=96&d=mm&r=g\",\"caption\":\"dmcsrbija.com@gmail.com\"},\"sameAs\":[\"https:\/\/dmcsrb.com\"],\"url\":\"https:\/\/dmcsrb.com\/en\/author\/dmcsrbija-comgmail-com\/\"}]}<\/script>\n<!-- \/ Yoast SEO plugin. -->","yoast_head_json":{"title":"Nove avio-linije \u0107e produ\u017eiti sezonu i privu\u0107i turiste - dmcsrb.com","robots":{"index":"index","follow":"follow","max-snippet":"max-snippet:-1","max-image-preview":"max-image-preview:large","max-video-preview":"max-video-preview:-1"},"canonical":"https:\/\/dmcsrb.com\/en\/ekonomija\/nove-avio-linije-ce-produziti-sezonu-i-privuci-turiste\/","og_locale":"en_GB","og_type":"article","og_title":"Nove avio-linije \u0107e produ\u017eiti sezonu i privu\u0107i turiste - dmcsrb.com","og_description":"Otvaranje baze avio-kompanije Wizz Air u Crnoj Gori, uz nove linije koje \u0107e povezati zemlju sa brojnim evropskim destinacijama, predstavlja \u201evazduh i vodu za crnogorski turizam\u201c, poru\u010dio je \u010dlan Odbora udru\u017eenja turizma i ugostiteljstva Privredne komore Crne Gore Dragan Purko Ivan\u010devi\u0107.","og_url":"https:\/\/dmcsrb.com\/en\/ekonomija\/nove-avio-linije-ce-produziti-sezonu-i-privuci-turiste\/","og_site_name":"dmcsrb.com","article_published_time":"2025-10-26T06:42:00+00:00","og_image":[{"width":945,"height":556,"url":"https:\/\/dmcsrb.com\/wp-content\/uploads\/2026\/01\/wizz-air-avion-foto-aerodromi-cg.webp","type":"image\/jpeg"}],"author":"dmcsrbija.com@gmail.com","twitter_card":"summary_large_image","twitter_misc":{"Written by":"dmcsrbija.com@gmail.com","Estimated reading time":"5 minutes"},"schema":{"@context":"https:\/\/schema.org","@graph":[{"@type":"Article","@id":"https:\/\/dmcsrb.com\/ekonomija\/nove-avio-linije-ce-produziti-sezonu-i-privuci-turiste\/#article","isPartOf":{"@id":"https:\/\/dmcsrb.com\/ekonomija\/nove-avio-linije-ce-produziti-sezonu-i-privuci-turiste\/"},"author":{"name":"dmcsrbija.com@gmail.com","@id":"https:\/\/dmcsrb.com\/#\/schema\/person\/5c39170f12db1b8b457732d0b5c854e2"},"headline":"Nove avio-linije \u0107e produ\u017eiti sezonu i privu\u0107i turiste","datePublished":"2025-10-26T06:42:00+00:00","mainEntityOfPage":{"@id":"https:\/\/dmcsrb.com\/ekonomija\/nove-avio-linije-ce-produziti-sezonu-i-privuci-turiste\/"},"wordCount":916,"commentCount":0,"image":{"@id":"https:\/\/dmcsrb.com\/ekonomija\/nove-avio-linije-ce-produziti-sezonu-i-privuci-turiste\/#primaryimage"},"thumbnailUrl":"https:\/\/dmcsrb.com\/wp-content\/uploads\/2026\/01\/wizz-air-avion-foto-aerodromi-cg.webp","keywords":["Aerodromi Crne Gore","Avio-linije","Dragan Purko Ivan\u010devi\u0107","Wizz Air"],"articleSection":["Ekonomija"],"inLanguage":"en-GB","potentialAction":[{"@type":"CommentAction","name":"Comment","target":["https:\/\/dmcsrb.com\/ekonomija\/nove-avio-linije-ce-produziti-sezonu-i-privuci-turiste\/#respond"]}]},{"@type":"WebPage","@id":"https:\/\/dmcsrb.com\/ekonomija\/nove-avio-linije-ce-produziti-sezonu-i-privuci-turiste\/","url":"https:\/\/dmcsrb.com\/ekonomija\/nove-avio-linije-ce-produziti-sezonu-i-privuci-turiste\/","name":"Nove avio-linije \u0107e produ\u017eiti sezonu i privu\u0107i turiste - dmcsrb.com","isPartOf":{"@id":"https:\/\/dmcsrb.com\/#website"},"primaryImageOfPage":{"@id":"https:\/\/dmcsrb.com\/ekonomija\/nove-avio-linije-ce-produziti-sezonu-i-privuci-turiste\/#primaryimage"},"image":{"@id":"https:\/\/dmcsrb.com\/ekonomija\/nove-avio-linije-ce-produziti-sezonu-i-privuci-turiste\/#primaryimage"},"thumbnailUrl":"https:\/\/dmcsrb.com\/wp-content\/uploads\/2026\/01\/wizz-air-avion-foto-aerodromi-cg.webp","datePublished":"2025-10-26T06:42:00+00:00","author":{"@id":"https:\/\/dmcsrb.com\/#\/schema\/person\/5c39170f12db1b8b457732d0b5c854e2"},"breadcrumb":{"@id":"https:\/\/dmcsrb.com\/ekonomija\/nove-avio-linije-ce-produziti-sezonu-i-privuci-turiste\/#breadcrumb"},"inLanguage":"en-GB","potentialAction":[{"@type":"ReadAction","target":["https:\/\/dmcsrb.com\/ekonomija\/nove-avio-linije-ce-produziti-sezonu-i-privuci-turiste\/"]}]},{"@type":"ImageObject","inLanguage":"en-GB","@id":"https:\/\/dmcsrb.com\/ekonomija\/nove-avio-linije-ce-produziti-sezonu-i-privuci-turiste\/#primaryimage","url":"https:\/\/dmcsrb.com\/wp-content\/uploads\/2026\/01\/wizz-air-avion-foto-aerodromi-cg.webp","contentUrl":"https:\/\/dmcsrb.com\/wp-content\/uploads\/2026\/01\/wizz-air-avion-foto-aerodromi-cg.webp","width":945,"height":556},{"@type":"BreadcrumbList","@id":"https:\/\/dmcsrb.com\/ekonomija\/nove-avio-linije-ce-produziti-sezonu-i-privuci-turiste\/#breadcrumb","itemListElement":[{"@type":"ListItem","position":1,"name":"Home","item":"https:\/\/dmcsrb.com\/"},{"@type":"ListItem","position":2,"name":"Nove avio-linije \u0107e produ\u017eiti sezonu i privu\u0107i turiste"}]},{"@type":"WebSite","@id":"https:\/\/dmcsrb.com\/#website","url":"https:\/\/dmcsrb.com\/","name":"dmcsrb.com","description":"","potentialAction":[{"@type":"SearchAction","target":{"@type":"EntryPoint","urlTemplate":"https:\/\/dmcsrb.com\/?s={search_term_string}"},"query-input":{"@type":"PropertyValueSpecification","valueRequired":true,"valueName":"search_term_string"}}],"inLanguage":"en-GB"},{"@type":"Person","@id":"https:\/\/dmcsrb.com\/#\/schema\/person\/5c39170f12db1b8b457732d0b5c854e2","name":"dmcsrbija.com@gmail.com","image":{"@type":"ImageObject","inLanguage":"en-GB","@id":"https:\/\/dmcsrb.com\/#\/schema\/person\/image\/","url":"https:\/\/secure.gravatar.com\/avatar\/68592660ad6347fad0fb587f8d5d8f1a7b44961362f56e4f2cd524feb87e9069?s=96&d=mm&r=g","contentUrl":"https:\/\/secure.gravatar.com\/avatar\/68592660ad6347fad0fb587f8d5d8f1a7b44961362f56e4f2cd524feb87e9069?s=96&d=mm&r=g","caption":"dmcsrbija.com@gmail.com"},"sameAs":["https:\/\/dmcsrb.com"],"url":"https:\/\/dmcsrb.com\/en\/author\/dmcsrbija-comgmail-com\/"}]}},"_links":{"self":[{"href":"https:\/\/dmcsrb.com\/en\/wp-json\/wp\/v2\/posts\/960090","targetHints":{"allow":["GET"]}}],"collection":[{"href":"https:\/\/dmcsrb.com\/en\/wp-json\/wp\/v2\/posts"}],"about":[{"href":"https:\/\/dmcsrb.com\/en\/wp-json\/wp\/v2\/types\/post"}],"author":[{"embeddable":true,"href":"https:\/\/dmcsrb.com\/en\/wp-json\/wp\/v2\/users\/1"}],"replies":[{"embeddable":true,"href":"https:\/\/dmcsrb.com\/en\/wp-json\/wp\/v2\/comments?post=960090"}],"version-history":[{"count":0,"href":"https:\/\/dmcsrb.com\/en\/wp-json\/wp\/v2\/posts\/960090\/revisions"}],"wp:featuredmedia":[{"embeddable":true,"href":"https:\/\/dmcsrb.com\/en\/wp-json\/wp\/v2\/media\/960091"}],"wp:attachment":[{"href":"https:\/\/dmcsrb.com\/en\/wp-json\/wp\/v2\/media?parent=960090"}],"wp:term":[{"taxonomy":"category","embeddable":true,"href":"https:\/\/dmcsrb.com\/en\/wp-json\/wp\/v2\/categories?post=960090"},{"taxonomy":"post_tag","embeddable":true,"href":"https:\/\/dmcsrb.com\/en\/wp-json\/wp\/v2\/tags?post=960090"},{"taxonomy":"naslovna","embeddable":true,"href":"https:\/\/dmcsrb.com\/en\/wp-json\/wp\/v2\/naslovna?post=960090"}],"curies":[{"name":"wp","href":"https:\/\/api.w.org\/{rel}","templated":true}]}}