{"id":960086,"date":"2025-10-26T06:53:00","date_gmt":"2025-10-26T05:53:00","guid":{"rendered":"https:\/\/dmcsrb.com\/uncategorized\/gorcevic-crna-gora-spremna-za-zavrsnu-fazu-pregovora\/"},"modified":"2025-10-26T06:53:00","modified_gmt":"2025-10-26T05:53:00","slug":"gorcevic-crna-gora-spremna-za-zavrsnu-fazu-pregovora","status":"publish","type":"post","link":"https:\/\/dmcsrb.com\/en\/politika\/gorcevic-crna-gora-spremna-za-zavrsnu-fazu-pregovora\/","title":{"rendered":"Gor\u010devi\u0107: Crna Gora spremna za zavr\u0161nu fazu pregovora"},"content":{"rendered":"<p><\/p>\n\n\n\n<p>Poru\u010dila je da je Crna Gora danas u poziciji u kojoj \u201ekona\u010dno mo\u017eemo re\u0107i &#8220;evropske integracije ponovo imaju puni zamah i vidljive rezultate\u201c.<\/p>\n\n\n\n<p><strong>Tokom nedavne posjete Crnoj Gori komesarka Evropske unije Ursula fon der Lajen kazala je da je na\u0161a dr\u017eava u poziciji da privremeno zatvori pet poglavlja do kraja godine ali i sva preostala do kraja naredne. Na koja poglavlja se to odnosi i kakvu dinamiku zaokru\u017eivanja tog procesa Vi o\u010dekujete?<\/strong><\/p>\n\n\n\n<p><strong>GOR\u010cEVI\u0106:<\/strong> Crna Gora se nalazi u zavr\u0161noj fazi priprema za Me\u0111uvladinu konferenciju u Briselu u decembru, a oblasti u kojima je postignut najve\u0107i napredak su pravo osnivanja preduze\u0107a i sloboda pru\u017eanja usluga, sloboda kretanja kapitala, privredno pravo, poljoprivreda i ruralni razvoj i ribarstvo.<\/p>\n\n\n\n<p>Zatvaranje niza poglavlja u decembru \u0107e biti va\u017ean korak koji potvr\u0111uje da reformski procesi daju konkretne rezultate i da Crna Gora, kao najnaprednija dr\u017eava kandidat, koristi novi zamah u evropskoj integraciji.<\/p>\n\n\n\n<p>Istovremeno, intenzivno radimo na ispunjavanju preostalih obaveza u svim oblastima, sa jasnim ciljem da do kraja 2026. godine Crna Gora bude spremna za zatvaranje svih pregovara\u010dkih poglavlja i tehni\u010dko zaokru\u017eivanje pristupnog procesa. Na taj na\u010din stvaramo uslove da naredna faza na\u0161eg puta ka \u010dlanstvu u Evropskoj uniji bude zavr\u0161na i su\u0161tinski reformska.<\/p>\n\n\n\n<p><strong>Kako komentari\u0161ete pojedine navode u javnosti koji se odnose na simboliku \u201etajminga\u201c njene posjete uzimaju\u0107i u obzir \u010dinjenicu da je do\u0161la neposredno pred objavljivanje godi\u0161njih izvje\u0161taja Evropske komisije o napretku zemalja kandidata koje je planirano za po\u010detak novembra?<\/strong><\/p>\n\n\n\n<p><strong>GOR\u010cEVI\u0106<\/strong>: Posjeta predsjednice Evropske komisije Ursule fon der Lajen dolazi u trenutku koji ima sna\u017enu simboliku za Crnu Goru i na\u0161 evropski put. Ona predstavlja potvrdu podr\u0161ke Evropske unije reformskom procesu koji sprovodi Vlada Crne Gore, ali i ohrabrenje da nastavimo sprovo\u0111enje klju\u010dnih reformi u periodu koji je pred nama.<\/p>\n\n\n\n<p>Sama \u010dinjenica da je predsjednica Evropske komisije zajedno sa predsjednikom Vlade otvorila Investicionu konferenciju EU \u2013Crna Gora: \u201ePametan rast, zelena budu\u0107nost \u2013 Ubrzanje investicija u Crnoj Gori\u201c na Lu\u0161tici, sna\u017ena je poruka povjerenja u ekonomski potencijal Crne Gore i potvrda da na\u0161u zemlju Brisel vidi kao va\u017enog partnera i budu\u0107u \u010dlanicu Evropske unije.<\/p>\n\n\n\n<p>Posjeta se odvijala u ambijentu izra\u017eenog eurooptimizma, u trenutku kada Crna Gora bilje\u017ei konkretne rezultate \u2013 jedina smo dr\u017eava kandidat koja je dvije godine zaredom zatvarala pregovara\u010dka poglavlja i prva koja je ostvarila IBAR. Dolazak predsjednice Fon der Lajen neposredno pred objavljivanje godi\u0161njeg izvje\u0161taja o Crnoj Gori dodatno potvr\u0111uje da EU prepoznaje na\u0161u posve\u0107enost, ali i \u017eeli da po\u0161alje poruku ohrabrenja da istrajemo na putu reformi koje nijesu lake, ali su klju\u010dne za na\u0161e \u010dlanstvo.<\/p>\n\n\n\n<p><strong>Kakva su Va\u0161a o\u010dekivanja u odnosu na izvje\u0161taj?<\/strong><\/p>\n\n\n\n<p><strong>GOR\u010cEVI\u0106:<\/strong> Svakodnevna koordinacija i rad na pregovara\u010dkim poglavljima kao i komunikaciji sa Evropskom komisijom, omogu\u0107ava nam da budemo potpuno svjesni onoga \u0161to se od Crne<\/p>\n\n\n\n<p>Gore o\u010dekuje, kao i u kojim oblastima smo napravili najve\u0107i napredak, a u kojima i dalje imamo izazove. Ve\u0107 sada, na osnovu svojih procjena i dosada\u0161njeg rada, mo\u017eemo re\u0107i da \u0107e Izvje\u0161taj, kao i prethodni, sadr\u017eati mnogo pohvala za postignuti napredak, ali i preporuke koje se odnose na oblasti gdje su potrebni dodatni reformski napori. Posebno je va\u017eno naglasiti da, \u0161to vi\u0161e napredujemo sa zatvaranjem pregovara\u010dkih poglavlja i pribli\u017eavamo se \u010dlanstvu u EU, Izvje\u0161taji Evropske komisije o Crnoj Gori bi\u0107e sve detaljniji i opse\u017eniji.<\/p>\n\n\n\n<p>O\u010dekujemo da \u0107e Izvje\u0161taj sadr\u017eati pohvale za postignuti napredak u vi\u0161e oblasti, posebno u ekonomskim i finansijskim poglavljima, poljoprivredi i ribarstvu, kao i u sektoru saobra\u0107aja i energetike. U tim oblastima bilje\u017eimo mjerljive rezultate koji su vidljivi i gra\u0111anima \u2013 od uskla\u0111ivanja sa evropskim zakonodavstvom i pridru\u017eivanje Podru\u010dju za jedinstvena pla\u0107anja u eurima (SEPA), infrastrukturnih projekata u saobra\u0107aju, do ja\u010danja energetskih kapaciteta. To su segmenti u kojima Crna Gora potvr\u0111uje da mo\u017ee da napreduje stabilno i predvidivo, uz o\u010duvanje fiskalne discipline i stvaranje boljeg poslovnog ambijenta.<\/p>\n\n\n\n<p>Glavni izazovi \u0107e se, o\u010dekujemo, odnositi na poglavlja koja ujedno smatramo i najte\u017eim i najzahtjevnijim, poput poglavlja 8 (Konkurencija), 12 (Bezbjednost hrane), 23 i 24 (Vladavina prava), 27 (Za\u0161tita \u017eivotne sredine). O\u010dekujemo da \u0107e u Izvje\u0161taju poseban akcenat biti stavljen na imenovanja u Skup\u0161tini, pitanja koja se ti\u010du popunjavanja klju\u010dnih institucija i odr\u017eavanja politi\u010dke volje za nastavak reformi. Ova pitanja su ve\u0107 javnosti poznata i Ministarstvo zajedno sa nadle\u017enim institucijama aktivno radi na njihovom rje\u0161avanju, tako da imamo jasnu mapu puta za naredni period, koja podrazumijeva ispunjavanje obaveza i sprovo\u0111enje konkretnih mjera.<\/p>\n\n\n\n<p>Na\u0161a strategija je da se kroz konkretne mjere i ispunjavanje obaveza osigura kontinuitet evropskog puta, a istovremeno da se reforme sprovode u korist gra\u0111ana, ja\u010daju\u0107i institucionalni kapacitet i transparentnost procesa. Na taj na\u010din smo spremni da se suo\u010dimo sa svim izazovima koje Izvje\u0161taj mo\u017ee da istakne i da nastavimo sna\u017eno ka zatvaranju preostalih pregovara\u010dkih poglavlja.<\/p>\n\n\n\n<p><strong>Da li su politi\u010dari u Crnoj Gori na pravi na\u010din shvatili poruke koje je Fon der Lajen uputila, a koje se prije svega odnose na neophodnost ubrzanja reformi u oblasti vladavine prava, transparentnosti u javnim nabavkama, borbe protiv korupcije, ja\u010danja nezavisnosti pravosu\u0111a i slobode medija?<\/strong><\/p>\n\n\n\n<p><strong>GOR\u010cEVI\u0106:<\/strong> Crna Gora je jasno pokazala da razumije i dosljedno sprovodi poruke koje je predsjednica Evropske komisije Ursula fon der Lajen uputila tokom svoje posjete. Na\u0161 napredak potvr\u0111uje zatvaranje Poglavlja 5 \u2013 Javne nabavke, \u0161to predstavlja va\u017enu prekretnicu i potvrdu povjerenja Evropske komisije u reformski kapacitet i ozbiljnost na\u0161eg pristupa. Javne nabavke su jedno od temeljnih poglavlja jer direktno uti\u010du na transparentnost, odgovornost i efikasnost javne uprave, a Crna Gora \u0107e nastaviti da ih unapre\u0111uje u skladu sa najboljom evropskom praksom, kako bi gra\u0111ani i privreda imali jasne koristi od sistema koji funkcioni\u0161e po pravilima EU.<\/p>\n\n\n\n<p>Poruke predsjednice Fon der Lajen u vezi sa slobodom medija, nezavisno\u0161\u0107u pravosu\u0111a, borbom protiv korupcije i ja\u010danjem vladavine prava dodatna su potvrda da reformski proces mora imati kontinuitet i \u0161irinu. Vlada Crne Gore vodi ovaj proces sa punom politi\u010dkom voljom, ali njegov uspjeh zavisi od saradnje i odgovornosti svih aktera \u2013 institucija, politi\u010dkih subjekata, civilnog dru\u0161tva i medija. Samo zajedni\u010dkim naporima mo\u017eemo obezbijediti da reforme budu sveobuhvatne, odr\u017eive i usmjerene na stvarne rezultate.<\/p>\n\n\n\n<p>Na taj na\u010din, Crna Gora potvr\u0111uje da razumije su\u0161tinu evropskog puta \u2013 da \u010dlanstvo u EU nije cilj sam po sebi, ve\u0107 rezultat dru\u0161tva koje po\u010diva na povjerenju, odgovornosti i jednakosti pred zakonom.<\/p>\n\n\n\n<p><strong>Koliko smo, po Va\u0161oj ocjeni, daleko od zaokru\u017eivanja reformi koje se odnose na poglavlja 23 i 24 i da li ste optimista kada je rije\u010d o rje\u0161enju pitanja u vezi sa Ustavnim sudom?<\/strong><\/p>\n\n\n\n<p><strong>GOR\u010cEVI\u0106:<\/strong> Crna Gora bilje\u017ei zna\u010dajan i kontinuiran napredak u sprovo\u0111enju reformi iz poglavlja 23 i 24, u oblasti vladavine prava, borbe protiv korupcije i organizovanog kriminala, i za\u0161tite temeljnih prava. Vlada predano radi na unapre\u0111enju uslova za rad pravosu\u0111a, uz jasna o\u010dekivanja od institucija da daju konkretne rezultate.<\/p>\n\n\n\n<p>Ve\u0107 sada vidimo zna\u010dajne efekte: istrage i optu\u017enice u predmetima korupcije na visokom nivou i organizovanog kriminala, \u010dak i ratnih zlo\u010dina, rezultirale su prvim presudama. Postignuti pomaci pokazuju da postoji politi\u010dka volja da se suo\u010dimo sa slo\u017eenim slu\u010dajevima, \u0161to doprinosi postepenom vra\u0107anju povjerenja u pravosu\u0111e.<\/p>\n\n\n\n<p>Posebno je va\u017eno ista\u0107i da je unaprije\u0111en kapacitet Specijalnog odjeljenja Vi\u0161eg suda i Specijalnog dr\u017eavnog tu\u017eila\u0161tva, sa novim sudijama i tu\u017eiocima, \u0161to je klju\u010dni preduslov daljeg napretka. Izbor vrhovnog dr\u017eavnog tu\u017eioca i predsjednice Vrhovnog suda bili su preduslovi za unapre\u0111enje efikasnosti rada i konkretne rezultate.<\/p>\n\n\n\n<p>U oblasti oduzimanja nezakonito ste\u010dene imovine broj slu\u010dajeva privremenog i trajnog oduzimanja raste, a o\u010dekujemo i novi zakon o oduzimanju imovine ste\u010dene kriminalnom djelatno\u0161\u0107u. Uspje\u0161na me\u0111unarodna saradnja sa EUROPOL-om, FBI-jem i DEA dodatno potvr\u0111uje ja\u010danje kapaciteta i ugleda na\u0161ih institucija. Rad na ispunjavanju zavr\u0161nih mjerila te\u010de planiranom dinamikom, i uvjereni smo da \u0107e napori koje ula\u017eemo donijeti o\u010dekivani uspjeh i trajne rezultate. Imenovanja sudija Ustavnog suda, kao i \u010dlanova Sudskog i Tu\u017eila\u010dkog savjeta, predstavljaju odgovornost Skup\u0161tine i sigurna sam da \u0107e poslanici shvatiti ozbiljnost ovog trenutka i zadatka, te izabrati kandidate koji su kompetentni i nezavisni. Ipak, va\u017eno je naglasiti da dok \u010dekamo ova imenovanja mi danas imamo funkcionalne institucije i nadam se da \u0107e nesmetano funkcionisanje sistema biti odr\u017eano i u budu\u0107nosti.<\/p>\n\n\n\n<p><strong>Da li i u kojoj mjeri mo\u017eemo biti zadovoljni rezultatima SDT-a u oblasti borbe protiv korupcije i visokog kriminala?<\/strong><\/p>\n\n\n\n<p><strong>GOR\u010cEVI\u0106:<\/strong> U oblasti borbe protiv organizovanog kriminala i korupcije ostvareni su zna\u010dajni rezultati. Posebno \u017eelim da istaknem rad Specijalnog dr\u017eavnog tu\u017eila\u0161tva, koje je u posljednje tri godine podiglo optu\u017enice protiv vi\u0161e od 40 visokih dr\u017eavnih funkcionera i slu\u017ebenika \u2013 me\u0111u kojima su biv\u0161i \u010delnici najva\u017enijih dr\u017eavnih organa, poput Vrhovnog suda, Specijalnog dr\u017eavnog tu\u017eila\u0161tva, Agencije za nacionalnu bezbjednost, Uprave policije, Privrednog suda, Agencije za spre\u010davanje korupcije, Uprave prihoda i carina i Investiciono-razvojnog fonda, ali i biv\u0161i ministri, sudije, specijalni tu\u017eioci, predsjednici op\u0161tina i brojni drugi slu\u017ebenici ni\u017eeg ranga.<\/p>\n\n\n\n<p>Ve\u0107 u 17 predmeta imamo donijete prvostepene presude, dok je u jednom predmetu izre\u010dena i pravosna\u017ena presuda.<\/p>\n\n\n\n<p><strong>Da li ste zadovoljni dinamikom reformi koje se ti\u010du sveobuhvatne izborne reforme i da li o\u010dekujete da \u0107e biti ispo\u0161tovani rokovi ako znamo da se sjednice Odbora i dalje ne odr\u017eavaju?<\/strong><\/p>\n\n\n\n<p><strong>GOR\u010cEVI\u0106:<\/strong> Poslije vi\u0161e od decenije poku\u0161aja, kona\u010dno je napravljen stvaran i mjerljiv iskorak u sprovo\u0111enju sveobuhvatne izborne reforme. Ovaj saziv Odbora uspio je da uradi ono \u0161to nije po\u0161lo za rukom mnogim prethodnim, da postigne politi\u010dki dogovor o najosjetljivijim pitanjima izbornog sistema i konkretno unaprijedi zakonski okvir. Ipak, \u010dini se da se zna\u010daj ovog uspjeha u javnosti nedovoljno vrednuje, iako je rije\u010d o jednom od najva\u017enijih reformskih koraka u posljednjih deset godina.<\/p>\n\n\n\n<p>Reforma izbornog zakonodavstva je najkompleksnija sistemska reforma u dr\u017eavi, jer ure\u0111uje pravila same izborne utakmice, i predstavlja sr\u017e svakog demokratskog poretka. To je proces koji je po prirodi politi\u010dki najte\u017ei, jer zahtijeva dijalog, kompromis i odgovornost svih aktera. Upravo zato postignuti dogovor pokazuje da Crna Gora ima demokratski kapacitet, zrelost i volju da ja\u010da svoje institucije i gradi stabilan politi\u010dki sistem.<\/p>\n\n\n\n<p>Posebno bih istakla va\u017enost i zna\u010daj odredbe da se svi izbori odr\u017eavaju u jednom danu. Time se dr\u017eava rastere\u0107uje \u010destih izbornih ciklusa, smanjuju se tro\u0161kovi, ja\u010da institucionalna efikasnost i obezbje\u0111uje ve\u0107a politi\u010dka stabilnost. Gra\u0111ani dobijaju predvidiv, ure\u0111en i pravedan sistem koji doprinosi povjerenju u izborni proces.<\/p>\n\n\n\n<p>Za mene posebno va\u017ean element reforme je i pove\u0107anje kvote za \u017eene na izbornim listama sa 30 na 40 odsto. To nije samo formalno pitanje, ve\u0107 su\u0161tinski dokaz na\u0161e spremnosti da gradimo dru\u0161tvo jednakih \u0161ansi, u kojem \u017eene imaju ravnopravan prostor u dono\u0161enju politi\u010dkih odluka.<\/p>\n\n\n\n<p>Veoma zna\u010dajan segment reforme je i profesionalizacija Dr\u017eavne izborne komisije, kao i nova pravila u oblasti finansiranja politi\u010dkih subjekata i izbornih kampanja i unapre\u0111enja kontrole u ovoj oblasti.<\/p>\n\n\n\n<p>Vjerujem da je ovo tek po\u010detak i da \u0107e Odbor nastaviti sa istim anga\u017emanom i uspjehom, kako bi dovr\u0161io sve preostale zadatke izborne reforme i u\u010dvrstio institucionalne mehanizme koji garantuju fer, transparentne i stabilne izbore u budu\u0107nosti.<\/p>\n\n\n\n<p><strong>Kako komentari\u0161ete opaske i komentare, naj\u010de\u0161\u0107e upu\u0107ene iz opozicionih redova, da aktuelna ve\u0107ina ne\u0107e uspjeti da posao na EU integracijama sprovede do kraja?<\/strong><\/p>\n\n\n\n<p><strong>GOR\u010cEVI\u0106:<\/strong> Sigurna sam da \u0107emo posao zavr\u0161iti na vrijeme. Crna Gora je danas u poziciji u kojoj kona\u010dno mo\u017eemo re\u0107i \u2013 evropske integracije ponovo imaju puni zamah i vidljive rezultate. Vlada je od samog formiranja pokazala da ima i kapacitet i politi\u010dku volju da vodi ovaj proces dinami\u010dno, hrabro i odgovorno. Uspjeli smo da odblokiramo pregovore koji su godinama stajali u mjestu, zatvaramo poglavlja, vra\u0107amo povjerenje Evropske komisije i Crnu Goru ponovo pozicioniramo kao predvodnicu me\u0111u dr\u017eavama kandidatima za \u010dlanstvo u Evropskoj uniji.<\/p>\n\n\n\n<p>O na\u0161em radu najbolje govore rezultati: napredak u vladavini prava, konkretni pomaci u borbi protiv korupcije i organizovanog kriminala, ekonomske reforme koje donose stabilnost i nova radna mjesta. To su \u010dinjenice, a ne parole.<\/p>\n\n\n\n<p>Evropski partneri to jasno prepoznaju. Predsjednica Evropske komisije Ursula fon der Lajen nedavno je poru\u010dila da Crna Gora mo\u017ee da zatvori svih 33 poglavlja do kraja naredne godine \u2013 i to nije kompliment bez pokri\u0107a, ve\u0107 rezultat konkretnih reformi koje sprovodimo.<\/p>\n\n\n\n<p>Na\u0161 cilj nije samo da zavr\u0161imo pregovore, ve\u0107 da sprovedemo promjene koje \u0107e trajno unaprijediti funkcionisanje institucija i kvalitet \u017eivota gra\u0111ana. Proces evropske integracije nije posao jedne vlade, ve\u0107 cijelog dru\u0161tva, i vjerujem da \u0107e svi politi\u010dki akteri \u2013 bez obzira na razlike \u2013 pokazati odgovornost prema tom cilju. Jer evropska Crna Gora nije interes jedne partije, ve\u0107 svih njenih gra\u0111ana.<\/p>","protected":false},"excerpt":{"rendered":"<p>Intenzivno radimo na ispunjavanju preostalih obaveza u svim oblastima, sa jasnim ciljem da do kraja 2026. godine Crna Gora bude spremna za zatvaranje svih pregovara\u010dkih poglavlja i tehni\u010dko zaokru\u017eivanje pristupnog procesa, kazala je u intervjuu za Pobjedu Maida Gor\u010devi\u0107, ministarka evropskih poslova.<\/p>","protected":false},"author":1,"featured_media":910507,"comment_status":"open","ping_status":"open","sticky":false,"template":"","format":"standard","meta":{"_acf_changed":false,"footnotes":""},"categories":[12],"tags":[10,1025,2322],"naslovna":[],"class_list":["post-960086","post","type-post","status-publish","format-standard","has-post-thumbnail","hentry","category-politika","tag-eu","tag-maida-gorcevic-2","tag-ministarstvo-evropskih-poslova"],"acf":[],"yoast_head":"<!-- This site is optimized with the Yoast SEO plugin v27.0 - https:\/\/yoast.com\/product\/yoast-seo-wordpress\/ -->\n<title>Gor\u010devi\u0107: Crna Gora spremna za zavr\u0161nu fazu pregovora - dmcsrb.com<\/title>\n<meta name=\"robots\" content=\"index, follow, max-snippet:-1, max-image-preview:large, max-video-preview:-1\" \/>\n<link rel=\"canonical\" href=\"https:\/\/dmcsrb.com\/en\/politika\/gorcevic-crna-gora-spremna-za-zavrsnu-fazu-pregovora\/\" \/>\n<meta property=\"og:locale\" content=\"en_GB\" \/>\n<meta property=\"og:type\" content=\"article\" \/>\n<meta property=\"og:title\" content=\"Gor\u010devi\u0107: Crna Gora spremna za zavr\u0161nu fazu pregovora - dmcsrb.com\" \/>\n<meta property=\"og:description\" content=\"Intenzivno radimo na ispunjavanju preostalih obaveza u svim oblastima, sa jasnim ciljem da do kraja 2026. godine Crna Gora bude spremna za zatvaranje svih pregovara\u010dkih poglavlja i tehni\u010dko zaokru\u017eivanje pristupnog procesa, kazala je u intervjuu za Pobjedu Maida Gor\u010devi\u0107, ministarka evropskih poslova.\" \/>\n<meta property=\"og:url\" content=\"https:\/\/dmcsrb.com\/en\/politika\/gorcevic-crna-gora-spremna-za-zavrsnu-fazu-pregovora\/\" \/>\n<meta property=\"og:site_name\" content=\"dmcsrb.com\" \/>\n<meta property=\"article:published_time\" content=\"2025-10-26T05:53:00+00:00\" \/>\n<meta property=\"og:image\" content=\"https:\/\/dmcsrb.com\/wp-content\/uploads\/2026\/01\/Maida-Gorcevic.jpeg\" \/>\n\t<meta property=\"og:image:width\" content=\"2500\" \/>\n\t<meta property=\"og:image:height\" content=\"1661\" \/>\n\t<meta property=\"og:image:type\" content=\"image\/jpeg\" \/>\n<meta name=\"author\" content=\"dmcsrbija.com@gmail.com\" \/>\n<meta name=\"twitter:card\" content=\"summary_large_image\" \/>\n<meta name=\"twitter:label1\" content=\"Written by\" \/>\n\t<meta name=\"twitter:data1\" content=\"dmcsrbija.com@gmail.com\" \/>\n\t<meta name=\"twitter:label2\" content=\"Estimated reading time\" \/>\n\t<meta name=\"twitter:data2\" content=\"11 minutes\" \/>\n<script type=\"application\/ld+json\" class=\"yoast-schema-graph\">{\"@context\":\"https:\/\/schema.org\",\"@graph\":[{\"@type\":\"Article\",\"@id\":\"https:\/\/dmcsrb.com\/politika\/gorcevic-crna-gora-spremna-za-zavrsnu-fazu-pregovora\/#article\",\"isPartOf\":{\"@id\":\"https:\/\/dmcsrb.com\/politika\/gorcevic-crna-gora-spremna-za-zavrsnu-fazu-pregovora\/\"},\"author\":{\"name\":\"dmcsrbija.com@gmail.com\",\"@id\":\"https:\/\/dmcsrb.com\/#\/schema\/person\/5c39170f12db1b8b457732d0b5c854e2\"},\"headline\":\"Gor\u010devi\u0107: Crna Gora spremna za zavr\u0161nu fazu pregovora\",\"datePublished\":\"2025-10-26T05:53:00+00:00\",\"mainEntityOfPage\":{\"@id\":\"https:\/\/dmcsrb.com\/politika\/gorcevic-crna-gora-spremna-za-zavrsnu-fazu-pregovora\/\"},\"wordCount\":2260,\"commentCount\":0,\"image\":{\"@id\":\"https:\/\/dmcsrb.com\/politika\/gorcevic-crna-gora-spremna-za-zavrsnu-fazu-pregovora\/#primaryimage\"},\"thumbnailUrl\":\"https:\/\/dmcsrb.com\/wp-content\/uploads\/2026\/01\/Maida-Gorcevic.jpeg\",\"keywords\":[\"EU\",\"Maida Gor\u010devi\u0107\",\"Ministarstvo evropskih poslova\"],\"articleSection\":[\"Politika\"],\"inLanguage\":\"en-GB\",\"potentialAction\":[{\"@type\":\"CommentAction\",\"name\":\"Comment\",\"target\":[\"https:\/\/dmcsrb.com\/politika\/gorcevic-crna-gora-spremna-za-zavrsnu-fazu-pregovora\/#respond\"]}]},{\"@type\":\"WebPage\",\"@id\":\"https:\/\/dmcsrb.com\/politika\/gorcevic-crna-gora-spremna-za-zavrsnu-fazu-pregovora\/\",\"url\":\"https:\/\/dmcsrb.com\/politika\/gorcevic-crna-gora-spremna-za-zavrsnu-fazu-pregovora\/\",\"name\":\"Gor\u010devi\u0107: Crna Gora spremna za zavr\u0161nu fazu pregovora - dmcsrb.com\",\"isPartOf\":{\"@id\":\"https:\/\/dmcsrb.com\/#website\"},\"primaryImageOfPage\":{\"@id\":\"https:\/\/dmcsrb.com\/politika\/gorcevic-crna-gora-spremna-za-zavrsnu-fazu-pregovora\/#primaryimage\"},\"image\":{\"@id\":\"https:\/\/dmcsrb.com\/politika\/gorcevic-crna-gora-spremna-za-zavrsnu-fazu-pregovora\/#primaryimage\"},\"thumbnailUrl\":\"https:\/\/dmcsrb.com\/wp-content\/uploads\/2026\/01\/Maida-Gorcevic.jpeg\",\"datePublished\":\"2025-10-26T05:53:00+00:00\",\"author\":{\"@id\":\"https:\/\/dmcsrb.com\/#\/schema\/person\/5c39170f12db1b8b457732d0b5c854e2\"},\"breadcrumb\":{\"@id\":\"https:\/\/dmcsrb.com\/politika\/gorcevic-crna-gora-spremna-za-zavrsnu-fazu-pregovora\/#breadcrumb\"},\"inLanguage\":\"en-GB\",\"potentialAction\":[{\"@type\":\"ReadAction\",\"target\":[\"https:\/\/dmcsrb.com\/politika\/gorcevic-crna-gora-spremna-za-zavrsnu-fazu-pregovora\/\"]}]},{\"@type\":\"ImageObject\",\"inLanguage\":\"en-GB\",\"@id\":\"https:\/\/dmcsrb.com\/politika\/gorcevic-crna-gora-spremna-za-zavrsnu-fazu-pregovora\/#primaryimage\",\"url\":\"https:\/\/dmcsrb.com\/wp-content\/uploads\/2026\/01\/Maida-Gorcevic.jpeg\",\"contentUrl\":\"https:\/\/dmcsrb.com\/wp-content\/uploads\/2026\/01\/Maida-Gorcevic.jpeg\",\"width\":2500,\"height\":1661},{\"@type\":\"BreadcrumbList\",\"@id\":\"https:\/\/dmcsrb.com\/politika\/gorcevic-crna-gora-spremna-za-zavrsnu-fazu-pregovora\/#breadcrumb\",\"itemListElement\":[{\"@type\":\"ListItem\",\"position\":1,\"name\":\"Home\",\"item\":\"https:\/\/dmcsrb.com\/\"},{\"@type\":\"ListItem\",\"position\":2,\"name\":\"Gor\u010devi\u0107: Crna Gora spremna za zavr\u0161nu fazu pregovora\"}]},{\"@type\":\"WebSite\",\"@id\":\"https:\/\/dmcsrb.com\/#website\",\"url\":\"https:\/\/dmcsrb.com\/\",\"name\":\"dmcsrb.com\",\"description\":\"\",\"potentialAction\":[{\"@type\":\"SearchAction\",\"target\":{\"@type\":\"EntryPoint\",\"urlTemplate\":\"https:\/\/dmcsrb.com\/?s={search_term_string}\"},\"query-input\":{\"@type\":\"PropertyValueSpecification\",\"valueRequired\":true,\"valueName\":\"search_term_string\"}}],\"inLanguage\":\"en-GB\"},{\"@type\":\"Person\",\"@id\":\"https:\/\/dmcsrb.com\/#\/schema\/person\/5c39170f12db1b8b457732d0b5c854e2\",\"name\":\"dmcsrbija.com@gmail.com\",\"image\":{\"@type\":\"ImageObject\",\"inLanguage\":\"en-GB\",\"@id\":\"https:\/\/dmcsrb.com\/#\/schema\/person\/image\/\",\"url\":\"https:\/\/secure.gravatar.com\/avatar\/68592660ad6347fad0fb587f8d5d8f1a7b44961362f56e4f2cd524feb87e9069?s=96&d=mm&r=g\",\"contentUrl\":\"https:\/\/secure.gravatar.com\/avatar\/68592660ad6347fad0fb587f8d5d8f1a7b44961362f56e4f2cd524feb87e9069?s=96&d=mm&r=g\",\"caption\":\"dmcsrbija.com@gmail.com\"},\"sameAs\":[\"https:\/\/dmcsrb.com\"],\"url\":\"https:\/\/dmcsrb.com\/en\/author\/dmcsrbija-comgmail-com\/\"}]}<\/script>\n<!-- \/ Yoast SEO plugin. -->","yoast_head_json":{"title":"Gor\u010devi\u0107: Crna Gora spremna za zavr\u0161nu fazu pregovora - dmcsrb.com","robots":{"index":"index","follow":"follow","max-snippet":"max-snippet:-1","max-image-preview":"max-image-preview:large","max-video-preview":"max-video-preview:-1"},"canonical":"https:\/\/dmcsrb.com\/en\/politika\/gorcevic-crna-gora-spremna-za-zavrsnu-fazu-pregovora\/","og_locale":"en_GB","og_type":"article","og_title":"Gor\u010devi\u0107: Crna Gora spremna za zavr\u0161nu fazu pregovora - dmcsrb.com","og_description":"Intenzivno radimo na ispunjavanju preostalih obaveza u svim oblastima, sa jasnim ciljem da do kraja 2026. godine Crna Gora bude spremna za zatvaranje svih pregovara\u010dkih poglavlja i tehni\u010dko zaokru\u017eivanje pristupnog procesa, kazala je u intervjuu za Pobjedu Maida Gor\u010devi\u0107, ministarka evropskih poslova.","og_url":"https:\/\/dmcsrb.com\/en\/politika\/gorcevic-crna-gora-spremna-za-zavrsnu-fazu-pregovora\/","og_site_name":"dmcsrb.com","article_published_time":"2025-10-26T05:53:00+00:00","og_image":[{"width":2500,"height":1661,"url":"https:\/\/dmcsrb.com\/wp-content\/uploads\/2026\/01\/Maida-Gorcevic.jpeg","type":"image\/jpeg"}],"author":"dmcsrbija.com@gmail.com","twitter_card":"summary_large_image","twitter_misc":{"Written by":"dmcsrbija.com@gmail.com","Estimated reading time":"11 minutes"},"schema":{"@context":"https:\/\/schema.org","@graph":[{"@type":"Article","@id":"https:\/\/dmcsrb.com\/politika\/gorcevic-crna-gora-spremna-za-zavrsnu-fazu-pregovora\/#article","isPartOf":{"@id":"https:\/\/dmcsrb.com\/politika\/gorcevic-crna-gora-spremna-za-zavrsnu-fazu-pregovora\/"},"author":{"name":"dmcsrbija.com@gmail.com","@id":"https:\/\/dmcsrb.com\/#\/schema\/person\/5c39170f12db1b8b457732d0b5c854e2"},"headline":"Gor\u010devi\u0107: Crna Gora spremna za zavr\u0161nu fazu pregovora","datePublished":"2025-10-26T05:53:00+00:00","mainEntityOfPage":{"@id":"https:\/\/dmcsrb.com\/politika\/gorcevic-crna-gora-spremna-za-zavrsnu-fazu-pregovora\/"},"wordCount":2260,"commentCount":0,"image":{"@id":"https:\/\/dmcsrb.com\/politika\/gorcevic-crna-gora-spremna-za-zavrsnu-fazu-pregovora\/#primaryimage"},"thumbnailUrl":"https:\/\/dmcsrb.com\/wp-content\/uploads\/2026\/01\/Maida-Gorcevic.jpeg","keywords":["EU","Maida Gor\u010devi\u0107","Ministarstvo evropskih poslova"],"articleSection":["Politika"],"inLanguage":"en-GB","potentialAction":[{"@type":"CommentAction","name":"Comment","target":["https:\/\/dmcsrb.com\/politika\/gorcevic-crna-gora-spremna-za-zavrsnu-fazu-pregovora\/#respond"]}]},{"@type":"WebPage","@id":"https:\/\/dmcsrb.com\/politika\/gorcevic-crna-gora-spremna-za-zavrsnu-fazu-pregovora\/","url":"https:\/\/dmcsrb.com\/politika\/gorcevic-crna-gora-spremna-za-zavrsnu-fazu-pregovora\/","name":"Gor\u010devi\u0107: Crna Gora spremna za zavr\u0161nu fazu pregovora - dmcsrb.com","isPartOf":{"@id":"https:\/\/dmcsrb.com\/#website"},"primaryImageOfPage":{"@id":"https:\/\/dmcsrb.com\/politika\/gorcevic-crna-gora-spremna-za-zavrsnu-fazu-pregovora\/#primaryimage"},"image":{"@id":"https:\/\/dmcsrb.com\/politika\/gorcevic-crna-gora-spremna-za-zavrsnu-fazu-pregovora\/#primaryimage"},"thumbnailUrl":"https:\/\/dmcsrb.com\/wp-content\/uploads\/2026\/01\/Maida-Gorcevic.jpeg","datePublished":"2025-10-26T05:53:00+00:00","author":{"@id":"https:\/\/dmcsrb.com\/#\/schema\/person\/5c39170f12db1b8b457732d0b5c854e2"},"breadcrumb":{"@id":"https:\/\/dmcsrb.com\/politika\/gorcevic-crna-gora-spremna-za-zavrsnu-fazu-pregovora\/#breadcrumb"},"inLanguage":"en-GB","potentialAction":[{"@type":"ReadAction","target":["https:\/\/dmcsrb.com\/politika\/gorcevic-crna-gora-spremna-za-zavrsnu-fazu-pregovora\/"]}]},{"@type":"ImageObject","inLanguage":"en-GB","@id":"https:\/\/dmcsrb.com\/politika\/gorcevic-crna-gora-spremna-za-zavrsnu-fazu-pregovora\/#primaryimage","url":"https:\/\/dmcsrb.com\/wp-content\/uploads\/2026\/01\/Maida-Gorcevic.jpeg","contentUrl":"https:\/\/dmcsrb.com\/wp-content\/uploads\/2026\/01\/Maida-Gorcevic.jpeg","width":2500,"height":1661},{"@type":"BreadcrumbList","@id":"https:\/\/dmcsrb.com\/politika\/gorcevic-crna-gora-spremna-za-zavrsnu-fazu-pregovora\/#breadcrumb","itemListElement":[{"@type":"ListItem","position":1,"name":"Home","item":"https:\/\/dmcsrb.com\/"},{"@type":"ListItem","position":2,"name":"Gor\u010devi\u0107: Crna Gora spremna za zavr\u0161nu fazu pregovora"}]},{"@type":"WebSite","@id":"https:\/\/dmcsrb.com\/#website","url":"https:\/\/dmcsrb.com\/","name":"dmcsrb.com","description":"","potentialAction":[{"@type":"SearchAction","target":{"@type":"EntryPoint","urlTemplate":"https:\/\/dmcsrb.com\/?s={search_term_string}"},"query-input":{"@type":"PropertyValueSpecification","valueRequired":true,"valueName":"search_term_string"}}],"inLanguage":"en-GB"},{"@type":"Person","@id":"https:\/\/dmcsrb.com\/#\/schema\/person\/5c39170f12db1b8b457732d0b5c854e2","name":"dmcsrbija.com@gmail.com","image":{"@type":"ImageObject","inLanguage":"en-GB","@id":"https:\/\/dmcsrb.com\/#\/schema\/person\/image\/","url":"https:\/\/secure.gravatar.com\/avatar\/68592660ad6347fad0fb587f8d5d8f1a7b44961362f56e4f2cd524feb87e9069?s=96&d=mm&r=g","contentUrl":"https:\/\/secure.gravatar.com\/avatar\/68592660ad6347fad0fb587f8d5d8f1a7b44961362f56e4f2cd524feb87e9069?s=96&d=mm&r=g","caption":"dmcsrbija.com@gmail.com"},"sameAs":["https:\/\/dmcsrb.com"],"url":"https:\/\/dmcsrb.com\/en\/author\/dmcsrbija-comgmail-com\/"}]}},"_links":{"self":[{"href":"https:\/\/dmcsrb.com\/en\/wp-json\/wp\/v2\/posts\/960086","targetHints":{"allow":["GET"]}}],"collection":[{"href":"https:\/\/dmcsrb.com\/en\/wp-json\/wp\/v2\/posts"}],"about":[{"href":"https:\/\/dmcsrb.com\/en\/wp-json\/wp\/v2\/types\/post"}],"author":[{"embeddable":true,"href":"https:\/\/dmcsrb.com\/en\/wp-json\/wp\/v2\/users\/1"}],"replies":[{"embeddable":true,"href":"https:\/\/dmcsrb.com\/en\/wp-json\/wp\/v2\/comments?post=960086"}],"version-history":[{"count":0,"href":"https:\/\/dmcsrb.com\/en\/wp-json\/wp\/v2\/posts\/960086\/revisions"}],"wp:featuredmedia":[{"embeddable":true,"href":"https:\/\/dmcsrb.com\/en\/wp-json\/wp\/v2\/media\/910507"}],"wp:attachment":[{"href":"https:\/\/dmcsrb.com\/en\/wp-json\/wp\/v2\/media?parent=960086"}],"wp:term":[{"taxonomy":"category","embeddable":true,"href":"https:\/\/dmcsrb.com\/en\/wp-json\/wp\/v2\/categories?post=960086"},{"taxonomy":"post_tag","embeddable":true,"href":"https:\/\/dmcsrb.com\/en\/wp-json\/wp\/v2\/tags?post=960086"},{"taxonomy":"naslovna","embeddable":true,"href":"https:\/\/dmcsrb.com\/en\/wp-json\/wp\/v2\/naslovna?post=960086"}],"curies":[{"name":"wp","href":"https:\/\/api.w.org\/{rel}","templated":true}]}}