{"id":960076,"date":"2025-10-25T20:25:34","date_gmt":"2025-10-25T18:25:34","guid":{"rendered":"https:\/\/dmcsrb.com\/uncategorized\/novljani-nakon-peteraca-srusili-novi-beograd-na-skveru\/"},"modified":"2025-10-25T20:25:34","modified_gmt":"2025-10-25T18:25:34","slug":"novljani-nakon-peteraca-srusili-novi-beograd-na-skveru","status":"publish","type":"post","link":"https:\/\/dmcsrb.com\/en\/sport\/novljani-nakon-peteraca-srusili-novi-beograd-na-skveru\/","title":{"rendered":"Novljani nakon peteraca sru\u0161ili Novi Beograd na &#8220;\u0160kveru&#8221;"},"content":{"rendered":"<p>Tim iz Herceg Novog savladao je Novi Beograd na \u0160kveru 17:16 nakon peteraca (12:12 u regularnom dijelu) i nakon \u010detiri utakmice ostao na maksimalnom u\u010dinku u Premijer regionalnoj ligi.<\/p>\n\n\n\n<p>Kao \u0161to se i o\u010dekivalo, gledali smo neizvjestan me\u010d ali je su na kraju Novljani bili koncentrisaniji i zaslu\u017eeno slavili.<\/p>\n\n\n\n<p>Poga\u0111alo se u serijama od samog starta i nije se moglo nagovijestiti ko bi mogao da preuzme primat na me\u010du s obzirom da je na poluvremenu bilo 6:6<\/p>\n\n\n\n<figure class=\"wp-block-image size-large\"><img decoding=\"async\" src=\"https:\/\/gradski.me\/wp-content\/uploads\/2025\/10\/jadran-protiv-N.Begorada-Vuk-Ilic-1024x683.webp\" alt=\"\" class=\"wp-image-858472\"\/><figcaption class=\"wp-element-caption\">Foto: Vuk Ili\u0107<\/figcaption><\/figure>\n\n\n\n<p>Me\u0111utim, tre\u0107a dionica donijela je kvalitetnu partiju doma\u0107ina koji je u njoj postigao pet golova, a primio tri pa je u posljednji kvartal u\u0161ao sa dva gola prednosti \u2013 11:9.<\/p>\n\n\n\n<p>U posljednjih osam minuta uspjeli su gosti iz Beograda da iskoriste crne minute Novljana i vrate se u me\u010d pa smo gledali dramu u fini\u0161u.<br><br>Na 34 sekunde prije kraja gol za Jadran postigao je&nbsp;<strong>Dmitri Holod<\/strong>, da bi na pet sekundi prije kraja za 12:12 i peterce za tim iz Srbije pogodio&nbsp;<strong>Vasilije Martinovi\u0107<\/strong>.<\/p>\n\n\n\n<p>Vi\u0161e koncentracije u penal seriji imao je na\u0161 predstavnik pa su bodovi zaslu\u017eeno ostali na \u0160kveru.<\/p>\n\n\n\n<p>Holod je sa tri gola bio najefikasniji me\u0111u Jadrana\u0161ima,&nbsp;<strong>Danilo Stupar<\/strong>,&nbsp;<strong>Fran Valera<\/strong>,&nbsp;<strong>Danil Merkulov&nbsp;<\/strong>i&nbsp;<strong>Matija Sladovi\u0107&nbsp;<\/strong>postigli su po dva, dok je jedan gol postigao&nbsp;<strong>Sr\u0111an Janovi\u0107<\/strong>.<\/p>\n\n\n\n<p>Lazar Andri\u0107 bio je odli\u010dan na golu sa 10 odbrana.<\/p>\n\n\n\n<p>Kod gostiju su se sa po tri pogotka istakli&nbsp;<strong>Luka Pljevan\u010di\u0107<\/strong>,&nbsp;<strong>Kristijan \u0160ulc&nbsp;<\/strong>i&nbsp;<strong>Vasilije Martinovi\u0107<\/strong>.<\/p>\n\n\n\n<p>Po pet odbrana sakupili su&nbsp;<strong>Milan Glu\u0161ac&nbsp;<\/strong>i&nbsp;<strong>Pavle Gavrilovi\u0107<\/strong>.<\/p>","protected":false},"excerpt":{"rendered":"<p>Jo\u0161 jedna sjajna predstava vaterpolista Jadrana m:tel.<\/p>","protected":false},"author":1,"featured_media":960077,"comment_status":"open","ping_status":"open","sticky":false,"template":"","format":"standard","meta":{"_acf_changed":false,"footnotes":""},"categories":[148],"tags":[866,7784,12608],"naslovna":[],"class_list":["post-960076","post","type-post","status-publish","format-standard","has-post-thumbnail","hentry","category-sport","tag-pvk-jadran-mtel","tag-regionalna-premijer-liga","tag-vk-novi-beograd"],"acf":[],"yoast_head":"<!-- This site is optimized with the Yoast SEO plugin v27.4 - https:\/\/yoast.com\/product\/yoast-seo-wordpress\/ -->\n<title>Novljani nakon peteraca sru\u0161ili Novi Beograd na &quot;\u0160kveru&quot; - dmcsrb.com<\/title>\n<meta name=\"robots\" content=\"index, follow, max-snippet:-1, max-image-preview:large, max-video-preview:-1\" \/>\n<link rel=\"canonical\" href=\"https:\/\/dmcsrb.com\/en\/sport\/novljani-nakon-peteraca-srusili-novi-beograd-na-skveru\/\" \/>\n<meta property=\"og:locale\" content=\"en_GB\" \/>\n<meta property=\"og:type\" content=\"article\" \/>\n<meta property=\"og:title\" content=\"Novljani nakon peteraca sru\u0161ili Novi Beograd na &quot;\u0160kveru&quot; - dmcsrb.com\" \/>\n<meta property=\"og:description\" content=\"Jo\u0161 jedna sjajna predstava vaterpolista Jadrana m:tel.\" \/>\n<meta property=\"og:url\" content=\"https:\/\/dmcsrb.com\/en\/sport\/novljani-nakon-peteraca-srusili-novi-beograd-na-skveru\/\" \/>\n<meta property=\"og:site_name\" content=\"dmcsrb.com\" \/>\n<meta property=\"article:published_time\" content=\"2025-10-25T18:25:34+00:00\" \/>\n<meta property=\"og:image\" content=\"https:\/\/dmcsrb.com\/wp-content\/uploads\/2026\/01\/Jadran-Vasilije-Radovic-Vuk-Ilic.webp\" \/>\n\t<meta property=\"og:image:width\" content=\"1280\" \/>\n\t<meta property=\"og:image:height\" content=\"853\" \/>\n\t<meta property=\"og:image:type\" content=\"image\/webp\" \/>\n<meta name=\"author\" content=\"dmcsrbija.com@gmail.com\" \/>\n<meta name=\"twitter:card\" content=\"summary_large_image\" \/>\n<meta name=\"twitter:label1\" content=\"Written by\" \/>\n\t<meta name=\"twitter:data1\" content=\"dmcsrbija.com@gmail.com\" \/>\n\t<meta name=\"twitter:label2\" content=\"Estimated reading time\" \/>\n\t<meta name=\"twitter:data2\" content=\"1 minute\" \/>\n<script type=\"application\/ld+json\" class=\"yoast-schema-graph\">{\"@context\":\"https:\\\/\\\/schema.org\",\"@graph\":[{\"@type\":\"Article\",\"@id\":\"https:\\\/\\\/dmcsrb.com\\\/sport\\\/novljani-nakon-peteraca-srusili-novi-beograd-na-skveru\\\/#article\",\"isPartOf\":{\"@id\":\"https:\\\/\\\/dmcsrb.com\\\/sport\\\/novljani-nakon-peteraca-srusili-novi-beograd-na-skveru\\\/\"},\"author\":{\"name\":\"dmcsrbija.com@gmail.com\",\"@id\":\"https:\\\/\\\/dmcsrb.com\\\/#\\\/schema\\\/person\\\/5c39170f12db1b8b457732d0b5c854e2\"},\"headline\":\"Novljani nakon peteraca sru\u0161ili Novi Beograd na &#8220;\u0160kveru&#8221;\",\"datePublished\":\"2025-10-25T18:25:34+00:00\",\"mainEntityOfPage\":{\"@id\":\"https:\\\/\\\/dmcsrb.com\\\/sport\\\/novljani-nakon-peteraca-srusili-novi-beograd-na-skveru\\\/\"},\"wordCount\":281,\"commentCount\":0,\"image\":{\"@id\":\"https:\\\/\\\/dmcsrb.com\\\/sport\\\/novljani-nakon-peteraca-srusili-novi-beograd-na-skveru\\\/#primaryimage\"},\"thumbnailUrl\":\"https:\\\/\\\/dmcsrb.com\\\/wp-content\\\/uploads\\\/2026\\\/01\\\/Jadran-Vasilije-Radovic-Vuk-Ilic.webp\",\"keywords\":[\"PVK Jadran M:tel\",\"Regionalna Premijer liga\",\"VK Novi Beograd\"],\"articleSection\":[\"Sport\"],\"inLanguage\":\"en-GB\",\"potentialAction\":[{\"@type\":\"CommentAction\",\"name\":\"Comment\",\"target\":[\"https:\\\/\\\/dmcsrb.com\\\/sport\\\/novljani-nakon-peteraca-srusili-novi-beograd-na-skveru\\\/#respond\"]}]},{\"@type\":\"WebPage\",\"@id\":\"https:\\\/\\\/dmcsrb.com\\\/sport\\\/novljani-nakon-peteraca-srusili-novi-beograd-na-skveru\\\/\",\"url\":\"https:\\\/\\\/dmcsrb.com\\\/sport\\\/novljani-nakon-peteraca-srusili-novi-beograd-na-skveru\\\/\",\"name\":\"Novljani nakon peteraca sru\u0161ili Novi Beograd na \\\"\u0160kveru\\\" - dmcsrb.com\",\"isPartOf\":{\"@id\":\"https:\\\/\\\/dmcsrb.com\\\/#website\"},\"primaryImageOfPage\":{\"@id\":\"https:\\\/\\\/dmcsrb.com\\\/sport\\\/novljani-nakon-peteraca-srusili-novi-beograd-na-skveru\\\/#primaryimage\"},\"image\":{\"@id\":\"https:\\\/\\\/dmcsrb.com\\\/sport\\\/novljani-nakon-peteraca-srusili-novi-beograd-na-skveru\\\/#primaryimage\"},\"thumbnailUrl\":\"https:\\\/\\\/dmcsrb.com\\\/wp-content\\\/uploads\\\/2026\\\/01\\\/Jadran-Vasilije-Radovic-Vuk-Ilic.webp\",\"datePublished\":\"2025-10-25T18:25:34+00:00\",\"author\":{\"@id\":\"https:\\\/\\\/dmcsrb.com\\\/#\\\/schema\\\/person\\\/5c39170f12db1b8b457732d0b5c854e2\"},\"breadcrumb\":{\"@id\":\"https:\\\/\\\/dmcsrb.com\\\/sport\\\/novljani-nakon-peteraca-srusili-novi-beograd-na-skveru\\\/#breadcrumb\"},\"inLanguage\":\"en-GB\",\"potentialAction\":[{\"@type\":\"ReadAction\",\"target\":[\"https:\\\/\\\/dmcsrb.com\\\/sport\\\/novljani-nakon-peteraca-srusili-novi-beograd-na-skveru\\\/\"]}]},{\"@type\":\"ImageObject\",\"inLanguage\":\"en-GB\",\"@id\":\"https:\\\/\\\/dmcsrb.com\\\/sport\\\/novljani-nakon-peteraca-srusili-novi-beograd-na-skveru\\\/#primaryimage\",\"url\":\"https:\\\/\\\/dmcsrb.com\\\/wp-content\\\/uploads\\\/2026\\\/01\\\/Jadran-Vasilije-Radovic-Vuk-Ilic.webp\",\"contentUrl\":\"https:\\\/\\\/dmcsrb.com\\\/wp-content\\\/uploads\\\/2026\\\/01\\\/Jadran-Vasilije-Radovic-Vuk-Ilic.webp\",\"width\":1280,\"height\":853},{\"@type\":\"BreadcrumbList\",\"@id\":\"https:\\\/\\\/dmcsrb.com\\\/sport\\\/novljani-nakon-peteraca-srusili-novi-beograd-na-skveru\\\/#breadcrumb\",\"itemListElement\":[{\"@type\":\"ListItem\",\"position\":1,\"name\":\"Home\",\"item\":\"https:\\\/\\\/dmcsrb.com\\\/\"},{\"@type\":\"ListItem\",\"position\":2,\"name\":\"Novljani nakon peteraca sru\u0161ili Novi Beograd na &#8220;\u0160kveru&#8221;\"}]},{\"@type\":\"WebSite\",\"@id\":\"https:\\\/\\\/dmcsrb.com\\\/#website\",\"url\":\"https:\\\/\\\/dmcsrb.com\\\/\",\"name\":\"dmcsrb.com\",\"description\":\"\",\"potentialAction\":[{\"@type\":\"SearchAction\",\"target\":{\"@type\":\"EntryPoint\",\"urlTemplate\":\"https:\\\/\\\/dmcsrb.com\\\/?s={search_term_string}\"},\"query-input\":{\"@type\":\"PropertyValueSpecification\",\"valueRequired\":true,\"valueName\":\"search_term_string\"}}],\"inLanguage\":\"en-GB\"},{\"@type\":\"Person\",\"@id\":\"https:\\\/\\\/dmcsrb.com\\\/#\\\/schema\\\/person\\\/5c39170f12db1b8b457732d0b5c854e2\",\"name\":\"dmcsrbija.com@gmail.com\",\"image\":{\"@type\":\"ImageObject\",\"inLanguage\":\"en-GB\",\"@id\":\"https:\\\/\\\/secure.gravatar.com\\\/avatar\\\/68592660ad6347fad0fb587f8d5d8f1a7b44961362f56e4f2cd524feb87e9069?s=96&d=mm&r=g\",\"url\":\"https:\\\/\\\/secure.gravatar.com\\\/avatar\\\/68592660ad6347fad0fb587f8d5d8f1a7b44961362f56e4f2cd524feb87e9069?s=96&d=mm&r=g\",\"contentUrl\":\"https:\\\/\\\/secure.gravatar.com\\\/avatar\\\/68592660ad6347fad0fb587f8d5d8f1a7b44961362f56e4f2cd524feb87e9069?s=96&d=mm&r=g\",\"caption\":\"dmcsrbija.com@gmail.com\"},\"sameAs\":[\"https:\\\/\\\/dmcsrb.com\"],\"url\":\"https:\\\/\\\/dmcsrb.com\\\/en\\\/author\\\/dmcsrbija-comgmail-com\\\/\"}]}<\/script>\n<!-- \/ Yoast SEO plugin. -->","yoast_head_json":{"title":"Novljani nakon peteraca sru\u0161ili Novi Beograd na \"\u0160kveru\" - dmcsrb.com","robots":{"index":"index","follow":"follow","max-snippet":"max-snippet:-1","max-image-preview":"max-image-preview:large","max-video-preview":"max-video-preview:-1"},"canonical":"https:\/\/dmcsrb.com\/en\/sport\/novljani-nakon-peteraca-srusili-novi-beograd-na-skveru\/","og_locale":"en_GB","og_type":"article","og_title":"Novljani nakon peteraca sru\u0161ili Novi Beograd na \"\u0160kveru\" - dmcsrb.com","og_description":"Jo\u0161 jedna sjajna predstava vaterpolista Jadrana m:tel.","og_url":"https:\/\/dmcsrb.com\/en\/sport\/novljani-nakon-peteraca-srusili-novi-beograd-na-skveru\/","og_site_name":"dmcsrb.com","article_published_time":"2025-10-25T18:25:34+00:00","og_image":[{"width":1280,"height":853,"url":"https:\/\/dmcsrb.com\/wp-content\/uploads\/2026\/01\/Jadran-Vasilije-Radovic-Vuk-Ilic.webp","type":"image\/webp"}],"author":"dmcsrbija.com@gmail.com","twitter_card":"summary_large_image","twitter_misc":{"Written by":"dmcsrbija.com@gmail.com","Estimated reading time":"1 minute"},"schema":{"@context":"https:\/\/schema.org","@graph":[{"@type":"Article","@id":"https:\/\/dmcsrb.com\/sport\/novljani-nakon-peteraca-srusili-novi-beograd-na-skveru\/#article","isPartOf":{"@id":"https:\/\/dmcsrb.com\/sport\/novljani-nakon-peteraca-srusili-novi-beograd-na-skveru\/"},"author":{"name":"dmcsrbija.com@gmail.com","@id":"https:\/\/dmcsrb.com\/#\/schema\/person\/5c39170f12db1b8b457732d0b5c854e2"},"headline":"Novljani nakon peteraca sru\u0161ili Novi Beograd na &#8220;\u0160kveru&#8221;","datePublished":"2025-10-25T18:25:34+00:00","mainEntityOfPage":{"@id":"https:\/\/dmcsrb.com\/sport\/novljani-nakon-peteraca-srusili-novi-beograd-na-skveru\/"},"wordCount":281,"commentCount":0,"image":{"@id":"https:\/\/dmcsrb.com\/sport\/novljani-nakon-peteraca-srusili-novi-beograd-na-skveru\/#primaryimage"},"thumbnailUrl":"https:\/\/dmcsrb.com\/wp-content\/uploads\/2026\/01\/Jadran-Vasilije-Radovic-Vuk-Ilic.webp","keywords":["PVK Jadran M:tel","Regionalna Premijer liga","VK Novi Beograd"],"articleSection":["Sport"],"inLanguage":"en-GB","potentialAction":[{"@type":"CommentAction","name":"Comment","target":["https:\/\/dmcsrb.com\/sport\/novljani-nakon-peteraca-srusili-novi-beograd-na-skveru\/#respond"]}]},{"@type":"WebPage","@id":"https:\/\/dmcsrb.com\/sport\/novljani-nakon-peteraca-srusili-novi-beograd-na-skveru\/","url":"https:\/\/dmcsrb.com\/sport\/novljani-nakon-peteraca-srusili-novi-beograd-na-skveru\/","name":"Novljani nakon peteraca sru\u0161ili Novi Beograd na \"\u0160kveru\" - dmcsrb.com","isPartOf":{"@id":"https:\/\/dmcsrb.com\/#website"},"primaryImageOfPage":{"@id":"https:\/\/dmcsrb.com\/sport\/novljani-nakon-peteraca-srusili-novi-beograd-na-skveru\/#primaryimage"},"image":{"@id":"https:\/\/dmcsrb.com\/sport\/novljani-nakon-peteraca-srusili-novi-beograd-na-skveru\/#primaryimage"},"thumbnailUrl":"https:\/\/dmcsrb.com\/wp-content\/uploads\/2026\/01\/Jadran-Vasilije-Radovic-Vuk-Ilic.webp","datePublished":"2025-10-25T18:25:34+00:00","author":{"@id":"https:\/\/dmcsrb.com\/#\/schema\/person\/5c39170f12db1b8b457732d0b5c854e2"},"breadcrumb":{"@id":"https:\/\/dmcsrb.com\/sport\/novljani-nakon-peteraca-srusili-novi-beograd-na-skveru\/#breadcrumb"},"inLanguage":"en-GB","potentialAction":[{"@type":"ReadAction","target":["https:\/\/dmcsrb.com\/sport\/novljani-nakon-peteraca-srusili-novi-beograd-na-skveru\/"]}]},{"@type":"ImageObject","inLanguage":"en-GB","@id":"https:\/\/dmcsrb.com\/sport\/novljani-nakon-peteraca-srusili-novi-beograd-na-skveru\/#primaryimage","url":"https:\/\/dmcsrb.com\/wp-content\/uploads\/2026\/01\/Jadran-Vasilije-Radovic-Vuk-Ilic.webp","contentUrl":"https:\/\/dmcsrb.com\/wp-content\/uploads\/2026\/01\/Jadran-Vasilije-Radovic-Vuk-Ilic.webp","width":1280,"height":853},{"@type":"BreadcrumbList","@id":"https:\/\/dmcsrb.com\/sport\/novljani-nakon-peteraca-srusili-novi-beograd-na-skveru\/#breadcrumb","itemListElement":[{"@type":"ListItem","position":1,"name":"Home","item":"https:\/\/dmcsrb.com\/"},{"@type":"ListItem","position":2,"name":"Novljani nakon peteraca sru\u0161ili Novi Beograd na &#8220;\u0160kveru&#8221;"}]},{"@type":"WebSite","@id":"https:\/\/dmcsrb.com\/#website","url":"https:\/\/dmcsrb.com\/","name":"dmcsrb.com","description":"","potentialAction":[{"@type":"SearchAction","target":{"@type":"EntryPoint","urlTemplate":"https:\/\/dmcsrb.com\/?s={search_term_string}"},"query-input":{"@type":"PropertyValueSpecification","valueRequired":true,"valueName":"search_term_string"}}],"inLanguage":"en-GB"},{"@type":"Person","@id":"https:\/\/dmcsrb.com\/#\/schema\/person\/5c39170f12db1b8b457732d0b5c854e2","name":"dmcsrbija.com@gmail.com","image":{"@type":"ImageObject","inLanguage":"en-GB","@id":"https:\/\/secure.gravatar.com\/avatar\/68592660ad6347fad0fb587f8d5d8f1a7b44961362f56e4f2cd524feb87e9069?s=96&d=mm&r=g","url":"https:\/\/secure.gravatar.com\/avatar\/68592660ad6347fad0fb587f8d5d8f1a7b44961362f56e4f2cd524feb87e9069?s=96&d=mm&r=g","contentUrl":"https:\/\/secure.gravatar.com\/avatar\/68592660ad6347fad0fb587f8d5d8f1a7b44961362f56e4f2cd524feb87e9069?s=96&d=mm&r=g","caption":"dmcsrbija.com@gmail.com"},"sameAs":["https:\/\/dmcsrb.com"],"url":"https:\/\/dmcsrb.com\/en\/author\/dmcsrbija-comgmail-com\/"}]}},"_links":{"self":[{"href":"https:\/\/dmcsrb.com\/en\/wp-json\/wp\/v2\/posts\/960076","targetHints":{"allow":["GET"]}}],"collection":[{"href":"https:\/\/dmcsrb.com\/en\/wp-json\/wp\/v2\/posts"}],"about":[{"href":"https:\/\/dmcsrb.com\/en\/wp-json\/wp\/v2\/types\/post"}],"author":[{"embeddable":true,"href":"https:\/\/dmcsrb.com\/en\/wp-json\/wp\/v2\/users\/1"}],"replies":[{"embeddable":true,"href":"https:\/\/dmcsrb.com\/en\/wp-json\/wp\/v2\/comments?post=960076"}],"version-history":[{"count":0,"href":"https:\/\/dmcsrb.com\/en\/wp-json\/wp\/v2\/posts\/960076\/revisions"}],"wp:featuredmedia":[{"embeddable":true,"href":"https:\/\/dmcsrb.com\/en\/wp-json\/wp\/v2\/media\/960077"}],"wp:attachment":[{"href":"https:\/\/dmcsrb.com\/en\/wp-json\/wp\/v2\/media?parent=960076"}],"wp:term":[{"taxonomy":"category","embeddable":true,"href":"https:\/\/dmcsrb.com\/en\/wp-json\/wp\/v2\/categories?post=960076"},{"taxonomy":"post_tag","embeddable":true,"href":"https:\/\/dmcsrb.com\/en\/wp-json\/wp\/v2\/tags?post=960076"},{"taxonomy":"naslovna","embeddable":true,"href":"https:\/\/dmcsrb.com\/en\/wp-json\/wp\/v2\/naslovna?post=960076"}],"curies":[{"name":"wp","href":"https:\/\/api.w.org\/{rel}","templated":true}]}}