{"id":960068,"date":"2025-10-26T09:43:00","date_gmt":"2025-10-26T08:43:00","guid":{"rendered":"https:\/\/dmcsrb.com\/uncategorized\/cetkovic-bilo-je-jako-vazno-da-otvorimo-mec-na-pravi-nacin\/"},"modified":"2025-10-26T09:43:00","modified_gmt":"2025-10-26T08:43:00","slug":"cetkovic-bilo-je-jako-vazno-da-otvorimo-mec-na-pravi-nacin","status":"publish","type":"post","link":"https:\/\/dmcsrb.com\/en\/sport\/cetkovic-bilo-je-jako-vazno-da-otvorimo-mec-na-pravi-nacin\/","title":{"rendered":"\u0106etkovi\u0107: Bilo je jako va\u017eno da otvorimo me\u010d na pravi na\u010din"},"content":{"rendered":"<p>Kotorani su pitanje pobjednika rije\u0161ili prakti\u010dno nakon uvodne dionice koju su dobili 5:1&#8230;<\/p>\n\n\n\n<p>\u201cZnali smo da \u0107e Partizan biti agresivan na svom bazenu, bilo je jako bitno kako \u0107emo otvoriti utakmicu. Mi smo to uradili na pravi na\u010din, rano smo poveli i kontrolisali rezultat&#8221;, kazao je Petar \u0106etkovi\u0107. <\/p>\n\n\n\n<p>Primorac \u0107e ve\u0107 za tri dana gostovati CSM Oradei u Ligi \u0161ampiona, dok \u0107e potom do\u010dekati Radni\u010dki u regionalnoj ligi.<\/p>\n\n\n\n<p>&#8220;Jako je bitno da se odmorimo, \u010deka nas put u Rumuniju gdje je protivnik Oradea. Tu nam je pobjeda jako va\u017ena kako bi ostali u igri za prolaz dalje&#8221;, zaklju\u010dio je \u0106etkovi\u0107.<\/p>","protected":false},"excerpt":{"rendered":"<p>Primorac je bez ve\u0107ih problema savladao Partizan u Beogradu (18:9) i ostvario tre\u0107u pobjedu u Premijer regionalnoj ligi.<\/p>","protected":false},"author":1,"featured_media":960069,"comment_status":"open","ping_status":"open","sticky":false,"template":"","format":"standard","meta":{"_acf_changed":false,"footnotes":""},"categories":[148],"tags":[12604,7784,12594,189],"naslovna":[],"class_list":["post-960068","post","type-post","status-publish","format-standard","has-post-thumbnail","hentry","category-sport","tag-petar-cetkovic","tag-regionalna-premijer-liga","tag-vk-partizan","tag-vpk-primorac"],"acf":[],"yoast_head":"<!-- This site is optimized with the Yoast SEO plugin v27.4 - https:\/\/yoast.com\/product\/yoast-seo-wordpress\/ -->\n<title>\u0106etkovi\u0107: Bilo je jako va\u017eno da otvorimo me\u010d na pravi na\u010din - dmcsrb.com<\/title>\n<meta name=\"robots\" content=\"index, follow, max-snippet:-1, max-image-preview:large, max-video-preview:-1\" \/>\n<link rel=\"canonical\" href=\"https:\/\/dmcsrb.com\/en\/sport\/cetkovic-bilo-je-jako-vazno-da-otvorimo-mec-na-pravi-nacin\/\" \/>\n<meta property=\"og:locale\" content=\"en_GB\" \/>\n<meta property=\"og:type\" content=\"article\" \/>\n<meta property=\"og:title\" content=\"\u0106etkovi\u0107: Bilo je jako va\u017eno da otvorimo me\u010d na pravi na\u010din - dmcsrb.com\" \/>\n<meta property=\"og:description\" content=\"Primorac je bez ve\u0107ih problema savladao Partizan u Beogradu (18:9) i ostvario tre\u0107u pobjedu u Premijer regionalnoj ligi.\" \/>\n<meta property=\"og:url\" content=\"https:\/\/dmcsrb.com\/en\/sport\/cetkovic-bilo-je-jako-vazno-da-otvorimo-mec-na-pravi-nacin\/\" \/>\n<meta property=\"og:site_name\" content=\"dmcsrb.com\" \/>\n<meta property=\"article:published_time\" content=\"2025-10-26T08:43:00+00:00\" \/>\n<meta property=\"og:image\" content=\"https:\/\/dmcsrb.com\/wp-content\/uploads\/2026\/01\/Petar-Cetkovic-Filip-Roganovic.webp\" \/>\n\t<meta property=\"og:image:width\" content=\"1280\" \/>\n\t<meta property=\"og:image:height\" content=\"852\" \/>\n\t<meta property=\"og:image:type\" content=\"image\/webp\" \/>\n<meta name=\"author\" content=\"dmcsrbija.com@gmail.com\" \/>\n<meta name=\"twitter:card\" content=\"summary_large_image\" \/>\n<meta name=\"twitter:label1\" content=\"Written by\" \/>\n\t<meta name=\"twitter:data1\" content=\"dmcsrbija.com@gmail.com\" \/>\n\t<meta name=\"twitter:label2\" content=\"Estimated reading time\" \/>\n\t<meta name=\"twitter:data2\" content=\"1 minute\" \/>\n<script type=\"application\/ld+json\" class=\"yoast-schema-graph\">{\"@context\":\"https:\\\/\\\/schema.org\",\"@graph\":[{\"@type\":\"Article\",\"@id\":\"https:\\\/\\\/dmcsrb.com\\\/sport\\\/cetkovic-bilo-je-jako-vazno-da-otvorimo-mec-na-pravi-nacin\\\/#article\",\"isPartOf\":{\"@id\":\"https:\\\/\\\/dmcsrb.com\\\/sport\\\/cetkovic-bilo-je-jako-vazno-da-otvorimo-mec-na-pravi-nacin\\\/\"},\"author\":{\"name\":\"dmcsrbija.com@gmail.com\",\"@id\":\"https:\\\/\\\/dmcsrb.com\\\/#\\\/schema\\\/person\\\/5c39170f12db1b8b457732d0b5c854e2\"},\"headline\":\"\u0106etkovi\u0107: Bilo je jako va\u017eno da otvorimo me\u010d na pravi na\u010din\",\"datePublished\":\"2025-10-26T08:43:00+00:00\",\"mainEntityOfPage\":{\"@id\":\"https:\\\/\\\/dmcsrb.com\\\/sport\\\/cetkovic-bilo-je-jako-vazno-da-otvorimo-mec-na-pravi-nacin\\\/\"},\"wordCount\":119,\"commentCount\":0,\"image\":{\"@id\":\"https:\\\/\\\/dmcsrb.com\\\/sport\\\/cetkovic-bilo-je-jako-vazno-da-otvorimo-mec-na-pravi-nacin\\\/#primaryimage\"},\"thumbnailUrl\":\"https:\\\/\\\/dmcsrb.com\\\/wp-content\\\/uploads\\\/2026\\\/01\\\/Petar-Cetkovic-Filip-Roganovic.webp\",\"keywords\":[\"Petar \u0106etkovi\u0107\",\"Regionalna Premijer liga\",\"VK Partizan\",\"VPK Primorac\"],\"articleSection\":[\"Sport\"],\"inLanguage\":\"en-GB\",\"potentialAction\":[{\"@type\":\"CommentAction\",\"name\":\"Comment\",\"target\":[\"https:\\\/\\\/dmcsrb.com\\\/sport\\\/cetkovic-bilo-je-jako-vazno-da-otvorimo-mec-na-pravi-nacin\\\/#respond\"]}]},{\"@type\":\"WebPage\",\"@id\":\"https:\\\/\\\/dmcsrb.com\\\/sport\\\/cetkovic-bilo-je-jako-vazno-da-otvorimo-mec-na-pravi-nacin\\\/\",\"url\":\"https:\\\/\\\/dmcsrb.com\\\/sport\\\/cetkovic-bilo-je-jako-vazno-da-otvorimo-mec-na-pravi-nacin\\\/\",\"name\":\"\u0106etkovi\u0107: Bilo je jako va\u017eno da otvorimo me\u010d na pravi na\u010din - dmcsrb.com\",\"isPartOf\":{\"@id\":\"https:\\\/\\\/dmcsrb.com\\\/#website\"},\"primaryImageOfPage\":{\"@id\":\"https:\\\/\\\/dmcsrb.com\\\/sport\\\/cetkovic-bilo-je-jako-vazno-da-otvorimo-mec-na-pravi-nacin\\\/#primaryimage\"},\"image\":{\"@id\":\"https:\\\/\\\/dmcsrb.com\\\/sport\\\/cetkovic-bilo-je-jako-vazno-da-otvorimo-mec-na-pravi-nacin\\\/#primaryimage\"},\"thumbnailUrl\":\"https:\\\/\\\/dmcsrb.com\\\/wp-content\\\/uploads\\\/2026\\\/01\\\/Petar-Cetkovic-Filip-Roganovic.webp\",\"datePublished\":\"2025-10-26T08:43:00+00:00\",\"author\":{\"@id\":\"https:\\\/\\\/dmcsrb.com\\\/#\\\/schema\\\/person\\\/5c39170f12db1b8b457732d0b5c854e2\"},\"breadcrumb\":{\"@id\":\"https:\\\/\\\/dmcsrb.com\\\/sport\\\/cetkovic-bilo-je-jako-vazno-da-otvorimo-mec-na-pravi-nacin\\\/#breadcrumb\"},\"inLanguage\":\"en-GB\",\"potentialAction\":[{\"@type\":\"ReadAction\",\"target\":[\"https:\\\/\\\/dmcsrb.com\\\/sport\\\/cetkovic-bilo-je-jako-vazno-da-otvorimo-mec-na-pravi-nacin\\\/\"]}]},{\"@type\":\"ImageObject\",\"inLanguage\":\"en-GB\",\"@id\":\"https:\\\/\\\/dmcsrb.com\\\/sport\\\/cetkovic-bilo-je-jako-vazno-da-otvorimo-mec-na-pravi-nacin\\\/#primaryimage\",\"url\":\"https:\\\/\\\/dmcsrb.com\\\/wp-content\\\/uploads\\\/2026\\\/01\\\/Petar-Cetkovic-Filip-Roganovic.webp\",\"contentUrl\":\"https:\\\/\\\/dmcsrb.com\\\/wp-content\\\/uploads\\\/2026\\\/01\\\/Petar-Cetkovic-Filip-Roganovic.webp\",\"width\":1280,\"height\":852},{\"@type\":\"BreadcrumbList\",\"@id\":\"https:\\\/\\\/dmcsrb.com\\\/sport\\\/cetkovic-bilo-je-jako-vazno-da-otvorimo-mec-na-pravi-nacin\\\/#breadcrumb\",\"itemListElement\":[{\"@type\":\"ListItem\",\"position\":1,\"name\":\"Home\",\"item\":\"https:\\\/\\\/dmcsrb.com\\\/\"},{\"@type\":\"ListItem\",\"position\":2,\"name\":\"\u0106etkovi\u0107: Bilo je jako va\u017eno da otvorimo me\u010d na pravi na\u010din\"}]},{\"@type\":\"WebSite\",\"@id\":\"https:\\\/\\\/dmcsrb.com\\\/#website\",\"url\":\"https:\\\/\\\/dmcsrb.com\\\/\",\"name\":\"dmcsrb.com\",\"description\":\"\",\"potentialAction\":[{\"@type\":\"SearchAction\",\"target\":{\"@type\":\"EntryPoint\",\"urlTemplate\":\"https:\\\/\\\/dmcsrb.com\\\/?s={search_term_string}\"},\"query-input\":{\"@type\":\"PropertyValueSpecification\",\"valueRequired\":true,\"valueName\":\"search_term_string\"}}],\"inLanguage\":\"en-GB\"},{\"@type\":\"Person\",\"@id\":\"https:\\\/\\\/dmcsrb.com\\\/#\\\/schema\\\/person\\\/5c39170f12db1b8b457732d0b5c854e2\",\"name\":\"dmcsrbija.com@gmail.com\",\"image\":{\"@type\":\"ImageObject\",\"inLanguage\":\"en-GB\",\"@id\":\"https:\\\/\\\/secure.gravatar.com\\\/avatar\\\/68592660ad6347fad0fb587f8d5d8f1a7b44961362f56e4f2cd524feb87e9069?s=96&d=mm&r=g\",\"url\":\"https:\\\/\\\/secure.gravatar.com\\\/avatar\\\/68592660ad6347fad0fb587f8d5d8f1a7b44961362f56e4f2cd524feb87e9069?s=96&d=mm&r=g\",\"contentUrl\":\"https:\\\/\\\/secure.gravatar.com\\\/avatar\\\/68592660ad6347fad0fb587f8d5d8f1a7b44961362f56e4f2cd524feb87e9069?s=96&d=mm&r=g\",\"caption\":\"dmcsrbija.com@gmail.com\"},\"sameAs\":[\"https:\\\/\\\/dmcsrb.com\"],\"url\":\"https:\\\/\\\/dmcsrb.com\\\/en\\\/author\\\/dmcsrbija-comgmail-com\\\/\"}]}<\/script>\n<!-- \/ Yoast SEO plugin. -->","yoast_head_json":{"title":"\u0106etkovi\u0107: Bilo je jako va\u017eno da otvorimo me\u010d na pravi na\u010din - dmcsrb.com","robots":{"index":"index","follow":"follow","max-snippet":"max-snippet:-1","max-image-preview":"max-image-preview:large","max-video-preview":"max-video-preview:-1"},"canonical":"https:\/\/dmcsrb.com\/en\/sport\/cetkovic-bilo-je-jako-vazno-da-otvorimo-mec-na-pravi-nacin\/","og_locale":"en_GB","og_type":"article","og_title":"\u0106etkovi\u0107: Bilo je jako va\u017eno da otvorimo me\u010d na pravi na\u010din - dmcsrb.com","og_description":"Primorac je bez ve\u0107ih problema savladao Partizan u Beogradu (18:9) i ostvario tre\u0107u pobjedu u Premijer regionalnoj ligi.","og_url":"https:\/\/dmcsrb.com\/en\/sport\/cetkovic-bilo-je-jako-vazno-da-otvorimo-mec-na-pravi-nacin\/","og_site_name":"dmcsrb.com","article_published_time":"2025-10-26T08:43:00+00:00","og_image":[{"width":1280,"height":852,"url":"https:\/\/dmcsrb.com\/wp-content\/uploads\/2026\/01\/Petar-Cetkovic-Filip-Roganovic.webp","type":"image\/webp"}],"author":"dmcsrbija.com@gmail.com","twitter_card":"summary_large_image","twitter_misc":{"Written by":"dmcsrbija.com@gmail.com","Estimated reading time":"1 minute"},"schema":{"@context":"https:\/\/schema.org","@graph":[{"@type":"Article","@id":"https:\/\/dmcsrb.com\/sport\/cetkovic-bilo-je-jako-vazno-da-otvorimo-mec-na-pravi-nacin\/#article","isPartOf":{"@id":"https:\/\/dmcsrb.com\/sport\/cetkovic-bilo-je-jako-vazno-da-otvorimo-mec-na-pravi-nacin\/"},"author":{"name":"dmcsrbija.com@gmail.com","@id":"https:\/\/dmcsrb.com\/#\/schema\/person\/5c39170f12db1b8b457732d0b5c854e2"},"headline":"\u0106etkovi\u0107: Bilo je jako va\u017eno da otvorimo me\u010d na pravi na\u010din","datePublished":"2025-10-26T08:43:00+00:00","mainEntityOfPage":{"@id":"https:\/\/dmcsrb.com\/sport\/cetkovic-bilo-je-jako-vazno-da-otvorimo-mec-na-pravi-nacin\/"},"wordCount":119,"commentCount":0,"image":{"@id":"https:\/\/dmcsrb.com\/sport\/cetkovic-bilo-je-jako-vazno-da-otvorimo-mec-na-pravi-nacin\/#primaryimage"},"thumbnailUrl":"https:\/\/dmcsrb.com\/wp-content\/uploads\/2026\/01\/Petar-Cetkovic-Filip-Roganovic.webp","keywords":["Petar \u0106etkovi\u0107","Regionalna Premijer liga","VK Partizan","VPK Primorac"],"articleSection":["Sport"],"inLanguage":"en-GB","potentialAction":[{"@type":"CommentAction","name":"Comment","target":["https:\/\/dmcsrb.com\/sport\/cetkovic-bilo-je-jako-vazno-da-otvorimo-mec-na-pravi-nacin\/#respond"]}]},{"@type":"WebPage","@id":"https:\/\/dmcsrb.com\/sport\/cetkovic-bilo-je-jako-vazno-da-otvorimo-mec-na-pravi-nacin\/","url":"https:\/\/dmcsrb.com\/sport\/cetkovic-bilo-je-jako-vazno-da-otvorimo-mec-na-pravi-nacin\/","name":"\u0106etkovi\u0107: Bilo je jako va\u017eno da otvorimo me\u010d na pravi na\u010din - dmcsrb.com","isPartOf":{"@id":"https:\/\/dmcsrb.com\/#website"},"primaryImageOfPage":{"@id":"https:\/\/dmcsrb.com\/sport\/cetkovic-bilo-je-jako-vazno-da-otvorimo-mec-na-pravi-nacin\/#primaryimage"},"image":{"@id":"https:\/\/dmcsrb.com\/sport\/cetkovic-bilo-je-jako-vazno-da-otvorimo-mec-na-pravi-nacin\/#primaryimage"},"thumbnailUrl":"https:\/\/dmcsrb.com\/wp-content\/uploads\/2026\/01\/Petar-Cetkovic-Filip-Roganovic.webp","datePublished":"2025-10-26T08:43:00+00:00","author":{"@id":"https:\/\/dmcsrb.com\/#\/schema\/person\/5c39170f12db1b8b457732d0b5c854e2"},"breadcrumb":{"@id":"https:\/\/dmcsrb.com\/sport\/cetkovic-bilo-je-jako-vazno-da-otvorimo-mec-na-pravi-nacin\/#breadcrumb"},"inLanguage":"en-GB","potentialAction":[{"@type":"ReadAction","target":["https:\/\/dmcsrb.com\/sport\/cetkovic-bilo-je-jako-vazno-da-otvorimo-mec-na-pravi-nacin\/"]}]},{"@type":"ImageObject","inLanguage":"en-GB","@id":"https:\/\/dmcsrb.com\/sport\/cetkovic-bilo-je-jako-vazno-da-otvorimo-mec-na-pravi-nacin\/#primaryimage","url":"https:\/\/dmcsrb.com\/wp-content\/uploads\/2026\/01\/Petar-Cetkovic-Filip-Roganovic.webp","contentUrl":"https:\/\/dmcsrb.com\/wp-content\/uploads\/2026\/01\/Petar-Cetkovic-Filip-Roganovic.webp","width":1280,"height":852},{"@type":"BreadcrumbList","@id":"https:\/\/dmcsrb.com\/sport\/cetkovic-bilo-je-jako-vazno-da-otvorimo-mec-na-pravi-nacin\/#breadcrumb","itemListElement":[{"@type":"ListItem","position":1,"name":"Home","item":"https:\/\/dmcsrb.com\/"},{"@type":"ListItem","position":2,"name":"\u0106etkovi\u0107: Bilo je jako va\u017eno da otvorimo me\u010d na pravi na\u010din"}]},{"@type":"WebSite","@id":"https:\/\/dmcsrb.com\/#website","url":"https:\/\/dmcsrb.com\/","name":"dmcsrb.com","description":"","potentialAction":[{"@type":"SearchAction","target":{"@type":"EntryPoint","urlTemplate":"https:\/\/dmcsrb.com\/?s={search_term_string}"},"query-input":{"@type":"PropertyValueSpecification","valueRequired":true,"valueName":"search_term_string"}}],"inLanguage":"en-GB"},{"@type":"Person","@id":"https:\/\/dmcsrb.com\/#\/schema\/person\/5c39170f12db1b8b457732d0b5c854e2","name":"dmcsrbija.com@gmail.com","image":{"@type":"ImageObject","inLanguage":"en-GB","@id":"https:\/\/secure.gravatar.com\/avatar\/68592660ad6347fad0fb587f8d5d8f1a7b44961362f56e4f2cd524feb87e9069?s=96&d=mm&r=g","url":"https:\/\/secure.gravatar.com\/avatar\/68592660ad6347fad0fb587f8d5d8f1a7b44961362f56e4f2cd524feb87e9069?s=96&d=mm&r=g","contentUrl":"https:\/\/secure.gravatar.com\/avatar\/68592660ad6347fad0fb587f8d5d8f1a7b44961362f56e4f2cd524feb87e9069?s=96&d=mm&r=g","caption":"dmcsrbija.com@gmail.com"},"sameAs":["https:\/\/dmcsrb.com"],"url":"https:\/\/dmcsrb.com\/en\/author\/dmcsrbija-comgmail-com\/"}]}},"_links":{"self":[{"href":"https:\/\/dmcsrb.com\/en\/wp-json\/wp\/v2\/posts\/960068","targetHints":{"allow":["GET"]}}],"collection":[{"href":"https:\/\/dmcsrb.com\/en\/wp-json\/wp\/v2\/posts"}],"about":[{"href":"https:\/\/dmcsrb.com\/en\/wp-json\/wp\/v2\/types\/post"}],"author":[{"embeddable":true,"href":"https:\/\/dmcsrb.com\/en\/wp-json\/wp\/v2\/users\/1"}],"replies":[{"embeddable":true,"href":"https:\/\/dmcsrb.com\/en\/wp-json\/wp\/v2\/comments?post=960068"}],"version-history":[{"count":0,"href":"https:\/\/dmcsrb.com\/en\/wp-json\/wp\/v2\/posts\/960068\/revisions"}],"wp:featuredmedia":[{"embeddable":true,"href":"https:\/\/dmcsrb.com\/en\/wp-json\/wp\/v2\/media\/960069"}],"wp:attachment":[{"href":"https:\/\/dmcsrb.com\/en\/wp-json\/wp\/v2\/media?parent=960068"}],"wp:term":[{"taxonomy":"category","embeddable":true,"href":"https:\/\/dmcsrb.com\/en\/wp-json\/wp\/v2\/categories?post=960068"},{"taxonomy":"post_tag","embeddable":true,"href":"https:\/\/dmcsrb.com\/en\/wp-json\/wp\/v2\/tags?post=960068"},{"taxonomy":"naslovna","embeddable":true,"href":"https:\/\/dmcsrb.com\/en\/wp-json\/wp\/v2\/naslovna?post=960068"}],"curies":[{"name":"wp","href":"https:\/\/api.w.org\/{rel}","templated":true}]}}