{"id":959972,"date":"2025-10-25T12:09:00","date_gmt":"2025-10-25T10:09:00","guid":{"rendered":"https:\/\/dmcsrb.com\/uncategorized\/formiran-opstinski-odbor-sep-a-u-bijelom-polju-mustajbasic-izabran-za-predsjednika\/"},"modified":"2025-10-25T12:09:00","modified_gmt":"2025-10-25T10:09:00","slug":"formiran-opstinski-odbor-sep-a-u-bijelom-polju-mustajbasic-izabran-za-predsjednika","status":"publish","type":"post","link":"https:\/\/dmcsrb.com\/en\/politika\/formiran-opstinski-odbor-sep-a-u-bijelom-polju-mustajbasic-izabran-za-predsjednika\/","title":{"rendered":"Formiran Op\u0161tinski odbor SEP-a u Bijelom Polju, Mustajba\u0161i\u0107 izabran za predsjednika"},"content":{"rendered":"<p><br><\/p>\n\n\n\n<p><\/p>\n\n\n\n<p>Kako navode, na sjednici koja je protekla u duhu jedinstva i jasne vizije evropske budu\u0107nosti Crne Gore i Bijelog Polja za predsjednika Op\u0161tinskog odbora je izabran Admir Mustajba\u0161i\u0107 koji je ranije obavljao niz va\u017enih funkcija u politi\u010dkom i dru\u0161tvenom \u017eivotu.<\/p>\n\n\n\n<p>\u201cStranku evropskog progresa u Bijelom Polju \u010dini tim energi\u010dnih i posve\u0107enih ljudi koji vjeruju u po\u0161ten rad, evropske vrijednosti i napredak na\u0161eg grada i dr\u017eave\u201d, isti\u010de se u saop\u0161tenju.<\/p>\n\n\n\n<p>Dodaje se da su na sjednici analizirane trenutne ekonomske, socijalne i politi\u010dke prilike u Bijelom Polju i Crnoj Gori.<\/p>\n\n\n\n<p>\u201cKonstatovano je da su u prethodnih pet godina i Bijelo Polje i cijeli Sjeverni region zanemareni od strane aktuelne vlasti i da za to vrijeme nije pokrenut niti jedan razvojni projekat dok su ranije zapo\u010deti projekti, koji su bili od ogromnog zna\u010daja za Bijelo Polje, kao \u0161to su skijali\u0161te na Bjelasici i \u0110alovi\u0107a pe\u0107ina, totalno obustavljeni \u010dime je nanijeta neprocjenjiva \u0161teta Bijelom Polju. Posebno zabrinjava odlazak mladih jer su izgubili perspektivu i nadu u bolju budu\u0107nost. Kroz svoj program za Bijelo Polje i Sjever u susret predstoje\u0107im izborima ponudi\u0107emo konkretna rje\u0161enja za oporavak i odr\u017eivi razvoj. Stranka evropskog progresa nastavlja da ja\u010da svoje strukture \u0161irom Crne Gore, okupljaju\u0107i one koji \u017eele modernu i naprednu dr\u017eavu\u201d, zaklju\u010duje se u saop\u0161tenju.<\/p>\n\n\n\n<p><\/p>","protected":false},"excerpt":{"rendered":"<p>U Bijelom Polju je odr\u017eana konstitutivna sjednica Op\u0161tinskog odbora Stranke evropskog progresa, saop\u0161tili su iz Stranke Evropskog progresa.<\/p>","protected":false},"author":1,"featured_media":959973,"comment_status":"open","ping_status":"open","sticky":false,"template":"","format":"standard","meta":{"_acf_changed":false,"footnotes":""},"categories":[12],"tags":[12562,3515,232],"naslovna":[],"class_list":["post-959972","post","type-post","status-publish","format-standard","has-post-thumbnail","hentry","category-politika","tag-bijeo-polje","tag-opstinski-odbor","tag-sep"],"acf":[],"yoast_head":"<!-- This site is optimized with the Yoast SEO plugin v27.4 - https:\/\/yoast.com\/product\/yoast-seo-wordpress\/ -->\n<title>Formiran Op\u0161tinski odbor SEP-a u Bijelom Polju, Mustajba\u0161i\u0107 izabran za predsjednika - dmcsrb.com<\/title>\n<meta name=\"robots\" content=\"index, follow, max-snippet:-1, max-image-preview:large, max-video-preview:-1\" \/>\n<link rel=\"canonical\" href=\"https:\/\/dmcsrb.com\/en\/politika\/formiran-opstinski-odbor-sep-a-u-bijelom-polju-mustajbasic-izabran-za-predsjednika\/\" \/>\n<meta property=\"og:locale\" content=\"en_GB\" \/>\n<meta property=\"og:type\" content=\"article\" \/>\n<meta property=\"og:title\" content=\"Formiran Op\u0161tinski odbor SEP-a u Bijelom Polju, Mustajba\u0161i\u0107 izabran za predsjednika - dmcsrb.com\" \/>\n<meta property=\"og:description\" content=\"U Bijelom Polju je odr\u017eana konstitutivna sjednica Op\u0161tinskog odbora Stranke evropskog progresa, saop\u0161tili su iz Stranke Evropskog progresa.\" \/>\n<meta property=\"og:url\" content=\"https:\/\/dmcsrb.com\/en\/politika\/formiran-opstinski-odbor-sep-a-u-bijelom-polju-mustajbasic-izabran-za-predsjednika\/\" \/>\n<meta property=\"og:site_name\" content=\"dmcsrb.com\" \/>\n<meta property=\"article:published_time\" content=\"2025-10-25T10:09:00+00:00\" \/>\n<meta property=\"og:image\" content=\"https:\/\/dmcsrb.com\/wp-content\/uploads\/2026\/01\/sep1.webp\" \/>\n\t<meta property=\"og:image:width\" content=\"1320\" \/>\n\t<meta property=\"og:image:height\" content=\"733\" \/>\n\t<meta property=\"og:image:type\" content=\"image\/jpeg\" \/>\n<meta name=\"author\" content=\"dmcsrbija.com@gmail.com\" \/>\n<meta name=\"twitter:card\" content=\"summary_large_image\" \/>\n<meta name=\"twitter:label1\" content=\"Written by\" \/>\n\t<meta name=\"twitter:data1\" content=\"dmcsrbija.com@gmail.com\" \/>\n\t<meta name=\"twitter:label2\" content=\"Estimated reading time\" \/>\n\t<meta name=\"twitter:data2\" content=\"1 minute\" \/>\n<script type=\"application\/ld+json\" class=\"yoast-schema-graph\">{\"@context\":\"https:\\\/\\\/schema.org\",\"@graph\":[{\"@type\":\"Article\",\"@id\":\"https:\\\/\\\/dmcsrb.com\\\/politika\\\/formiran-opstinski-odbor-sep-a-u-bijelom-polju-mustajbasic-izabran-za-predsjednika\\\/#article\",\"isPartOf\":{\"@id\":\"https:\\\/\\\/dmcsrb.com\\\/politika\\\/formiran-opstinski-odbor-sep-a-u-bijelom-polju-mustajbasic-izabran-za-predsjednika\\\/\"},\"author\":{\"name\":\"dmcsrbija.com@gmail.com\",\"@id\":\"https:\\\/\\\/dmcsrb.com\\\/#\\\/schema\\\/person\\\/5c39170f12db1b8b457732d0b5c854e2\"},\"headline\":\"Formiran Op\u0161tinski odbor SEP-a u Bijelom Polju, Mustajba\u0161i\u0107 izabran za predsjednika\",\"datePublished\":\"2025-10-25T10:09:00+00:00\",\"mainEntityOfPage\":{\"@id\":\"https:\\\/\\\/dmcsrb.com\\\/politika\\\/formiran-opstinski-odbor-sep-a-u-bijelom-polju-mustajbasic-izabran-za-predsjednika\\\/\"},\"wordCount\":249,\"commentCount\":0,\"image\":{\"@id\":\"https:\\\/\\\/dmcsrb.com\\\/politika\\\/formiran-opstinski-odbor-sep-a-u-bijelom-polju-mustajbasic-izabran-za-predsjednika\\\/#primaryimage\"},\"thumbnailUrl\":\"https:\\\/\\\/dmcsrb.com\\\/wp-content\\\/uploads\\\/2026\\\/01\\\/sep1.webp\",\"keywords\":[\"Bijeo Polje\",\"Op\u0161tinski odbor\",\"SEP\"],\"articleSection\":[\"Politika\"],\"inLanguage\":\"en-GB\",\"potentialAction\":[{\"@type\":\"CommentAction\",\"name\":\"Comment\",\"target\":[\"https:\\\/\\\/dmcsrb.com\\\/politika\\\/formiran-opstinski-odbor-sep-a-u-bijelom-polju-mustajbasic-izabran-za-predsjednika\\\/#respond\"]}]},{\"@type\":\"WebPage\",\"@id\":\"https:\\\/\\\/dmcsrb.com\\\/politika\\\/formiran-opstinski-odbor-sep-a-u-bijelom-polju-mustajbasic-izabran-za-predsjednika\\\/\",\"url\":\"https:\\\/\\\/dmcsrb.com\\\/politika\\\/formiran-opstinski-odbor-sep-a-u-bijelom-polju-mustajbasic-izabran-za-predsjednika\\\/\",\"name\":\"Formiran Op\u0161tinski odbor SEP-a u Bijelom Polju, Mustajba\u0161i\u0107 izabran za predsjednika - dmcsrb.com\",\"isPartOf\":{\"@id\":\"https:\\\/\\\/dmcsrb.com\\\/#website\"},\"primaryImageOfPage\":{\"@id\":\"https:\\\/\\\/dmcsrb.com\\\/politika\\\/formiran-opstinski-odbor-sep-a-u-bijelom-polju-mustajbasic-izabran-za-predsjednika\\\/#primaryimage\"},\"image\":{\"@id\":\"https:\\\/\\\/dmcsrb.com\\\/politika\\\/formiran-opstinski-odbor-sep-a-u-bijelom-polju-mustajbasic-izabran-za-predsjednika\\\/#primaryimage\"},\"thumbnailUrl\":\"https:\\\/\\\/dmcsrb.com\\\/wp-content\\\/uploads\\\/2026\\\/01\\\/sep1.webp\",\"datePublished\":\"2025-10-25T10:09:00+00:00\",\"author\":{\"@id\":\"https:\\\/\\\/dmcsrb.com\\\/#\\\/schema\\\/person\\\/5c39170f12db1b8b457732d0b5c854e2\"},\"breadcrumb\":{\"@id\":\"https:\\\/\\\/dmcsrb.com\\\/politika\\\/formiran-opstinski-odbor-sep-a-u-bijelom-polju-mustajbasic-izabran-za-predsjednika\\\/#breadcrumb\"},\"inLanguage\":\"en-GB\",\"potentialAction\":[{\"@type\":\"ReadAction\",\"target\":[\"https:\\\/\\\/dmcsrb.com\\\/politika\\\/formiran-opstinski-odbor-sep-a-u-bijelom-polju-mustajbasic-izabran-za-predsjednika\\\/\"]}]},{\"@type\":\"ImageObject\",\"inLanguage\":\"en-GB\",\"@id\":\"https:\\\/\\\/dmcsrb.com\\\/politika\\\/formiran-opstinski-odbor-sep-a-u-bijelom-polju-mustajbasic-izabran-za-predsjednika\\\/#primaryimage\",\"url\":\"https:\\\/\\\/dmcsrb.com\\\/wp-content\\\/uploads\\\/2026\\\/01\\\/sep1.webp\",\"contentUrl\":\"https:\\\/\\\/dmcsrb.com\\\/wp-content\\\/uploads\\\/2026\\\/01\\\/sep1.webp\",\"width\":1320,\"height\":733},{\"@type\":\"BreadcrumbList\",\"@id\":\"https:\\\/\\\/dmcsrb.com\\\/politika\\\/formiran-opstinski-odbor-sep-a-u-bijelom-polju-mustajbasic-izabran-za-predsjednika\\\/#breadcrumb\",\"itemListElement\":[{\"@type\":\"ListItem\",\"position\":1,\"name\":\"Home\",\"item\":\"https:\\\/\\\/dmcsrb.com\\\/\"},{\"@type\":\"ListItem\",\"position\":2,\"name\":\"Formiran Op\u0161tinski odbor SEP-a u Bijelom Polju, Mustajba\u0161i\u0107 izabran za predsjednika\"}]},{\"@type\":\"WebSite\",\"@id\":\"https:\\\/\\\/dmcsrb.com\\\/#website\",\"url\":\"https:\\\/\\\/dmcsrb.com\\\/\",\"name\":\"dmcsrb.com\",\"description\":\"\",\"potentialAction\":[{\"@type\":\"SearchAction\",\"target\":{\"@type\":\"EntryPoint\",\"urlTemplate\":\"https:\\\/\\\/dmcsrb.com\\\/?s={search_term_string}\"},\"query-input\":{\"@type\":\"PropertyValueSpecification\",\"valueRequired\":true,\"valueName\":\"search_term_string\"}}],\"inLanguage\":\"en-GB\"},{\"@type\":\"Person\",\"@id\":\"https:\\\/\\\/dmcsrb.com\\\/#\\\/schema\\\/person\\\/5c39170f12db1b8b457732d0b5c854e2\",\"name\":\"dmcsrbija.com@gmail.com\",\"image\":{\"@type\":\"ImageObject\",\"inLanguage\":\"en-GB\",\"@id\":\"https:\\\/\\\/secure.gravatar.com\\\/avatar\\\/68592660ad6347fad0fb587f8d5d8f1a7b44961362f56e4f2cd524feb87e9069?s=96&d=mm&r=g\",\"url\":\"https:\\\/\\\/secure.gravatar.com\\\/avatar\\\/68592660ad6347fad0fb587f8d5d8f1a7b44961362f56e4f2cd524feb87e9069?s=96&d=mm&r=g\",\"contentUrl\":\"https:\\\/\\\/secure.gravatar.com\\\/avatar\\\/68592660ad6347fad0fb587f8d5d8f1a7b44961362f56e4f2cd524feb87e9069?s=96&d=mm&r=g\",\"caption\":\"dmcsrbija.com@gmail.com\"},\"sameAs\":[\"https:\\\/\\\/dmcsrb.com\"],\"url\":\"https:\\\/\\\/dmcsrb.com\\\/en\\\/author\\\/dmcsrbija-comgmail-com\\\/\"}]}<\/script>\n<!-- \/ Yoast SEO plugin. -->","yoast_head_json":{"title":"Formiran Op\u0161tinski odbor SEP-a u Bijelom Polju, Mustajba\u0161i\u0107 izabran za predsjednika - dmcsrb.com","robots":{"index":"index","follow":"follow","max-snippet":"max-snippet:-1","max-image-preview":"max-image-preview:large","max-video-preview":"max-video-preview:-1"},"canonical":"https:\/\/dmcsrb.com\/en\/politika\/formiran-opstinski-odbor-sep-a-u-bijelom-polju-mustajbasic-izabran-za-predsjednika\/","og_locale":"en_GB","og_type":"article","og_title":"Formiran Op\u0161tinski odbor SEP-a u Bijelom Polju, Mustajba\u0161i\u0107 izabran za predsjednika - dmcsrb.com","og_description":"U Bijelom Polju je odr\u017eana konstitutivna sjednica Op\u0161tinskog odbora Stranke evropskog progresa, saop\u0161tili su iz Stranke Evropskog progresa.","og_url":"https:\/\/dmcsrb.com\/en\/politika\/formiran-opstinski-odbor-sep-a-u-bijelom-polju-mustajbasic-izabran-za-predsjednika\/","og_site_name":"dmcsrb.com","article_published_time":"2025-10-25T10:09:00+00:00","og_image":[{"width":1320,"height":733,"url":"https:\/\/dmcsrb.com\/wp-content\/uploads\/2026\/01\/sep1.webp","type":"image\/jpeg"}],"author":"dmcsrbija.com@gmail.com","twitter_card":"summary_large_image","twitter_misc":{"Written by":"dmcsrbija.com@gmail.com","Estimated reading time":"1 minute"},"schema":{"@context":"https:\/\/schema.org","@graph":[{"@type":"Article","@id":"https:\/\/dmcsrb.com\/politika\/formiran-opstinski-odbor-sep-a-u-bijelom-polju-mustajbasic-izabran-za-predsjednika\/#article","isPartOf":{"@id":"https:\/\/dmcsrb.com\/politika\/formiran-opstinski-odbor-sep-a-u-bijelom-polju-mustajbasic-izabran-za-predsjednika\/"},"author":{"name":"dmcsrbija.com@gmail.com","@id":"https:\/\/dmcsrb.com\/#\/schema\/person\/5c39170f12db1b8b457732d0b5c854e2"},"headline":"Formiran Op\u0161tinski odbor SEP-a u Bijelom Polju, Mustajba\u0161i\u0107 izabran za predsjednika","datePublished":"2025-10-25T10:09:00+00:00","mainEntityOfPage":{"@id":"https:\/\/dmcsrb.com\/politika\/formiran-opstinski-odbor-sep-a-u-bijelom-polju-mustajbasic-izabran-za-predsjednika\/"},"wordCount":249,"commentCount":0,"image":{"@id":"https:\/\/dmcsrb.com\/politika\/formiran-opstinski-odbor-sep-a-u-bijelom-polju-mustajbasic-izabran-za-predsjednika\/#primaryimage"},"thumbnailUrl":"https:\/\/dmcsrb.com\/wp-content\/uploads\/2026\/01\/sep1.webp","keywords":["Bijeo Polje","Op\u0161tinski odbor","SEP"],"articleSection":["Politika"],"inLanguage":"en-GB","potentialAction":[{"@type":"CommentAction","name":"Comment","target":["https:\/\/dmcsrb.com\/politika\/formiran-opstinski-odbor-sep-a-u-bijelom-polju-mustajbasic-izabran-za-predsjednika\/#respond"]}]},{"@type":"WebPage","@id":"https:\/\/dmcsrb.com\/politika\/formiran-opstinski-odbor-sep-a-u-bijelom-polju-mustajbasic-izabran-za-predsjednika\/","url":"https:\/\/dmcsrb.com\/politika\/formiran-opstinski-odbor-sep-a-u-bijelom-polju-mustajbasic-izabran-za-predsjednika\/","name":"Formiran Op\u0161tinski odbor SEP-a u Bijelom Polju, Mustajba\u0161i\u0107 izabran za predsjednika - dmcsrb.com","isPartOf":{"@id":"https:\/\/dmcsrb.com\/#website"},"primaryImageOfPage":{"@id":"https:\/\/dmcsrb.com\/politika\/formiran-opstinski-odbor-sep-a-u-bijelom-polju-mustajbasic-izabran-za-predsjednika\/#primaryimage"},"image":{"@id":"https:\/\/dmcsrb.com\/politika\/formiran-opstinski-odbor-sep-a-u-bijelom-polju-mustajbasic-izabran-za-predsjednika\/#primaryimage"},"thumbnailUrl":"https:\/\/dmcsrb.com\/wp-content\/uploads\/2026\/01\/sep1.webp","datePublished":"2025-10-25T10:09:00+00:00","author":{"@id":"https:\/\/dmcsrb.com\/#\/schema\/person\/5c39170f12db1b8b457732d0b5c854e2"},"breadcrumb":{"@id":"https:\/\/dmcsrb.com\/politika\/formiran-opstinski-odbor-sep-a-u-bijelom-polju-mustajbasic-izabran-za-predsjednika\/#breadcrumb"},"inLanguage":"en-GB","potentialAction":[{"@type":"ReadAction","target":["https:\/\/dmcsrb.com\/politika\/formiran-opstinski-odbor-sep-a-u-bijelom-polju-mustajbasic-izabran-za-predsjednika\/"]}]},{"@type":"ImageObject","inLanguage":"en-GB","@id":"https:\/\/dmcsrb.com\/politika\/formiran-opstinski-odbor-sep-a-u-bijelom-polju-mustajbasic-izabran-za-predsjednika\/#primaryimage","url":"https:\/\/dmcsrb.com\/wp-content\/uploads\/2026\/01\/sep1.webp","contentUrl":"https:\/\/dmcsrb.com\/wp-content\/uploads\/2026\/01\/sep1.webp","width":1320,"height":733},{"@type":"BreadcrumbList","@id":"https:\/\/dmcsrb.com\/politika\/formiran-opstinski-odbor-sep-a-u-bijelom-polju-mustajbasic-izabran-za-predsjednika\/#breadcrumb","itemListElement":[{"@type":"ListItem","position":1,"name":"Home","item":"https:\/\/dmcsrb.com\/"},{"@type":"ListItem","position":2,"name":"Formiran Op\u0161tinski odbor SEP-a u Bijelom Polju, Mustajba\u0161i\u0107 izabran za predsjednika"}]},{"@type":"WebSite","@id":"https:\/\/dmcsrb.com\/#website","url":"https:\/\/dmcsrb.com\/","name":"dmcsrb.com","description":"","potentialAction":[{"@type":"SearchAction","target":{"@type":"EntryPoint","urlTemplate":"https:\/\/dmcsrb.com\/?s={search_term_string}"},"query-input":{"@type":"PropertyValueSpecification","valueRequired":true,"valueName":"search_term_string"}}],"inLanguage":"en-GB"},{"@type":"Person","@id":"https:\/\/dmcsrb.com\/#\/schema\/person\/5c39170f12db1b8b457732d0b5c854e2","name":"dmcsrbija.com@gmail.com","image":{"@type":"ImageObject","inLanguage":"en-GB","@id":"https:\/\/secure.gravatar.com\/avatar\/68592660ad6347fad0fb587f8d5d8f1a7b44961362f56e4f2cd524feb87e9069?s=96&d=mm&r=g","url":"https:\/\/secure.gravatar.com\/avatar\/68592660ad6347fad0fb587f8d5d8f1a7b44961362f56e4f2cd524feb87e9069?s=96&d=mm&r=g","contentUrl":"https:\/\/secure.gravatar.com\/avatar\/68592660ad6347fad0fb587f8d5d8f1a7b44961362f56e4f2cd524feb87e9069?s=96&d=mm&r=g","caption":"dmcsrbija.com@gmail.com"},"sameAs":["https:\/\/dmcsrb.com"],"url":"https:\/\/dmcsrb.com\/en\/author\/dmcsrbija-comgmail-com\/"}]}},"_links":{"self":[{"href":"https:\/\/dmcsrb.com\/en\/wp-json\/wp\/v2\/posts\/959972","targetHints":{"allow":["GET"]}}],"collection":[{"href":"https:\/\/dmcsrb.com\/en\/wp-json\/wp\/v2\/posts"}],"about":[{"href":"https:\/\/dmcsrb.com\/en\/wp-json\/wp\/v2\/types\/post"}],"author":[{"embeddable":true,"href":"https:\/\/dmcsrb.com\/en\/wp-json\/wp\/v2\/users\/1"}],"replies":[{"embeddable":true,"href":"https:\/\/dmcsrb.com\/en\/wp-json\/wp\/v2\/comments?post=959972"}],"version-history":[{"count":0,"href":"https:\/\/dmcsrb.com\/en\/wp-json\/wp\/v2\/posts\/959972\/revisions"}],"wp:featuredmedia":[{"embeddable":true,"href":"https:\/\/dmcsrb.com\/en\/wp-json\/wp\/v2\/media\/959973"}],"wp:attachment":[{"href":"https:\/\/dmcsrb.com\/en\/wp-json\/wp\/v2\/media?parent=959972"}],"wp:term":[{"taxonomy":"category","embeddable":true,"href":"https:\/\/dmcsrb.com\/en\/wp-json\/wp\/v2\/categories?post=959972"},{"taxonomy":"post_tag","embeddable":true,"href":"https:\/\/dmcsrb.com\/en\/wp-json\/wp\/v2\/tags?post=959972"},{"taxonomy":"naslovna","embeddable":true,"href":"https:\/\/dmcsrb.com\/en\/wp-json\/wp\/v2\/naslovna?post=959972"}],"curies":[{"name":"wp","href":"https:\/\/api.w.org\/{rel}","templated":true}]}}