{"id":959949,"date":"2025-10-25T10:26:00","date_gmt":"2025-10-25T08:26:00","guid":{"rendered":"https:\/\/dmcsrb.com\/uncategorized\/gospoda-glembajevi-veceras-u-holu-ucg\/"},"modified":"2025-10-25T10:26:00","modified_gmt":"2025-10-25T08:26:00","slug":"gospoda-glembajevi-veceras-u-holu-ucg","status":"publish","type":"post","link":"https:\/\/dmcsrb.com\/en\/kultura\/gospoda-glembajevi-veceras-u-holu-ucg\/","title":{"rendered":"Gospoda Glembajevi ve\u010deras u holu UCG"},"content":{"rendered":"<p><\/p>\n\n\n\n<p>Od prvog koncerta 1989. godine, snimili su tri studijska albuma \u201eZemlja faraona\u201c (1994), \u201eStomak ringi\u0161pil\u201c (1997) i \u201eOzvu\u010denije\u201d (2003) koji nisu objavljeni. Iz perioda devedesetih najpoznatiji posebno se izdvaja njihova prepoznatljiva pjesma \u201eNe znam\u201c.<\/p>\n\n\n\n<p>U proteklih desetak godina objavili su nekoliko singlova i spotova za kompozicije, izme\u0111u ostalih \u201eDrumovi\u201c, \u201eLeptirova pjesma\u201c, \u201eStanovi\u201c, \u201eOkno\u201c, \u201eLanac ishrane\u201c, \u201eKaparadon\u201c.<\/p>\n\n\n\n<p>Nastupi\u0107e u sastavu Sr\u0111an Vukadinovi\u0107, Milivoje Pi\u0107uri\u0107, Goran Vukadinovi\u0107, Pavle Boji\u0107 Buba, Igor Pejovi\u0107 i Stefan Pavi\u0107evi\u0107.<\/p>\n\n\n\n<p>FUNK 2025 se realizuje u organizaciji Univerziteta Crne Gore, a tokom oktobra okuplja najuspje\u0161nije doma\u0107e i me\u0111unarodne umjetnike, nau\u010dnike i studente kroz vi\u0161e od 30 doga\u0111aja iz oblasti umjetnosti, nauke i kulture.<\/p>","protected":false},"excerpt":{"rendered":"<p>Koncert jednog od najcjenjenijih crnogorskih rok i alternativnih muzi\u010dkih sastava \u2013 Gospoda Glembajevi bi\u0107e odr\u017ean, u okviru Festivala umjetnosti, nauke i kulture \u2013 FUNK 2025, u subotu, 25. oktobra, u holu<br \/>\ntehni\u010dkih fakulteta Univerziteta Crne Gore, sa po\u010detkom u 21.00 sat.<\/p>","protected":false},"author":1,"featured_media":954298,"comment_status":"open","ping_status":"open","sticky":false,"template":"","format":"standard","meta":{"_acf_changed":false,"footnotes":""},"categories":[50],"tags":[2557,38],"naslovna":[],"class_list":["post-959949","post","type-post","status-publish","format-standard","has-post-thumbnail","hentry","category-kultura","tag-gospoda-glembajevi","tag-ucg"],"acf":[],"yoast_head":"<!-- This site is optimized with the Yoast SEO plugin v27.4 - https:\/\/yoast.com\/product\/yoast-seo-wordpress\/ -->\n<title>Gospoda Glembajevi ve\u010deras u holu UCG - dmcsrb.com<\/title>\n<meta name=\"robots\" content=\"index, follow, max-snippet:-1, max-image-preview:large, max-video-preview:-1\" \/>\n<link rel=\"canonical\" href=\"https:\/\/dmcsrb.com\/en\/kultura\/gospoda-glembajevi-veceras-u-holu-ucg\/\" \/>\n<meta property=\"og:locale\" content=\"en_GB\" \/>\n<meta property=\"og:type\" content=\"article\" \/>\n<meta property=\"og:title\" content=\"Gospoda Glembajevi ve\u010deras u holu UCG - dmcsrb.com\" \/>\n<meta property=\"og:description\" content=\"Koncert jednog od najcjenjenijih crnogorskih rok i alternativnih muzi\u010dkih sastava \u2013 Gospoda Glembajevi bi\u0107e odr\u017ean, u okviru Festivala umjetnosti, nauke i kulture \u2013 FUNK 2025, u subotu, 25. oktobra, u holu tehni\u010dkih fakulteta Univerziteta Crne Gore, sa po\u010detkom u 21.00 sat.\" \/>\n<meta property=\"og:url\" content=\"https:\/\/dmcsrb.com\/en\/kultura\/gospoda-glembajevi-veceras-u-holu-ucg\/\" \/>\n<meta property=\"og:site_name\" content=\"dmcsrb.com\" \/>\n<meta property=\"article:published_time\" content=\"2025-10-25T08:26:00+00:00\" \/>\n<meta property=\"og:image\" content=\"https:\/\/dmcsrb.com\/wp-content\/uploads\/2026\/01\/tumber-12-1.webp\" \/>\n\t<meta property=\"og:image:width\" content=\"968\" \/>\n\t<meta property=\"og:image:height\" content=\"645\" \/>\n\t<meta property=\"og:image:type\" content=\"image\/jpeg\" \/>\n<meta name=\"author\" content=\"dmcsrbija.com@gmail.com\" \/>\n<meta name=\"twitter:card\" content=\"summary_large_image\" \/>\n<meta name=\"twitter:label1\" content=\"Written by\" \/>\n\t<meta name=\"twitter:data1\" content=\"dmcsrbija.com@gmail.com\" \/>\n\t<meta name=\"twitter:label2\" content=\"Estimated reading time\" \/>\n\t<meta name=\"twitter:data2\" content=\"1 minute\" \/>\n<script type=\"application\/ld+json\" class=\"yoast-schema-graph\">{\"@context\":\"https:\\\/\\\/schema.org\",\"@graph\":[{\"@type\":\"Article\",\"@id\":\"https:\\\/\\\/dmcsrb.com\\\/kultura\\\/gospoda-glembajevi-veceras-u-holu-ucg\\\/#article\",\"isPartOf\":{\"@id\":\"https:\\\/\\\/dmcsrb.com\\\/kultura\\\/gospoda-glembajevi-veceras-u-holu-ucg\\\/\"},\"author\":{\"name\":\"dmcsrbija.com@gmail.com\",\"@id\":\"https:\\\/\\\/dmcsrb.com\\\/#\\\/schema\\\/person\\\/5c39170f12db1b8b457732d0b5c854e2\"},\"headline\":\"Gospoda Glembajevi ve\u010deras u holu UCG\",\"datePublished\":\"2025-10-25T08:26:00+00:00\",\"mainEntityOfPage\":{\"@id\":\"https:\\\/\\\/dmcsrb.com\\\/kultura\\\/gospoda-glembajevi-veceras-u-holu-ucg\\\/\"},\"wordCount\":119,\"commentCount\":0,\"image\":{\"@id\":\"https:\\\/\\\/dmcsrb.com\\\/kultura\\\/gospoda-glembajevi-veceras-u-holu-ucg\\\/#primaryimage\"},\"thumbnailUrl\":\"https:\\\/\\\/dmcsrb.com\\\/wp-content\\\/uploads\\\/2026\\\/01\\\/tumber-12-1.webp\",\"keywords\":[\"Gospoda Glembajevi\",\"UCG\"],\"articleSection\":[\"Kultura\"],\"inLanguage\":\"en-GB\",\"potentialAction\":[{\"@type\":\"CommentAction\",\"name\":\"Comment\",\"target\":[\"https:\\\/\\\/dmcsrb.com\\\/kultura\\\/gospoda-glembajevi-veceras-u-holu-ucg\\\/#respond\"]}]},{\"@type\":\"WebPage\",\"@id\":\"https:\\\/\\\/dmcsrb.com\\\/kultura\\\/gospoda-glembajevi-veceras-u-holu-ucg\\\/\",\"url\":\"https:\\\/\\\/dmcsrb.com\\\/kultura\\\/gospoda-glembajevi-veceras-u-holu-ucg\\\/\",\"name\":\"Gospoda Glembajevi ve\u010deras u holu UCG - dmcsrb.com\",\"isPartOf\":{\"@id\":\"https:\\\/\\\/dmcsrb.com\\\/#website\"},\"primaryImageOfPage\":{\"@id\":\"https:\\\/\\\/dmcsrb.com\\\/kultura\\\/gospoda-glembajevi-veceras-u-holu-ucg\\\/#primaryimage\"},\"image\":{\"@id\":\"https:\\\/\\\/dmcsrb.com\\\/kultura\\\/gospoda-glembajevi-veceras-u-holu-ucg\\\/#primaryimage\"},\"thumbnailUrl\":\"https:\\\/\\\/dmcsrb.com\\\/wp-content\\\/uploads\\\/2026\\\/01\\\/tumber-12-1.webp\",\"datePublished\":\"2025-10-25T08:26:00+00:00\",\"author\":{\"@id\":\"https:\\\/\\\/dmcsrb.com\\\/#\\\/schema\\\/person\\\/5c39170f12db1b8b457732d0b5c854e2\"},\"breadcrumb\":{\"@id\":\"https:\\\/\\\/dmcsrb.com\\\/kultura\\\/gospoda-glembajevi-veceras-u-holu-ucg\\\/#breadcrumb\"},\"inLanguage\":\"en-GB\",\"potentialAction\":[{\"@type\":\"ReadAction\",\"target\":[\"https:\\\/\\\/dmcsrb.com\\\/kultura\\\/gospoda-glembajevi-veceras-u-holu-ucg\\\/\"]}]},{\"@type\":\"ImageObject\",\"inLanguage\":\"en-GB\",\"@id\":\"https:\\\/\\\/dmcsrb.com\\\/kultura\\\/gospoda-glembajevi-veceras-u-holu-ucg\\\/#primaryimage\",\"url\":\"https:\\\/\\\/dmcsrb.com\\\/wp-content\\\/uploads\\\/2026\\\/01\\\/tumber-12-1.webp\",\"contentUrl\":\"https:\\\/\\\/dmcsrb.com\\\/wp-content\\\/uploads\\\/2026\\\/01\\\/tumber-12-1.webp\",\"width\":968,\"height\":645},{\"@type\":\"BreadcrumbList\",\"@id\":\"https:\\\/\\\/dmcsrb.com\\\/kultura\\\/gospoda-glembajevi-veceras-u-holu-ucg\\\/#breadcrumb\",\"itemListElement\":[{\"@type\":\"ListItem\",\"position\":1,\"name\":\"Home\",\"item\":\"https:\\\/\\\/dmcsrb.com\\\/\"},{\"@type\":\"ListItem\",\"position\":2,\"name\":\"Gospoda Glembajevi ve\u010deras u holu UCG\"}]},{\"@type\":\"WebSite\",\"@id\":\"https:\\\/\\\/dmcsrb.com\\\/#website\",\"url\":\"https:\\\/\\\/dmcsrb.com\\\/\",\"name\":\"dmcsrb.com\",\"description\":\"\",\"potentialAction\":[{\"@type\":\"SearchAction\",\"target\":{\"@type\":\"EntryPoint\",\"urlTemplate\":\"https:\\\/\\\/dmcsrb.com\\\/?s={search_term_string}\"},\"query-input\":{\"@type\":\"PropertyValueSpecification\",\"valueRequired\":true,\"valueName\":\"search_term_string\"}}],\"inLanguage\":\"en-GB\"},{\"@type\":\"Person\",\"@id\":\"https:\\\/\\\/dmcsrb.com\\\/#\\\/schema\\\/person\\\/5c39170f12db1b8b457732d0b5c854e2\",\"name\":\"dmcsrbija.com@gmail.com\",\"image\":{\"@type\":\"ImageObject\",\"inLanguage\":\"en-GB\",\"@id\":\"https:\\\/\\\/secure.gravatar.com\\\/avatar\\\/68592660ad6347fad0fb587f8d5d8f1a7b44961362f56e4f2cd524feb87e9069?s=96&d=mm&r=g\",\"url\":\"https:\\\/\\\/secure.gravatar.com\\\/avatar\\\/68592660ad6347fad0fb587f8d5d8f1a7b44961362f56e4f2cd524feb87e9069?s=96&d=mm&r=g\",\"contentUrl\":\"https:\\\/\\\/secure.gravatar.com\\\/avatar\\\/68592660ad6347fad0fb587f8d5d8f1a7b44961362f56e4f2cd524feb87e9069?s=96&d=mm&r=g\",\"caption\":\"dmcsrbija.com@gmail.com\"},\"sameAs\":[\"https:\\\/\\\/dmcsrb.com\"],\"url\":\"https:\\\/\\\/dmcsrb.com\\\/en\\\/author\\\/dmcsrbija-comgmail-com\\\/\"}]}<\/script>\n<!-- \/ Yoast SEO plugin. -->","yoast_head_json":{"title":"Gospoda Glembajevi ve\u010deras u holu UCG - dmcsrb.com","robots":{"index":"index","follow":"follow","max-snippet":"max-snippet:-1","max-image-preview":"max-image-preview:large","max-video-preview":"max-video-preview:-1"},"canonical":"https:\/\/dmcsrb.com\/en\/kultura\/gospoda-glembajevi-veceras-u-holu-ucg\/","og_locale":"en_GB","og_type":"article","og_title":"Gospoda Glembajevi ve\u010deras u holu UCG - dmcsrb.com","og_description":"Koncert jednog od najcjenjenijih crnogorskih rok i alternativnih muzi\u010dkih sastava \u2013 Gospoda Glembajevi bi\u0107e odr\u017ean, u okviru Festivala umjetnosti, nauke i kulture \u2013 FUNK 2025, u subotu, 25. oktobra, u holu tehni\u010dkih fakulteta Univerziteta Crne Gore, sa po\u010detkom u 21.00 sat.","og_url":"https:\/\/dmcsrb.com\/en\/kultura\/gospoda-glembajevi-veceras-u-holu-ucg\/","og_site_name":"dmcsrb.com","article_published_time":"2025-10-25T08:26:00+00:00","og_image":[{"width":968,"height":645,"url":"https:\/\/dmcsrb.com\/wp-content\/uploads\/2026\/01\/tumber-12-1.webp","type":"image\/jpeg"}],"author":"dmcsrbija.com@gmail.com","twitter_card":"summary_large_image","twitter_misc":{"Written by":"dmcsrbija.com@gmail.com","Estimated reading time":"1 minute"},"schema":{"@context":"https:\/\/schema.org","@graph":[{"@type":"Article","@id":"https:\/\/dmcsrb.com\/kultura\/gospoda-glembajevi-veceras-u-holu-ucg\/#article","isPartOf":{"@id":"https:\/\/dmcsrb.com\/kultura\/gospoda-glembajevi-veceras-u-holu-ucg\/"},"author":{"name":"dmcsrbija.com@gmail.com","@id":"https:\/\/dmcsrb.com\/#\/schema\/person\/5c39170f12db1b8b457732d0b5c854e2"},"headline":"Gospoda Glembajevi ve\u010deras u holu UCG","datePublished":"2025-10-25T08:26:00+00:00","mainEntityOfPage":{"@id":"https:\/\/dmcsrb.com\/kultura\/gospoda-glembajevi-veceras-u-holu-ucg\/"},"wordCount":119,"commentCount":0,"image":{"@id":"https:\/\/dmcsrb.com\/kultura\/gospoda-glembajevi-veceras-u-holu-ucg\/#primaryimage"},"thumbnailUrl":"https:\/\/dmcsrb.com\/wp-content\/uploads\/2026\/01\/tumber-12-1.webp","keywords":["Gospoda Glembajevi","UCG"],"articleSection":["Kultura"],"inLanguage":"en-GB","potentialAction":[{"@type":"CommentAction","name":"Comment","target":["https:\/\/dmcsrb.com\/kultura\/gospoda-glembajevi-veceras-u-holu-ucg\/#respond"]}]},{"@type":"WebPage","@id":"https:\/\/dmcsrb.com\/kultura\/gospoda-glembajevi-veceras-u-holu-ucg\/","url":"https:\/\/dmcsrb.com\/kultura\/gospoda-glembajevi-veceras-u-holu-ucg\/","name":"Gospoda Glembajevi ve\u010deras u holu UCG - dmcsrb.com","isPartOf":{"@id":"https:\/\/dmcsrb.com\/#website"},"primaryImageOfPage":{"@id":"https:\/\/dmcsrb.com\/kultura\/gospoda-glembajevi-veceras-u-holu-ucg\/#primaryimage"},"image":{"@id":"https:\/\/dmcsrb.com\/kultura\/gospoda-glembajevi-veceras-u-holu-ucg\/#primaryimage"},"thumbnailUrl":"https:\/\/dmcsrb.com\/wp-content\/uploads\/2026\/01\/tumber-12-1.webp","datePublished":"2025-10-25T08:26:00+00:00","author":{"@id":"https:\/\/dmcsrb.com\/#\/schema\/person\/5c39170f12db1b8b457732d0b5c854e2"},"breadcrumb":{"@id":"https:\/\/dmcsrb.com\/kultura\/gospoda-glembajevi-veceras-u-holu-ucg\/#breadcrumb"},"inLanguage":"en-GB","potentialAction":[{"@type":"ReadAction","target":["https:\/\/dmcsrb.com\/kultura\/gospoda-glembajevi-veceras-u-holu-ucg\/"]}]},{"@type":"ImageObject","inLanguage":"en-GB","@id":"https:\/\/dmcsrb.com\/kultura\/gospoda-glembajevi-veceras-u-holu-ucg\/#primaryimage","url":"https:\/\/dmcsrb.com\/wp-content\/uploads\/2026\/01\/tumber-12-1.webp","contentUrl":"https:\/\/dmcsrb.com\/wp-content\/uploads\/2026\/01\/tumber-12-1.webp","width":968,"height":645},{"@type":"BreadcrumbList","@id":"https:\/\/dmcsrb.com\/kultura\/gospoda-glembajevi-veceras-u-holu-ucg\/#breadcrumb","itemListElement":[{"@type":"ListItem","position":1,"name":"Home","item":"https:\/\/dmcsrb.com\/"},{"@type":"ListItem","position":2,"name":"Gospoda Glembajevi ve\u010deras u holu UCG"}]},{"@type":"WebSite","@id":"https:\/\/dmcsrb.com\/#website","url":"https:\/\/dmcsrb.com\/","name":"dmcsrb.com","description":"","potentialAction":[{"@type":"SearchAction","target":{"@type":"EntryPoint","urlTemplate":"https:\/\/dmcsrb.com\/?s={search_term_string}"},"query-input":{"@type":"PropertyValueSpecification","valueRequired":true,"valueName":"search_term_string"}}],"inLanguage":"en-GB"},{"@type":"Person","@id":"https:\/\/dmcsrb.com\/#\/schema\/person\/5c39170f12db1b8b457732d0b5c854e2","name":"dmcsrbija.com@gmail.com","image":{"@type":"ImageObject","inLanguage":"en-GB","@id":"https:\/\/secure.gravatar.com\/avatar\/68592660ad6347fad0fb587f8d5d8f1a7b44961362f56e4f2cd524feb87e9069?s=96&d=mm&r=g","url":"https:\/\/secure.gravatar.com\/avatar\/68592660ad6347fad0fb587f8d5d8f1a7b44961362f56e4f2cd524feb87e9069?s=96&d=mm&r=g","contentUrl":"https:\/\/secure.gravatar.com\/avatar\/68592660ad6347fad0fb587f8d5d8f1a7b44961362f56e4f2cd524feb87e9069?s=96&d=mm&r=g","caption":"dmcsrbija.com@gmail.com"},"sameAs":["https:\/\/dmcsrb.com"],"url":"https:\/\/dmcsrb.com\/en\/author\/dmcsrbija-comgmail-com\/"}]}},"_links":{"self":[{"href":"https:\/\/dmcsrb.com\/en\/wp-json\/wp\/v2\/posts\/959949","targetHints":{"allow":["GET"]}}],"collection":[{"href":"https:\/\/dmcsrb.com\/en\/wp-json\/wp\/v2\/posts"}],"about":[{"href":"https:\/\/dmcsrb.com\/en\/wp-json\/wp\/v2\/types\/post"}],"author":[{"embeddable":true,"href":"https:\/\/dmcsrb.com\/en\/wp-json\/wp\/v2\/users\/1"}],"replies":[{"embeddable":true,"href":"https:\/\/dmcsrb.com\/en\/wp-json\/wp\/v2\/comments?post=959949"}],"version-history":[{"count":0,"href":"https:\/\/dmcsrb.com\/en\/wp-json\/wp\/v2\/posts\/959949\/revisions"}],"wp:featuredmedia":[{"embeddable":true,"href":"https:\/\/dmcsrb.com\/en\/wp-json\/wp\/v2\/media\/954298"}],"wp:attachment":[{"href":"https:\/\/dmcsrb.com\/en\/wp-json\/wp\/v2\/media?parent=959949"}],"wp:term":[{"taxonomy":"category","embeddable":true,"href":"https:\/\/dmcsrb.com\/en\/wp-json\/wp\/v2\/categories?post=959949"},{"taxonomy":"post_tag","embeddable":true,"href":"https:\/\/dmcsrb.com\/en\/wp-json\/wp\/v2\/tags?post=959949"},{"taxonomy":"naslovna","embeddable":true,"href":"https:\/\/dmcsrb.com\/en\/wp-json\/wp\/v2\/naslovna?post=959949"}],"curies":[{"name":"wp","href":"https:\/\/api.w.org\/{rel}","templated":true}]}}