{"id":959931,"date":"2025-10-25T05:54:00","date_gmt":"2025-10-25T03:54:00","guid":{"rendered":"https:\/\/dmcsrb.com\/uncategorized\/medjunarodna-arbitraza-opcija-za-rjesenje-prevlake\/"},"modified":"2025-10-25T05:54:00","modified_gmt":"2025-10-25T03:54:00","slug":"medjunarodna-arbitraza-opcija-za-rjesenje-prevlake","status":"publish","type":"post","link":"https:\/\/dmcsrb.com\/en\/politika\/medjunarodna-arbitraza-opcija-za-rjesenje-prevlake\/","title":{"rendered":"&#8220;Me\u0111unarodna arbitra\u017ea opcija za rje\u0161enje Prevlake&#8221;"},"content":{"rendered":"<p><\/p>\n\n\n\n<p><br><\/p>\n\n\n\n<p>Biv\u0161i diplomata Miodrag Leki\u0107 smatra da javnost mora vi\u0161e da zna, ima bolji uvid o diplomatskim aktivnostima, pregovorima sa Hrvatskom, grani\u010dnim problemima. Treba nam uravnote\u017eena diplomatija koja vodi ra\u010duna o dr\u017eavnom dostojanstvu, dodaje.<\/p>\n\n\n\n<p>&#8220;Ovo je veliki motiv Evropske unije. Nije samo savladavanje poglavlja, nego \u0161ansa nama, da zbog nas, ozbiljno izvr\u0161imo jednu reformu, dru\u0161tvenu, ekonomsku, moralnu. Uravnote\u017eiti potrebu saradnje sa me\u0111unarodnim partnerima i zadr\u017eati svoju autonomiju &#8211; da se misli svojom glavom&#8221;, kazao je Leki\u0107.<br><\/p>\n\n\n\n<p>Biv\u0161i premijer i raniji ministar vanjskih poslova Igor Luk\u0161i\u0107 smatra da suvi\u0161e sku\u010deno posmatramo zahtjeve EU. Vladavina prava je i promjena navika i na\u010dina razmi\u0161ljanja, ka\u017ee.<\/p>\n\n\n\n<p>&#8220;Pomalo mi se \u010dini da u na\u0161em dru\u0161tvu postoji uvjerenje da \u0107emo postati \u010dlanica Evropske unije do 2028. godine, bez obzira na sve. A nije ba\u0161 tako. Jeste, \u010dini mi se, trenutak u kojem malo vi\u0161e dominira geopolitika, a malo manje je fokus na metodologiju&#8221;, ka\u017ee Luk\u0161i\u0107.<\/p>\n\n\n\n<p>Biv\u0161i ministar vanjskih poslova Sr\u0111an Darmanovi\u0107 ka\u017ee da je geopoliti\u010dka situacija jedinstvena.<\/p>\n\n\n\n<p>Rije\u010d je o bezbjednosti zapadnog Balkana, ali ukazuje i na brojne faktore koji mogu uticati na politiku pro\u0161irenja Evropske unije.<\/p>\n\n\n\n<p>&#8220;Ja se nadam da \u0107emo nekako kroz sve pro\u0107i, ali je daleko od toga da mo\u017eemo da ka\u017eemo da to je to, \u010deka nas samo da potpi\u0161emo ugovor i da proslavimo u Podgorici&#8221;, ocjenjuje profesor.<br><\/p>\n\n\n\n<p>Njih trojica, u\u010desnici na panelu ju\u010de u Podgorici, saglasni su da je rat u Ukrajini izazvao dalekose\u017ene promjene na geopoliti\u010dkoj karti, a teme i na proces pro\u0161irenja Evropske unije.<\/p>\n\n\n\n<p>&#8220;Mislim da ona ima dosta razloga da krene u tzv. dovr\u0161avanje posla na zapadnom Balkanu. To bi bila poruka da ruski uticaj ovdje ne bi bio tako veliki&#8221;, kazao je Darmanovi\u0107.<\/p>\n\n\n\n<p>Darmanovi\u0107 smatra da bi ulazak Crne Gore imao i pozitivan uticaj na region.<\/p>\n\n\n\n<p>&#8220;Na\u0161e \u010dlanstvo je bila zna\u010dajna poruka i autoritarnom re\u017eimu u Srbiji. Dakle, oni koji su druga\u010diji ipak napreduju. I podtsticaj za promjene u toj zemlji, \u0161to je vrlo va\u017eno&#8221;, ka\u017ee Darmanovi\u0107.<\/p>\n\n\n\n<p>Miodrag Leki\u0107 upozorava na unutra\u0161nje protivrje\u010dnosti Crne Gore.<\/p>\n\n\n\n<p>&#8220;Mo\u017eda \u0107e etni\u010dki princip vo\u0111enja dr\u017eavne politike prevladati. Mo\u017eda ho\u0107e, mo\u017eda ne\u0107e. To je kraj Crne Gore, ako ne postoji dr\u017eavna samosvijest kao primarna, stoprocentna i jedina. Jo\u0161 kroz lekcije koje imamo iz raspada Jugoslavije i tako dalje&#8221;, ka\u017ee Leki\u0107.<br><\/p>\n\n\n\n<p>Pitanje Prevlake i odnosi sa Hrvatskom tako\u0111e su bili u fokusu panelista.<\/p>\n\n\n\n<p>Upozorava na mogu\u0107nost da se ostavi pitanje Prevlake za kraj i mo\u017eda je neko smislio da \u0107e to pitanje biti dramati\u010dno izo\u0161treno na nivou da li \u0107e Crna Gora u\u0107i u Evropsku uniju.<\/p>\n\n\n\n<p>&#8220;Kao sve je spremno, ali samo da i to rije\u0161imo, a da rije\u0161imo na na\u010din da se preda Hrvatskoj. Li\u010dno \u0107u biti, kao neko ko je veliki evropejac, protiv ulaska u Evropsku uniju ako je to cijena, ako je to neko smislio&#8221;, ka\u017ee Leki\u0107.<\/p>\n\n\n\n<p>Sr\u0111an Darmanovi\u0107 smatra da treba kalibrirati politiku prema vrhunskom cilju ulazku u Evropsku uniju.<\/p>\n\n\n\n<p>&#8220;Imate taj stalni uticaj koji Beograd vr\u0161i na crnogorske politi\u010dke aktere, na Crnu Goru. Ali tako\u0111e treba se zapitati \u0161ta je na\u0161 cilj. Da li je na\u0161 cilj da zaglavimo u sporovima sa Hrvatskom do mjere da \u0107e ona blokirati na\u0161e \u010dlanstvo u EU. Za sada je, koliko ja vidim, Hrvatska, dosta skrupulozno postupala. Mislim da \u0107e se pitanje Prevlake ipak rje\u0161avati na Me\u0111unarodnom sudu ili me\u0111unarodnoj arbitra\u017ei&#8221;, ka\u017ee on.<\/p>\n\n\n\n<p>I biv\u0161i premijer ministar Igor Luk\u0161i\u0107 nije optimista da bilateralni pregovori mogu rije\u0161iti pitanje Prevlake. Ipak vjeruje da to ne\u0107e zaustaviti evropski put Crne Gore.<\/p>","protected":false},"excerpt":{"rendered":"<p>Biv\u0161e diplomate Sr\u0111an Darmanovi\u0107, Miodrag Leki\u0107 i biv\u0161i premijer i \u0161ef diplomatije Igor luk\u0161i\u0107 nijesu optimisti da bilateralni pregovori mogu rije\u0161iti pitanje Prevlake. Dok Leki\u0107 smatra da treba o\u010duvati dostojanstvo u pregovorima sa Hrvatskom po cijenu ulaska u Evropsku uniju, Darmanovi\u0107 je uvjeren da \u0107e se to pitanje rje\u0161avati na Me\u0111unarodnom sudu. Luk\u0161i\u0107 je mi\u0161ljenja da pitanje Prevlake ne\u0107e zaustaviti ulazak Crne Gore u EU.<\/p>","protected":false},"author":1,"featured_media":959932,"comment_status":"open","ping_status":"open","sticky":false,"template":"","format":"standard","meta":{"_acf_changed":false,"footnotes":""},"categories":[12],"tags":[937,12542],"naslovna":[],"class_list":["post-959931","post","type-post","status-publish","format-standard","has-post-thumbnail","hentry","category-politika","tag-pregovori","tag-prevlaka"],"acf":[],"yoast_head":"<!-- This site is optimized with the Yoast SEO plugin v27.4 - https:\/\/yoast.com\/product\/yoast-seo-wordpress\/ -->\n<title>&quot;Me\u0111unarodna arbitra\u017ea opcija za rje\u0161enje Prevlake&quot; - dmcsrb.com<\/title>\n<meta name=\"robots\" content=\"index, follow, max-snippet:-1, max-image-preview:large, max-video-preview:-1\" \/>\n<link rel=\"canonical\" href=\"https:\/\/dmcsrb.com\/en\/politika\/medjunarodna-arbitraza-opcija-za-rjesenje-prevlake\/\" \/>\n<meta property=\"og:locale\" content=\"en_GB\" \/>\n<meta property=\"og:type\" content=\"article\" \/>\n<meta property=\"og:title\" content=\"&quot;Me\u0111unarodna arbitra\u017ea opcija za rje\u0161enje Prevlake&quot; - dmcsrb.com\" \/>\n<meta property=\"og:description\" content=\"Biv\u0161e diplomate Sr\u0111an Darmanovi\u0107, Miodrag Leki\u0107 i biv\u0161i premijer i \u0161ef diplomatije Igor luk\u0161i\u0107 nijesu optimisti da bilateralni pregovori mogu rije\u0161iti pitanje Prevlake. Dok Leki\u0107 smatra da treba o\u010duvati dostojanstvo u pregovorima sa Hrvatskom po cijenu ulaska u Evropsku uniju, Darmanovi\u0107 je uvjeren da \u0107e se to pitanje rje\u0161avati na Me\u0111unarodnom sudu. Luk\u0161i\u0107 je mi\u0161ljenja da pitanje Prevlake ne\u0107e zaustaviti ulazak Crne Gore u EU.\" \/>\n<meta property=\"og:url\" content=\"https:\/\/dmcsrb.com\/en\/politika\/medjunarodna-arbitraza-opcija-za-rjesenje-prevlake\/\" \/>\n<meta property=\"og:site_name\" content=\"dmcsrb.com\" \/>\n<meta property=\"article:published_time\" content=\"2025-10-25T03:54:00+00:00\" \/>\n<meta property=\"og:image\" content=\"https:\/\/dmcsrb.com\/wp-content\/uploads\/2026\/01\/prevlaka.webp\" \/>\n\t<meta property=\"og:image:width\" content=\"1023\" \/>\n\t<meta property=\"og:image:height\" content=\"575\" \/>\n\t<meta property=\"og:image:type\" content=\"image\/jpeg\" \/>\n<meta name=\"author\" content=\"dmcsrbija.com@gmail.com\" \/>\n<meta name=\"twitter:card\" content=\"summary_large_image\" \/>\n<meta name=\"twitter:label1\" content=\"Written by\" \/>\n\t<meta name=\"twitter:data1\" content=\"dmcsrbija.com@gmail.com\" \/>\n\t<meta name=\"twitter:label2\" content=\"Estimated reading time\" \/>\n\t<meta name=\"twitter:data2\" content=\"3 minutes\" \/>\n<script type=\"application\/ld+json\" class=\"yoast-schema-graph\">{\"@context\":\"https:\\\/\\\/schema.org\",\"@graph\":[{\"@type\":\"Article\",\"@id\":\"https:\\\/\\\/dmcsrb.com\\\/en\\\/politika\\\/medjunarodna-arbitraza-opcija-za-rjesenje-prevlake\\\/#article\",\"isPartOf\":{\"@id\":\"https:\\\/\\\/dmcsrb.com\\\/en\\\/politika\\\/medjunarodna-arbitraza-opcija-za-rjesenje-prevlake\\\/\"},\"author\":{\"name\":\"dmcsrbija.com@gmail.com\",\"@id\":\"https:\\\/\\\/dmcsrb.com\\\/#\\\/schema\\\/person\\\/5c39170f12db1b8b457732d0b5c854e2\"},\"headline\":\"&#8220;Me\u0111unarodna arbitra\u017ea opcija za rje\u0161enje Prevlake&#8221;\",\"datePublished\":\"2025-10-25T03:54:00+00:00\",\"mainEntityOfPage\":{\"@id\":\"https:\\\/\\\/dmcsrb.com\\\/en\\\/politika\\\/medjunarodna-arbitraza-opcija-za-rjesenje-prevlake\\\/\"},\"wordCount\":654,\"commentCount\":0,\"image\":{\"@id\":\"https:\\\/\\\/dmcsrb.com\\\/en\\\/politika\\\/medjunarodna-arbitraza-opcija-za-rjesenje-prevlake\\\/#primaryimage\"},\"thumbnailUrl\":\"https:\\\/\\\/dmcsrb.com\\\/wp-content\\\/uploads\\\/2026\\\/01\\\/prevlaka.webp\",\"keywords\":[\"pregovori\",\"Prevlaka\"],\"articleSection\":[\"Politika\"],\"inLanguage\":\"en-GB\",\"potentialAction\":[{\"@type\":\"CommentAction\",\"name\":\"Comment\",\"target\":[\"https:\\\/\\\/dmcsrb.com\\\/en\\\/politika\\\/medjunarodna-arbitraza-opcija-za-rjesenje-prevlake\\\/#respond\"]}]},{\"@type\":\"WebPage\",\"@id\":\"https:\\\/\\\/dmcsrb.com\\\/en\\\/politika\\\/medjunarodna-arbitraza-opcija-za-rjesenje-prevlake\\\/\",\"url\":\"https:\\\/\\\/dmcsrb.com\\\/en\\\/politika\\\/medjunarodna-arbitraza-opcija-za-rjesenje-prevlake\\\/\",\"name\":\"\\\"Me\u0111unarodna arbitra\u017ea opcija za rje\u0161enje Prevlake\\\" - dmcsrb.com\",\"isPartOf\":{\"@id\":\"https:\\\/\\\/dmcsrb.com\\\/#website\"},\"primaryImageOfPage\":{\"@id\":\"https:\\\/\\\/dmcsrb.com\\\/en\\\/politika\\\/medjunarodna-arbitraza-opcija-za-rjesenje-prevlake\\\/#primaryimage\"},\"image\":{\"@id\":\"https:\\\/\\\/dmcsrb.com\\\/en\\\/politika\\\/medjunarodna-arbitraza-opcija-za-rjesenje-prevlake\\\/#primaryimage\"},\"thumbnailUrl\":\"https:\\\/\\\/dmcsrb.com\\\/wp-content\\\/uploads\\\/2026\\\/01\\\/prevlaka.webp\",\"datePublished\":\"2025-10-25T03:54:00+00:00\",\"author\":{\"@id\":\"https:\\\/\\\/dmcsrb.com\\\/#\\\/schema\\\/person\\\/5c39170f12db1b8b457732d0b5c854e2\"},\"breadcrumb\":{\"@id\":\"https:\\\/\\\/dmcsrb.com\\\/en\\\/politika\\\/medjunarodna-arbitraza-opcija-za-rjesenje-prevlake\\\/#breadcrumb\"},\"inLanguage\":\"en-GB\",\"potentialAction\":[{\"@type\":\"ReadAction\",\"target\":[\"https:\\\/\\\/dmcsrb.com\\\/en\\\/politika\\\/medjunarodna-arbitraza-opcija-za-rjesenje-prevlake\\\/\"]}]},{\"@type\":\"ImageObject\",\"inLanguage\":\"en-GB\",\"@id\":\"https:\\\/\\\/dmcsrb.com\\\/en\\\/politika\\\/medjunarodna-arbitraza-opcija-za-rjesenje-prevlake\\\/#primaryimage\",\"url\":\"https:\\\/\\\/dmcsrb.com\\\/wp-content\\\/uploads\\\/2026\\\/01\\\/prevlaka.webp\",\"contentUrl\":\"https:\\\/\\\/dmcsrb.com\\\/wp-content\\\/uploads\\\/2026\\\/01\\\/prevlaka.webp\",\"width\":1023,\"height\":575},{\"@type\":\"BreadcrumbList\",\"@id\":\"https:\\\/\\\/dmcsrb.com\\\/en\\\/politika\\\/medjunarodna-arbitraza-opcija-za-rjesenje-prevlake\\\/#breadcrumb\",\"itemListElement\":[{\"@type\":\"ListItem\",\"position\":1,\"name\":\"Home\",\"item\":\"https:\\\/\\\/dmcsrb.com\\\/\"},{\"@type\":\"ListItem\",\"position\":2,\"name\":\"&#8220;Me\u0111unarodna arbitra\u017ea opcija za rje\u0161enje Prevlake&#8221;\"}]},{\"@type\":\"WebSite\",\"@id\":\"https:\\\/\\\/dmcsrb.com\\\/#website\",\"url\":\"https:\\\/\\\/dmcsrb.com\\\/\",\"name\":\"dmcsrb.com\",\"description\":\"\",\"potentialAction\":[{\"@type\":\"SearchAction\",\"target\":{\"@type\":\"EntryPoint\",\"urlTemplate\":\"https:\\\/\\\/dmcsrb.com\\\/?s={search_term_string}\"},\"query-input\":{\"@type\":\"PropertyValueSpecification\",\"valueRequired\":true,\"valueName\":\"search_term_string\"}}],\"inLanguage\":\"en-GB\"},{\"@type\":\"Person\",\"@id\":\"https:\\\/\\\/dmcsrb.com\\\/#\\\/schema\\\/person\\\/5c39170f12db1b8b457732d0b5c854e2\",\"name\":\"dmcsrbija.com@gmail.com\",\"image\":{\"@type\":\"ImageObject\",\"inLanguage\":\"en-GB\",\"@id\":\"https:\\\/\\\/secure.gravatar.com\\\/avatar\\\/68592660ad6347fad0fb587f8d5d8f1a7b44961362f56e4f2cd524feb87e9069?s=96&d=mm&r=g\",\"url\":\"https:\\\/\\\/secure.gravatar.com\\\/avatar\\\/68592660ad6347fad0fb587f8d5d8f1a7b44961362f56e4f2cd524feb87e9069?s=96&d=mm&r=g\",\"contentUrl\":\"https:\\\/\\\/secure.gravatar.com\\\/avatar\\\/68592660ad6347fad0fb587f8d5d8f1a7b44961362f56e4f2cd524feb87e9069?s=96&d=mm&r=g\",\"caption\":\"dmcsrbija.com@gmail.com\"},\"sameAs\":[\"https:\\\/\\\/dmcsrb.com\"],\"url\":\"https:\\\/\\\/dmcsrb.com\\\/en\\\/author\\\/dmcsrbija-comgmail-com\\\/\"}]}<\/script>\n<!-- \/ Yoast SEO plugin. -->","yoast_head_json":{"title":"\"Me\u0111unarodna arbitra\u017ea opcija za rje\u0161enje Prevlake\" - dmcsrb.com","robots":{"index":"index","follow":"follow","max-snippet":"max-snippet:-1","max-image-preview":"max-image-preview:large","max-video-preview":"max-video-preview:-1"},"canonical":"https:\/\/dmcsrb.com\/en\/politika\/medjunarodna-arbitraza-opcija-za-rjesenje-prevlake\/","og_locale":"en_GB","og_type":"article","og_title":"\"Me\u0111unarodna arbitra\u017ea opcija za rje\u0161enje Prevlake\" - dmcsrb.com","og_description":"Biv\u0161e diplomate Sr\u0111an Darmanovi\u0107, Miodrag Leki\u0107 i biv\u0161i premijer i \u0161ef diplomatije Igor luk\u0161i\u0107 nijesu optimisti da bilateralni pregovori mogu rije\u0161iti pitanje Prevlake. Dok Leki\u0107 smatra da treba o\u010duvati dostojanstvo u pregovorima sa Hrvatskom po cijenu ulaska u Evropsku uniju, Darmanovi\u0107 je uvjeren da \u0107e se to pitanje rje\u0161avati na Me\u0111unarodnom sudu. Luk\u0161i\u0107 je mi\u0161ljenja da pitanje Prevlake ne\u0107e zaustaviti ulazak Crne Gore u EU.","og_url":"https:\/\/dmcsrb.com\/en\/politika\/medjunarodna-arbitraza-opcija-za-rjesenje-prevlake\/","og_site_name":"dmcsrb.com","article_published_time":"2025-10-25T03:54:00+00:00","og_image":[{"width":1023,"height":575,"url":"https:\/\/dmcsrb.com\/wp-content\/uploads\/2026\/01\/prevlaka.webp","type":"image\/jpeg"}],"author":"dmcsrbija.com@gmail.com","twitter_card":"summary_large_image","twitter_misc":{"Written by":"dmcsrbija.com@gmail.com","Estimated reading time":"3 minutes"},"schema":{"@context":"https:\/\/schema.org","@graph":[{"@type":"Article","@id":"https:\/\/dmcsrb.com\/en\/politika\/medjunarodna-arbitraza-opcija-za-rjesenje-prevlake\/#article","isPartOf":{"@id":"https:\/\/dmcsrb.com\/en\/politika\/medjunarodna-arbitraza-opcija-za-rjesenje-prevlake\/"},"author":{"name":"dmcsrbija.com@gmail.com","@id":"https:\/\/dmcsrb.com\/#\/schema\/person\/5c39170f12db1b8b457732d0b5c854e2"},"headline":"&#8220;Me\u0111unarodna arbitra\u017ea opcija za rje\u0161enje Prevlake&#8221;","datePublished":"2025-10-25T03:54:00+00:00","mainEntityOfPage":{"@id":"https:\/\/dmcsrb.com\/en\/politika\/medjunarodna-arbitraza-opcija-za-rjesenje-prevlake\/"},"wordCount":654,"commentCount":0,"image":{"@id":"https:\/\/dmcsrb.com\/en\/politika\/medjunarodna-arbitraza-opcija-za-rjesenje-prevlake\/#primaryimage"},"thumbnailUrl":"https:\/\/dmcsrb.com\/wp-content\/uploads\/2026\/01\/prevlaka.webp","keywords":["pregovori","Prevlaka"],"articleSection":["Politika"],"inLanguage":"en-GB","potentialAction":[{"@type":"CommentAction","name":"Comment","target":["https:\/\/dmcsrb.com\/en\/politika\/medjunarodna-arbitraza-opcija-za-rjesenje-prevlake\/#respond"]}]},{"@type":"WebPage","@id":"https:\/\/dmcsrb.com\/en\/politika\/medjunarodna-arbitraza-opcija-za-rjesenje-prevlake\/","url":"https:\/\/dmcsrb.com\/en\/politika\/medjunarodna-arbitraza-opcija-za-rjesenje-prevlake\/","name":"\"Me\u0111unarodna arbitra\u017ea opcija za rje\u0161enje Prevlake\" - dmcsrb.com","isPartOf":{"@id":"https:\/\/dmcsrb.com\/#website"},"primaryImageOfPage":{"@id":"https:\/\/dmcsrb.com\/en\/politika\/medjunarodna-arbitraza-opcija-za-rjesenje-prevlake\/#primaryimage"},"image":{"@id":"https:\/\/dmcsrb.com\/en\/politika\/medjunarodna-arbitraza-opcija-za-rjesenje-prevlake\/#primaryimage"},"thumbnailUrl":"https:\/\/dmcsrb.com\/wp-content\/uploads\/2026\/01\/prevlaka.webp","datePublished":"2025-10-25T03:54:00+00:00","author":{"@id":"https:\/\/dmcsrb.com\/#\/schema\/person\/5c39170f12db1b8b457732d0b5c854e2"},"breadcrumb":{"@id":"https:\/\/dmcsrb.com\/en\/politika\/medjunarodna-arbitraza-opcija-za-rjesenje-prevlake\/#breadcrumb"},"inLanguage":"en-GB","potentialAction":[{"@type":"ReadAction","target":["https:\/\/dmcsrb.com\/en\/politika\/medjunarodna-arbitraza-opcija-za-rjesenje-prevlake\/"]}]},{"@type":"ImageObject","inLanguage":"en-GB","@id":"https:\/\/dmcsrb.com\/en\/politika\/medjunarodna-arbitraza-opcija-za-rjesenje-prevlake\/#primaryimage","url":"https:\/\/dmcsrb.com\/wp-content\/uploads\/2026\/01\/prevlaka.webp","contentUrl":"https:\/\/dmcsrb.com\/wp-content\/uploads\/2026\/01\/prevlaka.webp","width":1023,"height":575},{"@type":"BreadcrumbList","@id":"https:\/\/dmcsrb.com\/en\/politika\/medjunarodna-arbitraza-opcija-za-rjesenje-prevlake\/#breadcrumb","itemListElement":[{"@type":"ListItem","position":1,"name":"Home","item":"https:\/\/dmcsrb.com\/"},{"@type":"ListItem","position":2,"name":"&#8220;Me\u0111unarodna arbitra\u017ea opcija za rje\u0161enje Prevlake&#8221;"}]},{"@type":"WebSite","@id":"https:\/\/dmcsrb.com\/#website","url":"https:\/\/dmcsrb.com\/","name":"dmcsrb.com","description":"","potentialAction":[{"@type":"SearchAction","target":{"@type":"EntryPoint","urlTemplate":"https:\/\/dmcsrb.com\/?s={search_term_string}"},"query-input":{"@type":"PropertyValueSpecification","valueRequired":true,"valueName":"search_term_string"}}],"inLanguage":"en-GB"},{"@type":"Person","@id":"https:\/\/dmcsrb.com\/#\/schema\/person\/5c39170f12db1b8b457732d0b5c854e2","name":"dmcsrbija.com@gmail.com","image":{"@type":"ImageObject","inLanguage":"en-GB","@id":"https:\/\/secure.gravatar.com\/avatar\/68592660ad6347fad0fb587f8d5d8f1a7b44961362f56e4f2cd524feb87e9069?s=96&d=mm&r=g","url":"https:\/\/secure.gravatar.com\/avatar\/68592660ad6347fad0fb587f8d5d8f1a7b44961362f56e4f2cd524feb87e9069?s=96&d=mm&r=g","contentUrl":"https:\/\/secure.gravatar.com\/avatar\/68592660ad6347fad0fb587f8d5d8f1a7b44961362f56e4f2cd524feb87e9069?s=96&d=mm&r=g","caption":"dmcsrbija.com@gmail.com"},"sameAs":["https:\/\/dmcsrb.com"],"url":"https:\/\/dmcsrb.com\/en\/author\/dmcsrbija-comgmail-com\/"}]}},"_links":{"self":[{"href":"https:\/\/dmcsrb.com\/en\/wp-json\/wp\/v2\/posts\/959931","targetHints":{"allow":["GET"]}}],"collection":[{"href":"https:\/\/dmcsrb.com\/en\/wp-json\/wp\/v2\/posts"}],"about":[{"href":"https:\/\/dmcsrb.com\/en\/wp-json\/wp\/v2\/types\/post"}],"author":[{"embeddable":true,"href":"https:\/\/dmcsrb.com\/en\/wp-json\/wp\/v2\/users\/1"}],"replies":[{"embeddable":true,"href":"https:\/\/dmcsrb.com\/en\/wp-json\/wp\/v2\/comments?post=959931"}],"version-history":[{"count":0,"href":"https:\/\/dmcsrb.com\/en\/wp-json\/wp\/v2\/posts\/959931\/revisions"}],"wp:featuredmedia":[{"embeddable":true,"href":"https:\/\/dmcsrb.com\/en\/wp-json\/wp\/v2\/media\/959932"}],"wp:attachment":[{"href":"https:\/\/dmcsrb.com\/en\/wp-json\/wp\/v2\/media?parent=959931"}],"wp:term":[{"taxonomy":"category","embeddable":true,"href":"https:\/\/dmcsrb.com\/en\/wp-json\/wp\/v2\/categories?post=959931"},{"taxonomy":"post_tag","embeddable":true,"href":"https:\/\/dmcsrb.com\/en\/wp-json\/wp\/v2\/tags?post=959931"},{"taxonomy":"naslovna","embeddable":true,"href":"https:\/\/dmcsrb.com\/en\/wp-json\/wp\/v2\/naslovna?post=959931"}],"curies":[{"name":"wp","href":"https:\/\/api.w.org\/{rel}","templated":true}]}}