{"id":959920,"date":"2025-10-24T18:24:00","date_gmt":"2025-10-24T16:24:00","guid":{"rendered":"https:\/\/dmcsrb.com\/uncategorized\/kadic-ako-me-ne-smijene-politickom-hajkom-dacu-ostavku-ukoliko-se-ne-usvoji-budzet-fzo\/"},"modified":"2025-10-24T18:24:00","modified_gmt":"2025-10-24T16:24:00","slug":"kadic-ako-me-ne-smijene-politickom-hajkom-dacu-ostavku-ukoliko-se-ne-usvoji-budzet-fzo","status":"publish","type":"post","link":"https:\/\/dmcsrb.com\/en\/ekonomija\/kadic-ako-me-ne-smijene-politickom-hajkom-dacu-ostavku-ukoliko-se-ne-usvoji-budzet-fzo\/","title":{"rendered":"Kadi\u0107: Ako me ne smijene politi\u010dkom hajkom, da\u0107u ostavku ukoliko se ne usvoji bud\u017eet FZO"},"content":{"rendered":"<p>Kadi\u0107 je kazao da do dana\u0161njeg dana ministar zdravlja Vojislav \u0160imun nikada nije imao zamjerku na njegov rad. Naglasio je da su imali korektnu komunikaciju, te da ga je potez o smjeni iznenadio.<\/p>\n\n\n\n<p>&#8220;Targetirao sam ja i ministra i predsjednika Upravnog odbora zato \u0161to je to direktno politi\u010dka direktiva. Ovaj slijed doga\u0111aja je za mene iznena\u0111uju\u0107i u smislu da ni u jednom trenutku nije iznio bilo kakve zamjerke na funkcionisanje Fonda za zdravstveno osiguranje, a onda odjednom njegov predstavnik, predsjednik Upravnog odbora pokre\u0107e inicijativu&#8221;, kazao je Kadi\u0107.<\/p>\n\n\n\n<p><img decoding=\"async\" width=\"100%\" alt=\"Vuk Kadi\u0107\" src=\"https:\/\/rtcg.me\/upload\/\/media\/2025\/9\/24\/17\/32\/687\/2309046\/resize\/2309049\/24.10.2025_-_12.40_-_OKVIR_SNIMANJE_-_MOG03CH1_p_frame_52908_506x900\"><em>Vuk Kadi\u0107 (Foto: RTCG)<\/em><\/p>\n\n\n\n<p>Kadi\u0107 nije smijenjen na sjednici Upravnog odbora 20. oktobra, jer je ustanovljeno da je tom upravlja\u010dkom tijelu mandat istekao jo\u0161 u februaru ove godine. Istakao je da \u010dlanove Upravnog odbora bira Vlada i da je svaki \u010dlan du\u017ean da zna kad mu isti\u010de mandat. IUprkos tome \u0161to ih je obavijestio da im je istekao mandat, predsjednik UO FZO Marko Toma\u0161evi\u0107, tvrdi Kadi\u0107, je insistirao da nastave i smijene direktora Fonda.<\/p>\n\n\n\n<p>&#8220;Gospodin Toma\u0161evi\u0107 i gospo\u0111a Roganovi\u0107 (Milena) su insistirali da se pokrene inicijativa o mojoj smjeni iako sam ih ja obavijestio da im je istekao mandat. Gospodin Toma\u0161evi\u0107 je svesno htio da obmane ostale \u010dlanove Upravnog odbora da u\u0111u u krivi\u010dno djelo&#8221;, rekao je on.<\/p>\n\n\n\n<p><img decoding=\"async\" width=\"100%\" alt=\"Milena Vukovi\u0107\" src=\"https:\/\/rtcg.me\/upload\/\/media\/2025\/9\/24\/19\/44\/200\/2309237\/resize\/2309240\/24.10.2025_-_12.40_-_OKVIR_SNIMANJE_-_MOG03CH1_p_frame_29592_506x900\"><em>Milena Vukovi\u0107 (Foto: RTCG)<\/em><\/p>\n\n\n\n<p>Poslanica Gra\u0111anskog pokreta URA Milena Vukovi\u0107 smatra da je jasno da je na djelu politi\u010dka smjena.<\/p>\n\n\n\n<p>&#8220;Ja bih rekla, vidim da je va\u0161 naziv ove emisije politika ili zloupotreba, ja bih rekla da je ovo i politika i zloupotreba. Iz svega \u0161to smo \u010duli od gospodina Vuka Kadi\u0107a koji je do\u0161ao u emisiju da obrazlo\u017ei ovdje svoju poziciju, potpuno je jasno da politika je uzela maha i da je u su\u0161tini jedna, ovako rekla bih, politi\u010dka smjena ponovo na dnevnom redu. Mi smo svjedoci da se to de\u0161ava vrlo \u010desto&#8221;, kazala je poslanica.<\/p>\n\n\n\n<p>Vukovi\u0107 je kazala da je ovo kona\u010dno sahranjivanje meritokratije.<\/p>\n\n\n\n<p>Kadi\u0107 je najavio da \u0107e bud\u017eet od 525 miliona eura odrediti da li ostaje na poziciji.<\/p>\n\n\n\n<p>&#8220;Apsolutno \u0107u podnijeti samu ostavku i to se ne postavlja kao pitanje, jer ovdje je najmanje bitan Vuk Kadi\u0107 ve\u0107 \u017eelja da na neki na\u010din zdravstveni sistem u\u010dinimo dostupnijim svima&#8221;, rekao je on.<\/p>","protected":false},"excerpt":{"rendered":"<p>Direktor Fonda za zdravstvo Vuk Kadi\u0107 kazao je u emisiji &#8220;Okvir&#8221; da je inicijativa za njegovu smjenu politi\u010dkog karaktera. Istakao je da je izvje\u0161taj o radu Fonda za 2024. godinu usvojio i Upravni odbor fonda i Vlada, te da se u njemu nalaze svi ugovori Fonda sa regionalnim medicinskim centrima, koji sada problematizuje prije svega ministar zdravlja preko svojih ljudi u Upravnom odboru. Ukoliko ga do tada ne smijene, Kadi\u0107 najavljuje da \u0107e sam podnijeti ostavlu u slu\u010daju da ne pro\u0111e njegov predlog bud\u017eeta Fonda za narednu godinu, koji je te\u017eak 525 miliona eura. Za Pfajzer vakcine ka\u017ee da ih nije pla\u0107ao on, nego upravo ministar finansija Novica Vukovi\u0107.<\/p>","protected":false},"author":1,"featured_media":959921,"comment_status":"open","ping_status":"open","sticky":false,"template":"","format":"standard","meta":{"_acf_changed":false,"footnotes":""},"categories":[27],"tags":[738,6580,443],"naslovna":[],"class_list":["post-959920","post","type-post","status-publish","format-standard","has-post-thumbnail","hentry","category-ekonomija","tag-fzo","tag-milena-vukovic","tag-vuk-kadic"],"acf":[],"yoast_head":"<!-- This site is optimized with the Yoast SEO plugin v27.0 - https:\/\/yoast.com\/product\/yoast-seo-wordpress\/ -->\n<title>Kadi\u0107: Ako me ne smijene politi\u010dkom hajkom, da\u0107u ostavku ukoliko se ne usvoji bud\u017eet FZO - dmcsrb.com<\/title>\n<meta name=\"robots\" content=\"index, follow, max-snippet:-1, max-image-preview:large, max-video-preview:-1\" \/>\n<link rel=\"canonical\" href=\"https:\/\/dmcsrb.com\/en\/ekonomija\/kadic-ako-me-ne-smijene-politickom-hajkom-dacu-ostavku-ukoliko-se-ne-usvoji-budzet-fzo\/\" \/>\n<meta property=\"og:locale\" content=\"en_GB\" \/>\n<meta property=\"og:type\" content=\"article\" \/>\n<meta property=\"og:title\" content=\"Kadi\u0107: Ako me ne smijene politi\u010dkom hajkom, da\u0107u ostavku ukoliko se ne usvoji bud\u017eet FZO - dmcsrb.com\" \/>\n<meta property=\"og:description\" content=\"Direktor Fonda za zdravstvo Vuk Kadi\u0107 kazao je u emisiji &quot;Okvir&quot; da je inicijativa za njegovu smjenu politi\u010dkog karaktera. Istakao je da je izvje\u0161taj o radu Fonda za 2024. godinu usvojio i Upravni odbor fonda i Vlada, te da se u njemu nalaze svi ugovori Fonda sa regionalnim medicinskim centrima, koji sada problematizuje prije svega ministar zdravlja preko svojih ljudi u Upravnom odboru. Ukoliko ga do tada ne smijene, Kadi\u0107 najavljuje da \u0107e sam podnijeti ostavlu u slu\u010daju da ne pro\u0111e njegov predlog bud\u017eeta Fonda za narednu godinu, koji je te\u017eak 525 miliona eura. Za Pfajzer vakcine ka\u017ee da ih nije pla\u0107ao on, nego upravo ministar finansija Novica Vukovi\u0107.\" \/>\n<meta property=\"og:url\" content=\"https:\/\/dmcsrb.com\/en\/ekonomija\/kadic-ako-me-ne-smijene-politickom-hajkom-dacu-ostavku-ukoliko-se-ne-usvoji-budzet-fzo\/\" \/>\n<meta property=\"og:site_name\" content=\"dmcsrb.com\" \/>\n<meta property=\"article:published_time\" content=\"2025-10-24T16:24:00+00:00\" \/>\n<meta property=\"og:image\" content=\"https:\/\/dmcsrb.com\/wp-content\/uploads\/2026\/01\/Capture-75-3.webp\" \/>\n\t<meta property=\"og:image:width\" content=\"1750\" \/>\n\t<meta property=\"og:image:height\" content=\"760\" \/>\n\t<meta property=\"og:image:type\" content=\"image\/jpeg\" \/>\n<meta name=\"author\" content=\"dmcsrbija.com@gmail.com\" \/>\n<meta name=\"twitter:card\" content=\"summary_large_image\" \/>\n<meta name=\"twitter:label1\" content=\"Written by\" \/>\n\t<meta name=\"twitter:data1\" content=\"dmcsrbija.com@gmail.com\" \/>\n\t<meta name=\"twitter:label2\" content=\"Estimated reading time\" \/>\n\t<meta name=\"twitter:data2\" content=\"2 minutes\" \/>\n<script type=\"application\/ld+json\" class=\"yoast-schema-graph\">{\"@context\":\"https:\/\/schema.org\",\"@graph\":[{\"@type\":\"Article\",\"@id\":\"https:\/\/dmcsrb.com\/ekonomija\/kadic-ako-me-ne-smijene-politickom-hajkom-dacu-ostavku-ukoliko-se-ne-usvoji-budzet-fzo\/#article\",\"isPartOf\":{\"@id\":\"https:\/\/dmcsrb.com\/ekonomija\/kadic-ako-me-ne-smijene-politickom-hajkom-dacu-ostavku-ukoliko-se-ne-usvoji-budzet-fzo\/\"},\"author\":{\"name\":\"dmcsrbija.com@gmail.com\",\"@id\":\"https:\/\/dmcsrb.com\/#\/schema\/person\/5c39170f12db1b8b457732d0b5c854e2\"},\"headline\":\"Kadi\u0107: Ako me ne smijene politi\u010dkom hajkom, da\u0107u ostavku ukoliko se ne usvoji bud\u017eet FZO\",\"datePublished\":\"2025-10-24T16:24:00+00:00\",\"mainEntityOfPage\":{\"@id\":\"https:\/\/dmcsrb.com\/ekonomija\/kadic-ako-me-ne-smijene-politickom-hajkom-dacu-ostavku-ukoliko-se-ne-usvoji-budzet-fzo\/\"},\"wordCount\":403,\"commentCount\":0,\"image\":{\"@id\":\"https:\/\/dmcsrb.com\/ekonomija\/kadic-ako-me-ne-smijene-politickom-hajkom-dacu-ostavku-ukoliko-se-ne-usvoji-budzet-fzo\/#primaryimage\"},\"thumbnailUrl\":\"https:\/\/dmcsrb.com\/wp-content\/uploads\/2026\/01\/Capture-75-3.webp\",\"keywords\":[\"FZO\",\"Milena Vukovi\u0107\",\"Vuk Kadi\u0107\"],\"articleSection\":[\"Ekonomija\"],\"inLanguage\":\"en-GB\",\"potentialAction\":[{\"@type\":\"CommentAction\",\"name\":\"Comment\",\"target\":[\"https:\/\/dmcsrb.com\/ekonomija\/kadic-ako-me-ne-smijene-politickom-hajkom-dacu-ostavku-ukoliko-se-ne-usvoji-budzet-fzo\/#respond\"]}]},{\"@type\":\"WebPage\",\"@id\":\"https:\/\/dmcsrb.com\/ekonomija\/kadic-ako-me-ne-smijene-politickom-hajkom-dacu-ostavku-ukoliko-se-ne-usvoji-budzet-fzo\/\",\"url\":\"https:\/\/dmcsrb.com\/ekonomija\/kadic-ako-me-ne-smijene-politickom-hajkom-dacu-ostavku-ukoliko-se-ne-usvoji-budzet-fzo\/\",\"name\":\"Kadi\u0107: Ako me ne smijene politi\u010dkom hajkom, da\u0107u ostavku ukoliko se ne usvoji bud\u017eet FZO - dmcsrb.com\",\"isPartOf\":{\"@id\":\"https:\/\/dmcsrb.com\/#website\"},\"primaryImageOfPage\":{\"@id\":\"https:\/\/dmcsrb.com\/ekonomija\/kadic-ako-me-ne-smijene-politickom-hajkom-dacu-ostavku-ukoliko-se-ne-usvoji-budzet-fzo\/#primaryimage\"},\"image\":{\"@id\":\"https:\/\/dmcsrb.com\/ekonomija\/kadic-ako-me-ne-smijene-politickom-hajkom-dacu-ostavku-ukoliko-se-ne-usvoji-budzet-fzo\/#primaryimage\"},\"thumbnailUrl\":\"https:\/\/dmcsrb.com\/wp-content\/uploads\/2026\/01\/Capture-75-3.webp\",\"datePublished\":\"2025-10-24T16:24:00+00:00\",\"author\":{\"@id\":\"https:\/\/dmcsrb.com\/#\/schema\/person\/5c39170f12db1b8b457732d0b5c854e2\"},\"breadcrumb\":{\"@id\":\"https:\/\/dmcsrb.com\/ekonomija\/kadic-ako-me-ne-smijene-politickom-hajkom-dacu-ostavku-ukoliko-se-ne-usvoji-budzet-fzo\/#breadcrumb\"},\"inLanguage\":\"en-GB\",\"potentialAction\":[{\"@type\":\"ReadAction\",\"target\":[\"https:\/\/dmcsrb.com\/ekonomija\/kadic-ako-me-ne-smijene-politickom-hajkom-dacu-ostavku-ukoliko-se-ne-usvoji-budzet-fzo\/\"]}]},{\"@type\":\"ImageObject\",\"inLanguage\":\"en-GB\",\"@id\":\"https:\/\/dmcsrb.com\/ekonomija\/kadic-ako-me-ne-smijene-politickom-hajkom-dacu-ostavku-ukoliko-se-ne-usvoji-budzet-fzo\/#primaryimage\",\"url\":\"https:\/\/dmcsrb.com\/wp-content\/uploads\/2026\/01\/Capture-75-3.webp\",\"contentUrl\":\"https:\/\/dmcsrb.com\/wp-content\/uploads\/2026\/01\/Capture-75-3.webp\",\"width\":1750,\"height\":760},{\"@type\":\"BreadcrumbList\",\"@id\":\"https:\/\/dmcsrb.com\/ekonomija\/kadic-ako-me-ne-smijene-politickom-hajkom-dacu-ostavku-ukoliko-se-ne-usvoji-budzet-fzo\/#breadcrumb\",\"itemListElement\":[{\"@type\":\"ListItem\",\"position\":1,\"name\":\"Home\",\"item\":\"https:\/\/dmcsrb.com\/\"},{\"@type\":\"ListItem\",\"position\":2,\"name\":\"Kadi\u0107: Ako me ne smijene politi\u010dkom hajkom, da\u0107u ostavku ukoliko se ne usvoji bud\u017eet FZO\"}]},{\"@type\":\"WebSite\",\"@id\":\"https:\/\/dmcsrb.com\/#website\",\"url\":\"https:\/\/dmcsrb.com\/\",\"name\":\"dmcsrb.com\",\"description\":\"\",\"potentialAction\":[{\"@type\":\"SearchAction\",\"target\":{\"@type\":\"EntryPoint\",\"urlTemplate\":\"https:\/\/dmcsrb.com\/?s={search_term_string}\"},\"query-input\":{\"@type\":\"PropertyValueSpecification\",\"valueRequired\":true,\"valueName\":\"search_term_string\"}}],\"inLanguage\":\"en-GB\"},{\"@type\":\"Person\",\"@id\":\"https:\/\/dmcsrb.com\/#\/schema\/person\/5c39170f12db1b8b457732d0b5c854e2\",\"name\":\"dmcsrbija.com@gmail.com\",\"image\":{\"@type\":\"ImageObject\",\"inLanguage\":\"en-GB\",\"@id\":\"https:\/\/dmcsrb.com\/#\/schema\/person\/image\/\",\"url\":\"https:\/\/secure.gravatar.com\/avatar\/68592660ad6347fad0fb587f8d5d8f1a7b44961362f56e4f2cd524feb87e9069?s=96&d=mm&r=g\",\"contentUrl\":\"https:\/\/secure.gravatar.com\/avatar\/68592660ad6347fad0fb587f8d5d8f1a7b44961362f56e4f2cd524feb87e9069?s=96&d=mm&r=g\",\"caption\":\"dmcsrbija.com@gmail.com\"},\"sameAs\":[\"https:\/\/dmcsrb.com\"],\"url\":\"https:\/\/dmcsrb.com\/en\/author\/dmcsrbija-comgmail-com\/\"}]}<\/script>\n<!-- \/ Yoast SEO plugin. -->","yoast_head_json":{"title":"Kadi\u0107: Ako me ne smijene politi\u010dkom hajkom, da\u0107u ostavku ukoliko se ne usvoji bud\u017eet FZO - dmcsrb.com","robots":{"index":"index","follow":"follow","max-snippet":"max-snippet:-1","max-image-preview":"max-image-preview:large","max-video-preview":"max-video-preview:-1"},"canonical":"https:\/\/dmcsrb.com\/en\/ekonomija\/kadic-ako-me-ne-smijene-politickom-hajkom-dacu-ostavku-ukoliko-se-ne-usvoji-budzet-fzo\/","og_locale":"en_GB","og_type":"article","og_title":"Kadi\u0107: Ako me ne smijene politi\u010dkom hajkom, da\u0107u ostavku ukoliko se ne usvoji bud\u017eet FZO - dmcsrb.com","og_description":"Direktor Fonda za zdravstvo Vuk Kadi\u0107 kazao je u emisiji \"Okvir\" da je inicijativa za njegovu smjenu politi\u010dkog karaktera. Istakao je da je izvje\u0161taj o radu Fonda za 2024. godinu usvojio i Upravni odbor fonda i Vlada, te da se u njemu nalaze svi ugovori Fonda sa regionalnim medicinskim centrima, koji sada problematizuje prije svega ministar zdravlja preko svojih ljudi u Upravnom odboru. Ukoliko ga do tada ne smijene, Kadi\u0107 najavljuje da \u0107e sam podnijeti ostavlu u slu\u010daju da ne pro\u0111e njegov predlog bud\u017eeta Fonda za narednu godinu, koji je te\u017eak 525 miliona eura. Za Pfajzer vakcine ka\u017ee da ih nije pla\u0107ao on, nego upravo ministar finansija Novica Vukovi\u0107.","og_url":"https:\/\/dmcsrb.com\/en\/ekonomija\/kadic-ako-me-ne-smijene-politickom-hajkom-dacu-ostavku-ukoliko-se-ne-usvoji-budzet-fzo\/","og_site_name":"dmcsrb.com","article_published_time":"2025-10-24T16:24:00+00:00","og_image":[{"width":1750,"height":760,"url":"https:\/\/dmcsrb.com\/wp-content\/uploads\/2026\/01\/Capture-75-3.webp","type":"image\/jpeg"}],"author":"dmcsrbija.com@gmail.com","twitter_card":"summary_large_image","twitter_misc":{"Written by":"dmcsrbija.com@gmail.com","Estimated reading time":"2 minutes"},"schema":{"@context":"https:\/\/schema.org","@graph":[{"@type":"Article","@id":"https:\/\/dmcsrb.com\/ekonomija\/kadic-ako-me-ne-smijene-politickom-hajkom-dacu-ostavku-ukoliko-se-ne-usvoji-budzet-fzo\/#article","isPartOf":{"@id":"https:\/\/dmcsrb.com\/ekonomija\/kadic-ako-me-ne-smijene-politickom-hajkom-dacu-ostavku-ukoliko-se-ne-usvoji-budzet-fzo\/"},"author":{"name":"dmcsrbija.com@gmail.com","@id":"https:\/\/dmcsrb.com\/#\/schema\/person\/5c39170f12db1b8b457732d0b5c854e2"},"headline":"Kadi\u0107: Ako me ne smijene politi\u010dkom hajkom, da\u0107u ostavku ukoliko se ne usvoji bud\u017eet FZO","datePublished":"2025-10-24T16:24:00+00:00","mainEntityOfPage":{"@id":"https:\/\/dmcsrb.com\/ekonomija\/kadic-ako-me-ne-smijene-politickom-hajkom-dacu-ostavku-ukoliko-se-ne-usvoji-budzet-fzo\/"},"wordCount":403,"commentCount":0,"image":{"@id":"https:\/\/dmcsrb.com\/ekonomija\/kadic-ako-me-ne-smijene-politickom-hajkom-dacu-ostavku-ukoliko-se-ne-usvoji-budzet-fzo\/#primaryimage"},"thumbnailUrl":"https:\/\/dmcsrb.com\/wp-content\/uploads\/2026\/01\/Capture-75-3.webp","keywords":["FZO","Milena Vukovi\u0107","Vuk Kadi\u0107"],"articleSection":["Ekonomija"],"inLanguage":"en-GB","potentialAction":[{"@type":"CommentAction","name":"Comment","target":["https:\/\/dmcsrb.com\/ekonomija\/kadic-ako-me-ne-smijene-politickom-hajkom-dacu-ostavku-ukoliko-se-ne-usvoji-budzet-fzo\/#respond"]}]},{"@type":"WebPage","@id":"https:\/\/dmcsrb.com\/ekonomija\/kadic-ako-me-ne-smijene-politickom-hajkom-dacu-ostavku-ukoliko-se-ne-usvoji-budzet-fzo\/","url":"https:\/\/dmcsrb.com\/ekonomija\/kadic-ako-me-ne-smijene-politickom-hajkom-dacu-ostavku-ukoliko-se-ne-usvoji-budzet-fzo\/","name":"Kadi\u0107: Ako me ne smijene politi\u010dkom hajkom, da\u0107u ostavku ukoliko se ne usvoji bud\u017eet FZO - dmcsrb.com","isPartOf":{"@id":"https:\/\/dmcsrb.com\/#website"},"primaryImageOfPage":{"@id":"https:\/\/dmcsrb.com\/ekonomija\/kadic-ako-me-ne-smijene-politickom-hajkom-dacu-ostavku-ukoliko-se-ne-usvoji-budzet-fzo\/#primaryimage"},"image":{"@id":"https:\/\/dmcsrb.com\/ekonomija\/kadic-ako-me-ne-smijene-politickom-hajkom-dacu-ostavku-ukoliko-se-ne-usvoji-budzet-fzo\/#primaryimage"},"thumbnailUrl":"https:\/\/dmcsrb.com\/wp-content\/uploads\/2026\/01\/Capture-75-3.webp","datePublished":"2025-10-24T16:24:00+00:00","author":{"@id":"https:\/\/dmcsrb.com\/#\/schema\/person\/5c39170f12db1b8b457732d0b5c854e2"},"breadcrumb":{"@id":"https:\/\/dmcsrb.com\/ekonomija\/kadic-ako-me-ne-smijene-politickom-hajkom-dacu-ostavku-ukoliko-se-ne-usvoji-budzet-fzo\/#breadcrumb"},"inLanguage":"en-GB","potentialAction":[{"@type":"ReadAction","target":["https:\/\/dmcsrb.com\/ekonomija\/kadic-ako-me-ne-smijene-politickom-hajkom-dacu-ostavku-ukoliko-se-ne-usvoji-budzet-fzo\/"]}]},{"@type":"ImageObject","inLanguage":"en-GB","@id":"https:\/\/dmcsrb.com\/ekonomija\/kadic-ako-me-ne-smijene-politickom-hajkom-dacu-ostavku-ukoliko-se-ne-usvoji-budzet-fzo\/#primaryimage","url":"https:\/\/dmcsrb.com\/wp-content\/uploads\/2026\/01\/Capture-75-3.webp","contentUrl":"https:\/\/dmcsrb.com\/wp-content\/uploads\/2026\/01\/Capture-75-3.webp","width":1750,"height":760},{"@type":"BreadcrumbList","@id":"https:\/\/dmcsrb.com\/ekonomija\/kadic-ako-me-ne-smijene-politickom-hajkom-dacu-ostavku-ukoliko-se-ne-usvoji-budzet-fzo\/#breadcrumb","itemListElement":[{"@type":"ListItem","position":1,"name":"Home","item":"https:\/\/dmcsrb.com\/"},{"@type":"ListItem","position":2,"name":"Kadi\u0107: Ako me ne smijene politi\u010dkom hajkom, da\u0107u ostavku ukoliko se ne usvoji bud\u017eet FZO"}]},{"@type":"WebSite","@id":"https:\/\/dmcsrb.com\/#website","url":"https:\/\/dmcsrb.com\/","name":"dmcsrb.com","description":"","potentialAction":[{"@type":"SearchAction","target":{"@type":"EntryPoint","urlTemplate":"https:\/\/dmcsrb.com\/?s={search_term_string}"},"query-input":{"@type":"PropertyValueSpecification","valueRequired":true,"valueName":"search_term_string"}}],"inLanguage":"en-GB"},{"@type":"Person","@id":"https:\/\/dmcsrb.com\/#\/schema\/person\/5c39170f12db1b8b457732d0b5c854e2","name":"dmcsrbija.com@gmail.com","image":{"@type":"ImageObject","inLanguage":"en-GB","@id":"https:\/\/dmcsrb.com\/#\/schema\/person\/image\/","url":"https:\/\/secure.gravatar.com\/avatar\/68592660ad6347fad0fb587f8d5d8f1a7b44961362f56e4f2cd524feb87e9069?s=96&d=mm&r=g","contentUrl":"https:\/\/secure.gravatar.com\/avatar\/68592660ad6347fad0fb587f8d5d8f1a7b44961362f56e4f2cd524feb87e9069?s=96&d=mm&r=g","caption":"dmcsrbija.com@gmail.com"},"sameAs":["https:\/\/dmcsrb.com"],"url":"https:\/\/dmcsrb.com\/en\/author\/dmcsrbija-comgmail-com\/"}]}},"_links":{"self":[{"href":"https:\/\/dmcsrb.com\/en\/wp-json\/wp\/v2\/posts\/959920","targetHints":{"allow":["GET"]}}],"collection":[{"href":"https:\/\/dmcsrb.com\/en\/wp-json\/wp\/v2\/posts"}],"about":[{"href":"https:\/\/dmcsrb.com\/en\/wp-json\/wp\/v2\/types\/post"}],"author":[{"embeddable":true,"href":"https:\/\/dmcsrb.com\/en\/wp-json\/wp\/v2\/users\/1"}],"replies":[{"embeddable":true,"href":"https:\/\/dmcsrb.com\/en\/wp-json\/wp\/v2\/comments?post=959920"}],"version-history":[{"count":0,"href":"https:\/\/dmcsrb.com\/en\/wp-json\/wp\/v2\/posts\/959920\/revisions"}],"wp:featuredmedia":[{"embeddable":true,"href":"https:\/\/dmcsrb.com\/en\/wp-json\/wp\/v2\/media\/959921"}],"wp:attachment":[{"href":"https:\/\/dmcsrb.com\/en\/wp-json\/wp\/v2\/media?parent=959920"}],"wp:term":[{"taxonomy":"category","embeddable":true,"href":"https:\/\/dmcsrb.com\/en\/wp-json\/wp\/v2\/categories?post=959920"},{"taxonomy":"post_tag","embeddable":true,"href":"https:\/\/dmcsrb.com\/en\/wp-json\/wp\/v2\/tags?post=959920"},{"taxonomy":"naslovna","embeddable":true,"href":"https:\/\/dmcsrb.com\/en\/wp-json\/wp\/v2\/naslovna?post=959920"}],"curies":[{"name":"wp","href":"https:\/\/api.w.org\/{rel}","templated":true}]}}