{"id":959911,"date":"2025-10-24T19:20:00","date_gmt":"2025-10-24T17:20:00","guid":{"rendered":"https:\/\/dmcsrb.com\/uncategorized\/gradonacelnik-zagreba-tompsonu-nece-biti-dozvoljen-drugi-koncert-u-areni-zbog-ustaskog-pozdrava\/"},"modified":"2025-10-24T19:20:00","modified_gmt":"2025-10-24T17:20:00","slug":"gradonacelnik-zagreba-tompsonu-nece-biti-dozvoljen-drugi-koncert-u-areni-zbog-ustaskog-pozdrava","status":"publish","type":"post","link":"https:\/\/dmcsrb.com\/en\/region\/gradonacelnik-zagreba-tompsonu-nece-biti-dozvoljen-drugi-koncert-u-areni-zbog-ustaskog-pozdrava\/","title":{"rendered":"Gradona\u010delnik Zagreba: Tompsonu ne\u0107e biti dozvoljen drugi koncert u Areni zbog usta\u0161kog pozdrava"},"content":{"rendered":"<p>\u201cUkoliko na koncertu 27. decembra bude kori\u0161\u0107en usta\u0161ki pozdrav, ne\u0107e biti novih Tompsonovih koncerata u prostorima kojima upravljaju gradske ustanove ili gradska preduze\u0107a u Zagrebu\u201d, rekao je Toma\u0161evi\u0107 novinarima u Zagrebu.<\/p>\n\n\n\n<p>On je objasnio da je ugovor o koncertu 27. decembra potpisan jo\u0161 u martu, nekoliko mjeseci prije koncerta na zagreba\u010dkom Hipodromu u julu ove godine na kojem je Thompson uzvikivao usta\u0161ki pozdrav \u201cZa dom spremi\u201d, a s njim i hiljade njegovih obo\u017eavatelja.<\/p>\n\n\n\n<p>Toma\u0161evi\u0107, koji dolazi iz lijeve stranke Mo\u017eemo, objasnio je da je gradska vlast posle Thompsonovog nastupa u februaru na Trgu bana Jela\u010di\u0107a u Zagrebu, povodom do\u010deka rukometa\u0161a, na kojem nije bilo spornog usta\u0161kog pozdrava, \u201cu dobroj vjeri\u201d dozvolila koncert na Hipodromu. Tako je, dodao je, hiljade ljudi s izvo\u0111a\u010dem uzvikivalo taj protivustavni pozdrav.<\/p>\n\n\n\n<p>\u201cDa je to protivustavni pozdrav, nekoliko je puta ponovio i Ustavni sud, koji ga je proglasio nedvosmisleno usta\u0161kim i protivustavnim\u201d, rekao je Toma\u0161evi\u0107 i podsjetio da je presuda Ustavnog suda vezano uz taj usta\u0161ki pozdrav koji je koristio biv\u0161i fudbalski reprezentativac Hrvatske&nbsp;<strong>Joe \u0160imuni\u0107<\/strong>&nbsp;potvr\u0111ena i na Evropskom sudu za ljudska prava.<\/p>\n\n\n\n<p>Toma\u0161evi\u0107 je rekao da je menad\u017ement pjeva\u010da tra\u017eio i dodatni termin za zagreba\u010dku Arenu za 28. decembar, ali on ne\u0107e biti omogu\u0107en.<\/p>\n\n\n\n<p>Hrvatski mediji pi\u0161u da je Marko Perkovi\u0107 najavio turneju \u0161irom Hrvatske tokom koje je bilo planirano i vi\u0161e koncerata u zagreba\u010dkoj Areni.<\/p>\n\n\n\n<p><\/p>","protected":false},"excerpt":{"rendered":"<p>Gradona\u010delnik Zagreba\u00a0Tomislav Toma\u0161evi\u0107\u00a0izjavio je da \u0107e kontroverzni pjeva\u010d\u00a0Marko Perkovi\u0107, poznatiji pod nadimkom Tompson, nastupiti u Areni Zagreb 27. decembra, jer je ugovor o tome potpisan u martu ove godine, dok mu drugi koncerti u toj zagreba\u010dkoj dvorani ne\u0107e biti dozvoljeni zbog kori\u0161\u0107enja usta\u0161kog pozdrava \u201cZa dom spremni\u201d na prethodnom koncertu.<\/p>","protected":false},"author":1,"featured_media":959912,"comment_status":"open","ping_status":"open","sticky":false,"template":"","format":"standard","meta":{"_acf_changed":false,"footnotes":""},"categories":[103],"tags":[2676,12536,5121],"naslovna":[],"class_list":["post-959911","post","type-post","status-publish","format-standard","has-post-thumbnail","hentry","category-region","tag-koncert","tag-thompsoh","tag-zagreb"],"acf":[],"yoast_head":"<!-- This site is optimized with the Yoast SEO plugin v27.4 - https:\/\/yoast.com\/product\/yoast-seo-wordpress\/ -->\n<title>Gradona\u010delnik Zagreba: Tompsonu ne\u0107e biti dozvoljen drugi koncert u Areni zbog usta\u0161kog pozdrava - dmcsrb.com<\/title>\n<meta name=\"robots\" content=\"index, follow, max-snippet:-1, max-image-preview:large, max-video-preview:-1\" \/>\n<link rel=\"canonical\" href=\"https:\/\/dmcsrb.com\/en\/region\/gradonacelnik-zagreba-tompsonu-nece-biti-dozvoljen-drugi-koncert-u-areni-zbog-ustaskog-pozdrava\/\" \/>\n<meta property=\"og:locale\" content=\"en_GB\" \/>\n<meta property=\"og:type\" content=\"article\" \/>\n<meta property=\"og:title\" content=\"Gradona\u010delnik Zagreba: Tompsonu ne\u0107e biti dozvoljen drugi koncert u Areni zbog usta\u0161kog pozdrava - dmcsrb.com\" \/>\n<meta property=\"og:description\" content=\"Gradona\u010delnik Zagreba\u00a0Tomislav Toma\u0161evi\u0107\u00a0izjavio je da \u0107e kontroverzni pjeva\u010d\u00a0Marko Perkovi\u0107, poznatiji pod nadimkom Tompson, nastupiti u Areni Zagreb 27. decembra, jer je ugovor o tome potpisan u martu ove godine, dok mu drugi koncerti u toj zagreba\u010dkoj dvorani ne\u0107e biti dozvoljeni zbog kori\u0161\u0107enja usta\u0161kog pozdrava \u201cZa dom spremni\u201d na prethodnom koncertu.\" \/>\n<meta property=\"og:url\" content=\"https:\/\/dmcsrb.com\/en\/region\/gradonacelnik-zagreba-tompsonu-nece-biti-dozvoljen-drugi-koncert-u-areni-zbog-ustaskog-pozdrava\/\" \/>\n<meta property=\"og:site_name\" content=\"dmcsrb.com\" \/>\n<meta property=\"article:published_time\" content=\"2025-10-24T17:20:00+00:00\" \/>\n<meta property=\"og:image\" content=\"https:\/\/dmcsrb.com\/wp-content\/uploads\/2026\/01\/Zagreb.webp\" \/>\n\t<meta property=\"og:image:width\" content=\"276\" \/>\n\t<meta property=\"og:image:height\" content=\"183\" \/>\n\t<meta property=\"og:image:type\" content=\"image\/jpeg\" \/>\n<meta name=\"author\" content=\"dmcsrbija.com@gmail.com\" \/>\n<meta name=\"twitter:card\" content=\"summary_large_image\" \/>\n<meta name=\"twitter:label1\" content=\"Written by\" \/>\n\t<meta name=\"twitter:data1\" content=\"dmcsrbija.com@gmail.com\" \/>\n\t<meta name=\"twitter:label2\" content=\"Estimated reading time\" \/>\n\t<meta name=\"twitter:data2\" content=\"1 minute\" \/>\n<script type=\"application\/ld+json\" class=\"yoast-schema-graph\">{\"@context\":\"https:\\\/\\\/schema.org\",\"@graph\":[{\"@type\":\"Article\",\"@id\":\"https:\\\/\\\/dmcsrb.com\\\/region\\\/gradonacelnik-zagreba-tompsonu-nece-biti-dozvoljen-drugi-koncert-u-areni-zbog-ustaskog-pozdrava\\\/#article\",\"isPartOf\":{\"@id\":\"https:\\\/\\\/dmcsrb.com\\\/region\\\/gradonacelnik-zagreba-tompsonu-nece-biti-dozvoljen-drugi-koncert-u-areni-zbog-ustaskog-pozdrava\\\/\"},\"author\":{\"name\":\"dmcsrbija.com@gmail.com\",\"@id\":\"https:\\\/\\\/dmcsrb.com\\\/#\\\/schema\\\/person\\\/5c39170f12db1b8b457732d0b5c854e2\"},\"headline\":\"Gradona\u010delnik Zagreba: Tompsonu ne\u0107e biti dozvoljen drugi koncert u Areni zbog usta\u0161kog pozdrava\",\"datePublished\":\"2025-10-24T17:20:00+00:00\",\"mainEntityOfPage\":{\"@id\":\"https:\\\/\\\/dmcsrb.com\\\/region\\\/gradonacelnik-zagreba-tompsonu-nece-biti-dozvoljen-drugi-koncert-u-areni-zbog-ustaskog-pozdrava\\\/\"},\"wordCount\":269,\"commentCount\":0,\"image\":{\"@id\":\"https:\\\/\\\/dmcsrb.com\\\/region\\\/gradonacelnik-zagreba-tompsonu-nece-biti-dozvoljen-drugi-koncert-u-areni-zbog-ustaskog-pozdrava\\\/#primaryimage\"},\"thumbnailUrl\":\"https:\\\/\\\/dmcsrb.com\\\/wp-content\\\/uploads\\\/2026\\\/01\\\/Zagreb.webp\",\"keywords\":[\"koncert\",\"Thompsoh\",\"Zagreb\"],\"articleSection\":[\"Region\"],\"inLanguage\":\"en-GB\",\"potentialAction\":[{\"@type\":\"CommentAction\",\"name\":\"Comment\",\"target\":[\"https:\\\/\\\/dmcsrb.com\\\/region\\\/gradonacelnik-zagreba-tompsonu-nece-biti-dozvoljen-drugi-koncert-u-areni-zbog-ustaskog-pozdrava\\\/#respond\"]}]},{\"@type\":\"WebPage\",\"@id\":\"https:\\\/\\\/dmcsrb.com\\\/region\\\/gradonacelnik-zagreba-tompsonu-nece-biti-dozvoljen-drugi-koncert-u-areni-zbog-ustaskog-pozdrava\\\/\",\"url\":\"https:\\\/\\\/dmcsrb.com\\\/region\\\/gradonacelnik-zagreba-tompsonu-nece-biti-dozvoljen-drugi-koncert-u-areni-zbog-ustaskog-pozdrava\\\/\",\"name\":\"Gradona\u010delnik Zagreba: Tompsonu ne\u0107e biti dozvoljen drugi koncert u Areni zbog usta\u0161kog pozdrava - dmcsrb.com\",\"isPartOf\":{\"@id\":\"https:\\\/\\\/dmcsrb.com\\\/#website\"},\"primaryImageOfPage\":{\"@id\":\"https:\\\/\\\/dmcsrb.com\\\/region\\\/gradonacelnik-zagreba-tompsonu-nece-biti-dozvoljen-drugi-koncert-u-areni-zbog-ustaskog-pozdrava\\\/#primaryimage\"},\"image\":{\"@id\":\"https:\\\/\\\/dmcsrb.com\\\/region\\\/gradonacelnik-zagreba-tompsonu-nece-biti-dozvoljen-drugi-koncert-u-areni-zbog-ustaskog-pozdrava\\\/#primaryimage\"},\"thumbnailUrl\":\"https:\\\/\\\/dmcsrb.com\\\/wp-content\\\/uploads\\\/2026\\\/01\\\/Zagreb.webp\",\"datePublished\":\"2025-10-24T17:20:00+00:00\",\"author\":{\"@id\":\"https:\\\/\\\/dmcsrb.com\\\/#\\\/schema\\\/person\\\/5c39170f12db1b8b457732d0b5c854e2\"},\"breadcrumb\":{\"@id\":\"https:\\\/\\\/dmcsrb.com\\\/region\\\/gradonacelnik-zagreba-tompsonu-nece-biti-dozvoljen-drugi-koncert-u-areni-zbog-ustaskog-pozdrava\\\/#breadcrumb\"},\"inLanguage\":\"en-GB\",\"potentialAction\":[{\"@type\":\"ReadAction\",\"target\":[\"https:\\\/\\\/dmcsrb.com\\\/region\\\/gradonacelnik-zagreba-tompsonu-nece-biti-dozvoljen-drugi-koncert-u-areni-zbog-ustaskog-pozdrava\\\/\"]}]},{\"@type\":\"ImageObject\",\"inLanguage\":\"en-GB\",\"@id\":\"https:\\\/\\\/dmcsrb.com\\\/region\\\/gradonacelnik-zagreba-tompsonu-nece-biti-dozvoljen-drugi-koncert-u-areni-zbog-ustaskog-pozdrava\\\/#primaryimage\",\"url\":\"https:\\\/\\\/dmcsrb.com\\\/wp-content\\\/uploads\\\/2026\\\/01\\\/Zagreb.webp\",\"contentUrl\":\"https:\\\/\\\/dmcsrb.com\\\/wp-content\\\/uploads\\\/2026\\\/01\\\/Zagreb.webp\",\"width\":276,\"height\":183},{\"@type\":\"BreadcrumbList\",\"@id\":\"https:\\\/\\\/dmcsrb.com\\\/region\\\/gradonacelnik-zagreba-tompsonu-nece-biti-dozvoljen-drugi-koncert-u-areni-zbog-ustaskog-pozdrava\\\/#breadcrumb\",\"itemListElement\":[{\"@type\":\"ListItem\",\"position\":1,\"name\":\"Home\",\"item\":\"https:\\\/\\\/dmcsrb.com\\\/\"},{\"@type\":\"ListItem\",\"position\":2,\"name\":\"Gradona\u010delnik Zagreba: Tompsonu ne\u0107e biti dozvoljen drugi koncert u Areni zbog usta\u0161kog pozdrava\"}]},{\"@type\":\"WebSite\",\"@id\":\"https:\\\/\\\/dmcsrb.com\\\/#website\",\"url\":\"https:\\\/\\\/dmcsrb.com\\\/\",\"name\":\"dmcsrb.com\",\"description\":\"\",\"potentialAction\":[{\"@type\":\"SearchAction\",\"target\":{\"@type\":\"EntryPoint\",\"urlTemplate\":\"https:\\\/\\\/dmcsrb.com\\\/?s={search_term_string}\"},\"query-input\":{\"@type\":\"PropertyValueSpecification\",\"valueRequired\":true,\"valueName\":\"search_term_string\"}}],\"inLanguage\":\"en-GB\"},{\"@type\":\"Person\",\"@id\":\"https:\\\/\\\/dmcsrb.com\\\/#\\\/schema\\\/person\\\/5c39170f12db1b8b457732d0b5c854e2\",\"name\":\"dmcsrbija.com@gmail.com\",\"image\":{\"@type\":\"ImageObject\",\"inLanguage\":\"en-GB\",\"@id\":\"https:\\\/\\\/secure.gravatar.com\\\/avatar\\\/68592660ad6347fad0fb587f8d5d8f1a7b44961362f56e4f2cd524feb87e9069?s=96&d=mm&r=g\",\"url\":\"https:\\\/\\\/secure.gravatar.com\\\/avatar\\\/68592660ad6347fad0fb587f8d5d8f1a7b44961362f56e4f2cd524feb87e9069?s=96&d=mm&r=g\",\"contentUrl\":\"https:\\\/\\\/secure.gravatar.com\\\/avatar\\\/68592660ad6347fad0fb587f8d5d8f1a7b44961362f56e4f2cd524feb87e9069?s=96&d=mm&r=g\",\"caption\":\"dmcsrbija.com@gmail.com\"},\"sameAs\":[\"https:\\\/\\\/dmcsrb.com\"],\"url\":\"https:\\\/\\\/dmcsrb.com\\\/en\\\/author\\\/dmcsrbija-comgmail-com\\\/\"}]}<\/script>\n<!-- \/ Yoast SEO plugin. -->","yoast_head_json":{"title":"Gradona\u010delnik Zagreba: Tompsonu ne\u0107e biti dozvoljen drugi koncert u Areni zbog usta\u0161kog pozdrava - dmcsrb.com","robots":{"index":"index","follow":"follow","max-snippet":"max-snippet:-1","max-image-preview":"max-image-preview:large","max-video-preview":"max-video-preview:-1"},"canonical":"https:\/\/dmcsrb.com\/en\/region\/gradonacelnik-zagreba-tompsonu-nece-biti-dozvoljen-drugi-koncert-u-areni-zbog-ustaskog-pozdrava\/","og_locale":"en_GB","og_type":"article","og_title":"Gradona\u010delnik Zagreba: Tompsonu ne\u0107e biti dozvoljen drugi koncert u Areni zbog usta\u0161kog pozdrava - dmcsrb.com","og_description":"Gradona\u010delnik Zagreba\u00a0Tomislav Toma\u0161evi\u0107\u00a0izjavio je da \u0107e kontroverzni pjeva\u010d\u00a0Marko Perkovi\u0107, poznatiji pod nadimkom Tompson, nastupiti u Areni Zagreb 27. decembra, jer je ugovor o tome potpisan u martu ove godine, dok mu drugi koncerti u toj zagreba\u010dkoj dvorani ne\u0107e biti dozvoljeni zbog kori\u0161\u0107enja usta\u0161kog pozdrava \u201cZa dom spremni\u201d na prethodnom koncertu.","og_url":"https:\/\/dmcsrb.com\/en\/region\/gradonacelnik-zagreba-tompsonu-nece-biti-dozvoljen-drugi-koncert-u-areni-zbog-ustaskog-pozdrava\/","og_site_name":"dmcsrb.com","article_published_time":"2025-10-24T17:20:00+00:00","og_image":[{"width":276,"height":183,"url":"https:\/\/dmcsrb.com\/wp-content\/uploads\/2026\/01\/Zagreb.webp","type":"image\/jpeg"}],"author":"dmcsrbija.com@gmail.com","twitter_card":"summary_large_image","twitter_misc":{"Written by":"dmcsrbija.com@gmail.com","Estimated reading time":"1 minute"},"schema":{"@context":"https:\/\/schema.org","@graph":[{"@type":"Article","@id":"https:\/\/dmcsrb.com\/region\/gradonacelnik-zagreba-tompsonu-nece-biti-dozvoljen-drugi-koncert-u-areni-zbog-ustaskog-pozdrava\/#article","isPartOf":{"@id":"https:\/\/dmcsrb.com\/region\/gradonacelnik-zagreba-tompsonu-nece-biti-dozvoljen-drugi-koncert-u-areni-zbog-ustaskog-pozdrava\/"},"author":{"name":"dmcsrbija.com@gmail.com","@id":"https:\/\/dmcsrb.com\/#\/schema\/person\/5c39170f12db1b8b457732d0b5c854e2"},"headline":"Gradona\u010delnik Zagreba: Tompsonu ne\u0107e biti dozvoljen drugi koncert u Areni zbog usta\u0161kog pozdrava","datePublished":"2025-10-24T17:20:00+00:00","mainEntityOfPage":{"@id":"https:\/\/dmcsrb.com\/region\/gradonacelnik-zagreba-tompsonu-nece-biti-dozvoljen-drugi-koncert-u-areni-zbog-ustaskog-pozdrava\/"},"wordCount":269,"commentCount":0,"image":{"@id":"https:\/\/dmcsrb.com\/region\/gradonacelnik-zagreba-tompsonu-nece-biti-dozvoljen-drugi-koncert-u-areni-zbog-ustaskog-pozdrava\/#primaryimage"},"thumbnailUrl":"https:\/\/dmcsrb.com\/wp-content\/uploads\/2026\/01\/Zagreb.webp","keywords":["koncert","Thompsoh","Zagreb"],"articleSection":["Region"],"inLanguage":"en-GB","potentialAction":[{"@type":"CommentAction","name":"Comment","target":["https:\/\/dmcsrb.com\/region\/gradonacelnik-zagreba-tompsonu-nece-biti-dozvoljen-drugi-koncert-u-areni-zbog-ustaskog-pozdrava\/#respond"]}]},{"@type":"WebPage","@id":"https:\/\/dmcsrb.com\/region\/gradonacelnik-zagreba-tompsonu-nece-biti-dozvoljen-drugi-koncert-u-areni-zbog-ustaskog-pozdrava\/","url":"https:\/\/dmcsrb.com\/region\/gradonacelnik-zagreba-tompsonu-nece-biti-dozvoljen-drugi-koncert-u-areni-zbog-ustaskog-pozdrava\/","name":"Gradona\u010delnik Zagreba: Tompsonu ne\u0107e biti dozvoljen drugi koncert u Areni zbog usta\u0161kog pozdrava - dmcsrb.com","isPartOf":{"@id":"https:\/\/dmcsrb.com\/#website"},"primaryImageOfPage":{"@id":"https:\/\/dmcsrb.com\/region\/gradonacelnik-zagreba-tompsonu-nece-biti-dozvoljen-drugi-koncert-u-areni-zbog-ustaskog-pozdrava\/#primaryimage"},"image":{"@id":"https:\/\/dmcsrb.com\/region\/gradonacelnik-zagreba-tompsonu-nece-biti-dozvoljen-drugi-koncert-u-areni-zbog-ustaskog-pozdrava\/#primaryimage"},"thumbnailUrl":"https:\/\/dmcsrb.com\/wp-content\/uploads\/2026\/01\/Zagreb.webp","datePublished":"2025-10-24T17:20:00+00:00","author":{"@id":"https:\/\/dmcsrb.com\/#\/schema\/person\/5c39170f12db1b8b457732d0b5c854e2"},"breadcrumb":{"@id":"https:\/\/dmcsrb.com\/region\/gradonacelnik-zagreba-tompsonu-nece-biti-dozvoljen-drugi-koncert-u-areni-zbog-ustaskog-pozdrava\/#breadcrumb"},"inLanguage":"en-GB","potentialAction":[{"@type":"ReadAction","target":["https:\/\/dmcsrb.com\/region\/gradonacelnik-zagreba-tompsonu-nece-biti-dozvoljen-drugi-koncert-u-areni-zbog-ustaskog-pozdrava\/"]}]},{"@type":"ImageObject","inLanguage":"en-GB","@id":"https:\/\/dmcsrb.com\/region\/gradonacelnik-zagreba-tompsonu-nece-biti-dozvoljen-drugi-koncert-u-areni-zbog-ustaskog-pozdrava\/#primaryimage","url":"https:\/\/dmcsrb.com\/wp-content\/uploads\/2026\/01\/Zagreb.webp","contentUrl":"https:\/\/dmcsrb.com\/wp-content\/uploads\/2026\/01\/Zagreb.webp","width":276,"height":183},{"@type":"BreadcrumbList","@id":"https:\/\/dmcsrb.com\/region\/gradonacelnik-zagreba-tompsonu-nece-biti-dozvoljen-drugi-koncert-u-areni-zbog-ustaskog-pozdrava\/#breadcrumb","itemListElement":[{"@type":"ListItem","position":1,"name":"Home","item":"https:\/\/dmcsrb.com\/"},{"@type":"ListItem","position":2,"name":"Gradona\u010delnik Zagreba: Tompsonu ne\u0107e biti dozvoljen drugi koncert u Areni zbog usta\u0161kog pozdrava"}]},{"@type":"WebSite","@id":"https:\/\/dmcsrb.com\/#website","url":"https:\/\/dmcsrb.com\/","name":"dmcsrb.com","description":"","potentialAction":[{"@type":"SearchAction","target":{"@type":"EntryPoint","urlTemplate":"https:\/\/dmcsrb.com\/?s={search_term_string}"},"query-input":{"@type":"PropertyValueSpecification","valueRequired":true,"valueName":"search_term_string"}}],"inLanguage":"en-GB"},{"@type":"Person","@id":"https:\/\/dmcsrb.com\/#\/schema\/person\/5c39170f12db1b8b457732d0b5c854e2","name":"dmcsrbija.com@gmail.com","image":{"@type":"ImageObject","inLanguage":"en-GB","@id":"https:\/\/secure.gravatar.com\/avatar\/68592660ad6347fad0fb587f8d5d8f1a7b44961362f56e4f2cd524feb87e9069?s=96&d=mm&r=g","url":"https:\/\/secure.gravatar.com\/avatar\/68592660ad6347fad0fb587f8d5d8f1a7b44961362f56e4f2cd524feb87e9069?s=96&d=mm&r=g","contentUrl":"https:\/\/secure.gravatar.com\/avatar\/68592660ad6347fad0fb587f8d5d8f1a7b44961362f56e4f2cd524feb87e9069?s=96&d=mm&r=g","caption":"dmcsrbija.com@gmail.com"},"sameAs":["https:\/\/dmcsrb.com"],"url":"https:\/\/dmcsrb.com\/en\/author\/dmcsrbija-comgmail-com\/"}]}},"_links":{"self":[{"href":"https:\/\/dmcsrb.com\/en\/wp-json\/wp\/v2\/posts\/959911","targetHints":{"allow":["GET"]}}],"collection":[{"href":"https:\/\/dmcsrb.com\/en\/wp-json\/wp\/v2\/posts"}],"about":[{"href":"https:\/\/dmcsrb.com\/en\/wp-json\/wp\/v2\/types\/post"}],"author":[{"embeddable":true,"href":"https:\/\/dmcsrb.com\/en\/wp-json\/wp\/v2\/users\/1"}],"replies":[{"embeddable":true,"href":"https:\/\/dmcsrb.com\/en\/wp-json\/wp\/v2\/comments?post=959911"}],"version-history":[{"count":0,"href":"https:\/\/dmcsrb.com\/en\/wp-json\/wp\/v2\/posts\/959911\/revisions"}],"wp:featuredmedia":[{"embeddable":true,"href":"https:\/\/dmcsrb.com\/en\/wp-json\/wp\/v2\/media\/959912"}],"wp:attachment":[{"href":"https:\/\/dmcsrb.com\/en\/wp-json\/wp\/v2\/media?parent=959911"}],"wp:term":[{"taxonomy":"category","embeddable":true,"href":"https:\/\/dmcsrb.com\/en\/wp-json\/wp\/v2\/categories?post=959911"},{"taxonomy":"post_tag","embeddable":true,"href":"https:\/\/dmcsrb.com\/en\/wp-json\/wp\/v2\/tags?post=959911"},{"taxonomy":"naslovna","embeddable":true,"href":"https:\/\/dmcsrb.com\/en\/wp-json\/wp\/v2\/naslovna?post=959911"}],"curies":[{"name":"wp","href":"https:\/\/api.w.org\/{rel}","templated":true}]}}