{"id":959869,"date":"2025-10-24T16:14:00","date_gmt":"2025-10-24T14:14:00","guid":{"rendered":"https:\/\/dmcsrb.com\/uncategorized\/hrvatska-izglasala-uvodjenje-vojnog-roka-regruti-mogu-ocekivati-pozive-vec-u-decembru-ove-godine\/"},"modified":"2025-10-24T16:14:00","modified_gmt":"2025-10-24T14:14:00","slug":"hrvatska-izglasala-uvodjenje-vojnog-roka-regruti-mogu-ocekivati-pozive-vec-u-decembru-ove-godine","status":"publish","type":"post","link":"https:\/\/dmcsrb.com\/en\/region\/hrvatska-izglasala-uvodjenje-vojnog-roka-regruti-mogu-ocekivati-pozive-vec-u-decembru-ove-godine\/","title":{"rendered":"Hrvatska izglasala uvo\u0111enje vojnog roka, regruti mogu o\u010dekivati pozive ve\u0107 u decembru ove godine"},"content":{"rendered":"<p>Prve pozive na zdravstvene preglede uo\u010di slu\u017eenja vojnog roka, regruti mogu o\u010dekivati ve\u0107 po\u010detkom decembra ove godine.<\/p>\n\n\n\n<p>Plan je da na godi\u0161njem nivou pozovu otprilike 4.000 novajlija raspore\u0111enih u pet nara\u0161taja, a u 2026. godini \u0107e biti pozvani mu\u0161karci, koji su vojni obaveznici ro\u0111eni 2007. godine.<\/p>\n\n\n\n<p>Cilj je da se mu\u0161karci prijave sa 18 godina, a da na vojni rok budu upu\u0107eni sa 19 godina. Na slu\u017eenje vojnog roka mogu biti upu\u0107eni i vojno sposobni mu\u0161karci koji su stariji od 19, a mla\u0111i od 30 godina i mogu se, ako \u017eele, prijaviti i dobrovoljno. \u017dene ne\u0107e podlijegati ovoj obavezi, ali tako\u0111er mogu dobrovoljno postati dio vojnog osposobljavanja.<\/p>\n\n\n\n<p>U slu\u010daju da se vojni obaveznici ne odazovu, vojska izdaje policiji nalog za njegovo dovo\u0111enje uz kaznu u rasponu od 250 do 1.320 eura.<\/p>\n\n\n\n<p>Kako je ranije najavljeno, obuka bi trebala trajati dva mjeseca, a slu\u017eenje vojnog roka \u0107e biti posmatrano kao dio radnog sta\u017ea, \u0161to \u0107e biti pla\u0107eno sa 1.100 eura neto. Tako\u0111er poslodavcima \u0107e biti zabranjeno da daju otkaz uposlenicima u vrijeme kada moraju i\u0107i na vojno osposobljavanje.<\/p>","protected":false},"excerpt":{"rendered":"<p>Hrvatski sabor izglasao je Zakon o izmjenama i dopunama Zakona o odbrani te Zakona o slu\u017ebi u Oru\u017eanim snagama kojima se uvodi temeljno vojno osposobljavanje koje \u0107e po\u010deti 2026. godine.<\/p>","protected":false},"author":1,"featured_media":952024,"comment_status":"open","ping_status":"open","sticky":false,"template":"","format":"standard","meta":{"_acf_changed":false,"footnotes":""},"categories":[103],"tags":[806,5832],"naslovna":[],"class_list":["post-959869","post","type-post","status-publish","format-standard","has-post-thumbnail","hentry","category-region","tag-hrvatska","tag-vojni-rok"],"acf":[],"yoast_head":"<!-- This site is optimized with the Yoast SEO plugin v27.4 - https:\/\/yoast.com\/product\/yoast-seo-wordpress\/ -->\n<title>Hrvatska izglasala uvo\u0111enje vojnog roka, regruti mogu o\u010dekivati pozive ve\u0107 u decembru ove godine - dmcsrb.com<\/title>\n<meta name=\"robots\" content=\"index, follow, max-snippet:-1, max-image-preview:large, max-video-preview:-1\" \/>\n<link rel=\"canonical\" href=\"https:\/\/dmcsrb.com\/en\/region\/hrvatska-izglasala-uvodjenje-vojnog-roka-regruti-mogu-ocekivati-pozive-vec-u-decembru-ove-godine\/\" \/>\n<meta property=\"og:locale\" content=\"en_GB\" \/>\n<meta property=\"og:type\" content=\"article\" \/>\n<meta property=\"og:title\" content=\"Hrvatska izglasala uvo\u0111enje vojnog roka, regruti mogu o\u010dekivati pozive ve\u0107 u decembru ove godine - dmcsrb.com\" \/>\n<meta property=\"og:description\" content=\"Hrvatski sabor izglasao je Zakon o izmjenama i dopunama Zakona o odbrani te Zakona o slu\u017ebi u Oru\u017eanim snagama kojima se uvodi temeljno vojno osposobljavanje koje \u0107e po\u010deti 2026. godine.\" \/>\n<meta property=\"og:url\" content=\"https:\/\/dmcsrb.com\/en\/region\/hrvatska-izglasala-uvodjenje-vojnog-roka-regruti-mogu-ocekivati-pozive-vec-u-decembru-ove-godine\/\" \/>\n<meta property=\"og:site_name\" content=\"dmcsrb.com\" \/>\n<meta property=\"article:published_time\" content=\"2025-10-24T14:14:00+00:00\" \/>\n<meta property=\"og:image\" content=\"https:\/\/dmcsrb.com\/wp-content\/uploads\/2026\/01\/hrvatska.webp\" \/>\n\t<meta property=\"og:image:width\" content=\"640\" \/>\n\t<meta property=\"og:image:height\" content=\"425\" \/>\n\t<meta property=\"og:image:type\" content=\"image\/jpeg\" \/>\n<meta name=\"author\" content=\"dmcsrbija.com@gmail.com\" \/>\n<meta name=\"twitter:card\" content=\"summary_large_image\" \/>\n<meta name=\"twitter:label1\" content=\"Written by\" \/>\n\t<meta name=\"twitter:data1\" content=\"dmcsrbija.com@gmail.com\" \/>\n\t<meta name=\"twitter:label2\" content=\"Estimated reading time\" \/>\n\t<meta name=\"twitter:data2\" content=\"1 minute\" \/>\n<script type=\"application\/ld+json\" class=\"yoast-schema-graph\">{\"@context\":\"https:\\\/\\\/schema.org\",\"@graph\":[{\"@type\":\"Article\",\"@id\":\"https:\\\/\\\/dmcsrb.com\\\/region\\\/hrvatska-izglasala-uvodjenje-vojnog-roka-regruti-mogu-ocekivati-pozive-vec-u-decembru-ove-godine\\\/#article\",\"isPartOf\":{\"@id\":\"https:\\\/\\\/dmcsrb.com\\\/region\\\/hrvatska-izglasala-uvodjenje-vojnog-roka-regruti-mogu-ocekivati-pozive-vec-u-decembru-ove-godine\\\/\"},\"author\":{\"name\":\"dmcsrbija.com@gmail.com\",\"@id\":\"https:\\\/\\\/dmcsrb.com\\\/#\\\/schema\\\/person\\\/5c39170f12db1b8b457732d0b5c854e2\"},\"headline\":\"Hrvatska izglasala uvo\u0111enje vojnog roka, regruti mogu o\u010dekivati pozive ve\u0107 u decembru ove godine\",\"datePublished\":\"2025-10-24T14:14:00+00:00\",\"mainEntityOfPage\":{\"@id\":\"https:\\\/\\\/dmcsrb.com\\\/region\\\/hrvatska-izglasala-uvodjenje-vojnog-roka-regruti-mogu-ocekivati-pozive-vec-u-decembru-ove-godine\\\/\"},\"wordCount\":207,\"commentCount\":0,\"image\":{\"@id\":\"https:\\\/\\\/dmcsrb.com\\\/region\\\/hrvatska-izglasala-uvodjenje-vojnog-roka-regruti-mogu-ocekivati-pozive-vec-u-decembru-ove-godine\\\/#primaryimage\"},\"thumbnailUrl\":\"https:\\\/\\\/dmcsrb.com\\\/wp-content\\\/uploads\\\/2026\\\/01\\\/hrvatska.webp\",\"keywords\":[\"Hrvatska\",\"Vojni rok\"],\"articleSection\":[\"Region\"],\"inLanguage\":\"en-GB\",\"potentialAction\":[{\"@type\":\"CommentAction\",\"name\":\"Comment\",\"target\":[\"https:\\\/\\\/dmcsrb.com\\\/region\\\/hrvatska-izglasala-uvodjenje-vojnog-roka-regruti-mogu-ocekivati-pozive-vec-u-decembru-ove-godine\\\/#respond\"]}]},{\"@type\":\"WebPage\",\"@id\":\"https:\\\/\\\/dmcsrb.com\\\/region\\\/hrvatska-izglasala-uvodjenje-vojnog-roka-regruti-mogu-ocekivati-pozive-vec-u-decembru-ove-godine\\\/\",\"url\":\"https:\\\/\\\/dmcsrb.com\\\/region\\\/hrvatska-izglasala-uvodjenje-vojnog-roka-regruti-mogu-ocekivati-pozive-vec-u-decembru-ove-godine\\\/\",\"name\":\"Hrvatska izglasala uvo\u0111enje vojnog roka, regruti mogu o\u010dekivati pozive ve\u0107 u decembru ove godine - dmcsrb.com\",\"isPartOf\":{\"@id\":\"https:\\\/\\\/dmcsrb.com\\\/#website\"},\"primaryImageOfPage\":{\"@id\":\"https:\\\/\\\/dmcsrb.com\\\/region\\\/hrvatska-izglasala-uvodjenje-vojnog-roka-regruti-mogu-ocekivati-pozive-vec-u-decembru-ove-godine\\\/#primaryimage\"},\"image\":{\"@id\":\"https:\\\/\\\/dmcsrb.com\\\/region\\\/hrvatska-izglasala-uvodjenje-vojnog-roka-regruti-mogu-ocekivati-pozive-vec-u-decembru-ove-godine\\\/#primaryimage\"},\"thumbnailUrl\":\"https:\\\/\\\/dmcsrb.com\\\/wp-content\\\/uploads\\\/2026\\\/01\\\/hrvatska.webp\",\"datePublished\":\"2025-10-24T14:14:00+00:00\",\"author\":{\"@id\":\"https:\\\/\\\/dmcsrb.com\\\/#\\\/schema\\\/person\\\/5c39170f12db1b8b457732d0b5c854e2\"},\"breadcrumb\":{\"@id\":\"https:\\\/\\\/dmcsrb.com\\\/region\\\/hrvatska-izglasala-uvodjenje-vojnog-roka-regruti-mogu-ocekivati-pozive-vec-u-decembru-ove-godine\\\/#breadcrumb\"},\"inLanguage\":\"en-GB\",\"potentialAction\":[{\"@type\":\"ReadAction\",\"target\":[\"https:\\\/\\\/dmcsrb.com\\\/region\\\/hrvatska-izglasala-uvodjenje-vojnog-roka-regruti-mogu-ocekivati-pozive-vec-u-decembru-ove-godine\\\/\"]}]},{\"@type\":\"ImageObject\",\"inLanguage\":\"en-GB\",\"@id\":\"https:\\\/\\\/dmcsrb.com\\\/region\\\/hrvatska-izglasala-uvodjenje-vojnog-roka-regruti-mogu-ocekivati-pozive-vec-u-decembru-ove-godine\\\/#primaryimage\",\"url\":\"https:\\\/\\\/dmcsrb.com\\\/wp-content\\\/uploads\\\/2026\\\/01\\\/hrvatska.webp\",\"contentUrl\":\"https:\\\/\\\/dmcsrb.com\\\/wp-content\\\/uploads\\\/2026\\\/01\\\/hrvatska.webp\",\"width\":640,\"height\":425},{\"@type\":\"BreadcrumbList\",\"@id\":\"https:\\\/\\\/dmcsrb.com\\\/region\\\/hrvatska-izglasala-uvodjenje-vojnog-roka-regruti-mogu-ocekivati-pozive-vec-u-decembru-ove-godine\\\/#breadcrumb\",\"itemListElement\":[{\"@type\":\"ListItem\",\"position\":1,\"name\":\"Home\",\"item\":\"https:\\\/\\\/dmcsrb.com\\\/\"},{\"@type\":\"ListItem\",\"position\":2,\"name\":\"Hrvatska izglasala uvo\u0111enje vojnog roka, regruti mogu o\u010dekivati pozive ve\u0107 u decembru ove godine\"}]},{\"@type\":\"WebSite\",\"@id\":\"https:\\\/\\\/dmcsrb.com\\\/#website\",\"url\":\"https:\\\/\\\/dmcsrb.com\\\/\",\"name\":\"dmcsrb.com\",\"description\":\"\",\"potentialAction\":[{\"@type\":\"SearchAction\",\"target\":{\"@type\":\"EntryPoint\",\"urlTemplate\":\"https:\\\/\\\/dmcsrb.com\\\/?s={search_term_string}\"},\"query-input\":{\"@type\":\"PropertyValueSpecification\",\"valueRequired\":true,\"valueName\":\"search_term_string\"}}],\"inLanguage\":\"en-GB\"},{\"@type\":\"Person\",\"@id\":\"https:\\\/\\\/dmcsrb.com\\\/#\\\/schema\\\/person\\\/5c39170f12db1b8b457732d0b5c854e2\",\"name\":\"dmcsrbija.com@gmail.com\",\"image\":{\"@type\":\"ImageObject\",\"inLanguage\":\"en-GB\",\"@id\":\"https:\\\/\\\/secure.gravatar.com\\\/avatar\\\/68592660ad6347fad0fb587f8d5d8f1a7b44961362f56e4f2cd524feb87e9069?s=96&d=mm&r=g\",\"url\":\"https:\\\/\\\/secure.gravatar.com\\\/avatar\\\/68592660ad6347fad0fb587f8d5d8f1a7b44961362f56e4f2cd524feb87e9069?s=96&d=mm&r=g\",\"contentUrl\":\"https:\\\/\\\/secure.gravatar.com\\\/avatar\\\/68592660ad6347fad0fb587f8d5d8f1a7b44961362f56e4f2cd524feb87e9069?s=96&d=mm&r=g\",\"caption\":\"dmcsrbija.com@gmail.com\"},\"sameAs\":[\"https:\\\/\\\/dmcsrb.com\"],\"url\":\"https:\\\/\\\/dmcsrb.com\\\/en\\\/author\\\/dmcsrbija-comgmail-com\\\/\"}]}<\/script>\n<!-- \/ Yoast SEO plugin. -->","yoast_head_json":{"title":"Hrvatska izglasala uvo\u0111enje vojnog roka, regruti mogu o\u010dekivati pozive ve\u0107 u decembru ove godine - dmcsrb.com","robots":{"index":"index","follow":"follow","max-snippet":"max-snippet:-1","max-image-preview":"max-image-preview:large","max-video-preview":"max-video-preview:-1"},"canonical":"https:\/\/dmcsrb.com\/en\/region\/hrvatska-izglasala-uvodjenje-vojnog-roka-regruti-mogu-ocekivati-pozive-vec-u-decembru-ove-godine\/","og_locale":"en_GB","og_type":"article","og_title":"Hrvatska izglasala uvo\u0111enje vojnog roka, regruti mogu o\u010dekivati pozive ve\u0107 u decembru ove godine - dmcsrb.com","og_description":"Hrvatski sabor izglasao je Zakon o izmjenama i dopunama Zakona o odbrani te Zakona o slu\u017ebi u Oru\u017eanim snagama kojima se uvodi temeljno vojno osposobljavanje koje \u0107e po\u010deti 2026. godine.","og_url":"https:\/\/dmcsrb.com\/en\/region\/hrvatska-izglasala-uvodjenje-vojnog-roka-regruti-mogu-ocekivati-pozive-vec-u-decembru-ove-godine\/","og_site_name":"dmcsrb.com","article_published_time":"2025-10-24T14:14:00+00:00","og_image":[{"width":640,"height":425,"url":"https:\/\/dmcsrb.com\/wp-content\/uploads\/2026\/01\/hrvatska.webp","type":"image\/jpeg"}],"author":"dmcsrbija.com@gmail.com","twitter_card":"summary_large_image","twitter_misc":{"Written by":"dmcsrbija.com@gmail.com","Estimated reading time":"1 minute"},"schema":{"@context":"https:\/\/schema.org","@graph":[{"@type":"Article","@id":"https:\/\/dmcsrb.com\/region\/hrvatska-izglasala-uvodjenje-vojnog-roka-regruti-mogu-ocekivati-pozive-vec-u-decembru-ove-godine\/#article","isPartOf":{"@id":"https:\/\/dmcsrb.com\/region\/hrvatska-izglasala-uvodjenje-vojnog-roka-regruti-mogu-ocekivati-pozive-vec-u-decembru-ove-godine\/"},"author":{"name":"dmcsrbija.com@gmail.com","@id":"https:\/\/dmcsrb.com\/#\/schema\/person\/5c39170f12db1b8b457732d0b5c854e2"},"headline":"Hrvatska izglasala uvo\u0111enje vojnog roka, regruti mogu o\u010dekivati pozive ve\u0107 u decembru ove godine","datePublished":"2025-10-24T14:14:00+00:00","mainEntityOfPage":{"@id":"https:\/\/dmcsrb.com\/region\/hrvatska-izglasala-uvodjenje-vojnog-roka-regruti-mogu-ocekivati-pozive-vec-u-decembru-ove-godine\/"},"wordCount":207,"commentCount":0,"image":{"@id":"https:\/\/dmcsrb.com\/region\/hrvatska-izglasala-uvodjenje-vojnog-roka-regruti-mogu-ocekivati-pozive-vec-u-decembru-ove-godine\/#primaryimage"},"thumbnailUrl":"https:\/\/dmcsrb.com\/wp-content\/uploads\/2026\/01\/hrvatska.webp","keywords":["Hrvatska","Vojni rok"],"articleSection":["Region"],"inLanguage":"en-GB","potentialAction":[{"@type":"CommentAction","name":"Comment","target":["https:\/\/dmcsrb.com\/region\/hrvatska-izglasala-uvodjenje-vojnog-roka-regruti-mogu-ocekivati-pozive-vec-u-decembru-ove-godine\/#respond"]}]},{"@type":"WebPage","@id":"https:\/\/dmcsrb.com\/region\/hrvatska-izglasala-uvodjenje-vojnog-roka-regruti-mogu-ocekivati-pozive-vec-u-decembru-ove-godine\/","url":"https:\/\/dmcsrb.com\/region\/hrvatska-izglasala-uvodjenje-vojnog-roka-regruti-mogu-ocekivati-pozive-vec-u-decembru-ove-godine\/","name":"Hrvatska izglasala uvo\u0111enje vojnog roka, regruti mogu o\u010dekivati pozive ve\u0107 u decembru ove godine - dmcsrb.com","isPartOf":{"@id":"https:\/\/dmcsrb.com\/#website"},"primaryImageOfPage":{"@id":"https:\/\/dmcsrb.com\/region\/hrvatska-izglasala-uvodjenje-vojnog-roka-regruti-mogu-ocekivati-pozive-vec-u-decembru-ove-godine\/#primaryimage"},"image":{"@id":"https:\/\/dmcsrb.com\/region\/hrvatska-izglasala-uvodjenje-vojnog-roka-regruti-mogu-ocekivati-pozive-vec-u-decembru-ove-godine\/#primaryimage"},"thumbnailUrl":"https:\/\/dmcsrb.com\/wp-content\/uploads\/2026\/01\/hrvatska.webp","datePublished":"2025-10-24T14:14:00+00:00","author":{"@id":"https:\/\/dmcsrb.com\/#\/schema\/person\/5c39170f12db1b8b457732d0b5c854e2"},"breadcrumb":{"@id":"https:\/\/dmcsrb.com\/region\/hrvatska-izglasala-uvodjenje-vojnog-roka-regruti-mogu-ocekivati-pozive-vec-u-decembru-ove-godine\/#breadcrumb"},"inLanguage":"en-GB","potentialAction":[{"@type":"ReadAction","target":["https:\/\/dmcsrb.com\/region\/hrvatska-izglasala-uvodjenje-vojnog-roka-regruti-mogu-ocekivati-pozive-vec-u-decembru-ove-godine\/"]}]},{"@type":"ImageObject","inLanguage":"en-GB","@id":"https:\/\/dmcsrb.com\/region\/hrvatska-izglasala-uvodjenje-vojnog-roka-regruti-mogu-ocekivati-pozive-vec-u-decembru-ove-godine\/#primaryimage","url":"https:\/\/dmcsrb.com\/wp-content\/uploads\/2026\/01\/hrvatska.webp","contentUrl":"https:\/\/dmcsrb.com\/wp-content\/uploads\/2026\/01\/hrvatska.webp","width":640,"height":425},{"@type":"BreadcrumbList","@id":"https:\/\/dmcsrb.com\/region\/hrvatska-izglasala-uvodjenje-vojnog-roka-regruti-mogu-ocekivati-pozive-vec-u-decembru-ove-godine\/#breadcrumb","itemListElement":[{"@type":"ListItem","position":1,"name":"Home","item":"https:\/\/dmcsrb.com\/"},{"@type":"ListItem","position":2,"name":"Hrvatska izglasala uvo\u0111enje vojnog roka, regruti mogu o\u010dekivati pozive ve\u0107 u decembru ove godine"}]},{"@type":"WebSite","@id":"https:\/\/dmcsrb.com\/#website","url":"https:\/\/dmcsrb.com\/","name":"dmcsrb.com","description":"","potentialAction":[{"@type":"SearchAction","target":{"@type":"EntryPoint","urlTemplate":"https:\/\/dmcsrb.com\/?s={search_term_string}"},"query-input":{"@type":"PropertyValueSpecification","valueRequired":true,"valueName":"search_term_string"}}],"inLanguage":"en-GB"},{"@type":"Person","@id":"https:\/\/dmcsrb.com\/#\/schema\/person\/5c39170f12db1b8b457732d0b5c854e2","name":"dmcsrbija.com@gmail.com","image":{"@type":"ImageObject","inLanguage":"en-GB","@id":"https:\/\/secure.gravatar.com\/avatar\/68592660ad6347fad0fb587f8d5d8f1a7b44961362f56e4f2cd524feb87e9069?s=96&d=mm&r=g","url":"https:\/\/secure.gravatar.com\/avatar\/68592660ad6347fad0fb587f8d5d8f1a7b44961362f56e4f2cd524feb87e9069?s=96&d=mm&r=g","contentUrl":"https:\/\/secure.gravatar.com\/avatar\/68592660ad6347fad0fb587f8d5d8f1a7b44961362f56e4f2cd524feb87e9069?s=96&d=mm&r=g","caption":"dmcsrbija.com@gmail.com"},"sameAs":["https:\/\/dmcsrb.com"],"url":"https:\/\/dmcsrb.com\/en\/author\/dmcsrbija-comgmail-com\/"}]}},"_links":{"self":[{"href":"https:\/\/dmcsrb.com\/en\/wp-json\/wp\/v2\/posts\/959869","targetHints":{"allow":["GET"]}}],"collection":[{"href":"https:\/\/dmcsrb.com\/en\/wp-json\/wp\/v2\/posts"}],"about":[{"href":"https:\/\/dmcsrb.com\/en\/wp-json\/wp\/v2\/types\/post"}],"author":[{"embeddable":true,"href":"https:\/\/dmcsrb.com\/en\/wp-json\/wp\/v2\/users\/1"}],"replies":[{"embeddable":true,"href":"https:\/\/dmcsrb.com\/en\/wp-json\/wp\/v2\/comments?post=959869"}],"version-history":[{"count":0,"href":"https:\/\/dmcsrb.com\/en\/wp-json\/wp\/v2\/posts\/959869\/revisions"}],"wp:featuredmedia":[{"embeddable":true,"href":"https:\/\/dmcsrb.com\/en\/wp-json\/wp\/v2\/media\/952024"}],"wp:attachment":[{"href":"https:\/\/dmcsrb.com\/en\/wp-json\/wp\/v2\/media?parent=959869"}],"wp:term":[{"taxonomy":"category","embeddable":true,"href":"https:\/\/dmcsrb.com\/en\/wp-json\/wp\/v2\/categories?post=959869"},{"taxonomy":"post_tag","embeddable":true,"href":"https:\/\/dmcsrb.com\/en\/wp-json\/wp\/v2\/tags?post=959869"},{"taxonomy":"naslovna","embeddable":true,"href":"https:\/\/dmcsrb.com\/en\/wp-json\/wp\/v2\/naslovna?post=959869"}],"curies":[{"name":"wp","href":"https:\/\/api.w.org\/{rel}","templated":true}]}}