{"id":959806,"date":"2025-10-24T11:30:00","date_gmt":"2025-10-24T09:30:00","guid":{"rendered":"https:\/\/dmcsrb.com\/uncategorized\/ulysseus-obiljezava-petu-godisnjicu-na-visokom-nivou-samit-u-organizaciji-tehnickog-univerziteta-u-kosicama\/"},"modified":"2025-10-24T11:30:00","modified_gmt":"2025-10-24T09:30:00","slug":"ulysseus-obiljezava-petu-godisnjicu-na-visokom-nivou-samit-u-organizaciji-tehnickog-univerziteta-u-kosicama","status":"publish","type":"post","link":"https:\/\/dmcsrb.com\/en\/drustvo\/ulysseus-obiljezava-petu-godisnjicu-na-visokom-nivou-samit-u-organizaciji-tehnickog-univerziteta-u-kosicama\/","title":{"rendered":"Ulysseus obilje\u017eava petu godi\u0161njicu na visokom nivou \u2013 Samit u organizaciji Tehni\u010dkog univerziteta u Ko\u0161icama"},"content":{"rendered":"<p><\/p>\n\n\n\n<p>Tehni\u010dki univerzitet u Ko\u0161icama (TUKE) bio je doma\u0107in Samita\u00a0Ulysseus\u00a02025, koji je okupio predstavnike svih univerziteta partnera alijanse kako bi analizirali dosada\u0161nji napredak i nastavili definisanje dugoro\u010dne strate\u0161ke vizije\u00a0Ulysseusa.<\/p>\n\n\n\n<p>Ovaj Samit odr\u017ean je u simboli\u010dnom trenutku \u2013 povodom pete godi\u0161njice pokretanja Evropskog univerziteta&nbsp;Ulysseus&nbsp;2020. godine. Doga\u0111aj je pru\u017eio klju\u010dnu priliku da se sumiraju postignu\u0107a, usklade teku\u0107e aktivnosti i defini\u0161e plan za naredne godine u pravcu izgradnje odr\u017eivijeg, inovativnijeg i inkluzivnijeg evropskog univerziteta.<\/p>\n\n\n\n<p><strong>Glavni dan Samita, u srijedu 22. oktobra<\/strong>, obilje\u017eile su zajedni\u010dke plenarne sjednice upravlja\u010dkih tijela&nbsp;Ulysseusa, me\u0111u kojima su: Zajedni\u010dki odbor struktura, Odbor za obrazovanje, istra\u017eivanje i inovacije, Odbor za jednakost, razli\u010ditost, inkluziju i anga\u017eman zajednice, Odbor za mobilnost i me\u0111unarodnu saradnju te Studentski odbor. Uz ove aktivnosti, 21. i 23. oktobra odr\u017eavaju se i brojne interne sjednice, radionice i sastanci radnih grupa na teme kao \u0161to su pedagogija, mobilnost, inovacije, akademsko priznavanje i digitalizacija.<\/p>\n\n\n\n<p>Samit je okupio 149 u\u010desnika iz osam partnerskih univerziteta i pridru\u017eenih partnera alijanse, \u0161to oslikava raznolikost i duh saradnje koji karakteri\u0161e&nbsp;Ulysseus. Me\u0111u delegacijama bile su: Tehni\u010dki univerzitet u Ko\u0161icama (57 u\u010desnika), Univerzitet&nbsp;C\u00f4te d\u2019Azur&nbsp;(21), Univerzitet primijenjenih nauka&nbsp;Haaga-Helia&nbsp;(13), Univerzitet u Sevilji (12),&nbsp;<strong>Univerzitet Crne Gore (12)<\/strong>, Univerzitet u&nbsp;M\u00fcnsteru&nbsp;(11),&nbsp;MCI | The Entrepreneurial School\u00ae&nbsp;(9) i Univerzitet u \u0110enovi (8), uz predstavnike mre\u017ee pridru\u017eenih i strate\u0161kih partnera&nbsp;Ulysseus-a.<\/p>\n\n\n\n<p><strong>Ulysseus Ko\u0161ice Week<\/strong><\/p>\n\n\n\n<p>Doga\u0111aj, koji organizuje Evropski univerzitet&nbsp;Ulysseus, dio je manifestacije&nbsp;Ulysseus Ko\u0161ice Week&nbsp;(20\u201324. oktobar) \u2013 glavnog godi\u0161njeg vi\u0161ednevnog doga\u0111aja alijanse, koji objedinjuje vi\u0161e od dvadeset aktivnosti u jedinstven, dinami\u010dan program. Pored internih i upravlja\u010dkih sastanaka, sedmica obuhvata i niz javnih doga\u0111aja, kao \u0161to su konferencija&nbsp;Ulysseus R&amp;I&nbsp;o digitalnoj transformaciji industrije, predstavljanje Inovacionog centra&nbsp;Ulysseus&nbsp;na&nbsp;TUKE-u, forum o jednakosti, razli\u010ditosti i anga\u017emanu zajednice, studentski kamp&nbsp;UlySA Bootcamp&nbsp;i umjetni\u010dko-nau\u010dna sesija&nbsp;Creative Playgrounds.<\/p>\n\n\n\n<p>Kombinuju\u0107i strate\u0161ke diskusije i aktivnosti usmjerene ka \u0161iroj javnosti,&nbsp;Ulysseus Ko\u0161ice Week&nbsp;pretvara grad u \u017eivu laboratoriju evropske saradnje \u2013 prikazuju\u0107i rastu\u0107i uticaj alijanse u oblasti istra\u017eivanja, inovacija i dru\u0161tvenog anga\u017emana \u0161irom Evrope.<\/p>\n\n\n\n<p><strong>O alijansi&nbsp;Ulysseus<\/strong><\/p>\n\n\n\n<p>Ulysseus&nbsp;je jedna od 73 evropske univerzitetske alijanse koje je izabrala Evropska komisija u okviru svoje vode\u0107e inicijative \u201eEvropska strategija za univerzitete\u201c, koja okuplja gotovo 650 visoko\u0161kolskih institucija razli\u010ditih profila \u0161irom Evrope. Pod vo\u0111stvom Univerziteta u Sevilji, Evropska univerzitetska alijansa&nbsp;Ulysseus&nbsp;obuhvata jo\u0161 sedam partnerskih univerziteta:&nbsp;Universit\u00e9 C\u00f4te d\u2019Azur&nbsp;(Francuska), Univerzitet u \u0110enovi (Italija), Tehni\u010dki univerzitet u Ko\u0161icama (Slova\u010dka),&nbsp;MCI | The Entrepreneurial School\u00ae&nbsp;(Austrija), Univerzitet primijenjenih nauka&nbsp;Haaga-Helia&nbsp;(Finska), Univerzitet u&nbsp;M\u00fcnsteru&nbsp;(Njema\u010dka) i Univerzitet Crne Gore (Crna Gora).<\/p>\n\n\n\n<p>Za samo nekoliko sedmica,&nbsp;Ulysseus&nbsp;\u0107e proslaviti petu godi\u0161njicu, obilje\u017eavaju\u0107i pola decenije zajedni\u010dkog napretka u oblasti obrazovanja, istra\u017eivanja i inovacija \u0161irom Evrope.<\/p>","protected":false},"excerpt":{"rendered":"<p>Predstavnici svih partnerskih univerziteta u okviru alijanse\u00a0Ulysseus, me\u0111u kojima i Univerziteta Crne Gore na \u010delu sa rektorom prof. dr\u00a0Vladimirom Bo\u017eovi\u0107em, okupili su se u Slova\u010dkoj kako bi razmotrili napredak ostvaren na polovini realizacije projekta i definisali strate\u0161ku mapu puta za naredne godine.<\/p>","protected":false},"author":1,"featured_media":959807,"comment_status":"open","ping_status":"open","sticky":false,"template":"","format":"standard","meta":{"_acf_changed":false,"footnotes":""},"categories":[2],"tags":[12475,9031,12476,10450,12477],"naslovna":[],"class_list":["post-959806","post","type-post","status-publish","format-standard","has-post-thumbnail","hentry","category-drustvo","tag-peta-godisnjica","tag-samit","tag-tehnicki-univerzitet-u-kosicama","tag-ulysseus","tag-visoki-nivo"],"acf":[],"yoast_head":"<!-- This site is optimized with the Yoast SEO plugin v27.4 - https:\/\/yoast.com\/product\/yoast-seo-wordpress\/ -->\n<title>Ulysseus obilje\u017eava petu godi\u0161njicu na visokom nivou \u2013 Samit u organizaciji Tehni\u010dkog univerziteta u Ko\u0161icama - dmcsrb.com<\/title>\n<meta name=\"robots\" content=\"index, follow, max-snippet:-1, max-image-preview:large, max-video-preview:-1\" \/>\n<link rel=\"canonical\" href=\"https:\/\/dmcsrb.com\/en\/drustvo\/ulysseus-obiljezava-petu-godisnjicu-na-visokom-nivou-samit-u-organizaciji-tehnickog-univerziteta-u-kosicama\/\" \/>\n<meta property=\"og:locale\" content=\"en_GB\" \/>\n<meta property=\"og:type\" content=\"article\" \/>\n<meta property=\"og:title\" content=\"Ulysseus obilje\u017eava petu godi\u0161njicu na visokom nivou \u2013 Samit u organizaciji Tehni\u010dkog univerziteta u Ko\u0161icama - dmcsrb.com\" \/>\n<meta property=\"og:description\" content=\"Predstavnici svih partnerskih univerziteta u okviru alijanse\u00a0Ulysseus, me\u0111u kojima i Univerziteta Crne Gore na \u010delu sa rektorom prof. dr\u00a0Vladimirom Bo\u017eovi\u0107em, okupili su se u Slova\u010dkoj kako bi razmotrili napredak ostvaren na polovini realizacije projekta i definisali strate\u0161ku mapu puta za naredne godine.\" \/>\n<meta property=\"og:url\" content=\"https:\/\/dmcsrb.com\/en\/drustvo\/ulysseus-obiljezava-petu-godisnjicu-na-visokom-nivou-samit-u-organizaciji-tehnickog-univerziteta-u-kosicama\/\" \/>\n<meta property=\"og:site_name\" content=\"dmcsrb.com\" \/>\n<meta property=\"article:published_time\" content=\"2025-10-24T09:30:00+00:00\" \/>\n<meta property=\"og:image\" content=\"https:\/\/dmcsrb.com\/wp-content\/uploads\/2026\/01\/tumber-3.webp\" \/>\n\t<meta property=\"og:image:width\" content=\"968\" \/>\n\t<meta property=\"og:image:height\" content=\"607\" \/>\n\t<meta property=\"og:image:type\" content=\"image\/png\" \/>\n<meta name=\"author\" content=\"dmcsrbija.com@gmail.com\" \/>\n<meta name=\"twitter:card\" content=\"summary_large_image\" \/>\n<meta name=\"twitter:label1\" content=\"Written by\" \/>\n\t<meta name=\"twitter:data1\" content=\"dmcsrbija.com@gmail.com\" \/>\n\t<meta name=\"twitter:label2\" content=\"Estimated reading time\" \/>\n\t<meta name=\"twitter:data2\" content=\"3 minutes\" \/>\n<script type=\"application\/ld+json\" class=\"yoast-schema-graph\">{\"@context\":\"https:\\\/\\\/schema.org\",\"@graph\":[{\"@type\":\"Article\",\"@id\":\"https:\\\/\\\/dmcsrb.com\\\/drustvo\\\/ulysseus-obiljezava-petu-godisnjicu-na-visokom-nivou-samit-u-organizaciji-tehnickog-univerziteta-u-kosicama\\\/#article\",\"isPartOf\":{\"@id\":\"https:\\\/\\\/dmcsrb.com\\\/drustvo\\\/ulysseus-obiljezava-petu-godisnjicu-na-visokom-nivou-samit-u-organizaciji-tehnickog-univerziteta-u-kosicama\\\/\"},\"author\":{\"name\":\"dmcsrbija.com@gmail.com\",\"@id\":\"https:\\\/\\\/dmcsrb.com\\\/#\\\/schema\\\/person\\\/5c39170f12db1b8b457732d0b5c854e2\"},\"headline\":\"Ulysseus obilje\u017eava petu godi\u0161njicu na visokom nivou \u2013 Samit u organizaciji Tehni\u010dkog univerziteta u Ko\u0161icama\",\"datePublished\":\"2025-10-24T09:30:00+00:00\",\"mainEntityOfPage\":{\"@id\":\"https:\\\/\\\/dmcsrb.com\\\/drustvo\\\/ulysseus-obiljezava-petu-godisnjicu-na-visokom-nivou-samit-u-organizaciji-tehnickog-univerziteta-u-kosicama\\\/\"},\"wordCount\":551,\"commentCount\":0,\"image\":{\"@id\":\"https:\\\/\\\/dmcsrb.com\\\/drustvo\\\/ulysseus-obiljezava-petu-godisnjicu-na-visokom-nivou-samit-u-organizaciji-tehnickog-univerziteta-u-kosicama\\\/#primaryimage\"},\"thumbnailUrl\":\"https:\\\/\\\/dmcsrb.com\\\/wp-content\\\/uploads\\\/2026\\\/01\\\/tumber-3.webp\",\"keywords\":[\"Peta godi\u0161njica\",\"Samit\",\"Tehni\u010dki univerzitet u Ko\u0161icama\",\"Ulysseus\",\"Visoki nivo\"],\"articleSection\":[\"Dru\u0161tvo\"],\"inLanguage\":\"en-GB\",\"potentialAction\":[{\"@type\":\"CommentAction\",\"name\":\"Comment\",\"target\":[\"https:\\\/\\\/dmcsrb.com\\\/drustvo\\\/ulysseus-obiljezava-petu-godisnjicu-na-visokom-nivou-samit-u-organizaciji-tehnickog-univerziteta-u-kosicama\\\/#respond\"]}]},{\"@type\":\"WebPage\",\"@id\":\"https:\\\/\\\/dmcsrb.com\\\/drustvo\\\/ulysseus-obiljezava-petu-godisnjicu-na-visokom-nivou-samit-u-organizaciji-tehnickog-univerziteta-u-kosicama\\\/\",\"url\":\"https:\\\/\\\/dmcsrb.com\\\/drustvo\\\/ulysseus-obiljezava-petu-godisnjicu-na-visokom-nivou-samit-u-organizaciji-tehnickog-univerziteta-u-kosicama\\\/\",\"name\":\"Ulysseus obilje\u017eava petu godi\u0161njicu na visokom nivou \u2013 Samit u organizaciji Tehni\u010dkog univerziteta u Ko\u0161icama - dmcsrb.com\",\"isPartOf\":{\"@id\":\"https:\\\/\\\/dmcsrb.com\\\/#website\"},\"primaryImageOfPage\":{\"@id\":\"https:\\\/\\\/dmcsrb.com\\\/drustvo\\\/ulysseus-obiljezava-petu-godisnjicu-na-visokom-nivou-samit-u-organizaciji-tehnickog-univerziteta-u-kosicama\\\/#primaryimage\"},\"image\":{\"@id\":\"https:\\\/\\\/dmcsrb.com\\\/drustvo\\\/ulysseus-obiljezava-petu-godisnjicu-na-visokom-nivou-samit-u-organizaciji-tehnickog-univerziteta-u-kosicama\\\/#primaryimage\"},\"thumbnailUrl\":\"https:\\\/\\\/dmcsrb.com\\\/wp-content\\\/uploads\\\/2026\\\/01\\\/tumber-3.webp\",\"datePublished\":\"2025-10-24T09:30:00+00:00\",\"author\":{\"@id\":\"https:\\\/\\\/dmcsrb.com\\\/#\\\/schema\\\/person\\\/5c39170f12db1b8b457732d0b5c854e2\"},\"breadcrumb\":{\"@id\":\"https:\\\/\\\/dmcsrb.com\\\/drustvo\\\/ulysseus-obiljezava-petu-godisnjicu-na-visokom-nivou-samit-u-organizaciji-tehnickog-univerziteta-u-kosicama\\\/#breadcrumb\"},\"inLanguage\":\"en-GB\",\"potentialAction\":[{\"@type\":\"ReadAction\",\"target\":[\"https:\\\/\\\/dmcsrb.com\\\/drustvo\\\/ulysseus-obiljezava-petu-godisnjicu-na-visokom-nivou-samit-u-organizaciji-tehnickog-univerziteta-u-kosicama\\\/\"]}]},{\"@type\":\"ImageObject\",\"inLanguage\":\"en-GB\",\"@id\":\"https:\\\/\\\/dmcsrb.com\\\/drustvo\\\/ulysseus-obiljezava-petu-godisnjicu-na-visokom-nivou-samit-u-organizaciji-tehnickog-univerziteta-u-kosicama\\\/#primaryimage\",\"url\":\"https:\\\/\\\/dmcsrb.com\\\/wp-content\\\/uploads\\\/2026\\\/01\\\/tumber-3.webp\",\"contentUrl\":\"https:\\\/\\\/dmcsrb.com\\\/wp-content\\\/uploads\\\/2026\\\/01\\\/tumber-3.webp\",\"width\":968,\"height\":607},{\"@type\":\"BreadcrumbList\",\"@id\":\"https:\\\/\\\/dmcsrb.com\\\/drustvo\\\/ulysseus-obiljezava-petu-godisnjicu-na-visokom-nivou-samit-u-organizaciji-tehnickog-univerziteta-u-kosicama\\\/#breadcrumb\",\"itemListElement\":[{\"@type\":\"ListItem\",\"position\":1,\"name\":\"Home\",\"item\":\"https:\\\/\\\/dmcsrb.com\\\/\"},{\"@type\":\"ListItem\",\"position\":2,\"name\":\"Ulysseus obilje\u017eava petu godi\u0161njicu na visokom nivou \u2013 Samit u organizaciji Tehni\u010dkog univerziteta u Ko\u0161icama\"}]},{\"@type\":\"WebSite\",\"@id\":\"https:\\\/\\\/dmcsrb.com\\\/#website\",\"url\":\"https:\\\/\\\/dmcsrb.com\\\/\",\"name\":\"dmcsrb.com\",\"description\":\"\",\"potentialAction\":[{\"@type\":\"SearchAction\",\"target\":{\"@type\":\"EntryPoint\",\"urlTemplate\":\"https:\\\/\\\/dmcsrb.com\\\/?s={search_term_string}\"},\"query-input\":{\"@type\":\"PropertyValueSpecification\",\"valueRequired\":true,\"valueName\":\"search_term_string\"}}],\"inLanguage\":\"en-GB\"},{\"@type\":\"Person\",\"@id\":\"https:\\\/\\\/dmcsrb.com\\\/#\\\/schema\\\/person\\\/5c39170f12db1b8b457732d0b5c854e2\",\"name\":\"dmcsrbija.com@gmail.com\",\"image\":{\"@type\":\"ImageObject\",\"inLanguage\":\"en-GB\",\"@id\":\"https:\\\/\\\/secure.gravatar.com\\\/avatar\\\/68592660ad6347fad0fb587f8d5d8f1a7b44961362f56e4f2cd524feb87e9069?s=96&d=mm&r=g\",\"url\":\"https:\\\/\\\/secure.gravatar.com\\\/avatar\\\/68592660ad6347fad0fb587f8d5d8f1a7b44961362f56e4f2cd524feb87e9069?s=96&d=mm&r=g\",\"contentUrl\":\"https:\\\/\\\/secure.gravatar.com\\\/avatar\\\/68592660ad6347fad0fb587f8d5d8f1a7b44961362f56e4f2cd524feb87e9069?s=96&d=mm&r=g\",\"caption\":\"dmcsrbija.com@gmail.com\"},\"sameAs\":[\"https:\\\/\\\/dmcsrb.com\"],\"url\":\"https:\\\/\\\/dmcsrb.com\\\/en\\\/author\\\/dmcsrbija-comgmail-com\\\/\"}]}<\/script>\n<!-- \/ Yoast SEO plugin. -->","yoast_head_json":{"title":"Ulysseus obilje\u017eava petu godi\u0161njicu na visokom nivou \u2013 Samit u organizaciji Tehni\u010dkog univerziteta u Ko\u0161icama - dmcsrb.com","robots":{"index":"index","follow":"follow","max-snippet":"max-snippet:-1","max-image-preview":"max-image-preview:large","max-video-preview":"max-video-preview:-1"},"canonical":"https:\/\/dmcsrb.com\/en\/drustvo\/ulysseus-obiljezava-petu-godisnjicu-na-visokom-nivou-samit-u-organizaciji-tehnickog-univerziteta-u-kosicama\/","og_locale":"en_GB","og_type":"article","og_title":"Ulysseus obilje\u017eava petu godi\u0161njicu na visokom nivou \u2013 Samit u organizaciji Tehni\u010dkog univerziteta u Ko\u0161icama - dmcsrb.com","og_description":"Predstavnici svih partnerskih univerziteta u okviru alijanse\u00a0Ulysseus, me\u0111u kojima i Univerziteta Crne Gore na \u010delu sa rektorom prof. dr\u00a0Vladimirom Bo\u017eovi\u0107em, okupili su se u Slova\u010dkoj kako bi razmotrili napredak ostvaren na polovini realizacije projekta i definisali strate\u0161ku mapu puta za naredne godine.","og_url":"https:\/\/dmcsrb.com\/en\/drustvo\/ulysseus-obiljezava-petu-godisnjicu-na-visokom-nivou-samit-u-organizaciji-tehnickog-univerziteta-u-kosicama\/","og_site_name":"dmcsrb.com","article_published_time":"2025-10-24T09:30:00+00:00","og_image":[{"width":968,"height":607,"url":"https:\/\/dmcsrb.com\/wp-content\/uploads\/2026\/01\/tumber-3.webp","type":"image\/png"}],"author":"dmcsrbija.com@gmail.com","twitter_card":"summary_large_image","twitter_misc":{"Written by":"dmcsrbija.com@gmail.com","Estimated reading time":"3 minutes"},"schema":{"@context":"https:\/\/schema.org","@graph":[{"@type":"Article","@id":"https:\/\/dmcsrb.com\/drustvo\/ulysseus-obiljezava-petu-godisnjicu-na-visokom-nivou-samit-u-organizaciji-tehnickog-univerziteta-u-kosicama\/#article","isPartOf":{"@id":"https:\/\/dmcsrb.com\/drustvo\/ulysseus-obiljezava-petu-godisnjicu-na-visokom-nivou-samit-u-organizaciji-tehnickog-univerziteta-u-kosicama\/"},"author":{"name":"dmcsrbija.com@gmail.com","@id":"https:\/\/dmcsrb.com\/#\/schema\/person\/5c39170f12db1b8b457732d0b5c854e2"},"headline":"Ulysseus obilje\u017eava petu godi\u0161njicu na visokom nivou \u2013 Samit u organizaciji Tehni\u010dkog univerziteta u Ko\u0161icama","datePublished":"2025-10-24T09:30:00+00:00","mainEntityOfPage":{"@id":"https:\/\/dmcsrb.com\/drustvo\/ulysseus-obiljezava-petu-godisnjicu-na-visokom-nivou-samit-u-organizaciji-tehnickog-univerziteta-u-kosicama\/"},"wordCount":551,"commentCount":0,"image":{"@id":"https:\/\/dmcsrb.com\/drustvo\/ulysseus-obiljezava-petu-godisnjicu-na-visokom-nivou-samit-u-organizaciji-tehnickog-univerziteta-u-kosicama\/#primaryimage"},"thumbnailUrl":"https:\/\/dmcsrb.com\/wp-content\/uploads\/2026\/01\/tumber-3.webp","keywords":["Peta godi\u0161njica","Samit","Tehni\u010dki univerzitet u Ko\u0161icama","Ulysseus","Visoki nivo"],"articleSection":["Dru\u0161tvo"],"inLanguage":"en-GB","potentialAction":[{"@type":"CommentAction","name":"Comment","target":["https:\/\/dmcsrb.com\/drustvo\/ulysseus-obiljezava-petu-godisnjicu-na-visokom-nivou-samit-u-organizaciji-tehnickog-univerziteta-u-kosicama\/#respond"]}]},{"@type":"WebPage","@id":"https:\/\/dmcsrb.com\/drustvo\/ulysseus-obiljezava-petu-godisnjicu-na-visokom-nivou-samit-u-organizaciji-tehnickog-univerziteta-u-kosicama\/","url":"https:\/\/dmcsrb.com\/drustvo\/ulysseus-obiljezava-petu-godisnjicu-na-visokom-nivou-samit-u-organizaciji-tehnickog-univerziteta-u-kosicama\/","name":"Ulysseus obilje\u017eava petu godi\u0161njicu na visokom nivou \u2013 Samit u organizaciji Tehni\u010dkog univerziteta u Ko\u0161icama - dmcsrb.com","isPartOf":{"@id":"https:\/\/dmcsrb.com\/#website"},"primaryImageOfPage":{"@id":"https:\/\/dmcsrb.com\/drustvo\/ulysseus-obiljezava-petu-godisnjicu-na-visokom-nivou-samit-u-organizaciji-tehnickog-univerziteta-u-kosicama\/#primaryimage"},"image":{"@id":"https:\/\/dmcsrb.com\/drustvo\/ulysseus-obiljezava-petu-godisnjicu-na-visokom-nivou-samit-u-organizaciji-tehnickog-univerziteta-u-kosicama\/#primaryimage"},"thumbnailUrl":"https:\/\/dmcsrb.com\/wp-content\/uploads\/2026\/01\/tumber-3.webp","datePublished":"2025-10-24T09:30:00+00:00","author":{"@id":"https:\/\/dmcsrb.com\/#\/schema\/person\/5c39170f12db1b8b457732d0b5c854e2"},"breadcrumb":{"@id":"https:\/\/dmcsrb.com\/drustvo\/ulysseus-obiljezava-petu-godisnjicu-na-visokom-nivou-samit-u-organizaciji-tehnickog-univerziteta-u-kosicama\/#breadcrumb"},"inLanguage":"en-GB","potentialAction":[{"@type":"ReadAction","target":["https:\/\/dmcsrb.com\/drustvo\/ulysseus-obiljezava-petu-godisnjicu-na-visokom-nivou-samit-u-organizaciji-tehnickog-univerziteta-u-kosicama\/"]}]},{"@type":"ImageObject","inLanguage":"en-GB","@id":"https:\/\/dmcsrb.com\/drustvo\/ulysseus-obiljezava-petu-godisnjicu-na-visokom-nivou-samit-u-organizaciji-tehnickog-univerziteta-u-kosicama\/#primaryimage","url":"https:\/\/dmcsrb.com\/wp-content\/uploads\/2026\/01\/tumber-3.webp","contentUrl":"https:\/\/dmcsrb.com\/wp-content\/uploads\/2026\/01\/tumber-3.webp","width":968,"height":607},{"@type":"BreadcrumbList","@id":"https:\/\/dmcsrb.com\/drustvo\/ulysseus-obiljezava-petu-godisnjicu-na-visokom-nivou-samit-u-organizaciji-tehnickog-univerziteta-u-kosicama\/#breadcrumb","itemListElement":[{"@type":"ListItem","position":1,"name":"Home","item":"https:\/\/dmcsrb.com\/"},{"@type":"ListItem","position":2,"name":"Ulysseus obilje\u017eava petu godi\u0161njicu na visokom nivou \u2013 Samit u organizaciji Tehni\u010dkog univerziteta u Ko\u0161icama"}]},{"@type":"WebSite","@id":"https:\/\/dmcsrb.com\/#website","url":"https:\/\/dmcsrb.com\/","name":"dmcsrb.com","description":"","potentialAction":[{"@type":"SearchAction","target":{"@type":"EntryPoint","urlTemplate":"https:\/\/dmcsrb.com\/?s={search_term_string}"},"query-input":{"@type":"PropertyValueSpecification","valueRequired":true,"valueName":"search_term_string"}}],"inLanguage":"en-GB"},{"@type":"Person","@id":"https:\/\/dmcsrb.com\/#\/schema\/person\/5c39170f12db1b8b457732d0b5c854e2","name":"dmcsrbija.com@gmail.com","image":{"@type":"ImageObject","inLanguage":"en-GB","@id":"https:\/\/secure.gravatar.com\/avatar\/68592660ad6347fad0fb587f8d5d8f1a7b44961362f56e4f2cd524feb87e9069?s=96&d=mm&r=g","url":"https:\/\/secure.gravatar.com\/avatar\/68592660ad6347fad0fb587f8d5d8f1a7b44961362f56e4f2cd524feb87e9069?s=96&d=mm&r=g","contentUrl":"https:\/\/secure.gravatar.com\/avatar\/68592660ad6347fad0fb587f8d5d8f1a7b44961362f56e4f2cd524feb87e9069?s=96&d=mm&r=g","caption":"dmcsrbija.com@gmail.com"},"sameAs":["https:\/\/dmcsrb.com"],"url":"https:\/\/dmcsrb.com\/en\/author\/dmcsrbija-comgmail-com\/"}]}},"_links":{"self":[{"href":"https:\/\/dmcsrb.com\/en\/wp-json\/wp\/v2\/posts\/959806","targetHints":{"allow":["GET"]}}],"collection":[{"href":"https:\/\/dmcsrb.com\/en\/wp-json\/wp\/v2\/posts"}],"about":[{"href":"https:\/\/dmcsrb.com\/en\/wp-json\/wp\/v2\/types\/post"}],"author":[{"embeddable":true,"href":"https:\/\/dmcsrb.com\/en\/wp-json\/wp\/v2\/users\/1"}],"replies":[{"embeddable":true,"href":"https:\/\/dmcsrb.com\/en\/wp-json\/wp\/v2\/comments?post=959806"}],"version-history":[{"count":0,"href":"https:\/\/dmcsrb.com\/en\/wp-json\/wp\/v2\/posts\/959806\/revisions"}],"wp:featuredmedia":[{"embeddable":true,"href":"https:\/\/dmcsrb.com\/en\/wp-json\/wp\/v2\/media\/959807"}],"wp:attachment":[{"href":"https:\/\/dmcsrb.com\/en\/wp-json\/wp\/v2\/media?parent=959806"}],"wp:term":[{"taxonomy":"category","embeddable":true,"href":"https:\/\/dmcsrb.com\/en\/wp-json\/wp\/v2\/categories?post=959806"},{"taxonomy":"post_tag","embeddable":true,"href":"https:\/\/dmcsrb.com\/en\/wp-json\/wp\/v2\/tags?post=959806"},{"taxonomy":"naslovna","embeddable":true,"href":"https:\/\/dmcsrb.com\/en\/wp-json\/wp\/v2\/naslovna?post=959806"}],"curies":[{"name":"wp","href":"https:\/\/api.w.org\/{rel}","templated":true}]}}